{"id":10167,"date":"2017-11-07T15:40:41","date_gmt":"2017-11-07T14:40:41","guid":{"rendered":"http:\/\/brittas-kochbuch.info\/?p=10167"},"modified":"2017-11-07T15:40:41","modified_gmt":"2017-11-07T14:40:41","slug":"kochen-im-november","status":"publish","type":"post","link":"https:\/\/brittas-kochbuch.info\/?p=10167","title":{"rendered":"Kochen im November"},"content":{"rendered":"<p><img loading=\"lazy\" decoding=\"async\" class=\"aligncenter wp-image-10168\" src=\"https:\/\/brittas-kochbuch.info\/wp-content\/uploads\/2017\/11\/1711_kalenderblatt-1024x1024.jpg\" alt=\"\" width=\"555\" height=\"555\" srcset=\"https:\/\/brittas-kochbuch.info\/wp-content\/uploads\/2017\/11\/1711_kalenderblatt-1024x1024.jpg 1024w, https:\/\/brittas-kochbuch.info\/wp-content\/uploads\/2017\/11\/1711_kalenderblatt-150x150.jpg 150w, https:\/\/brittas-kochbuch.info\/wp-content\/uploads\/2017\/11\/1711_kalenderblatt-300x300.jpg 300w, https:\/\/brittas-kochbuch.info\/wp-content\/uploads\/2017\/11\/1711_kalenderblatt-768x769.jpg 768w, https:\/\/brittas-kochbuch.info\/wp-content\/uploads\/2017\/11\/1711_kalenderblatt-624x624.jpg 624w\" sizes=\"(max-width: 555px) 100vw, 555px\" \/>Was f\u00fcr K\u00f6ln der Karneval oder f\u00fcr M\u00fcnchen das Oktoberfest ist, ist f\u00fcr uns Soester die Allerheiligenkirmes, die dieses Jahr bereits zum 680sten Mal stattfindet. Start ist immer der erste Mittwoch nach Allerheiligen, mit anderen Worten: morgen geht&#8217;s los.<\/p>\n<p>Was liegt also n\u00e4her f\u00fcr die K\u00fcnstler des Sch\u00fclerprojekts <a href=\"http:\/\/alde-sign.de\" target=\"_blank\" rel=\"noopener\">Aldesign<\/a>, als das Novemberkalenderblatt mit einem Kirmesbild zu schm\u00fccken.<\/p>\n<p><!--more--><\/p>\n<p>Im vergangenen Oktober war mit dem Garten nicht mehr viel Staat zu machen. Der Gr\u00fcnkohl w\u00e4chst und gedeiht, der Blumenkohl ist nichts geworden und eine abseits gepflanzte Gr\u00fcnkohlpflanze hatte &#8222;Besuch&#8220; von ein paar Raupen Nimmersatt.<\/p>\n<p><img loading=\"lazy\" decoding=\"async\" class=\"aligncenter wp-image-10170\" src=\"https:\/\/brittas-kochbuch.info\/wp-content\/uploads\/2017\/11\/171028_raupen-1024x384.jpg\" alt=\"\" width=\"555\" height=\"208\" srcset=\"https:\/\/brittas-kochbuch.info\/wp-content\/uploads\/2017\/11\/171028_raupen-1024x384.jpg 1024w, https:\/\/brittas-kochbuch.info\/wp-content\/uploads\/2017\/11\/171028_raupen-300x113.jpg 300w, https:\/\/brittas-kochbuch.info\/wp-content\/uploads\/2017\/11\/171028_raupen-768x288.jpg 768w, https:\/\/brittas-kochbuch.info\/wp-content\/uploads\/2017\/11\/171028_raupen-624x234.jpg 624w\" sizes=\"(max-width: 555px) 100vw, 555px\" \/><\/p>\n<p>Ein paar Tage sp\u00e4ter fanden wir die kleinen Vielfra\u00dfe auch im Hochbeet (Rotkohl und Gr\u00fcnkohl), zun\u00e4chst allerdings nur auf den Rotkohlpflanzen. Nachdem wir &#8211; hoffentlich &#8211; alle Raupen abgesammelt und auch nach Eiern geschaut sowie diesen Prozess noch zweimal wiederholt haben, sind die Pflanzen jetzt hoffentlich raupenfrei.<\/p>\n<p>Leider macht mir der Rotkohl trotzdem Sorgen, denn er will einfach keine dicken K\u00f6pfe ausbilden. Wir hatten <a href=\"https:\/\/brittas-kochbuch.info\/?p=9545\">Ende August<\/a> vorgezogene Pflanzen &#8211; zusammen mit Blumen- und Gr\u00fcnkohl &#8211; gesetzt, aber nur letzterer scheint tats\u00e4chlich gro\u00df und stark werden zu wollen.<\/p>\n<p>Zweimal hatte ich in den Vormonaten schon die letzte Ernte der gr\u00fcnen Bohnen prophezeit und tats\u00e4chlich habe ich im Oktober noch einmal ein <a href=\"https:\/\/brittas-kochbuch.info\/?p=10173\">paar Schoten in der K\u00fcche<\/a> verarbeiten k\u00f6nnen. Wunder der Natur.<\/p>\n<p>Der ebenfalls Ende August ausges\u00e4te Feldsalat ziert sich \u00fcbrigens immer noch gewaltig. Abwarten lautet die Devise.<\/p>\n<p>&nbsp;<\/p>\n<p>&nbsp;<\/p>\n<p>&nbsp;<\/p>\n","protected":false},"excerpt":{"rendered":"<p>Was f\u00fcr K\u00f6ln der Karneval oder f\u00fcr M\u00fcnchen das Oktoberfest ist, ist f\u00fcr uns Soester die Allerheiligenkirmes, die dieses Jahr bereits zum 680sten Mal stattfindet. Start ist immer der erste Mittwoch nach Allerheiligen, mit anderen Worten: morgen geht&#8217;s los. Was liegt also n\u00e4her f\u00fcr die K\u00fcnstler des Sch\u00fclerprojekts Aldesign, als das Novemberkalenderblatt mit einem Kirmesbild [&hellip;]<\/p>\n","protected":false},"author":1,"featured_media":0,"comment_status":"open","ping_status":"open","sticky":false,"template":"","format":"standard","meta":{"sfsi_plus_gutenberg_text_before_share":"","sfsi_plus_gutenberg_show_text_before_share":"","sfsi_plus_gutenberg_icon_type":"","sfsi_plus_gutenberg_icon_alignemt":"","sfsi_plus_gutenburg_max_per_row":"","_jetpack_memberships_contains_paid_content":false,"footnotes":""},"categories":[91],"tags":[1930,1929],"class_list":["post-10167","post","type-post","status-publish","format-standard","hentry","category-aus-dem-garten","tag-gartenschau-oktober","tag-kalenderblatt-november"],"jetpack_featured_media_url":"","jetpack_sharing_enabled":true,"_links":{"self":[{"href":"https:\/\/brittas-kochbuch.info\/index.php?rest_route=\/wp\/v2\/posts\/10167"}],"collection":[{"href":"https:\/\/brittas-kochbuch.info\/index.php?rest_route=\/wp\/v2\/posts"}],"about":[{"href":"https:\/\/brittas-kochbuch.info\/index.php?rest_route=\/wp\/v2\/types\/post"}],"author":[{"embeddable":true,"href":"https:\/\/brittas-kochbuch.info\/index.php?rest_route=\/wp\/v2\/users\/1"}],"replies":[{"embeddable":true,"href":"https:\/\/brittas-kochbuch.info\/index.php?rest_route=%2Fwp%2Fv2%2Fcomments&post=10167"}],"version-history":[{"count":5,"href":"https:\/\/brittas-kochbuch.info\/index.php?rest_route=\/wp\/v2\/posts\/10167\/revisions"}],"predecessor-version":[{"id":10180,"href":"https:\/\/brittas-kochbuch.info\/index.php?rest_route=\/wp\/v2\/posts\/10167\/revisions\/10180"}],"wp:attachment":[{"href":"https:\/\/brittas-kochbuch.info\/index.php?rest_route=%2Fwp%2Fv2%2Fmedia&parent=10167"}],"wp:term":[{"taxonomy":"category","embeddable":true,"href":"https:\/\/brittas-kochbuch.info\/index.php?rest_route=%2Fwp%2Fv2%2Fcategories&post=10167"},{"taxonomy":"post_tag","embeddable":true,"href":"https:\/\/brittas-kochbuch.info\/index.php?rest_route=%2Fwp%2Fv2%2Ftags&post=10167"}],"curies":[{"name":"wp","href":"https:\/\/api.w.org\/{rel}","templated":true}]}}