{"id":1069,"date":"2014-07-22T08:28:27","date_gmt":"2014-07-22T06:28:27","guid":{"rendered":"http:\/\/brittas-kochbuch.info\/?p=1069"},"modified":"2015-05-05T10:24:55","modified_gmt":"2015-05-05T08:24:55","slug":"update-salada-de-polvo-krakensalat","status":"publish","type":"post","link":"https:\/\/brittas-kochbuch.info\/?p=1069","title":{"rendered":"Update: Salada de Polvo &#8211; Krakensalat"},"content":{"rendered":"<p><a href=\"https:\/\/brittas-kochbuch.info\/wp-content\/uploads\/2014\/07\/krakensalat_02.jpg\"><img loading=\"lazy\" decoding=\"async\" class=\"alignleft size-medium wp-image-1072\" alt=\"krakensalat_02\" src=\"https:\/\/brittas-kochbuch.info\/wp-content\/uploads\/2014\/07\/krakensalat_02-300x225.jpg\" width=\"300\" height=\"225\" srcset=\"https:\/\/brittas-kochbuch.info\/wp-content\/uploads\/2014\/07\/krakensalat_02-300x225.jpg 300w, https:\/\/brittas-kochbuch.info\/wp-content\/uploads\/2014\/07\/krakensalat_02-624x468.jpg 624w, https:\/\/brittas-kochbuch.info\/wp-content\/uploads\/2014\/07\/krakensalat_02.jpg 1000w\" sizes=\"(max-width: 300px) 100vw, 300px\" \/><\/a>Am vergangenen Samstag habe ich <a href=\"https:\/\/brittas-kochbuch.info\/?p=1042\">ihn<\/a> noch mal gemacht, dieses Mal mit Paprikaschote, aber immer noch ohne (rohe) Zwiebeln, die ich nicht gut vertrage. Der &#8222;s\u00fcdl\u00e4ndische-Feinkost-Spezialit\u00e4tenh\u00e4ndler&#8220; hatte mir noch etwas Knoblauch\u00f6l mitgegeben, also insgesamt sehr lecker.<\/p>\n","protected":false},"excerpt":{"rendered":"<p>Am vergangenen Samstag habe ich ihn noch mal gemacht, dieses Mal mit Paprikaschote, aber immer noch ohne (rohe) Zwiebeln, die ich nicht gut vertrage. Der &#8222;s\u00fcdl\u00e4ndische-Feinkost-Spezialit\u00e4tenh\u00e4ndler&#8220; hatte mir noch etwas Knoblauch\u00f6l mitgegeben, also insgesamt sehr lecker.<\/p>\n","protected":false},"author":1,"featured_media":0,"comment_status":"open","ping_status":"open","sticky":false,"template":"","format":"standard","meta":{"sfsi_plus_gutenberg_text_before_share":"","sfsi_plus_gutenberg_show_text_before_share":"","sfsi_plus_gutenberg_icon_type":"","sfsi_plus_gutenberg_icon_alignemt":"","sfsi_plus_gutenburg_max_per_row":"","_jetpack_memberships_contains_paid_content":false,"footnotes":""},"categories":[112,111,520],"tags":[324,330,182,329,118],"class_list":["post-1069","post","type-post","status-publish","format-standard","hentry","category-fisch-und-meeresfruechte","category-portugieische-kueche","category-salate","tag-krake","tag-krakensalat","tag-paprikaschote","tag-salada-de-polvo","tag-salat"],"jetpack_featured_media_url":"","jetpack_sharing_enabled":true,"_links":{"self":[{"href":"https:\/\/brittas-kochbuch.info\/index.php?rest_route=\/wp\/v2\/posts\/1069"}],"collection":[{"href":"https:\/\/brittas-kochbuch.info\/index.php?rest_route=\/wp\/v2\/posts"}],"about":[{"href":"https:\/\/brittas-kochbuch.info\/index.php?rest_route=\/wp\/v2\/types\/post"}],"author":[{"embeddable":true,"href":"https:\/\/brittas-kochbuch.info\/index.php?rest_route=\/wp\/v2\/users\/1"}],"replies":[{"embeddable":true,"href":"https:\/\/brittas-kochbuch.info\/index.php?rest_route=%2Fwp%2Fv2%2Fcomments&post=1069"}],"version-history":[{"count":3,"href":"https:\/\/brittas-kochbuch.info\/index.php?rest_route=\/wp\/v2\/posts\/1069\/revisions"}],"predecessor-version":[{"id":1073,"href":"https:\/\/brittas-kochbuch.info\/index.php?rest_route=\/wp\/v2\/posts\/1069\/revisions\/1073"}],"wp:attachment":[{"href":"https:\/\/brittas-kochbuch.info\/index.php?rest_route=%2Fwp%2Fv2%2Fmedia&parent=1069"}],"wp:term":[{"taxonomy":"category","embeddable":true,"href":"https:\/\/brittas-kochbuch.info\/index.php?rest_route=%2Fwp%2Fv2%2Fcategories&post=1069"},{"taxonomy":"post_tag","embeddable":true,"href":"https:\/\/brittas-kochbuch.info\/index.php?rest_route=%2Fwp%2Fv2%2Ftags&post=1069"}],"curies":[{"name":"wp","href":"https:\/\/api.w.org\/{rel}","templated":true}]}}