{"id":11062,"date":"2018-03-10T16:32:38","date_gmt":"2018-03-10T15:32:38","guid":{"rendered":"http:\/\/brittas-kochbuch.info\/?p=11062"},"modified":"2018-03-10T16:32:38","modified_gmt":"2018-03-10T15:32:38","slug":"der-garten-im-ersten-quartal-2018","status":"publish","type":"post","link":"https:\/\/brittas-kochbuch.info\/?p=11062","title":{"rendered":"Der Garten im ersten Quartal 2018"},"content":{"rendered":"<p style=\"text-align: left;\"><a href=\"https:\/\/brittas-kochbuch.info\/wp-content\/uploads\/2017\/09\/170821_binimgarten.jpg\"><img loading=\"lazy\" decoding=\"async\" class=\"alignleft wp-image-9554 size-medium\" src=\"https:\/\/brittas-kochbuch.info\/wp-content\/uploads\/2017\/09\/170821_binimgarten-225x300.jpg\" alt=\"\" width=\"225\" height=\"300\" srcset=\"https:\/\/brittas-kochbuch.info\/wp-content\/uploads\/2017\/09\/170821_binimgarten-225x300.jpg 225w, https:\/\/brittas-kochbuch.info\/wp-content\/uploads\/2017\/09\/170821_binimgarten-768x1024.jpg 768w, https:\/\/brittas-kochbuch.info\/wp-content\/uploads\/2017\/09\/170821_binimgarten-624x832.jpg 624w\" sizes=\"(max-width: 225px) 100vw, 225px\" \/><\/a>Da ich die monatlichen Kalenderbl\u00e4tter dieses Jahr f\u00fcr die <a href=\"https:\/\/brittas-kochbuch.info\/?p=10619\">#F\u00fcnffragenamf\u00fcnften<\/a>-Aktion verwende, werde ich ab jetzt dieses Bildchen f\u00fcr meine Gartenberichte verwenden.<\/p>\n<p>Viel gibt es nat\u00fcrlich noch nicht zu erz\u00e4hlen, aber so langsam erwacht die Natur dann doch.<\/p>\n<p>Zum Gl\u00fcck hat das <a href=\"https:\/\/de.wikipedia.org\/wiki\/Sturmtief_Friederike\" target=\"_blank\" rel=\"noopener\">Sturmtief Friederike<\/a>\u00a0am 18. Juanuar in unserem Garten nicht allzuviel Schaden angerichtet. Die volle Papiertonne war umgekippt und der Inhalt wurde malerisch im gesamten Garten verteilt. Ich war ganz perplex, weil ich erst dachte, jemand habe die Post aus unserem Briefkasten gefischt und herum geworfen.<\/p>\n<p>Ein paar First- und Dachpfanne hat der Sturm, der \u00fcbrigens auf den Tag genau 11 Jahre nach <a href=\"https:\/\/de.wikipedia.org\/wiki\/Orkan_Kyrill\" target=\"_blank\" rel=\"noopener\">Kyrill<\/a> \u00fcbers Land fegte, auch noch runtergeholt, aber ansonsten haben wir ein Riesengl\u00fcck gehabt. Das sah andernorts ganz anders aus. Bei unserer Nachbarin hat es drei Nadelb\u00e4ume umgelegt, wobei einer punktgenau zwischen ihrem und dem n\u00e4chsten Haus gelandet ist. Der h\u00e4tte auch in ihrem Dach landen k\u00f6nnen.<\/p>\n<p><a href=\"https:\/\/brittas-kochbuch.info\/wp-content\/uploads\/2018\/03\/20180226_garten-eiszeit.jpg\"><img loading=\"lazy\" decoding=\"async\" class=\"aligncenter wp-image-11065\" src=\"https:\/\/brittas-kochbuch.info\/wp-content\/uploads\/2018\/03\/20180226_garten-eiszeit-768x1024.jpg\" alt=\"\" width=\"375\" height=\"500\" srcset=\"https:\/\/brittas-kochbuch.info\/wp-content\/uploads\/2018\/03\/20180226_garten-eiszeit-768x1024.jpg 768w, https:\/\/brittas-kochbuch.info\/wp-content\/uploads\/2018\/03\/20180226_garten-eiszeit-225x300.jpg 225w, https:\/\/brittas-kochbuch.info\/wp-content\/uploads\/2018\/03\/20180226_garten-eiszeit-624x832.jpg 624w\" sizes=\"(max-width: 375px) 100vw, 375px\" \/><\/a><\/p>\n<p>Nach dem Sturm und den recht milden Temperaturen kam der Frost. Der Schnee blieb nicht lange liegen, aber die eisige K\u00e4lte mit bis zu zweistelligen Minusgraden hielt sich bis Anfang M\u00e4rz.<\/p>\n<p>Da hatte der Gr\u00fcnkohl tats\u00e4chlich seinen Frost abbekommen, und ich habe den Rest f\u00fcr ein herrliches <a href=\"https:\/\/brittas-kochbuch.info\/?p=10834\">Rote-Bete-Risotto mit Gr\u00fcnkohltopping<\/a> geerntet. Der Rest wird f\u00fcr die neue Gartensaison im Hochbeet als Gr\u00fcnd\u00fcnger untergegraben werden.<\/p>\n<p>Seit ein paar Tagen werden die Temperaturen deutlich milder, auch wenn anfangs noch ein fieser kalter Wind wehte. Aber windgesch\u00fctzt und in der Sonne ist es schon angenehm warm; heute bereits 14 \u00b0C.<\/p>\n<p>Gestern habe ich noch mal ein paar Garteneindr\u00fccke eingefangen:<\/p>\n<p><a href=\"https:\/\/brittas-kochbuch.info\/wp-content\/uploads\/2018\/03\/20180309_giebelwand.jpg\"><img loading=\"lazy\" decoding=\"async\" class=\"aligncenter wp-image-11073\" src=\"https:\/\/brittas-kochbuch.info\/wp-content\/uploads\/2018\/03\/20180309_giebelwand-768x1024.jpg\" alt=\"\" width=\"375\" height=\"500\" srcset=\"https:\/\/brittas-kochbuch.info\/wp-content\/uploads\/2018\/03\/20180309_giebelwand-768x1024.jpg 768w, https:\/\/brittas-kochbuch.info\/wp-content\/uploads\/2018\/03\/20180309_giebelwand-225x300.jpg 225w, https:\/\/brittas-kochbuch.info\/wp-content\/uploads\/2018\/03\/20180309_giebelwand-624x832.jpg 624w\" sizes=\"(max-width: 375px) 100vw, 375px\" \/><\/a><\/p>\n<p>An der Giebelwand zeigen sich die ersten Schneegl\u00f6ckchen, w\u00e4hrend die Hortensien in ihrem Winterkleid noch ziemlich trostlos herum stehen.<\/p>\n<p><a href=\"https:\/\/brittas-kochbuch.info\/wp-content\/uploads\/2018\/03\/20180309_kraeuter.jpg\"><img loading=\"lazy\" decoding=\"async\" class=\"aligncenter wp-image-11075\" src=\"https:\/\/brittas-kochbuch.info\/wp-content\/uploads\/2018\/03\/20180309_kraeuter-768x1024.jpg\" alt=\"\" width=\"375\" height=\"500\" srcset=\"https:\/\/brittas-kochbuch.info\/wp-content\/uploads\/2018\/03\/20180309_kraeuter-768x1024.jpg 768w, https:\/\/brittas-kochbuch.info\/wp-content\/uploads\/2018\/03\/20180309_kraeuter-225x300.jpg 225w, https:\/\/brittas-kochbuch.info\/wp-content\/uploads\/2018\/03\/20180309_kraeuter-624x832.jpg 624w\" sizes=\"(max-width: 375px) 100vw, 375px\" \/><\/a><\/p>\n<p>Mein sch\u00f6nes mediterranes Kr\u00e4uterbeet sieht leider auch etwas mitgenommen aus. Der Salbei (vorne rechts) hat es scheinbar allen Unkenrufen zum Trotz (&#8222;Der Salbei ist nicht winterhart&#8220;) am besten \u00fcberlebt. Klar h\u00e4tte ich bei den angek\u00fcndigten derben Fr\u00f6sten ein Vlies \u00fcberwerfen sollen, aber hinterher ist man ja bekanntlich immer schlauer. Ich warte jetzt erst mal ab, ob frisches Gr\u00fcn nachw\u00e4chst. Ich bin erstmal positiv gestimmt.<\/p>\n<p><a href=\"https:\/\/brittas-kochbuch.info\/wp-content\/uploads\/2018\/03\/20180309_garage.jpg\"><img loading=\"lazy\" decoding=\"async\" class=\"aligncenter wp-image-11072\" src=\"https:\/\/brittas-kochbuch.info\/wp-content\/uploads\/2018\/03\/20180309_garage-768x1024.jpg\" alt=\"\" width=\"375\" height=\"500\" srcset=\"https:\/\/brittas-kochbuch.info\/wp-content\/uploads\/2018\/03\/20180309_garage-768x1024.jpg 768w, https:\/\/brittas-kochbuch.info\/wp-content\/uploads\/2018\/03\/20180309_garage-225x300.jpg 225w, https:\/\/brittas-kochbuch.info\/wp-content\/uploads\/2018\/03\/20180309_garage-624x832.jpg 624w\" sizes=\"(max-width: 375px) 100vw, 375px\" \/><\/a><\/p>\n<p>Hinter der Garage tummeln sich jedenfalls schon mal jede Menge Schneegl\u00f6ckchen und auch die ersten gelbe Krokusse zeigen sich. Hier soll \u00fcbrigens eine Erweiterung des Gem\u00fcsegartens entstehen. Ich bin mal gespannt, ob und wie der G\u00f6Ga und ich die Umsetzung schaffen werden. So langsam m\u00fcsste man schon mal anfangen.<\/p>\n<p><a href=\"https:\/\/brittas-kochbuch.info\/wp-content\/uploads\/2018\/03\/20180309_graeser.jpg\"><img loading=\"lazy\" decoding=\"async\" class=\"aligncenter wp-image-11074\" src=\"https:\/\/brittas-kochbuch.info\/wp-content\/uploads\/2018\/03\/20180309_graeser-768x1024.jpg\" alt=\"\" width=\"375\" height=\"500\" srcset=\"https:\/\/brittas-kochbuch.info\/wp-content\/uploads\/2018\/03\/20180309_graeser-768x1024.jpg 768w, https:\/\/brittas-kochbuch.info\/wp-content\/uploads\/2018\/03\/20180309_graeser-225x300.jpg 225w, https:\/\/brittas-kochbuch.info\/wp-content\/uploads\/2018\/03\/20180309_graeser-624x832.jpg 624w\" sizes=\"(max-width: 375px) 100vw, 375px\" \/><\/a><\/p>\n<p>Last, but not least: Die Pampasgr\u00e4ser und der Bambus (hinten) zwischen Terrasse (rechts) und Kellertreppe (links) sehen recht vielversprechend aus. Da kommt bestimmt wieder jede Menge Gr\u00fcn nach.<\/p>\n<p>Das n\u00e4chste Mal melde ich mich Anfang April aus dem Garten. Ich hoffe, dann wird es schon etwas bunter aussehen.<\/p>\n","protected":false},"excerpt":{"rendered":"<p>Da ich die monatlichen Kalenderbl\u00e4tter dieses Jahr f\u00fcr die #F\u00fcnffragenamf\u00fcnften-Aktion verwende, werde ich ab jetzt dieses Bildchen f\u00fcr meine Gartenberichte verwenden. Viel gibt es nat\u00fcrlich noch nicht zu erz\u00e4hlen, aber so langsam erwacht die Natur dann doch. Zum Gl\u00fcck hat das Sturmtief Friederike\u00a0am 18. Juanuar in unserem Garten nicht allzuviel Schaden angerichtet. Die volle Papiertonne [&hellip;]<\/p>\n","protected":false},"author":1,"featured_media":0,"comment_status":"open","ping_status":"open","sticky":false,"template":"","format":"standard","meta":{"sfsi_plus_gutenberg_text_before_share":"","sfsi_plus_gutenberg_show_text_before_share":"","sfsi_plus_gutenberg_icon_type":"","sfsi_plus_gutenberg_icon_alignemt":"","sfsi_plus_gutenburg_max_per_row":"","_jetpack_memberships_contains_paid_content":false,"footnotes":""},"categories":[91],"tags":[2064,2062,2066,2067,94,2063,2065],"class_list":["post-11062","post","type-post","status-publish","format-standard","hentry","category-aus-dem-garten","tag-1-quartal-2018","tag-der-blick-in-den-garten","tag-frost","tag-fruehlingserwachen","tag-garten","tag-januar-maerz-2018","tag-sturm-friederike"],"jetpack_featured_media_url":"","jetpack_sharing_enabled":true,"_links":{"self":[{"href":"https:\/\/brittas-kochbuch.info\/index.php?rest_route=\/wp\/v2\/posts\/11062"}],"collection":[{"href":"https:\/\/brittas-kochbuch.info\/index.php?rest_route=\/wp\/v2\/posts"}],"about":[{"href":"https:\/\/brittas-kochbuch.info\/index.php?rest_route=\/wp\/v2\/types\/post"}],"author":[{"embeddable":true,"href":"https:\/\/brittas-kochbuch.info\/index.php?rest_route=\/wp\/v2\/users\/1"}],"replies":[{"embeddable":true,"href":"https:\/\/brittas-kochbuch.info\/index.php?rest_route=%2Fwp%2Fv2%2Fcomments&post=11062"}],"version-history":[{"count":9,"href":"https:\/\/brittas-kochbuch.info\/index.php?rest_route=\/wp\/v2\/posts\/11062\/revisions"}],"predecessor-version":[{"id":11076,"href":"https:\/\/brittas-kochbuch.info\/index.php?rest_route=\/wp\/v2\/posts\/11062\/revisions\/11076"}],"wp:attachment":[{"href":"https:\/\/brittas-kochbuch.info\/index.php?rest_route=%2Fwp%2Fv2%2Fmedia&parent=11062"}],"wp:term":[{"taxonomy":"category","embeddable":true,"href":"https:\/\/brittas-kochbuch.info\/index.php?rest_route=%2Fwp%2Fv2%2Fcategories&post=11062"},{"taxonomy":"post_tag","embeddable":true,"href":"https:\/\/brittas-kochbuch.info\/index.php?rest_route=%2Fwp%2Fv2%2Ftags&post=11062"}],"curies":[{"name":"wp","href":"https:\/\/api.w.org\/{rel}","templated":true}]}}