{"id":11091,"date":"2018-03-14T08:59:11","date_gmt":"2018-03-14T07:59:11","guid":{"rendered":"http:\/\/brittas-kochbuch.info\/?p=11091"},"modified":"2018-03-14T15:41:23","modified_gmt":"2018-03-14T14:41:23","slug":"synchronbacken-im-maerz-la-miche","status":"publish","type":"post","link":"https:\/\/brittas-kochbuch.info\/?p=11091","title":{"rendered":"Synchronbacken im M\u00e4rz &#8211; La Miche"},"content":{"rendered":"<pre>Enth\u00e4lt Werbung durch weiterf\u00fchrende Links<\/pre>\n<p><a title=\"#synchronbacken Februar 2018\" href=\"https:\/\/www.kochtopf.me\/ankuendigung-uebersicht-synchronbacken\"><img loading=\"lazy\" decoding=\"async\" class=\"alignleft\" src=\"https:\/\/www.kochtopf.me\/wp-content\/uploads\/2018\/02\/synchronbacken-Maerz-2018.png\" alt=\"#synchronbacken M\u00e4rz 2018\" width=\"130\" height=\"250\" \/><\/a>Am vergangenen Wochenende (10.\/11.M\u00e4rz) war es wieder soweit: <a href=\"https:\/\/www.kochtopf.me\/\" target=\"_blank\" rel=\"noopener\">Zorra<\/a> und <a href=\"http:\/\/www.from-snuggs-kitchen.com\" target=\"_blank\" rel=\"noopener\">Sandra<\/a> luden zum <a href=\"https:\/\/www.kochtopf.me\/ankuendigung-uebersicht-synchronbacken\" target=\"_blank\" rel=\"noopener\">Synchronbacken<\/a> ein, und ich beschloss, mal wieder mitzumachen.<\/p>\n<p>Gebacken wurde <a href=\"https:\/\/www.kochtopf.me\/rezept-zeitplan-synchronbacken-maerz-2018\" target=\"_blank\" rel=\"noopener\">die Miche<\/a>, ein urspr\u00fcngliches franz\u00f6sisches Bauernbrot.<\/p>\n<p>Es gab zwei Rezeptvarianten &#8211; einmal mit Sauerteig und einmal mit Hefe. Da mein Sauerteig in letzter Zeit etwas gezickt hatte, entschloss ich mich f\u00fcr die Hefeversion.<\/p>\n<p>&nbsp;<\/p>\n<p>Ich habe mich buchstabengetreu an <a href=\"https:\/\/www.kochtopf.me\/wp-content\/uploads\/2018\/03\/Miche-Rezept-f\u00fcr-synchronbacken-Maerz-2018.pdf\" target=\"_blank\" rel=\"noopener\">dieses Rezept<\/a> (unten mit Hefe) gehalten. Einzige \u00c4nderung: ich hatte kein frisch gemahlenes Mehl verwendet. Trotzdem stand mein Synchronbacken unter dem Motto:<\/p>\n<h4 style=\"padding-left: 30px;\"><em>Hier k\u00e4mpfte ich mit der Miche, sie siegte!<\/em><\/h4>\n<p>Es folgt ein Beitrag aus der Kategorie &#8222;Irrungen und Wirrungen&#8220;&#8230;<\/p>\n<p><!--more--><\/p>\n<table>\n<tbody>\n<tr>\n<td><a href=\"https:\/\/brittas-kochbuch.info\/wp-content\/uploads\/2018\/03\/20180311_synchronbacken24-vorteig.jpg\"><img loading=\"lazy\" decoding=\"async\" class=\"alignleft wp-image-11096 size-medium\" src=\"https:\/\/brittas-kochbuch.info\/wp-content\/uploads\/2018\/03\/20180311_synchronbacken24-vorteig-300x225.jpg\" alt=\"\" width=\"300\" height=\"225\" srcset=\"https:\/\/brittas-kochbuch.info\/wp-content\/uploads\/2018\/03\/20180311_synchronbacken24-vorteig-300x225.jpg 300w, https:\/\/brittas-kochbuch.info\/wp-content\/uploads\/2018\/03\/20180311_synchronbacken24-vorteig-768x576.jpg 768w, https:\/\/brittas-kochbuch.info\/wp-content\/uploads\/2018\/03\/20180311_synchronbacken24-vorteig-1024x768.jpg 1024w, https:\/\/brittas-kochbuch.info\/wp-content\/uploads\/2018\/03\/20180311_synchronbacken24-vorteig-624x468.jpg 624w\" sizes=\"(max-width: 300px) 100vw, 300px\" \/><\/a>Der Vorteig wurde samstags zusammengeknetet und sollte nun 20 Stunden bei ca. 20 Grad Raumtemperatur gehen. Nachdem ich Zweifel hatte, ob die Temperatur in meiner K\u00fcche ausreicht, habe ich ihn \u00fcber Nacht im gerade angeschaltetem Backofen gehen lassen.<\/td>\n<\/tr>\n<tr>\n<td><a href=\"https:\/\/brittas-kochbuch.info\/wp-content\/uploads\/2018\/03\/20180311_synchronbacken24-vorteig-fertig.jpg\"><img loading=\"lazy\" decoding=\"async\" class=\"alignleft wp-image-11116 size-medium\" src=\"https:\/\/brittas-kochbuch.info\/wp-content\/uploads\/2018\/03\/20180311_synchronbacken24-vorteig-fertig-225x300.jpg\" alt=\"\" width=\"225\" height=\"300\" srcset=\"https:\/\/brittas-kochbuch.info\/wp-content\/uploads\/2018\/03\/20180311_synchronbacken24-vorteig-fertig-225x300.jpg 225w, https:\/\/brittas-kochbuch.info\/wp-content\/uploads\/2018\/03\/20180311_synchronbacken24-vorteig-fertig-768x1024.jpg 768w, https:\/\/brittas-kochbuch.info\/wp-content\/uploads\/2018\/03\/20180311_synchronbacken24-vorteig-fertig-624x832.jpg 624w\" sizes=\"(max-width: 225px) 100vw, 225px\" \/><\/a>Am Sonntagmorgen war ich eigentlich \u00fcber das Ergebnis sehr angetan. Der Vorteig war toll aufgegangen.<\/p>\n<p>Frohen Mutes machte ich mich weiter ans Werk und mischte den Vorteig mit der angegebenen Menge Wasser, weiterer Hefe und Salz und stellte die Mehle bereit&#8230;<\/td>\n<\/tr>\n<tr>\n<td><a href=\"https:\/\/brittas-kochbuch.info\/wp-content\/uploads\/2018\/03\/20180311_synchronbacken24-vorteig-mehl.jpg\"><img loading=\"lazy\" decoding=\"async\" class=\"alignleft wp-image-11117 size-medium\" src=\"https:\/\/brittas-kochbuch.info\/wp-content\/uploads\/2018\/03\/20180311_synchronbacken24-vorteig-mehl-300x225.jpg\" alt=\"\" width=\"300\" height=\"225\" srcset=\"https:\/\/brittas-kochbuch.info\/wp-content\/uploads\/2018\/03\/20180311_synchronbacken24-vorteig-mehl-300x225.jpg 300w, https:\/\/brittas-kochbuch.info\/wp-content\/uploads\/2018\/03\/20180311_synchronbacken24-vorteig-mehl-768x576.jpg 768w, https:\/\/brittas-kochbuch.info\/wp-content\/uploads\/2018\/03\/20180311_synchronbacken24-vorteig-mehl-1024x768.jpg 1024w, https:\/\/brittas-kochbuch.info\/wp-content\/uploads\/2018\/03\/20180311_synchronbacken24-vorteig-mehl-624x468.jpg 624w\" sizes=\"(max-width: 300px) 100vw, 300px\" \/><\/a>Das sah jetzt doch nach verdammt viel Fl\u00fcssigkeit aus.<\/p>\n<p>Naja, das Rezept wird schon wissen, was es will.<\/p>\n<p>Also habe ich alles in der KitchenAid zusammengeknetet. Auf der Arbeitsfl\u00e4che w\u00e4re mir der Teig wohl davon gelaufen.<\/td>\n<\/tr>\n<tr>\n<td>\u00a0<a href=\"https:\/\/brittas-kochbuch.info\/wp-content\/uploads\/2018\/03\/20180311_synchronbacken24-fertigerteig.jpg\"><img loading=\"lazy\" decoding=\"async\" class=\"alignleft wp-image-11109 size-medium\" src=\"https:\/\/brittas-kochbuch.info\/wp-content\/uploads\/2018\/03\/20180311_synchronbacken24-fertigerteig-225x300.jpg\" alt=\"\" width=\"225\" height=\"300\" srcset=\"https:\/\/brittas-kochbuch.info\/wp-content\/uploads\/2018\/03\/20180311_synchronbacken24-fertigerteig-225x300.jpg 225w, https:\/\/brittas-kochbuch.info\/wp-content\/uploads\/2018\/03\/20180311_synchronbacken24-fertigerteig-768x1024.jpg 768w, https:\/\/brittas-kochbuch.info\/wp-content\/uploads\/2018\/03\/20180311_synchronbacken24-fertigerteig-624x832.jpg 624w\" sizes=\"(max-width: 225px) 100vw, 225px\" \/><\/a>Das sah jetzt allerdings schon nicht mehr so erfolgsversprechend aus, aber ich ging tapfer weiter nach Rezept vor.<\/p>\n<p>Der Teig sollte jetzt insgesamt 3 Stunden gehen, wobei er nach 15, 30, 45, 60 und 120 Minuten jeweils gefaltet werden sollte.<\/p>\n<p>&nbsp;<\/td>\n<\/tr>\n<tr>\n<td><a href=\"https:\/\/brittas-kochbuch.info\/wp-content\/uploads\/2018\/03\/20180311_synchronbacken24-teigfalten.jpg\"><img loading=\"lazy\" decoding=\"async\" class=\"alignleft wp-image-11113 size-medium\" src=\"https:\/\/brittas-kochbuch.info\/wp-content\/uploads\/2018\/03\/20180311_synchronbacken24-teigfalten-300x225.jpg\" alt=\"\" width=\"300\" height=\"225\" srcset=\"https:\/\/brittas-kochbuch.info\/wp-content\/uploads\/2018\/03\/20180311_synchronbacken24-teigfalten-300x225.jpg 300w, https:\/\/brittas-kochbuch.info\/wp-content\/uploads\/2018\/03\/20180311_synchronbacken24-teigfalten-768x576.jpg 768w, https:\/\/brittas-kochbuch.info\/wp-content\/uploads\/2018\/03\/20180311_synchronbacken24-teigfalten-1024x768.jpg 1024w, https:\/\/brittas-kochbuch.info\/wp-content\/uploads\/2018\/03\/20180311_synchronbacken24-teigfalten-624x468.jpg 624w\" sizes=\"(max-width: 300px) 100vw, 300px\" \/><\/a>\u00a0Sieht dieser Teig aus, als k\u00f6nne man ihn falten?<\/p>\n<p>Nach kurzer R\u00fccksprache via Facebook mit Zorra knetete ich bestimmt 200 g Mehl, wenn nicht sogar mehr, unter, bis ich den Teig halbwegs in Form halten konnte.<\/p>\n<p>&nbsp;<\/td>\n<\/tr>\n<tr>\n<td><a href=\"https:\/\/brittas-kochbuch.info\/wp-content\/uploads\/2018\/03\/20180311_synchronbacken24-teig-mehrmehl.jpg\"><img loading=\"lazy\" decoding=\"async\" class=\"alignleft wp-image-11112 size-medium\" src=\"https:\/\/brittas-kochbuch.info\/wp-content\/uploads\/2018\/03\/20180311_synchronbacken24-teig-mehrmehl-300x225.jpg\" alt=\"\" width=\"300\" height=\"225\" srcset=\"https:\/\/brittas-kochbuch.info\/wp-content\/uploads\/2018\/03\/20180311_synchronbacken24-teig-mehrmehl-300x225.jpg 300w, https:\/\/brittas-kochbuch.info\/wp-content\/uploads\/2018\/03\/20180311_synchronbacken24-teig-mehrmehl-768x576.jpg 768w, https:\/\/brittas-kochbuch.info\/wp-content\/uploads\/2018\/03\/20180311_synchronbacken24-teig-mehrmehl-1024x768.jpg 1024w, https:\/\/brittas-kochbuch.info\/wp-content\/uploads\/2018\/03\/20180311_synchronbacken24-teig-mehrmehl-624x468.jpg 624w\" sizes=\"(max-width: 300px) 100vw, 300px\" \/><\/a>\u00a0Die Konsistenz f\u00fchlte sich jetzt gut an. Der Teig war zwar immer noch recht weich, aber er war elastisch und halbwegs h\u00e4ndelbar.<\/p>\n<p>Nach Ablauf der drei Stunden sollte der Teig zu einer groben Kugel geformt werden und nochmals ruhen.<\/p>\n<p>&nbsp;<\/td>\n<\/tr>\n<tr>\n<td><a href=\"https:\/\/brittas-kochbuch.info\/wp-content\/uploads\/2018\/03\/20180311_synchronbacken24-teigkugel.jpg\"><img loading=\"lazy\" decoding=\"async\" class=\"alignleft wp-image-11114 size-medium\" src=\"https:\/\/brittas-kochbuch.info\/wp-content\/uploads\/2018\/03\/20180311_synchronbacken24-teigkugel-225x300.jpg\" alt=\"\" width=\"225\" height=\"300\" srcset=\"https:\/\/brittas-kochbuch.info\/wp-content\/uploads\/2018\/03\/20180311_synchronbacken24-teigkugel-225x300.jpg 225w, https:\/\/brittas-kochbuch.info\/wp-content\/uploads\/2018\/03\/20180311_synchronbacken24-teigkugel-768x1024.jpg 768w, https:\/\/brittas-kochbuch.info\/wp-content\/uploads\/2018\/03\/20180311_synchronbacken24-teigkugel-624x832.jpg 624w\" sizes=\"(max-width: 225px) 100vw, 225px\" \/><\/a>\u00a0Die Zuversicht kehrte zur\u00fcck. Diese Kugel sah ja gar nicht mehr schlecht aus.<\/p>\n<p>Die Kugel wanderte f\u00fcr eine weitere Stunde in ein gut gemehltes, abgedecktes G\u00e4rk\u00f6rbchen.<\/p>\n<p>&nbsp;<\/td>\n<\/tr>\n<tr>\n<td><a href=\"https:\/\/brittas-kochbuch.info\/wp-content\/uploads\/2018\/03\/20180311_synchronbacken24-gaerkoerbchen.jpg\"><img loading=\"lazy\" decoding=\"async\" class=\"alignleft wp-image-11110 size-medium\" src=\"https:\/\/brittas-kochbuch.info\/wp-content\/uploads\/2018\/03\/20180311_synchronbacken24-gaerkoerbchen-300x225.jpg\" alt=\"\" width=\"300\" height=\"225\" srcset=\"https:\/\/brittas-kochbuch.info\/wp-content\/uploads\/2018\/03\/20180311_synchronbacken24-gaerkoerbchen-300x225.jpg 300w, https:\/\/brittas-kochbuch.info\/wp-content\/uploads\/2018\/03\/20180311_synchronbacken24-gaerkoerbchen-768x576.jpg 768w, https:\/\/brittas-kochbuch.info\/wp-content\/uploads\/2018\/03\/20180311_synchronbacken24-gaerkoerbchen-1024x768.jpg 1024w, https:\/\/brittas-kochbuch.info\/wp-content\/uploads\/2018\/03\/20180311_synchronbacken24-gaerkoerbchen-624x468.jpg 624w\" sizes=\"(max-width: 300px) 100vw, 300px\" \/><\/a>\u00a0Vor der weiteren Stunde sah der Teig im G\u00e4rk\u00f6rbchen so aus; nach der Stunde genauso.<\/p>\n<p>Im Nachhinein k\u00f6nnte ich mich wohin bei\u00dfen, dass ich den Teig nicht weiter im Backofen zur Gare gestellt habe.<\/p>\n<p>Denn normalerweise h\u00e4tte der Teig noch mal aufgehen und sich nach oben w\u00f6lben m\u00fcssen.<\/p>\n<p>&nbsp;<\/td>\n<\/tr>\n<tr>\n<td><a href=\"https:\/\/brittas-kochbuch.info\/wp-content\/uploads\/2018\/03\/20180311_synchronbacken24-topf.jpg\"><img loading=\"lazy\" decoding=\"async\" class=\"alignleft wp-image-11115 size-medium\" src=\"https:\/\/brittas-kochbuch.info\/wp-content\/uploads\/2018\/03\/20180311_synchronbacken24-topf-300x225.jpg\" alt=\"\" width=\"300\" height=\"225\" srcset=\"https:\/\/brittas-kochbuch.info\/wp-content\/uploads\/2018\/03\/20180311_synchronbacken24-topf-300x225.jpg 300w, https:\/\/brittas-kochbuch.info\/wp-content\/uploads\/2018\/03\/20180311_synchronbacken24-topf-768x576.jpg 768w, https:\/\/brittas-kochbuch.info\/wp-content\/uploads\/2018\/03\/20180311_synchronbacken24-topf-1024x768.jpg 1024w, https:\/\/brittas-kochbuch.info\/wp-content\/uploads\/2018\/03\/20180311_synchronbacken24-topf-624x468.jpg 624w\" sizes=\"(max-width: 300px) 100vw, 300px\" \/><\/a><\/p>\n<p>Der Teig wanderte vom G\u00e4rk\u00f6rbchen in den vorgeheizten Gusseisentopf.<\/p>\n<p>Darin wurde das Brot erst 30 Minuten mit , dann noch 15 Minuten ohne Deckel gebacken.<\/td>\n<\/tr>\n<tr>\n<td><a href=\"https:\/\/brittas-kochbuch.info\/wp-content\/uploads\/2018\/03\/20180311_synchronbacken24-fertig.jpg\"><img loading=\"lazy\" decoding=\"async\" class=\"alignleft wp-image-11108 size-medium\" src=\"https:\/\/brittas-kochbuch.info\/wp-content\/uploads\/2018\/03\/20180311_synchronbacken24-fertig-225x300.jpg\" alt=\"\" width=\"225\" height=\"300\" srcset=\"https:\/\/brittas-kochbuch.info\/wp-content\/uploads\/2018\/03\/20180311_synchronbacken24-fertig-225x300.jpg 225w, https:\/\/brittas-kochbuch.info\/wp-content\/uploads\/2018\/03\/20180311_synchronbacken24-fertig-768x1024.jpg 768w, https:\/\/brittas-kochbuch.info\/wp-content\/uploads\/2018\/03\/20180311_synchronbacken24-fertig-624x832.jpg 624w\" sizes=\"(max-width: 225px) 100vw, 225px\" \/><\/a>\u00a0Das fertige Brot sah jetzt nich sooo schlecht aus. Es klang sch\u00f6n hohl, wie es sich geh\u00f6rt und hatte auch eine sch\u00f6ne Kruste.<\/p>\n<p>Alleine, es war mir zu flach, und ich ahnte f\u00fcrchterliches.<\/td>\n<\/tr>\n<tr>\n<td><a href=\"https:\/\/brittas-kochbuch.info\/wp-content\/uploads\/2018\/03\/20180311_synchronbacken24-anschnitt.jpg\"><img loading=\"lazy\" decoding=\"async\" class=\"alignleft wp-image-11107 size-medium\" src=\"https:\/\/brittas-kochbuch.info\/wp-content\/uploads\/2018\/03\/20180311_synchronbacken24-anschnitt-300x225.jpg\" alt=\"\" width=\"300\" height=\"225\" srcset=\"https:\/\/brittas-kochbuch.info\/wp-content\/uploads\/2018\/03\/20180311_synchronbacken24-anschnitt-300x225.jpg 300w, https:\/\/brittas-kochbuch.info\/wp-content\/uploads\/2018\/03\/20180311_synchronbacken24-anschnitt-768x576.jpg 768w, https:\/\/brittas-kochbuch.info\/wp-content\/uploads\/2018\/03\/20180311_synchronbacken24-anschnitt-1024x768.jpg 1024w, https:\/\/brittas-kochbuch.info\/wp-content\/uploads\/2018\/03\/20180311_synchronbacken24-anschnitt-624x468.jpg 624w\" sizes=\"(max-width: 300px) 100vw, 300px\" \/><\/a>Und meine Bef\u00fcrchtung best\u00e4tigte sich:<\/p>\n<p>Das Brot war innen fest und feucht-pappig.<\/p>\n<p>Ich war entt\u00e4uscht. So viel Arbeit f\u00fcr so ein Ergebnis. Bei allen anderen war die Miche gut geworden, nur ich hatte mal wieder versagt.<\/p>\n<p>Zorra schlug vor, ob ich die einzelnen Scheiben nicht toasten k\u00f6nne.<\/p>\n<p>&nbsp;<\/td>\n<\/tr>\n<tr>\n<td><a href=\"https:\/\/brittas-kochbuch.info\/wp-content\/uploads\/2018\/03\/20180311_synchronbacken24-notloesung.jpg\"><img loading=\"lazy\" decoding=\"async\" class=\"alignleft wp-image-11111 size-medium\" src=\"https:\/\/brittas-kochbuch.info\/wp-content\/uploads\/2018\/03\/20180311_synchronbacken24-notloesung-300x225.jpg\" alt=\"\" width=\"300\" height=\"225\" srcset=\"https:\/\/brittas-kochbuch.info\/wp-content\/uploads\/2018\/03\/20180311_synchronbacken24-notloesung-300x225.jpg 300w, https:\/\/brittas-kochbuch.info\/wp-content\/uploads\/2018\/03\/20180311_synchronbacken24-notloesung-768x576.jpg 768w, https:\/\/brittas-kochbuch.info\/wp-content\/uploads\/2018\/03\/20180311_synchronbacken24-notloesung-1024x768.jpg 1024w, https:\/\/brittas-kochbuch.info\/wp-content\/uploads\/2018\/03\/20180311_synchronbacken24-notloesung-624x468.jpg 624w\" sizes=\"(max-width: 300px) 100vw, 300px\" \/><\/a>Einen Toaster haben wir zwar nicht, aber ich habe mal eine Brotscheibe in der Grillpfanne ger\u00f6stet. Und voil\u00e0:<\/p>\n<p>Das Brot wurde knusprig. Der Geschmack ist ja sowieso super.<\/p>\n<p>Jetzt habe ich das Brot aufgeschnitten, die Scheiben eingefroren, um sie im Sommer einfach mit auf den Grill zu werfen.<\/p>\n<p>Ich bin ein wenig mit La Miche vers\u00f6hnt.<\/td>\n<\/tr>\n<\/tbody>\n<\/table>\n<p>Ohne den &#8222;Druck&#8220; des Synchronbackens werde ich das Brot eventuell noch mal nachbacken; mit Sauerteig und selbstgemahlenem Mehl.<\/p>\n<hr \/>\n<p>Die Liste mit den Rezepten der anderen Teilnehmer\/innen:<\/p>\n<p><a href=\"https:\/\/www.kochtopf.me\/6-korn-miche-aus-dem-topf\" target=\"_blank\">Zorra von 1x umr\u00fchren bitte aka kochtopf<\/a><br \/>\n<a href=\"http:\/\/www.from-snuggs-kitchen.com\/2018\/03\/synchronbacken-24-meine-miche.html\" target=\"_blank\">Sandra von From-Snuggs-Kitchen<\/a><br \/>\n<a href=\"https:\/\/linalsbackhimmel.blogspot.com\/2018\/03\/miche-synchronbacken.html\" target=\"_blank\">Caroline von Linal&#8217;s Backhimmel<\/a><br \/>\n<a href=\"https:\/\/www.zimtkringel.org\/2018\/03\/11\/miche-zum-24ten-synchronbacken\/\" target=\"_blank\">Simone von Zimtkringel<\/a><br \/>\n<a href=\"https:\/\/www.theapricotlady.com\/fresh-milled-miche\/\" target=\"_blank\">Christina von The Apricot Lady<\/a><br \/>\n<a href=\"http:\/\/bakeryandkitchen.de\/2018\/03\/14\/miche-mit-saaten\/\" target=\"_blank\">Nora von Sisters Bakery And Kitchen<\/a><br \/>\n<a href=\"https:\/\/brotecke.blogspot.com\/2018\/03\/synchronbacken-24-fresh-milled-miche.html\" target=\"_blank\">Dagmar von Dagmar&#8217;s brotecke<\/a><br \/>\n<a href=\"http:\/\/www.birgitd.com\/la-miche-franzoesisches-landbrot\/\" target=\"_blank\">Birgit D. von Kreativit\u00e4t in K\u00fcche, Haus &#038; Garten<\/a><br \/>\n<a href=\"https:\/\/backenmitleidenschaftblog.wordpress.com\/?p=25210\" target=\"_blank\">Birgit M. von Backen mit Leidenschaft<\/a><br \/>\n<a href=\"https:\/\/krabsch.blogspot.com\/2018\/03\/miche-brotlaib-nach-king-arthur.html\" target=\"_blank\">Katrin von Summsis Hobbyk\u00fcche<\/a><br \/>\n<a href=\"http:\/\/volkermampft.de\/wir-backen-eine-miche-synchronbacken-maerz-2018\" target=\"_blank\">Volker von Volkermampft<\/a><br \/>\n<a href=\"http:\/\/meinwunderbareschaos.de\/la-miche-landbrot-auf-franzoesische-art\" target=\"_blank\">Conny von Mein wunderbares Chaos<\/a><br \/>\n<a href=\"http:\/\/chiliblueten.com\/recipe\/sauerteigbrot-miche\" target=\"_blank\">Lisa von Chiliblueten<\/a><br \/>\n<a href=\"http:\/\/dulcipessa.com\/weizenmiche-aus-dem-topf\/\" target=\"_blank\">Steffi von Dulcipessa<\/a><br \/>\n<a href=\"https:\/\/ausderlameng.blogspot.com\/2018\/03\/miche-dinkel-hefe-brot-fur-das.html\" target=\"_blank\">Simone von Aus der Lameng<\/a><br \/>\n<a href=\"http:\/\/www.mrsflax.net\/2018\/03\/14\/eine-gelungene-premiere\/\" target=\"_blank\">Manuela von Vive la R\u00e9duction!<\/a><\/p>\n","protected":false},"excerpt":{"rendered":"<p>Enth\u00e4lt Werbung durch weiterf\u00fchrende Links Am vergangenen Wochenende (10.\/11.M\u00e4rz) war es wieder soweit: Zorra und Sandra luden zum Synchronbacken ein, und ich beschloss, mal wieder mitzumachen. Gebacken wurde die Miche, ein urspr\u00fcngliches franz\u00f6sisches Bauernbrot. Es gab zwei Rezeptvarianten &#8211; einmal mit Sauerteig und einmal mit Hefe. Da mein Sauerteig in letzter Zeit etwas gezickt hatte, [&hellip;]<\/p>\n","protected":false},"author":1,"featured_media":0,"comment_status":"open","ping_status":"open","sticky":false,"template":"","format":"standard","meta":{"sfsi_plus_gutenberg_text_before_share":"","sfsi_plus_gutenberg_show_text_before_share":"","sfsi_plus_gutenberg_icon_type":"","sfsi_plus_gutenberg_icon_alignemt":"","sfsi_plus_gutenburg_max_per_row":"","_jetpack_memberships_contains_paid_content":false,"footnotes":""},"categories":[169,628,65,9],"tags":[1882,2070,2069,2068,272],"class_list":["post-11091","post","type-post","status-publish","format-standard","hentry","category-blog-events","category-brot-broetchen-und-herzhaftes-gebaeck","category-irrungen-und-wirrungen","category-vegetarisches","tag-synchronbackendasoriginal","tag-synchronbackenmiche","tag-franzoesisches-bauernbrat","tag-la-miche","tag-vegan"],"jetpack_featured_media_url":"","jetpack_sharing_enabled":true,"_links":{"self":[{"href":"https:\/\/brittas-kochbuch.info\/index.php?rest_route=\/wp\/v2\/posts\/11091"}],"collection":[{"href":"https:\/\/brittas-kochbuch.info\/index.php?rest_route=\/wp\/v2\/posts"}],"about":[{"href":"https:\/\/brittas-kochbuch.info\/index.php?rest_route=\/wp\/v2\/types\/post"}],"author":[{"embeddable":true,"href":"https:\/\/brittas-kochbuch.info\/index.php?rest_route=\/wp\/v2\/users\/1"}],"replies":[{"embeddable":true,"href":"https:\/\/brittas-kochbuch.info\/index.php?rest_route=%2Fwp%2Fv2%2Fcomments&post=11091"}],"version-history":[{"count":25,"href":"https:\/\/brittas-kochbuch.info\/index.php?rest_route=\/wp\/v2\/posts\/11091\/revisions"}],"predecessor-version":[{"id":11143,"href":"https:\/\/brittas-kochbuch.info\/index.php?rest_route=\/wp\/v2\/posts\/11091\/revisions\/11143"}],"wp:attachment":[{"href":"https:\/\/brittas-kochbuch.info\/index.php?rest_route=%2Fwp%2Fv2%2Fmedia&parent=11091"}],"wp:term":[{"taxonomy":"category","embeddable":true,"href":"https:\/\/brittas-kochbuch.info\/index.php?rest_route=%2Fwp%2Fv2%2Fcategories&post=11091"},{"taxonomy":"post_tag","embeddable":true,"href":"https:\/\/brittas-kochbuch.info\/index.php?rest_route=%2Fwp%2Fv2%2Ftags&post=11091"}],"curies":[{"name":"wp","href":"https:\/\/api.w.org\/{rel}","templated":true}]}}