{"id":11961,"date":"2018-06-04T15:32:44","date_gmt":"2018-06-04T13:32:44","guid":{"rendered":"http:\/\/brittas-kochbuch.info\/?p=11961"},"modified":"2018-06-13T18:43:57","modified_gmt":"2018-06-13T16:43:57","slug":"blog_event-cxlii-marktspaziergang","status":"publish","type":"post","link":"https:\/\/brittas-kochbuch.info\/?p=11961","title":{"rendered":"Blog_Event CXLII &#8211; Marktspaziergang"},"content":{"rendered":"<pre>Enth\u00e4lt Werbung<\/pre>\n<p><a title=\"Blog-Event CXLII - Marktspaziergang (Einsendeschluss 15. Juni 2018)\" href=\"https:\/\/www.kochtopf.me\/blog-event-cxlii-marktspaziergang\" target=\"_blank\" rel=\"noopener\"><img loading=\"lazy\" decoding=\"async\" src=\"https:\/\/www.kochtopf.me\/wp-content\/uploads\/2018\/05\/Blog-Event-CXLII-Marktspaziergang-featured.jpg\" alt=\"Blog-Event CXLII - Marktspaziergang (Einsendeschluss 15. Juni 2018)\" width=\"500\" height=\"197\" \/><\/a><\/p>\n<p>Simone von <a href=\"https:\/\/www.zimtkringel.org\" target=\"_blank\" rel=\"noopener\">Zimtkringel<\/a> l\u00e4dt uns zusammen mit <a href=\"https:\/\/www.kochtopf.me\/\" target=\"_blank\" rel=\"noopener\">Zorra<\/a> zu einem <a href=\"https:\/\/www.kochtopf.me\/blog-event-cxlii-marktspaziergang\" target=\"_blank\" rel=\"noopener\">Marktspaziergang<\/a> ein. Unsere prallgef\u00fcllten Einkaufstaschen und -k\u00f6rbe sollten wir pr\u00e4sentieren und was wir daraus gemacht haben.<\/p>\n<p>Einen Wochenmarkt, der dienstags, donnerstags und samstags ge\u00f6ffnet hat, haben wir im Kaff zwar auch, eigentlich ist er zwischen Kirchenmauern aus Gr\u00fcnsandstein und Fachwerk auch sehr sch\u00f6n gelegen, aber irgendwie komme ich oder wir viel zu selten dort hin.<\/p>\n<p><a href=\"https:\/\/brittas-kochbuch.info\/wp-content\/uploads\/2018\/06\/20180601_lebensgarten.jpg\"><img loading=\"lazy\" decoding=\"async\" class=\"alignleft wp-image-11964 size-medium\" src=\"https:\/\/brittas-kochbuch.info\/wp-content\/uploads\/2018\/06\/20180601_lebensgarten-300x225.jpg\" alt=\"\" width=\"300\" height=\"225\" srcset=\"https:\/\/brittas-kochbuch.info\/wp-content\/uploads\/2018\/06\/20180601_lebensgarten-300x225.jpg 300w, https:\/\/brittas-kochbuch.info\/wp-content\/uploads\/2018\/06\/20180601_lebensgarten-768x576.jpg 768w, https:\/\/brittas-kochbuch.info\/wp-content\/uploads\/2018\/06\/20180601_lebensgarten-1024x768.jpg 1024w, https:\/\/brittas-kochbuch.info\/wp-content\/uploads\/2018\/06\/20180601_lebensgarten-624x468.jpg 624w\" sizes=\"(max-width: 300px) 100vw, 300px\" \/><\/a><\/p>\n<p>Deshalb ist mein &#8222;Markt&#8220; der <a href=\"https:\/\/www.lebensgarten-soest.de\" target=\"_blank\" rel=\"noopener\">Bioladen<\/a> am Ort und da ich hier am liebsten mein Obst und Gem\u00fcse kaufe, hat man mir freundlicherweise sogar erlaubt, die reichhaltige Obst- und Gem\u00fcsetheke zu fotografieren.<\/p>\n<p>Auch andere Produkte wie K\u00e4se oder Oliven in Bioqualit\u00e4t kaufe ich hier gerne.<\/p>\n<p><a href=\"https:\/\/brittas-kochbuch.info\/wp-content\/uploads\/2018\/06\/20180601_gemueseecke.jpg\"><br \/>\n<img loading=\"lazy\" decoding=\"async\" class=\"alignleft wp-image-11963 size-medium\" src=\"https:\/\/brittas-kochbuch.info\/wp-content\/uploads\/2018\/06\/20180601_gemueseecke-300x225.jpg\" alt=\"\" width=\"300\" height=\"225\" srcset=\"https:\/\/brittas-kochbuch.info\/wp-content\/uploads\/2018\/06\/20180601_gemueseecke-300x225.jpg 300w, https:\/\/brittas-kochbuch.info\/wp-content\/uploads\/2018\/06\/20180601_gemueseecke-768x576.jpg 768w, https:\/\/brittas-kochbuch.info\/wp-content\/uploads\/2018\/06\/20180601_gemueseecke-1024x768.jpg 1024w, https:\/\/brittas-kochbuch.info\/wp-content\/uploads\/2018\/06\/20180601_gemueseecke-624x468.jpg 624w\" sizes=\"(max-width: 300px) 100vw, 300px\" \/><\/a>\u00a0Es wird noch sehr viel Wert auf saisonale und regionale Ware gelegt, allerdings k\u00f6nnen sich die Betreiber auch nicht ganz den Kundenw\u00fcnschen nach Tomaten, Paprika o. \u00e4. im Winter entziehen.<\/p>\n<p>Sie finden es selber schade, aber ansonsten k\u00f6nnen sie einfach nicht \u00fcberleben.<\/p>\n<p>&nbsp;<\/p>\n<p><a href=\"https:\/\/brittas-kochbuch.info\/wp-content\/uploads\/2018\/06\/20180527_einkaufskorb.jpg\"><img loading=\"lazy\" decoding=\"async\" class=\"wp-image-11962 size-medium alignleft\" src=\"https:\/\/brittas-kochbuch.info\/wp-content\/uploads\/2018\/06\/20180527_einkaufskorb-300x225.jpg\" alt=\"\" width=\"300\" height=\"225\" srcset=\"https:\/\/brittas-kochbuch.info\/wp-content\/uploads\/2018\/06\/20180527_einkaufskorb-300x225.jpg 300w, https:\/\/brittas-kochbuch.info\/wp-content\/uploads\/2018\/06\/20180527_einkaufskorb-768x576.jpg 768w, https:\/\/brittas-kochbuch.info\/wp-content\/uploads\/2018\/06\/20180527_einkaufskorb-1024x768.jpg 1024w, https:\/\/brittas-kochbuch.info\/wp-content\/uploads\/2018\/06\/20180527_einkaufskorb-624x468.jpg 624w\" sizes=\"(max-width: 300px) 100vw, 300px\" \/><\/a>Mein erster Einkaufskorb nach unserem zweiw\u00f6chigen Urlaub ist u. a. prall gef\u00fcllt mit Mixsalat, nicht aus einer schwitzigen Plastikt\u00fcte sondern frisch von Hand ausgesucht und zum besseren Fotografieren in eine Vorratsdose gepackt. Dasselbe gilt f\u00fcr die Champignons in braun und wei\u00df.<\/p>\n<p>Man kann die Ware lose in den Einkaufswagen legen, Papiert\u00fcten, die man immer wieder mitbringen und benutzen kann, bis sie auseinanderfallen sowie selbst mitgebrachte Beh\u00e4ltnisse nutzen.<\/p>\n<p>Des weiteren hatte ich mich f\u00fcr einen Staudensellerie, Fr\u00fchlingszwiebeln, Schlangengurke, Spitzpaprika und eine Ananas entschieden.<\/p>\n<p>Unter anderem ist folgendes entstanden:<\/p>\n<p><a style=\"font-size: 1rem;\" href=\"https:\/\/brittas-kochbuch.info\/wp-content\/uploads\/2018\/06\/20180527_gemischter-salat.jpg\"><img loading=\"lazy\" decoding=\"async\" class=\"alignleft wp-image-11968 size-medium\" src=\"https:\/\/brittas-kochbuch.info\/wp-content\/uploads\/2018\/06\/20180527_gemischter-salat-300x300.jpg\" alt=\"\" width=\"300\" height=\"300\" srcset=\"https:\/\/brittas-kochbuch.info\/wp-content\/uploads\/2018\/06\/20180527_gemischter-salat-300x300.jpg 300w, https:\/\/brittas-kochbuch.info\/wp-content\/uploads\/2018\/06\/20180527_gemischter-salat-150x150.jpg 150w, https:\/\/brittas-kochbuch.info\/wp-content\/uploads\/2018\/06\/20180527_gemischter-salat-768x768.jpg 768w, https:\/\/brittas-kochbuch.info\/wp-content\/uploads\/2018\/06\/20180527_gemischter-salat-1024x1024.jpg 1024w, https:\/\/brittas-kochbuch.info\/wp-content\/uploads\/2018\/06\/20180527_gemischter-salat-624x624.jpg 624w\" sizes=\"(max-width: 300px) 100vw, 300px\" \/><\/a><\/p>\n<p>Ein s\u00e4ttigender Salat aus Blattsalaten, bunten Tomaten, Champignons und Paprikaschote mit einer klassischen Senf-Vinaigrette.<\/p>\n<p>So mag ich es eigentlich im Sommer am liebsten. Eventuell ein Br\u00f6tchen oder eine Scheibe Brot dazu und fertig.<\/p>\n<p>&nbsp;<\/p>\n<p>&nbsp;<\/p>\n<p>&nbsp;<\/p>\n<p><a href=\"https:\/\/brittas-kochbuch.info\/wp-content\/uploads\/2018\/06\/20180529_couscoussalat.jpg\"><img loading=\"lazy\" decoding=\"async\" class=\"wp-image-11970 size-medium alignleft\" src=\"https:\/\/brittas-kochbuch.info\/wp-content\/uploads\/2018\/06\/20180529_couscoussalat-225x300.jpg\" alt=\"\" width=\"225\" height=\"300\" srcset=\"https:\/\/brittas-kochbuch.info\/wp-content\/uploads\/2018\/06\/20180529_couscoussalat-225x300.jpg 225w, https:\/\/brittas-kochbuch.info\/wp-content\/uploads\/2018\/06\/20180529_couscoussalat-768x1024.jpg 768w, https:\/\/brittas-kochbuch.info\/wp-content\/uploads\/2018\/06\/20180529_couscoussalat-624x832.jpg 624w\" sizes=\"(max-width: 225px) 100vw, 225px\" \/><\/a><\/p>\n<p><a href=\"https:\/\/brittas-kochbuch.info\/wp-content\/uploads\/2018\/06\/20180529_salzzitrone.jpg\"><img loading=\"lazy\" decoding=\"async\" class=\"alignleft wp-image-11969 size-medium\" src=\"https:\/\/brittas-kochbuch.info\/wp-content\/uploads\/2018\/06\/20180529_salzzitrone-300x300.jpg\" alt=\"\" width=\"300\" height=\"300\" srcset=\"https:\/\/brittas-kochbuch.info\/wp-content\/uploads\/2018\/06\/20180529_salzzitrone-300x300.jpg 300w, https:\/\/brittas-kochbuch.info\/wp-content\/uploads\/2018\/06\/20180529_salzzitrone-150x150.jpg 150w, https:\/\/brittas-kochbuch.info\/wp-content\/uploads\/2018\/06\/20180529_salzzitrone-768x768.jpg 768w, https:\/\/brittas-kochbuch.info\/wp-content\/uploads\/2018\/06\/20180529_salzzitrone-1024x1024.jpg 1024w, https:\/\/brittas-kochbuch.info\/wp-content\/uploads\/2018\/06\/20180529_salzzitrone-624x624.jpg 624w\" sizes=\"(max-width: 300px) 100vw, 300px\" \/><\/a><\/p>\n<p>&nbsp;<\/p>\n<p>&nbsp;<\/p>\n<p>&nbsp;<\/p>\n<p>&nbsp;<\/p>\n<p>&nbsp;<\/p>\n<p>&nbsp;<\/p>\n<p>&nbsp;<\/p>\n<p>Ein Couscous-Rote-Linsensalat mit Tomaten, Feta (ebenfalls aus dem Lebensgarten), Gurken und fein gehackter <a href=\"https:\/\/brittas-kochbuch.info\/?p=6827\">Salzzitrone<\/a>. Diese hatte ich im November 2016 eingelegt, sieht nicht mehr besonders sch\u00f6n aus, schmeckt aber wirklich hervorragend. Man muss nur vor dem Verschlie\u00dfen die Zitronen wieder mit Oliven\u00f6l bedecken.<\/p>\n<p>Den Salat habe ich nur mit dem \u00d6l der eingelegten Zitronen und Harissa gew\u00fcrzt.<\/p>\n<p>Nun geht es aber zum eigentlichen Rezept von heute und daf\u00fcr habe ich die Ananas &#8222;geschlachtet&#8220;.<\/p>\n<p><!--more--><\/p>\n<h4 style=\"text-align: center;\">Virgin Colada auf meine Art<\/h4>\n<p><a href=\"https:\/\/brittas-kochbuch.info\/wp-content\/uploads\/2018\/06\/20180530_virgin-coloada.jpg\"><img loading=\"lazy\" decoding=\"async\" class=\"aligncenter wp-image-11971\" src=\"https:\/\/brittas-kochbuch.info\/wp-content\/uploads\/2018\/06\/20180530_virgin-coloada-768x1024.jpg\" alt=\"\" width=\"416\" height=\"555\" srcset=\"https:\/\/brittas-kochbuch.info\/wp-content\/uploads\/2018\/06\/20180530_virgin-coloada-768x1024.jpg 768w, https:\/\/brittas-kochbuch.info\/wp-content\/uploads\/2018\/06\/20180530_virgin-coloada-225x300.jpg 225w, https:\/\/brittas-kochbuch.info\/wp-content\/uploads\/2018\/06\/20180530_virgin-coloada-624x832.jpg 624w\" sizes=\"(max-width: 416px) 100vw, 416px\" \/><\/a><\/p>\n<p><u>Zutaten f\u00fcr 2 Gl\u00e4ser \u00e0 200 ml:<\/u><\/p>\n<ul>\n<li>1\/2 Ananas<\/li>\n<li>1 kleine Dose Kokosmilch (200 ml)<\/li>\n<li>1 paar frische Minzbl\u00e4tter<\/li>\n<\/ul>\n<p><u>Zubereitung:<\/u><\/p>\n<p>Die Ananas halbieren, sch\u00e4len und in Scheiben schneiden. Dabei den Saft auffangen. Zwei Scheiben w\u00fcrfeln und einfrieren. Die restliche Ananas im K\u00fchlschrank aufbewahren, die andere H\u00e4lfte so genie\u00dfen oder anderweitig verwenden.<\/p>\n<p>Die gut durchgefrorenen Ananasst\u00fccke zusammen mit den Ananasringen (ein St\u00fcck als Deko zur\u00fcck behalten), dem Ananassaft und der Minze (ebenfalls einen Zweig als Deko zur\u00fcck behalten) in den Standmixer f\u00fcllen. Die Kokosmilch aufgie\u00dfen und &#8211; wenn vorhanden &#8211; auf die Stufe &#8222;Ice Crusher&#8220; stellen. Danach sch\u00f6n schaumig aufmixen.<\/p>\n<p>In ein gek\u00fchltes Glas f\u00fcllen (eventuell durch ein feines Sieb), mit Minze und Ananas dekorieren und sofort genie\u00dfen.<\/p>\n","protected":false},"excerpt":{"rendered":"<p>Enth\u00e4lt Werbung Simone von Zimtkringel l\u00e4dt uns zusammen mit Zorra zu einem Marktspaziergang ein. Unsere prallgef\u00fcllten Einkaufstaschen und -k\u00f6rbe sollten wir pr\u00e4sentieren und was wir daraus gemacht haben. Einen Wochenmarkt, der dienstags, donnerstags und samstags ge\u00f6ffnet hat, haben wir im Kaff zwar auch, eigentlich ist er zwischen Kirchenmauern aus Gr\u00fcnsandstein und Fachwerk auch sehr sch\u00f6n [&hellip;]<\/p>\n","protected":false},"author":1,"featured_media":0,"comment_status":"open","ping_status":"open","sticky":false,"template":"","format":"standard","meta":{"sfsi_plus_gutenberg_text_before_share":"","sfsi_plus_gutenberg_show_text_before_share":"","sfsi_plus_gutenberg_icon_type":"","sfsi_plus_gutenberg_icon_alignemt":"","sfsi_plus_gutenburg_max_per_row":"","_jetpack_memberships_contains_paid_content":false,"footnotes":""},"categories":[169,76,1206,9],"tags":[1612,172,635,2130,2129,271,272,2128],"class_list":["post-11961","post","type-post","status-publish","format-standard","hentry","category-blog-events","category-einkaufen","category-getraenke","category-vegetarisches","tag-ananas","tag-blog-event","tag-kokosmilch","tag-lebensgarten","tag-marktspaziergang","tag-minze","tag-vegan","tag-virgin-colada"],"jetpack_featured_media_url":"","jetpack_sharing_enabled":true,"_links":{"self":[{"href":"https:\/\/brittas-kochbuch.info\/index.php?rest_route=\/wp\/v2\/posts\/11961"}],"collection":[{"href":"https:\/\/brittas-kochbuch.info\/index.php?rest_route=\/wp\/v2\/posts"}],"about":[{"href":"https:\/\/brittas-kochbuch.info\/index.php?rest_route=\/wp\/v2\/types\/post"}],"author":[{"embeddable":true,"href":"https:\/\/brittas-kochbuch.info\/index.php?rest_route=\/wp\/v2\/users\/1"}],"replies":[{"embeddable":true,"href":"https:\/\/brittas-kochbuch.info\/index.php?rest_route=%2Fwp%2Fv2%2Fcomments&post=11961"}],"version-history":[{"count":12,"href":"https:\/\/brittas-kochbuch.info\/index.php?rest_route=\/wp\/v2\/posts\/11961\/revisions"}],"predecessor-version":[{"id":11980,"href":"https:\/\/brittas-kochbuch.info\/index.php?rest_route=\/wp\/v2\/posts\/11961\/revisions\/11980"}],"wp:attachment":[{"href":"https:\/\/brittas-kochbuch.info\/index.php?rest_route=%2Fwp%2Fv2%2Fmedia&parent=11961"}],"wp:term":[{"taxonomy":"category","embeddable":true,"href":"https:\/\/brittas-kochbuch.info\/index.php?rest_route=%2Fwp%2Fv2%2Fcategories&post=11961"},{"taxonomy":"post_tag","embeddable":true,"href":"https:\/\/brittas-kochbuch.info\/index.php?rest_route=%2Fwp%2Fv2%2Ftags&post=11961"}],"curies":[{"name":"wp","href":"https:\/\/api.w.org\/{rel}","templated":true}]}}