{"id":13255,"date":"2018-09-03T13:43:30","date_gmt":"2018-09-03T11:43:30","guid":{"rendered":"http:\/\/brittas-kochbuch.info\/?p=13255"},"modified":"2018-09-03T13:43:30","modified_gmt":"2018-09-03T11:43:30","slug":"dinner-zum-hochzeitstag","status":"publish","type":"post","link":"https:\/\/brittas-kochbuch.info\/?p=13255","title":{"rendered":"Dinner zum Hochzeitstag"},"content":{"rendered":"<pre>Enth\u00e4lt Werbung ohne Gegenleistung<\/pre>\n<p>Am 21. August durften wir schon unseren 20. Hochzeitstag begehen. Dieser Tag hei\u00dft auch Porzellanhochzeit und diese Erkl\u00e4rung dazu habe ich im Internet gefunden:<\/p>\n<p style=\"padding-left: 30px;\"><em>Weil gutes Porzellan teuer und edel ist, wurde es schon fr\u00fcher als &#8222;das Gold in Wei\u00df&#8220; bezeichnet. Und genau aus diesen Eigenschaften heraus l\u00e4sst sich auch der Name f\u00fcr das 20. Hochzeitsjubil\u00e4um ableiten. Denn schlie\u00dflich darf eine Ehe, in der sich die Partner bereits seit 20 Jahren treu zur Seite stehen, ebenfalls als teuer und kostbar angesehen werden. Nicht viele Paare erreichen dieses Hochzeitsjubil\u00e4um.<\/em><\/p>\n<p style=\"padding-left: 30px;\"><em>Trotzdem sollten sich die feiernden Eheleute bewusst sein, dass auch nach 20 Jahren das B\u00fcndnis wie Porzellan noch zerbrechen kann. Die edle Keramik ist niemals vor Bruch gefeit und sollte daher stets umsichtig behandelt werden. Genauso verh\u00e4lt es sich mit der Ehe. Auch eine gut funktionierende Lebensgemeinschaft will gepflegt werden. Das hei\u00dft, die Eheleute sollten niemals den Respekt voreinander verliern, sich stets achten und lieben und immer f\u00fcr den Partner genauso viel Interesse aufbringen, wie f\u00fcr sich selbst.<\/em><br \/>\n[<a href=\"https:\/\/www.hochzeitstage-bedeutung.de\/h\/20-porzellanhochzeit.php\" target=\"_blank\" rel=\"noopener\">Hier der gesamte Text zum Weiterlesen<\/a>]<\/p>\n<p>Leider hatte der G\u00f6Ga in der Woche keinen Urlaub bekommen und so wurde ich samstags drauf zum Essen ausgef\u00fchrt.<\/p>\n<p>Das Ziel war das <a href=\"http:\/\/www.cesars-soest.de\">Cesar&#8217;s<\/a>, ein edles spanisches Restaurant im Herzen der Soester Altstadt. Wir waren restlos begeistert vom Ambiente, dem tollen, aufmerksamen Service und dem Essen, dem man vorbehaltlos Sterneniveau bescheinigen kann.<\/p>\n<p>Die Speisekarte ist vielf\u00e4ltig, wie Ihr mit einem Klick auf den obigen Link zur Webseite seht. Man kann sich nach Herzenslust verschiedene Men\u00fcs zusammenstellen. Es gibt tolle Tapas, die man sich entweder in gr\u00f6\u00dferer Runde oder auch zu zweit teilen kann, man kann sie als Vorspeise vor einem der hervorragend klingenden Hauptgerichte essen oder man l\u00e4sst sich vom K\u00fcchenchef und Inhaber Cesar Caseny Durr\u00f3 ein Men\u00fc mit Weinauswahl zusammen stellen. Extraw\u00fcnsche werden gerne in die Tat umgesetzt, wie ich an dem Abend mitbekam.<\/p>\n<p>Hier nun unsere Men\u00fcfolge:<\/p>\n<p><!--more--><\/p>\n<p><a href=\"https:\/\/brittas-kochbuch.info\/wp-content\/uploads\/2018\/08\/20180825_cesar01.jpg\"><img loading=\"lazy\" decoding=\"async\" class=\"alignleft size-medium wp-image-13259\" src=\"https:\/\/brittas-kochbuch.info\/wp-content\/uploads\/2018\/08\/20180825_cesar01-225x300.jpg\" alt=\"\" width=\"225\" height=\"300\" srcset=\"https:\/\/brittas-kochbuch.info\/wp-content\/uploads\/2018\/08\/20180825_cesar01-225x300.jpg 225w, https:\/\/brittas-kochbuch.info\/wp-content\/uploads\/2018\/08\/20180825_cesar01-768x1024.jpg 768w, https:\/\/brittas-kochbuch.info\/wp-content\/uploads\/2018\/08\/20180825_cesar01-624x832.jpg 624w\" sizes=\"(max-width: 225px) 100vw, 225px\" \/><\/a><\/p>\n<p>Als erstes bekamen wir einen Gru\u00df aus der K\u00fcche in Form eines leichten Kartoffel-Lauch-Apfelschaums. Das war ein k\u00f6stlicher Hauch von nichts. Er regte den Appetit an ohne schon \u00fcberm\u00e4\u00dfig zu s\u00e4ttigen.<\/p>\n<p>Dazu gab es ein spanisches Bauernbrot, \u00e4hnlich dem mallorquinischen Pan moreno.<\/p>\n<p>&nbsp;<\/p>\n<p>&nbsp;<\/p>\n<p>&nbsp;<\/p>\n<p><a href=\"https:\/\/brittas-kochbuch.info\/wp-content\/uploads\/2018\/08\/20180825_cesar02.jpg\"><img loading=\"lazy\" decoding=\"async\" class=\"alignleft size-medium wp-image-13258\" src=\"https:\/\/brittas-kochbuch.info\/wp-content\/uploads\/2018\/08\/20180825_cesar02-300x225.jpg\" alt=\"\" width=\"300\" height=\"225\" srcset=\"https:\/\/brittas-kochbuch.info\/wp-content\/uploads\/2018\/08\/20180825_cesar02-300x225.jpg 300w, https:\/\/brittas-kochbuch.info\/wp-content\/uploads\/2018\/08\/20180825_cesar02-768x576.jpg 768w, https:\/\/brittas-kochbuch.info\/wp-content\/uploads\/2018\/08\/20180825_cesar02-1024x768.jpg 1024w, https:\/\/brittas-kochbuch.info\/wp-content\/uploads\/2018\/08\/20180825_cesar02-624x468.jpg 624w\" sizes=\"(max-width: 300px) 100vw, 300px\" \/><\/a><\/p>\n<p>Zur Vorspeise hatten wir uns beide die<\/p>\n<p><strong>Sopa de gambas (<\/strong>Traditionelle katalanische Fischsuppe mit Garnelen)<\/p>\n<p>bestellt. Auch wenn die Farbe leicht gew\u00f6hnungsbed\u00fcrftig aussieht, war diese Suppe eine aromatische Geschmacksexplosion. Reichlich Gambast\u00fccke fanden sich am Grund des Tellers.<\/p>\n<p><a href=\"https:\/\/brittas-kochbuch.info\/wp-content\/uploads\/2018\/08\/20180825_cesar03.jpg\"><img loading=\"lazy\" decoding=\"async\" class=\"alignleft size-medium wp-image-13257\" src=\"https:\/\/brittas-kochbuch.info\/wp-content\/uploads\/2018\/08\/20180825_cesar03-300x225.jpg\" alt=\"\" width=\"300\" height=\"225\" srcset=\"https:\/\/brittas-kochbuch.info\/wp-content\/uploads\/2018\/08\/20180825_cesar03-300x225.jpg 300w, https:\/\/brittas-kochbuch.info\/wp-content\/uploads\/2018\/08\/20180825_cesar03-768x576.jpg 768w, https:\/\/brittas-kochbuch.info\/wp-content\/uploads\/2018\/08\/20180825_cesar03-1024x768.jpg 1024w, https:\/\/brittas-kochbuch.info\/wp-content\/uploads\/2018\/08\/20180825_cesar03-624x468.jpg 624w\" sizes=\"(max-width: 300px) 100vw, 300px\" \/><\/a>Als Hauptgericht gab es dann eine Auswahl herrlicher Tapas, die in einer Weise angerichtet waren, die wir so noch in keinem Tapas-Restaurant serviert bekommen hatten.<\/p>\n<p>&nbsp;<\/p>\n<p>&nbsp;<\/p>\n<p>&nbsp;<\/p>\n<p>Von links nach rechts:<\/p>\n<ul>\n<li><strong>Patatas bravas<\/strong>, die ich in der &#8222;Hausfrauenvariante&#8220; auch schon gemacht hatte<\/li>\n<li><strong>Tosta con escalivada<\/strong> &#8211; ein Treffen zwischen Bergen und Meer:<br \/>\ngeh\u00e4utete Paprika mit feinem K\u00e4se gratiniert, mit Sardellen und hausgemachtem\u00a0marinierten Lachs auf Brot (absolut k\u00f6stlich!)<\/li>\n<li><strong>Mini-canelones de mango &#8211; <\/strong>ein Spiel von unserem K\u00fcchenchef:<br \/>\nkleine hausgemachte Cannelloni gef\u00fcllt mit Mango, Lauch, Garnelen<\/li>\n<li><strong>&#8222;2 Miniburger&#8220; &#8211;\u00a0<\/strong>kleine Burger vom Rind, gef\u00fcllt mit Tr\u00fcffeln<br \/>\nund Orangen, dazu saisonales Gem\u00fcse<\/li>\n<\/ul>\n<p><a href=\"https:\/\/brittas-kochbuch.info\/wp-content\/uploads\/2018\/08\/20180825_cesar04.jpg\"><img loading=\"lazy\" decoding=\"async\" class=\"alignleft size-medium wp-image-13256\" src=\"https:\/\/brittas-kochbuch.info\/wp-content\/uploads\/2018\/08\/20180825_cesar04-225x300.jpg\" alt=\"\" width=\"225\" height=\"300\" srcset=\"https:\/\/brittas-kochbuch.info\/wp-content\/uploads\/2018\/08\/20180825_cesar04-225x300.jpg 225w, https:\/\/brittas-kochbuch.info\/wp-content\/uploads\/2018\/08\/20180825_cesar04-768x1024.jpg 768w, https:\/\/brittas-kochbuch.info\/wp-content\/uploads\/2018\/08\/20180825_cesar04-624x832.jpg 624w\" sizes=\"(max-width: 225px) 100vw, 225px\" \/><\/a><\/p>\n<p>Als zweite Runde gab es noch mal<\/p>\n<ul>\n<li><strong>Mini-canelones de verduras<\/strong> &#8211; unsere kleine Kreation, mit Liebe gemacht:\u00a0&#8222;Falsche&#8220; Cannelloni gef\u00fcllt mit<br \/>\nfrischem Gem\u00fcse, aromatisiert mit Tr\u00fcffel\u00f6l und Olivenpesto (links) und<\/li>\n<li><strong>Empanada<\/strong> &#8211; Original Cesar&#8217;s:<br \/>\nKleine Thunfischstreifen, Paprika und Zwiebeln gegart, in einem Teigmantel<br \/>\nauf Salatbett<\/li>\n<\/ul>\n<p>Danach waren wir gut aber selbstverst\u00e4ndlich passte noch ein Dessert&#8230;<\/p>\n<p><a href=\"https:\/\/brittas-kochbuch.info\/wp-content\/uploads\/2018\/08\/20180825_cesar05.jpg\"><img loading=\"lazy\" decoding=\"async\" class=\"alignleft size-medium wp-image-13260\" src=\"https:\/\/brittas-kochbuch.info\/wp-content\/uploads\/2018\/08\/20180825_cesar05-300x225.jpg\" alt=\"\" width=\"300\" height=\"225\" srcset=\"https:\/\/brittas-kochbuch.info\/wp-content\/uploads\/2018\/08\/20180825_cesar05-300x225.jpg 300w, https:\/\/brittas-kochbuch.info\/wp-content\/uploads\/2018\/08\/20180825_cesar05-768x576.jpg 768w, https:\/\/brittas-kochbuch.info\/wp-content\/uploads\/2018\/08\/20180825_cesar05-1024x768.jpg 1024w, https:\/\/brittas-kochbuch.info\/wp-content\/uploads\/2018\/08\/20180825_cesar05-624x468.jpg 624w\" sizes=\"(max-width: 300px) 100vw, 300px\" \/><\/a><\/p>\n<p><strong>Coulant de chocolat<br \/>\n<\/strong>hausgemachtes Schokoladenk\u00fcchlein mit fl\u00fcssigem Schokoladenkern und Orangeneis<\/p>\n<p>Ebenfalls absolut k\u00f6stlich und die Kombi aus vollmundiger Schokolade und fruchtig-s\u00fc\u00df-s\u00e4uerlicher Begleitung ist sowieso absolut meins.<\/p>\n<p>&nbsp;<\/p>\n<p>Wie Ihr seht, hatten wir einen rundum gelungenen Abend und empfehlen das Restaurant Cesar&#8217;s gerne weiter.<\/p>\n","protected":false},"excerpt":{"rendered":"<p>Enth\u00e4lt Werbung ohne Gegenleistung Am 21. August durften wir schon unseren 20. Hochzeitstag begehen. Dieser Tag hei\u00dft auch Porzellanhochzeit und diese Erkl\u00e4rung dazu habe ich im Internet gefunden: Weil gutes Porzellan teuer und edel ist, wurde es schon fr\u00fcher als &#8222;das Gold in Wei\u00df&#8220; bezeichnet. Und genau aus diesen Eigenschaften heraus l\u00e4sst sich auch der [&hellip;]<\/p>\n","protected":false},"author":1,"featured_media":0,"comment_status":"open","ping_status":"open","sticky":false,"template":"","format":"standard","meta":{"sfsi_plus_gutenberg_text_before_share":"","sfsi_plus_gutenberg_show_text_before_share":"","sfsi_plus_gutenberg_icon_type":"","sfsi_plus_gutenberg_icon_alignemt":"","sfsi_plus_gutenburg_max_per_row":"","_jetpack_memberships_contains_paid_content":false,"footnotes":""},"categories":[42,572],"tags":[2203,2200,2202,2201],"class_list":["post-13255","post","type-post","status-publish","format-standard","hentry","category-auswarts-essen","category-spanische-kueche","tag-20-hochzeitstag","tag-cesars","tag-soest","tag-spanische-kueche"],"jetpack_featured_media_url":"","jetpack_sharing_enabled":true,"_links":{"self":[{"href":"https:\/\/brittas-kochbuch.info\/index.php?rest_route=\/wp\/v2\/posts\/13255"}],"collection":[{"href":"https:\/\/brittas-kochbuch.info\/index.php?rest_route=\/wp\/v2\/posts"}],"about":[{"href":"https:\/\/brittas-kochbuch.info\/index.php?rest_route=\/wp\/v2\/types\/post"}],"author":[{"embeddable":true,"href":"https:\/\/brittas-kochbuch.info\/index.php?rest_route=\/wp\/v2\/users\/1"}],"replies":[{"embeddable":true,"href":"https:\/\/brittas-kochbuch.info\/index.php?rest_route=%2Fwp%2Fv2%2Fcomments&post=13255"}],"version-history":[{"count":6,"href":"https:\/\/brittas-kochbuch.info\/index.php?rest_route=\/wp\/v2\/posts\/13255\/revisions"}],"predecessor-version":[{"id":13266,"href":"https:\/\/brittas-kochbuch.info\/index.php?rest_route=\/wp\/v2\/posts\/13255\/revisions\/13266"}],"wp:attachment":[{"href":"https:\/\/brittas-kochbuch.info\/index.php?rest_route=%2Fwp%2Fv2%2Fmedia&parent=13255"}],"wp:term":[{"taxonomy":"category","embeddable":true,"href":"https:\/\/brittas-kochbuch.info\/index.php?rest_route=%2Fwp%2Fv2%2Fcategories&post=13255"},{"taxonomy":"post_tag","embeddable":true,"href":"https:\/\/brittas-kochbuch.info\/index.php?rest_route=%2Fwp%2Fv2%2Ftags&post=13255"}],"curies":[{"name":"wp","href":"https:\/\/api.w.org\/{rel}","templated":true}]}}