{"id":13774,"date":"2018-11-16T09:50:28","date_gmt":"2018-11-16T08:50:28","guid":{"rendered":"http:\/\/brittas-kochbuch.info\/?p=13774"},"modified":"2018-11-23T09:42:43","modified_gmt":"2018-11-23T08:42:43","slug":"die-kulinarische-weltreise-mosselen-met-friets-muscheln-mit-fritten-belgien","status":"publish","type":"post","link":"https:\/\/brittas-kochbuch.info\/?p=13774","title":{"rendered":"Die kulinarische Weltreise: Mosselen met friets &#8211; Muscheln mit Fritten (Belgien)"},"content":{"rendered":"<pre>Enth\u00e4lt Werbung<\/pre>\n<p><a title=\"Blogger Aktion &quot;Die kulinarische Weltreise von @volkermampft\" href=\"http:\/\/volkermampft.de\/die-kulinarische-weltreise-die-grosse-foodblogger-aktion\"><img loading=\"lazy\" decoding=\"async\" src=\"http:\/\/volkermampft.de\/wp-content\/uploads\/2018\/02\/kulinarische_weltreise_500x200.png\" alt=\"Blogger Aktion &quot;Die kulinarische Weltreise von @volkermampft\" width=\"500\" height=\"200\" \/><\/a><\/p>\n<p><a href=\"https:\/\/brittas-kochbuch.info\/wp-content\/uploads\/2018\/11\/20181111_mosselenfriets-tisch.jpg\"><img loading=\"lazy\" decoding=\"async\" class=\"aligncenter wp-image-13784\" src=\"https:\/\/brittas-kochbuch.info\/wp-content\/uploads\/2018\/11\/20181111_mosselenfriets-tisch.jpg\" alt=\"\" width=\"555\" height=\"416\" srcset=\"https:\/\/brittas-kochbuch.info\/wp-content\/uploads\/2018\/11\/20181111_mosselenfriets-tisch.jpg 4032w, https:\/\/brittas-kochbuch.info\/wp-content\/uploads\/2018\/11\/20181111_mosselenfriets-tisch-300x225.jpg 300w, https:\/\/brittas-kochbuch.info\/wp-content\/uploads\/2018\/11\/20181111_mosselenfriets-tisch-768x576.jpg 768w, https:\/\/brittas-kochbuch.info\/wp-content\/uploads\/2018\/11\/20181111_mosselenfriets-tisch-1024x768.jpg 1024w, https:\/\/brittas-kochbuch.info\/wp-content\/uploads\/2018\/11\/20181111_mosselenfriets-tisch-624x468.jpg 624w\" sizes=\"(max-width: 555px) 100vw, 555px\" \/><\/a><\/p>\n<p>Im November zieht es uns mit unseren Reiseleiter Volker von <a href=\"http:\/\/volkermampft.de\/\" target=\"_blank\" rel=\"noopener\">Volker mampft<\/a> w\u00e4hrend unserer <a href=\"http:\/\/volkermampft.de\/die-kulinarische-weltreise-die-grosse-foodblogger-aktion\/\" target=\"_blank\" rel=\"noopener\">kulinarischen Weltreise<\/a> nach <a href=\"http:\/\/volkermampft.de\/hallo-nachbarn-auf-nach-belgien\/\" target=\"_blank\" rel=\"noopener\">Belgien<\/a>. Als wir noch in Bonn wohnten waren wir des \u00f6fteren mal \u00fcber ein Wochenende an der K\u00fcste, im August 2008 <a href=\"https:\/\/www.flickr.com\/photos\/bwop\/albums\/72157606907626219\" target=\"_blank\" rel=\"noopener\">eine Woche in Br\u00fcgge<\/a> und im Mai dieses Jahres haben wir <a href=\"https:\/\/brittas-kochbuch.info\/?p=12256\">eine Woche in De Haan<\/a> verbracht.<\/p>\n<p>Auf jeder Speisekarte &#8211; zumindest an der K\u00fcste bzw. in K\u00fcstenn\u00e4he &#8211; ist das heutige Gericht zu finden.<\/p>\n<p>Das erste Mal habe ich diese m\u00f6glicherweise merkw\u00fcrdig anmutende Kombination im Restaurant De Schilder in Br\u00fcgge gegessen.<\/p>\n<div id=\"attachment_13786\" style=\"width: 210px\" class=\"wp-caption alignleft\"><a href=\"https:\/\/brittas-kochbuch.info\/wp-content\/uploads\/2018\/11\/de-schilder.jpg\"><img loading=\"lazy\" decoding=\"async\" aria-describedby=\"caption-attachment-13786\" class=\"size-medium wp-image-13786\" src=\"https:\/\/brittas-kochbuch.info\/wp-content\/uploads\/2018\/11\/de-schilder-200x300.jpg\" alt=\"\" width=\"200\" height=\"300\" srcset=\"https:\/\/brittas-kochbuch.info\/wp-content\/uploads\/2018\/11\/de-schilder-200x300.jpg 200w, https:\/\/brittas-kochbuch.info\/wp-content\/uploads\/2018\/11\/de-schilder-768x1152.jpg 768w, https:\/\/brittas-kochbuch.info\/wp-content\/uploads\/2018\/11\/de-schilder-683x1024.jpg 683w, https:\/\/brittas-kochbuch.info\/wp-content\/uploads\/2018\/11\/de-schilder-624x936.jpg 624w, https:\/\/brittas-kochbuch.info\/wp-content\/uploads\/2018\/11\/de-schilder.jpg 1000w\" sizes=\"(max-width: 200px) 100vw, 200px\" \/><\/a><p id=\"caption-attachment-13786\" class=\"wp-caption-text\">Dieses Restaurant am Jan-van-Eyck-Plein kann ich wirklich empfehlen. Die Muscheln waren topfrisch und reichlich und die Cr\u00e8me br\u00fbl\u00e9e absolut fantastisch.<\/p><\/div>\n<div id=\"attachment_13785\" style=\"width: 310px\" class=\"wp-caption alignleft\"><a href=\"https:\/\/brittas-kochbuch.info\/wp-content\/uploads\/2018\/11\/muscheln_bruegge.jpg\"><img loading=\"lazy\" decoding=\"async\" aria-describedby=\"caption-attachment-13785\" class=\"size-medium wp-image-13785\" src=\"https:\/\/brittas-kochbuch.info\/wp-content\/uploads\/2018\/11\/muscheln_bruegge-300x200.jpg\" alt=\"\" width=\"300\" height=\"200\" srcset=\"https:\/\/brittas-kochbuch.info\/wp-content\/uploads\/2018\/11\/muscheln_bruegge-300x200.jpg 300w, https:\/\/brittas-kochbuch.info\/wp-content\/uploads\/2018\/11\/muscheln_bruegge-768x512.jpg 768w, https:\/\/brittas-kochbuch.info\/wp-content\/uploads\/2018\/11\/muscheln_bruegge-1024x683.jpg 1024w, https:\/\/brittas-kochbuch.info\/wp-content\/uploads\/2018\/11\/muscheln_bruegge-624x416.jpg 624w, https:\/\/brittas-kochbuch.info\/wp-content\/uploads\/2018\/11\/muscheln_bruegge.jpg 1500w\" sizes=\"(max-width: 300px) 100vw, 300px\" \/><\/a><p id=\"caption-attachment-13785\" class=\"wp-caption-text\"><b>Miesmuscheln (mit Pommes Frites)<\/b><br \/>@ Restaurant &#8222;De Schilder&#8220;, Jan-van-Eyck-Plein<\/p><\/div>\n<p>&nbsp;<\/p>\n<p>&nbsp;<\/p>\n<p>&nbsp;<\/p>\n<p>&nbsp;<\/p>\n<p>&nbsp;<\/p>\n<p>&nbsp;<\/p>\n<p>&nbsp;<\/p>\n<p>&nbsp;<\/p>\n<p>&nbsp;<\/p>\n<p>&nbsp;<\/p>\n<p>&nbsp;<\/p>\n<p><!--more--><\/p>\n<p>Da ich diese Riesenportion, die ich \u00fcberhaupt nicht geschafft hatte, im Hinterkopf hatte, habe ich mich im Mai nicht getraut, dieses Gericht zu bestellen. Statt dessen habe ich es endlich zu Hause nachgekocht.<\/p>\n<p><u>Zutaten f\u00fcr 2 &#8211; 3 Portionen:<\/u><\/p>\n<ul>\n<li>1,5 kg k\u00fcchenfertige Miesmuscheln von der Insel F\u00f6hr *)<\/li>\n<li>1 Zwiebel<\/li>\n<li>2 Stangen Staudensellerie<\/li>\n<li>1 Stange Lauch<\/li>\n<li>2 M\u00f6hren<\/li>\n<li>1 St\u00fcck Butter<\/li>\n<li>Pfeffer<\/li>\n<li>etwas Petersilie<\/li>\n<li>ein paar Bl\u00e4ttchen Liebst\u00f6ckel bzw. selbst gemachtes Maggisalz<\/li>\n<li>3 mittelgro\u00dfe Kartoffeln f\u00fcr die <a href=\"https:\/\/brittas-kochbuch.info\/?p=6609\">Pommes<\/a><\/li>\n<li>2 EL Mayonnaise (<a href=\"https:\/\/brittas-kochbuch.info\/?p=1763\">mit Ei<\/a> oder <a href=\"https:\/\/brittas-kochbuch.info\/?p=2081\">vegan<\/a>)<\/li>\n<\/ul>\n<p><a href=\"https:\/\/brittas-kochbuch.info\/wp-content\/uploads\/2018\/11\/20181111_mosselenfriets-wok.jpg\"><img loading=\"lazy\" decoding=\"async\" class=\"aligncenter wp-image-13783\" src=\"https:\/\/brittas-kochbuch.info\/wp-content\/uploads\/2018\/11\/20181111_mosselenfriets-wok.jpg\" alt=\"\" width=\"450\" height=\"338\" srcset=\"https:\/\/brittas-kochbuch.info\/wp-content\/uploads\/2018\/11\/20181111_mosselenfriets-wok.jpg 4032w, https:\/\/brittas-kochbuch.info\/wp-content\/uploads\/2018\/11\/20181111_mosselenfriets-wok-300x225.jpg 300w, https:\/\/brittas-kochbuch.info\/wp-content\/uploads\/2018\/11\/20181111_mosselenfriets-wok-768x576.jpg 768w, https:\/\/brittas-kochbuch.info\/wp-content\/uploads\/2018\/11\/20181111_mosselenfriets-wok-1024x768.jpg 1024w, https:\/\/brittas-kochbuch.info\/wp-content\/uploads\/2018\/11\/20181111_mosselenfriets-wok-624x468.jpg 624w\" sizes=\"(max-width: 450px) 100vw, 450px\" \/><\/a><\/p>\n<p><u>Zubereitung:<\/u><\/p>\n<p>*) Diese Muscheln werden unter Schutzatmosph\u00e4re verpackt und sind dadurch k\u00fcchenfertig. Man musste sie nur in einen Topf eiskaltes Wasser werfen und etwas hin und her r\u00fctteln. Alle Muscheln waren fest verschlossen. Top-Qualit\u00e4t aus unserem <a href=\"https:\/\/www.soester-fischhaus.de\">Fischhaus<\/a>!<\/p>\n<p>Das gesamte Gem\u00fcse in feine Streifen schneiden. In einem gro\u00dfen Topf oder dem <a href=\"https:\/\/www.diepfanne.com\/sortiment\/168\/edition-2-der-wok-aus-aluguss\" target=\"_blank\" rel=\"noopener\">Wok von d.die Pfanne<\/a> ein St\u00fcck Butter schmelzen. Das Gem\u00fcse darin anschwitzen und mit Maggisalz und Pfeffer abschmecken. Die Muscheln zugeben und so lange warten, bis alle Muscheln ge\u00f6ffnet sind. Auf tiefen Tellern anrichten und mit gehackter Petersilie bestreuen.<\/p>\n<p>Die original belgischen Fritten werden in Rindertalg zweimal frittierten (hier get es zu einem <a href=\"https:\/\/www.stadt-land-gnuss.ch\/blog\/belgische-pommes-frites?fbclid=IwAR1H-8hJ5ZlcZThhQRcjTH0ekDl8S7mTOjANFlW6RyEAYmg_Gvuxam1XTzg\" target=\"_blank\" rel=\"noopener\">Originalrezept<\/a> von Mich\u00e8le von <a href=\"https:\/\/www.stadt-land-gnuss.ch\" target=\"_blank\" rel=\"noopener\">Stadt, Land, Genu\u00df<\/a>) , damit k\u00f6nnen unsere aus der Hei\u00dfluftfritteuse nat\u00fcrlich nicht mithalten, aber das Hauptaugenmerk lag alleine wegen der Menge sowie auf den Miesmuscheln.<\/p>\n<p><a href=\"https:\/\/brittas-kochbuch.info\/wp-content\/uploads\/2018\/11\/20181111_mosselenfriets-serviert.jpg\"><img loading=\"lazy\" decoding=\"async\" class=\"aligncenter wp-image-13782\" src=\"https:\/\/brittas-kochbuch.info\/wp-content\/uploads\/2018\/11\/20181111_mosselenfriets-serviert.jpg\" alt=\"\" width=\"555\" height=\"416\" srcset=\"https:\/\/brittas-kochbuch.info\/wp-content\/uploads\/2018\/11\/20181111_mosselenfriets-serviert.jpg 4032w, https:\/\/brittas-kochbuch.info\/wp-content\/uploads\/2018\/11\/20181111_mosselenfriets-serviert-300x225.jpg 300w, https:\/\/brittas-kochbuch.info\/wp-content\/uploads\/2018\/11\/20181111_mosselenfriets-serviert-768x576.jpg 768w, https:\/\/brittas-kochbuch.info\/wp-content\/uploads\/2018\/11\/20181111_mosselenfriets-serviert-1024x768.jpg 1024w, https:\/\/brittas-kochbuch.info\/wp-content\/uploads\/2018\/11\/20181111_mosselenfriets-serviert-624x468.jpg 624w\" sizes=\"(max-width: 555px) 100vw, 555px\" \/><\/a><\/p>\n","protected":false},"excerpt":{"rendered":"<p>Enth\u00e4lt Werbung Im November zieht es uns mit unseren Reiseleiter Volker von Volker mampft w\u00e4hrend unserer kulinarischen Weltreise nach Belgien. Als wir noch in Bonn wohnten waren wir des \u00f6fteren mal \u00fcber ein Wochenende an der K\u00fcste, im August 2008 eine Woche in Br\u00fcgge und im Mai dieses Jahres haben wir eine Woche in De [&hellip;]<\/p>\n","protected":false},"author":1,"featured_media":0,"comment_status":"open","ping_status":"open","sticky":false,"template":"","format":"standard","meta":{"sfsi_plus_gutenberg_text_before_share":"","sfsi_plus_gutenberg_show_text_before_share":"","sfsi_plus_gutenberg_icon_type":"","sfsi_plus_gutenberg_icon_alignemt":"","sfsi_plus_gutenburg_max_per_row":"","_jetpack_memberships_contains_paid_content":false,"footnotes":""},"categories":[169,112,844,10,710],"tags":[2153,2048,2247,2246,1355],"class_list":["post-13774","post","type-post","status-publish","format-standard","hentry","category-blog-events","category-fisch-und-meeresfruechte","category-kartoffelgericht","category-kochbucher","category-nachgekocht","tag-belgien","tag-die-kulinarische-weltreise","tag-miesmuscheln-mit-fritten","tag-mosselen-met-friets","tag-pommes-frites"],"jetpack_featured_media_url":"","jetpack_sharing_enabled":true,"_links":{"self":[{"href":"https:\/\/brittas-kochbuch.info\/index.php?rest_route=\/wp\/v2\/posts\/13774"}],"collection":[{"href":"https:\/\/brittas-kochbuch.info\/index.php?rest_route=\/wp\/v2\/posts"}],"about":[{"href":"https:\/\/brittas-kochbuch.info\/index.php?rest_route=\/wp\/v2\/types\/post"}],"author":[{"embeddable":true,"href":"https:\/\/brittas-kochbuch.info\/index.php?rest_route=\/wp\/v2\/users\/1"}],"replies":[{"embeddable":true,"href":"https:\/\/brittas-kochbuch.info\/index.php?rest_route=%2Fwp%2Fv2%2Fcomments&post=13774"}],"version-history":[{"count":18,"href":"https:\/\/brittas-kochbuch.info\/index.php?rest_route=\/wp\/v2\/posts\/13774\/revisions"}],"predecessor-version":[{"id":13895,"href":"https:\/\/brittas-kochbuch.info\/index.php?rest_route=\/wp\/v2\/posts\/13774\/revisions\/13895"}],"wp:attachment":[{"href":"https:\/\/brittas-kochbuch.info\/index.php?rest_route=%2Fwp%2Fv2%2Fmedia&parent=13774"}],"wp:term":[{"taxonomy":"category","embeddable":true,"href":"https:\/\/brittas-kochbuch.info\/index.php?rest_route=%2Fwp%2Fv2%2Fcategories&post=13774"},{"taxonomy":"post_tag","embeddable":true,"href":"https:\/\/brittas-kochbuch.info\/index.php?rest_route=%2Fwp%2Fv2%2Ftags&post=13774"}],"curies":[{"name":"wp","href":"https:\/\/api.w.org\/{rel}","templated":true}]}}