{"id":13896,"date":"2018-11-25T13:16:46","date_gmt":"2018-11-25T12:16:46","guid":{"rendered":"http:\/\/brittas-kochbuch.info\/?p=13896"},"modified":"2018-12-22T13:14:24","modified_gmt":"2018-12-22T12:14:24","slug":"die-kulinarische-weltreise-brusselse-wafels-bruesseler-waffeln-belgien","status":"publish","type":"post","link":"https:\/\/brittas-kochbuch.info\/?p=13896","title":{"rendered":"Die kulinarische Weltreise: Brusselse Wafels &#8211; Br\u00fcsseler Waffeln (Belgien)"},"content":{"rendered":"<pre>Enth\u00e4lt m\u00f6glicherweise durch weiterf\u00fchrende Links<\/pre>\n<p><a title=\"Blogger Aktion &quot;Die kulinarische Weltreise von @volkermampft\" href=\"http:\/\/volkermampft.de\/die-kulinarische-weltreise-die-grosse-foodblogger-aktion\"><img loading=\"lazy\" decoding=\"async\" src=\"http:\/\/volkermampft.de\/wp-content\/uploads\/2018\/02\/kulinarische_weltreise_500x200.png\" alt=\"Blogger Aktion &quot;Die kulinarische Weltreise von @volkermampft\" width=\"500\" height=\"200\" \/><\/a><\/p>\n<p>Der Monat November neigt sich dem Ende zu und damit auch unser Aufenthalt in <a href=\"http:\/\/volkermampft.de\/hallo-nachbarn-auf-nach-belgien\/\" target=\"_blank\" rel=\"noopener\">Belgien<\/a> im Rahmen der <a href=\"http:\/\/volkermampft.de\/die-kulinarische-weltreise-die-grosse-foodblogger-aktion\/\" target=\"_blank\" rel=\"noopener\">Kulinarischen Weltreise<\/a> unter Leitung von Volker von <a href=\"http:\/\/volkermampft.de\/\" target=\"_blank\" rel=\"noopener\">Volker mampft<\/a>.<\/p>\n<p>Heute gibt es noch einmal eine s\u00fc\u00dfe Verf\u00fchrung aus dem Land der Pralinen und Tr\u00fcffel, des Bieres und des Abteik\u00e4ses, der Muscheln und der besten Pommes, die man sich denken kann.<\/p>\n<p><u>DIE belgische Waffel gibt es nicht:<\/u> W\u00e4hrend die <em>L\u00fctticher Waffel<\/em> eher klein und rund und aus einem R\u00fchrteig mit Backpulver ist, ist die <em>Br\u00fcsseler \u00a0Waffel<\/em> eckig und etwa so gro\u00df wie eine Toastscheibe und aus einem Hefeteig gemacht.<\/p>\n<p>Letztere haben wir w\u00e4hrend unseres Flandernurlaubs in Ostende mit selbst gemachtem Eierlik\u00f6r; niederl\u00e4ndisch-fl\u00e4misch \u00a0Advocaat genossen.<\/p>\n<p><a href=\"https:\/\/brittas-kochbuch.info\/wp-content\/uploads\/2018\/11\/20181124_brussels-wafels-oostende.jpg\"><img loading=\"lazy\" decoding=\"async\" class=\"aligncenter wp-image-13919\" src=\"https:\/\/brittas-kochbuch.info\/wp-content\/uploads\/2018\/11\/20181124_brussels-wafels-oostende.jpg\" alt=\"\" width=\"555\" height=\"416\" srcset=\"https:\/\/brittas-kochbuch.info\/wp-content\/uploads\/2018\/11\/20181124_brussels-wafels-oostende.jpg 4032w, https:\/\/brittas-kochbuch.info\/wp-content\/uploads\/2018\/11\/20181124_brussels-wafels-oostende-300x225.jpg 300w, https:\/\/brittas-kochbuch.info\/wp-content\/uploads\/2018\/11\/20181124_brussels-wafels-oostende-768x576.jpg 768w, https:\/\/brittas-kochbuch.info\/wp-content\/uploads\/2018\/11\/20181124_brussels-wafels-oostende-1024x768.jpg 1024w, https:\/\/brittas-kochbuch.info\/wp-content\/uploads\/2018\/11\/20181124_brussels-wafels-oostende-624x468.jpg 624w\" sizes=\"(max-width: 555px) 100vw, 555px\" \/><\/a><\/p>\n<p>Eigentlich war ich der festen \u00dcberzeugung gewesen, dass unser Waffeleisen genau diese eckigen Vertiefungen macht, wurde dann aber eines anderen belehrt. Geschmeckt haben die Waffeln nat\u00fcrlich trotzdem.<\/p>\n<p>So kamen die Waffeln bei uns aus dem Eisen:<\/p>\n<p><a href=\"https:\/\/brittas-kochbuch.info\/wp-content\/uploads\/2018\/11\/20181124_brussels-wafels-teller.jpg\"><img loading=\"lazy\" decoding=\"async\" class=\"aligncenter wp-image-13912\" src=\"https:\/\/brittas-kochbuch.info\/wp-content\/uploads\/2018\/11\/20181124_brussels-wafels-teller.jpg\" alt=\"\" width=\"555\" height=\"416\" srcset=\"https:\/\/brittas-kochbuch.info\/wp-content\/uploads\/2018\/11\/20181124_brussels-wafels-teller.jpg 4032w, https:\/\/brittas-kochbuch.info\/wp-content\/uploads\/2018\/11\/20181124_brussels-wafels-teller-300x225.jpg 300w, https:\/\/brittas-kochbuch.info\/wp-content\/uploads\/2018\/11\/20181124_brussels-wafels-teller-768x576.jpg 768w, https:\/\/brittas-kochbuch.info\/wp-content\/uploads\/2018\/11\/20181124_brussels-wafels-teller-1024x768.jpg 1024w, https:\/\/brittas-kochbuch.info\/wp-content\/uploads\/2018\/11\/20181124_brussels-wafels-teller-624x468.jpg 624w\" sizes=\"(max-width: 555px) 100vw, 555px\" \/><\/a><\/p>\n<p>Den Eierlik\u00f6r wollte ich auch noch selber machen, bin dann aber doch nicht dazu gekommen und habe eine der bekanntesten Marken Deutschlands verwendet.<\/p>\n<p>Wisst Ihr eigentlich, warum der Eierlik\u00f6r auf niederl\u00e4ndisch\/fl\u00e4misch Advocaat hei\u00dft? Das hat nichts mit Anw\u00e4lten zu tun, sondern tats\u00e4chlich mit der Avocado:<\/p>\n<p style=\"padding-left: 30px;\">Im 17. Jahrhundert entdeckten europ\u00e4ische Eroberer im heutigen Brasilien bei Ureinwohnern des Amazonas ein Erfrischungsgetr\u00e4nk mit Namen <i>Abacate<\/i>. Aus dem mit Avocados hergestellten Getr\u00e4nk wurde unter Beimischung von Rohrzucker und Rum <i>Advocaat<\/i>, die Vorform des heutigen Eierlik\u00f6rs. Nach Darstellung der Firma Verpoorten erfand der aus Antwerpen stammende Unternehmensgr\u00fcnder Eugen Verpoorten den Eierlik\u00f6r in seiner heutigen Form in dem Bestreben, dieses Getr\u00e4nk zu imitieren. Da Avocados in Europa schlecht verf\u00fcgbar waren, verwendete er stattdessen Eigelb. 1876 gr\u00fcndete er seine Firma in Heinsberg bei Aachen. [Quelle: <a href=\"https:\/\/de.wikipedia.org\/wiki\/Eierlik\u00f6r\" target=\"_blank\" rel=\"noopener\">Wikipedia<\/a>]<\/p>\n<p><!--more--><\/p>\n<p><u>Zutaten f\u00fcr ca. 16 Waffeln:<\/u><\/p>\n<section class=\"ingredients\">\n<ul class=\"list list--ingredients list--ingredients-advanced\">\n<li><span class=\"quantityBlock\"><span class=\"ingredient-quantity\" data-initial=\"500\">500<\/span> ml\u00a0<\/span><span class=\"ingredientBlock\">Milch\u00a0<\/span><\/li>\n<li><span class=\"quantityBlock\"><span class=\"ingredient-quantity\" data-initial=\"1\">1<\/span> W\u00fcrfel (42 g)\u00a0<\/span><span class=\"ingredientBlock\">frische Hefe\u00a0<\/span><\/li>\n<li><span class=\"quantityBlock\"><span class=\"ingredient-quantity\" data-initial=\"500\">500<\/span> g\u00a0<\/span><span class=\"ingredientBlock\">Mehl\u00a0<\/span><\/li>\n<li><span class=\"quantityBlock\"><span class=\"ingredient-quantity\" data-initial=\"100\">100<\/span> g\u00a0<\/span><span class=\"ingredientBlock\">Zucker, inklusive<\/span><\/li>\n<li>10 g Vanillezucker<\/li>\n<li><span class=\"quantityBlock\">\u00a0<\/span><span class=\"ingredientBlock\">Salz\u00a0<\/span><\/li>\n<li><span class=\"quantityBlock\"><span class=\"ingredient-quantity\" data-initial=\"75\">75<\/span> g\u00a0<\/span><span class=\"ingredientBlock\">Butter\u00a0<\/span><\/li>\n<li><span class=\"quantityBlock\"><span class=\"ingredient-quantity\" data-initial=\"4\">4<\/span> \u00a0<\/span><span class=\"ingredientBlock\">Eier (Gr. M)\u00a0<\/span><\/li>\n<li><span class=\"ingredientBlock\">\u00d6l f\u00fcrs<\/span><\/li>\n<li>Waffeleisen<\/li>\n<li>nach Wunsch: Eierlik\u00f6r, Puderzucker, Zimtzucker, Sahne etc.<\/li>\n<\/ul>\n<p><a href=\"https:\/\/brittas-kochbuch.info\/wp-content\/uploads\/2018\/11\/20181124_brussels-wafels-arbeitsschritte.jpg\"><img loading=\"lazy\" decoding=\"async\" class=\"aligncenter wp-image-13910\" src=\"https:\/\/brittas-kochbuch.info\/wp-content\/uploads\/2018\/11\/20181124_brussels-wafels-arbeitsschritte.jpg\" alt=\"\" width=\"555\" height=\"282\" srcset=\"https:\/\/brittas-kochbuch.info\/wp-content\/uploads\/2018\/11\/20181124_brussels-wafels-arbeitsschritte.jpg 3024w, https:\/\/brittas-kochbuch.info\/wp-content\/uploads\/2018\/11\/20181124_brussels-wafels-arbeitsschritte-300x152.jpg 300w, https:\/\/brittas-kochbuch.info\/wp-content\/uploads\/2018\/11\/20181124_brussels-wafels-arbeitsschritte-768x390.jpg 768w, https:\/\/brittas-kochbuch.info\/wp-content\/uploads\/2018\/11\/20181124_brussels-wafels-arbeitsschritte-1024x520.jpg 1024w, https:\/\/brittas-kochbuch.info\/wp-content\/uploads\/2018\/11\/20181124_brussels-wafels-arbeitsschritte-624x317.jpg 624w\" sizes=\"(max-width: 555px) 100vw, 555px\" \/><\/a><\/p>\n<p><u>Zubereitung:<\/u><\/p>\n<p>Milch in einem Topf lauwarm erw\u00e4rmen. Vom Herd nehmen, Hefe hineinbr\u00f6ckeln und unter R\u00fchren darin l\u00f6sen. Mehl, Zucker inklusive Vanillezucker und 1 Prise Salz in einer gro\u00dfen Sch\u00fcssel mischen. Hefemilch zugie\u00dfen und darunterkneten \u2013 der Teig ist sehr fl\u00fcssig. (Bild 1 links)<\/p>\n<p>Zugedeckt am warmen Ort ca. 45 Minuten gehen lassen. Ich hatte den Teig im gerade eingeschalteten Backofen und das Ergebnis konnte sich sehen lassen (Bild 2)<\/p>\n<p>Butter schmelzen, ca. 10 Minuten abk\u00fchlen lassen. Eier trennen. Eigelb verquirlen. Eiwei\u00df mit den Schneebesen des R\u00fchrger\u00e4ts steif schlagen (Bild 1 rechts).<br \/>\nEigelb und fl\u00fcssige Butter zum Teig geben, mit einem Kochl\u00f6ffel darunterschlagen.<\/p>\n<p>Eiwei\u00df portionsweise unterheben (Bild 3).<\/p>\n<p>Ein rechteckiges Waffeleisen vorheizen und d\u00fcnn mit \u00d6l ausstreichen. (Bild 5).<\/p>\n<p>Aus jeweils 2 EL Hefeteig (Bild 4) bei mittlerer Hitze nacheinander ca. 16 goldbraune Waffeln (Bild 6) \u00a0backen und dabei das Waffeleisen evtl. zwischendurch s\u00e4ubern.<\/p>\n<p>Je zwei Waffeln haben wir uns gestern zum Kaffee geg\u00f6nnt, heute gibt es noch einmal welche, die kurz im Backofen aufgebacken werden und die restlichen 8 Waffeln werden eingefroren.<\/p>\n<p><a href=\"https:\/\/brittas-kochbuch.info\/wp-content\/uploads\/2018\/11\/20181124_brussels-wafels-advocaat.jpg\"><img loading=\"lazy\" decoding=\"async\" class=\"aligncenter wp-image-13913\" src=\"https:\/\/brittas-kochbuch.info\/wp-content\/uploads\/2018\/11\/20181124_brussels-wafels-advocaat.jpg\" alt=\"\" width=\"416\" height=\"555\" srcset=\"https:\/\/brittas-kochbuch.info\/wp-content\/uploads\/2018\/11\/20181124_brussels-wafels-advocaat.jpg 3024w, https:\/\/brittas-kochbuch.info\/wp-content\/uploads\/2018\/11\/20181124_brussels-wafels-advocaat-225x300.jpg 225w, https:\/\/brittas-kochbuch.info\/wp-content\/uploads\/2018\/11\/20181124_brussels-wafels-advocaat-768x1024.jpg 768w, https:\/\/brittas-kochbuch.info\/wp-content\/uploads\/2018\/11\/20181124_brussels-wafels-advocaat-624x832.jpg 624w\" sizes=\"(max-width: 416px) 100vw, 416px\" \/><\/a><\/p>\n<p>Tipp: Sind die Waffeln nicht zu dick, kann man sie wunderbar in einem handels\u00fcblichen Toaster aufknuspern; gerade auch, wenn sie aus der Tiefk\u00fchle kommen.<\/p>\n<\/section>\n","protected":false},"excerpt":{"rendered":"<p>Enth\u00e4lt m\u00f6glicherweise durch weiterf\u00fchrende Links Der Monat November neigt sich dem Ende zu und damit auch unser Aufenthalt in Belgien im Rahmen der Kulinarischen Weltreise unter Leitung von Volker von Volker mampft. Heute gibt es noch einmal eine s\u00fc\u00dfe Verf\u00fchrung aus dem Land der Pralinen und Tr\u00fcffel, des Bieres und des Abteik\u00e4ses, der Muscheln und [&hellip;]<\/p>\n","protected":false},"author":1,"featured_media":0,"comment_status":"open","ping_status":"open","sticky":false,"template":"","format":"standard","meta":{"sfsi_plus_gutenberg_text_before_share":"","sfsi_plus_gutenberg_show_text_before_share":"","sfsi_plus_gutenberg_icon_type":"","sfsi_plus_gutenberg_icon_alignemt":"","sfsi_plus_gutenburg_max_per_row":"","_jetpack_memberships_contains_paid_content":false,"footnotes":""},"categories":[169,130,9],"tags":[2153,2257,2256,2048,25],"class_list":["post-13896","post","type-post","status-publish","format-standard","hentry","category-blog-events","category-desserts-kuchen-plaetzchen","category-vegetarisches","tag-belgien","tag-bruesseler-waffeln","tag-brusselse-wafels","tag-die-kulinarische-weltreise","tag-vegetarisch"],"jetpack_featured_media_url":"","jetpack_sharing_enabled":true,"_links":{"self":[{"href":"https:\/\/brittas-kochbuch.info\/index.php?rest_route=\/wp\/v2\/posts\/13896"}],"collection":[{"href":"https:\/\/brittas-kochbuch.info\/index.php?rest_route=\/wp\/v2\/posts"}],"about":[{"href":"https:\/\/brittas-kochbuch.info\/index.php?rest_route=\/wp\/v2\/types\/post"}],"author":[{"embeddable":true,"href":"https:\/\/brittas-kochbuch.info\/index.php?rest_route=\/wp\/v2\/users\/1"}],"replies":[{"embeddable":true,"href":"https:\/\/brittas-kochbuch.info\/index.php?rest_route=%2Fwp%2Fv2%2Fcomments&post=13896"}],"version-history":[{"count":14,"href":"https:\/\/brittas-kochbuch.info\/index.php?rest_route=\/wp\/v2\/posts\/13896\/revisions"}],"predecessor-version":[{"id":14276,"href":"https:\/\/brittas-kochbuch.info\/index.php?rest_route=\/wp\/v2\/posts\/13896\/revisions\/14276"}],"wp:attachment":[{"href":"https:\/\/brittas-kochbuch.info\/index.php?rest_route=%2Fwp%2Fv2%2Fmedia&parent=13896"}],"wp:term":[{"taxonomy":"category","embeddable":true,"href":"https:\/\/brittas-kochbuch.info\/index.php?rest_route=%2Fwp%2Fv2%2Fcategories&post=13896"},{"taxonomy":"post_tag","embeddable":true,"href":"https:\/\/brittas-kochbuch.info\/index.php?rest_route=%2Fwp%2Fv2%2Ftags&post=13896"}],"curies":[{"name":"wp","href":"https:\/\/api.w.org\/{rel}","templated":true}]}}