{"id":14525,"date":"2019-01-27T15:26:32","date_gmt":"2019-01-27T14:26:32","guid":{"rendered":"http:\/\/brittas-kochbuch.info\/?p=14525"},"modified":"2019-01-27T15:44:15","modified_gmt":"2019-01-27T14:44:15","slug":"update-die-kulinarische-weltreise-ist-zurueck-aus-oesterreich","status":"publish","type":"post","link":"https:\/\/brittas-kochbuch.info\/?p=14525","title":{"rendered":"Update: Die kulinarische Weltreise ist zur\u00fcck aus \u00d6sterreich"},"content":{"rendered":"<pre>Kann Werbung durch weiterf\u00fchrende Links enthalten<\/pre>\n<p>Die Zusammenfassung unserer Reise nach \u00d6sterreich lest Ihr <a href=\"https:\/\/volkermampft.de\/ab-nach-oesterreich-die-kulinarische-weltreise-startet-ins-jahr-2019\/\" target=\"_blank\" rel=\"noopener\">hier<\/a> bei <a href=\"https:\/\/volkermampft.de\/\" target=\"_blank\" rel=\"noopener\">Volker mampft<\/a>.<\/p>\n<p>Hier noch mal als Linksliste:<\/p>\n<ul>\n<li><strong style=\"font-size: 1rem;\">auchwas:<\/strong><span style=\"font-size: 1rem;\">\u00a0<\/span><a style=\"font-size: 1rem;\" href=\" https:\/\/auchwas.blogspot.com\/2019\/01\/kulinarische-weltreise-osterreich-und.html \/\" target=\"_blank\" rel=\"noopener\">Krautfleckerln<\/a><\/li>\n<li><strong style=\"font-size: 1rem;\">auchwas:<\/strong><span style=\"font-size: 1rem;\">\u00a0<\/span><a style=\"font-size: 1rem;\" href=\" https:\/\/auchwas.blogspot.com\/2019\/01\/kulinarische-weltreise-osterreich.html \/\" target=\"_blank\" rel=\"noopener\">Kaspresskn\u00f6delsuppe<\/a><\/li>\n<li><strong>Brittas Kochbuch:<\/strong>\u00a0<a href=\"https:\/\/brittas-kochbuch.info\/?p=14463\" target=\"_blank\" rel=\"noopener\">Fiakergulasch <\/a><\/li>\n<li><strong>Brittas Kochbuch:<\/strong> Gastbeitrag von Sebastian Reichelt<br \/>\n<a href=\"https:\/\/brittas-kochbuch.info\/?p=14452\" target=\"_blank\" rel=\"noopener\">Wiener Schnitzel und Steirischer Kartoffel-Vogerl-Salat mit K\u00fcrbiskernen<\/a><\/li>\n<li><strong style=\"font-size: 1rem;\">Brotwein:<\/strong><span style=\"font-size: 1rem;\">\u00a0<\/span><a style=\"font-size: 1rem;\" href=\"https:\/\/brotwein.net\/spinatknoedel-mit-brauner-butter-und-parmesan-aus-tirol-2834\" target=\"_blank\" rel=\"noopener\">Spinatkn\u00f6del mit brauner Butter und Parmesan aus Tirol<\/a><\/li>\n<li><strong style=\"font-size: 1rem;\">Brotwein:<\/strong><span style=\"font-size: 1rem;\">\u00a0<\/span><a style=\"font-size: 1rem;\" href=\"https:\/\/brotwein.net\/kaerntner-bauernbrot-kraeftiges-roggenmischbrot-mit-sauerteig-2847\" target=\"_blank\" rel=\"noopener\">K\u00e4rntner Bauernbrot \u2013 kr\u00e4ftiges Roggenmischbrot mit Sauerteig<\/a><\/li>\n<li><strong style=\"font-size: 1rem;\">Brotwein:<\/strong><span style=\"font-size: 1rem;\">\u00a0<\/span><a style=\"font-size: 1rem;\" href=\"https:\/\/brotwein.net\/kaisersemmel-handgeschlagen-kaiserbroetchen-2853\" target=\"_blank\" rel=\"noopener\">Kaisersemmel handgeschlagen &#8211; Kaiserbr\u00f6tchen<\/a><\/li>\n<li><strong>Brotwein:<\/strong>\u00a0<a href=\"https:\/\/brotwein.net\/brot-vinschgauer-vinschgerl-paarl-2813\" target=\"_blank\" rel=\"noopener\">Vinschgauer &#8211; Vinschgerl Paarl<\/a><\/li>\n<li><strong>Chili und Ciabatta:<\/strong> <a href=\"https:\/\/chili-und-ciabatta.de\/2019\/01\/birnen-lebkuchen-strudel\/\" target=\"_blank\" rel=\"noopener\">Birnen-Lebkuchen-Strudel<\/a><\/li>\n<li><strong>Chili und Ciabatta:<\/strong> <a href=\"https:\/\/chili-und-ciabatta.de\/2019\/01\/krautauflauf-mit-kalbsfaschiertem-und-maroni\/\" target=\"_blank\" rel=\"noopener\">Krautauflauf mit Kalbsfaschiertem und Maroni<\/a><\/li>\n<li><strong style=\"font-size: 1rem;\">Chili und Ciabatta:<\/strong> <a style=\"font-size: 1rem;\" href=\"https:\/\/chili-und-ciabatta.de\/2019\/01\/hecht-blaetterteigstrudel-mit-lachseinlage\/\" target=\"_blank\" rel=\"noopener\">Hecht-Bl\u00e4tterteigstrudel mit Lachseinlage<\/a><\/li>\n<li><strong>K\u00fcchenlatein:<\/strong> <a href=\"https:\/\/kuechenlatein.com\/oedenburger-mohnauflauf\/\" target=\"_blank\" rel=\"noopener\">\u00d6denburger Mohnauflauf<\/a><\/li>\n<li><strong style=\"font-size: 1rem;\">K\u00fcchenlatein:<\/strong> <a style=\"font-size: 1rem;\" href=\"https:\/\/kuechenlatein.com\/quarkknoedel-mit-schokokern-und-aprikosensosse\/\" target=\"_blank\" rel=\"noopener\">Quarkkn\u00f6del mit Schokokern und Aprikosenso\u00dfe<\/a><\/li>\n<li><strong>K\u00fcchenmomente:<\/strong>\u00a0<a href=\"https:\/\/www.kuechenmomente.de\/grantnnudl-hefekuchen-gefuellt-mit-preiselbeeren-aus-oesterreich\/\" target=\"_blank\" rel=\"noopener\">Grantnnudl (Hefekuchen gef\u00fcllt mit Preiselbeeren) aus \u00d6sterreich<\/a><\/li>\n<li><strong>Turbohausfrau:<\/strong> <a href=\"https:\/\/www.turbohausfrau.at\/2019\/01\/wiener-erdapfelsuppe.html\" target=\"_blank\" rel=\"noopener\">Wiener Erd\u00e4pfelsuppe<\/a><\/li>\n<li><strong style=\"font-size: 1rem;\">Volkermampft:<\/strong><span style=\"font-size: 1rem;\">\u00a0<\/span><a style=\"font-size: 1rem;\" href=\"https:\/\/volkermampft.de\/oesterreich-tischt-auf-die-besten-restaurants-in-hamburg\" target=\"_blank\" rel=\"noopener\">\u00d6sterreich tischt auf \u2013 die besten Restaurants in Hamburg<\/a><\/li>\n<li><strong>Volkermampft:<\/strong>\u00a0<a href=\"https:\/\/volkermampft.de\/sachertorte-der-erste-versuch\" target=\"_blank\" rel=\"noopener\">Sachertorte \u2013 der erste Versuch <\/a><\/li>\n<li><strong style=\"font-size: 1rem;\">zimtkringel:<\/strong> <a style=\"font-size: 1rem;\" href=\"https:\/\/www.zimtkringel.org\/2019\/01\/19\/topfenpalatschinken\/ \" target=\"_blank\" rel=\"noopener\">Topfenpalatschinken &#8211; mit Quark gef\u00fcllte \u00fcberbackene Pfannkuchen<\/a><\/li>\n<\/ul>\n<p>Im Februar geht es dann nach Kuba.<\/p>\n","protected":false},"excerpt":{"rendered":"<p>Kann Werbung durch weiterf\u00fchrende Links enthalten Die Zusammenfassung unserer Reise nach \u00d6sterreich lest Ihr hier bei Volker mampft. Hier noch mal als Linksliste: auchwas:\u00a0Krautfleckerln auchwas:\u00a0Kaspresskn\u00f6delsuppe Brittas Kochbuch:\u00a0Fiakergulasch Brittas Kochbuch: Gastbeitrag von Sebastian Reichelt Wiener Schnitzel und Steirischer Kartoffel-Vogerl-Salat mit K\u00fcrbiskernen Brotwein:\u00a0Spinatkn\u00f6del mit brauner Butter und Parmesan aus Tirol Brotwein:\u00a0K\u00e4rntner Bauernbrot \u2013 kr\u00e4ftiges Roggenmischbrot mit Sauerteig [&hellip;]<\/p>\n","protected":false},"author":1,"featured_media":0,"comment_status":"open","ping_status":"open","sticky":false,"template":"","format":"standard","meta":{"sfsi_plus_gutenberg_text_before_share":"","sfsi_plus_gutenberg_show_text_before_share":"","sfsi_plus_gutenberg_icon_type":"","sfsi_plus_gutenberg_icon_alignemt":"","sfsi_plus_gutenburg_max_per_row":"","_jetpack_memberships_contains_paid_content":false,"footnotes":""},"categories":[169],"tags":[2048,2292,385],"class_list":["post-14525","post","type-post","status-publish","format-standard","hentry","category-blog-events","tag-die-kulinarische-weltreise","tag-oesterreich","tag-update"],"jetpack_featured_media_url":"","jetpack_sharing_enabled":true,"_links":{"self":[{"href":"https:\/\/brittas-kochbuch.info\/index.php?rest_route=\/wp\/v2\/posts\/14525"}],"collection":[{"href":"https:\/\/brittas-kochbuch.info\/index.php?rest_route=\/wp\/v2\/posts"}],"about":[{"href":"https:\/\/brittas-kochbuch.info\/index.php?rest_route=\/wp\/v2\/types\/post"}],"author":[{"embeddable":true,"href":"https:\/\/brittas-kochbuch.info\/index.php?rest_route=\/wp\/v2\/users\/1"}],"replies":[{"embeddable":true,"href":"https:\/\/brittas-kochbuch.info\/index.php?rest_route=%2Fwp%2Fv2%2Fcomments&post=14525"}],"version-history":[{"count":7,"href":"https:\/\/brittas-kochbuch.info\/index.php?rest_route=\/wp\/v2\/posts\/14525\/revisions"}],"predecessor-version":[{"id":14536,"href":"https:\/\/brittas-kochbuch.info\/index.php?rest_route=\/wp\/v2\/posts\/14525\/revisions\/14536"}],"wp:attachment":[{"href":"https:\/\/brittas-kochbuch.info\/index.php?rest_route=%2Fwp%2Fv2%2Fmedia&parent=14525"}],"wp:term":[{"taxonomy":"category","embeddable":true,"href":"https:\/\/brittas-kochbuch.info\/index.php?rest_route=%2Fwp%2Fv2%2Fcategories&post=14525"},{"taxonomy":"post_tag","embeddable":true,"href":"https:\/\/brittas-kochbuch.info\/index.php?rest_route=%2Fwp%2Fv2%2Ftags&post=14525"}],"curies":[{"name":"wp","href":"https:\/\/api.w.org\/{rel}","templated":true}]}}