{"id":14895,"date":"2019-04-12T16:33:00","date_gmt":"2019-04-12T14:33:00","guid":{"rendered":"http:\/\/brittas-kochbuch.info\/?p=14895"},"modified":"2019-04-12T16:33:00","modified_gmt":"2019-04-12T14:33:00","slug":"nachgekocht-fusilli-mit-erbsen-speck-minze-und-pecorino","status":"publish","type":"post","link":"https:\/\/brittas-kochbuch.info\/?p=14895","title":{"rendered":"Nachgekocht: Fusilli mit Erbsen, Speck, Minze und Pecorino"},"content":{"rendered":"<pre>Enth\u00e4lt Werbung ohne Gegenleistung<\/pre>\n<p><a href=\"https:\/\/brittas-kochbuch.info\/wp-content\/uploads\/2019\/04\/20190303_jamiekochtitalien03.jpg\"><img loading=\"lazy\" decoding=\"async\" class=\"alignleft size-medium wp-image-14944\" src=\"https:\/\/brittas-kochbuch.info\/wp-content\/uploads\/2019\/04\/20190303_jamiekochtitalien03-200x300.jpg\" alt=\"\" width=\"200\" height=\"300\" srcset=\"https:\/\/brittas-kochbuch.info\/wp-content\/uploads\/2019\/04\/20190303_jamiekochtitalien03-200x300.jpg 200w, https:\/\/brittas-kochbuch.info\/wp-content\/uploads\/2019\/04\/20190303_jamiekochtitalien03-768x1152.jpg 768w, https:\/\/brittas-kochbuch.info\/wp-content\/uploads\/2019\/04\/20190303_jamiekochtitalien03-683x1024.jpg 683w, https:\/\/brittas-kochbuch.info\/wp-content\/uploads\/2019\/04\/20190303_jamiekochtitalien03-624x936.jpg 624w, https:\/\/brittas-kochbuch.info\/wp-content\/uploads\/2019\/04\/20190303_jamiekochtitalien03.jpg 2016w\" sizes=\"(max-width: 200px) 100vw, 200px\" \/><\/a><\/p>\n<p>Es ergab sich zu einer Zeit, dass der G\u00f6Ga und ich ein paar Folgen von &#8222;Jamie kocht Italien&#8220; auf dem Spartensender <a href=\"https:\/\/www.rtl-living.de\/cms\/index.html\" target=\"_blank\" rel=\"noopener\">RTL-Living<\/a> schauten.<\/p>\n<p>Ein <a href=\"https:\/\/www.jamieoliver.com\/recipes\/pasta-recipes\/tortiglioni\/\" target=\"_blank\" rel=\"noopener\">Rezept<\/a> lie\u00df uns so derma\u00dfen das Wasser im Munde zusammenlaufen, dass wir es sofort am folgenden Wochenende &#8211; in etwas abgewandelter Form &#8211; nachgekocht haben. Noch beim TV-Schauen hat der G\u00f6Ga auch gleich das Buch bestellt.<\/p>\n<p>Da sind ja soooo tolle Sachen drin. Typisch im Jamie-Style&#8230; schnell, unkompliziert und lecker.<\/p>\n<p>&nbsp;<\/p>\n<p>Das folgende Rezept wurde von einer &#8222;Nonna&#8220; aus Rom gekocht. Da wir nicht alle Zutaten bekommen haben, mussten wir ein bisschen improvisieren, aber das ist ja kein Problem.<\/p>\n<p>Im Originalrezept werden Tortiglioni verwendet, wir wollten noch einmal den <a href=\"https:\/\/brittas-kochbuch.info\/?p=14324\">Fussili-Vorsatz<\/a> der <a href=\"https:\/\/brittas-kochbuch.info\/?p=1934\">KitchenAid<\/a> ausprobieren. <a href=\"https:\/\/brittas-kochbuch.info\/?p=14780\">Hier<\/a> waren die gedrehten Nudeln ja nicht so gelungen. Ich bekam dann den Tipp, dass der Teig ganz trocken und kr\u00fcmelig sein m\u00fcsse. Ich setzte also meinen bew\u00e4hrten <a href=\"https:\/\/brittas-kochbuch.info\/?p=11798\">Pastateig<\/a> (halbes Rezept) und nahm viel, viel weniger Wasser und lie\u00df auch das \u00d6l weg. Ganz perfekt sind die Fussili immer noch nicht geworden und die F\u00e4rbung mit selbst gemachten Rote-Bete-Pulver tr\u00e4gt nicht gerade zum Aussehen des fertigen Gerichts aus, aber es war in der Zusammenstellung total lecker!<\/p>\n<p><a href=\"https:\/\/brittas-kochbuch.info\/wp-content\/uploads\/2019\/04\/20190302_fussili-erbse-speck-minze-pecorino.jpg\"><img loading=\"lazy\" decoding=\"async\" class=\"aligncenter wp-image-14902\" src=\"https:\/\/brittas-kochbuch.info\/wp-content\/uploads\/2019\/04\/20190302_fussili-erbse-speck-minze-pecorino.jpg\" alt=\"\" width=\"555\" height=\"416\" srcset=\"https:\/\/brittas-kochbuch.info\/wp-content\/uploads\/2019\/04\/20190302_fussili-erbse-speck-minze-pecorino.jpg 4032w, https:\/\/brittas-kochbuch.info\/wp-content\/uploads\/2019\/04\/20190302_fussili-erbse-speck-minze-pecorino-300x225.jpg 300w, https:\/\/brittas-kochbuch.info\/wp-content\/uploads\/2019\/04\/20190302_fussili-erbse-speck-minze-pecorino-768x576.jpg 768w, https:\/\/brittas-kochbuch.info\/wp-content\/uploads\/2019\/04\/20190302_fussili-erbse-speck-minze-pecorino-1024x768.jpg 1024w, https:\/\/brittas-kochbuch.info\/wp-content\/uploads\/2019\/04\/20190302_fussili-erbse-speck-minze-pecorino-624x468.jpg 624w\" sizes=\"(max-width: 555px) 100vw, 555px\" \/><\/a><\/p>\n<p><!--more--><\/p>\n<p><u>Zutaten f\u00fcr 2 Portionen:<\/u><\/p>\n<ul>\n<li>350 g TK-Erbsen<\/li>\n<li>80 g durchwachsener Speck<\/li>\n<li>1\/2 Rezept Pastateig (ohne \u00d6l, viel weniger Wasser)<\/li>\n<li>2 Schalotten<\/li>\n<li>Zesten einer 1\/2 Zitrone<\/li>\n<li>ein paar Zweige frische Minze<\/li>\n<li>30 g Pecorino + etwas mehr zum Servieren<\/li>\n<li>Salz, Pfeffer<\/li>\n<\/ul>\n<p><u>Zubereitung:<\/u><\/p>\n<p>Die Erbsen auftauen lassen.<\/p>\n<p>Den Speck fein w\u00fcrfeln, bei mittlerer Hitze in einer Pfanne auslassen.<\/p>\n<p>Schalotten sch\u00e4len und nicht zu fein hacken, zum Speck geben und glasig d\u00fcnsten.<\/p>\n<p>Erbsen mit etwas Wasser zur Speck-Zwiebel-Mischung geben, abgeriebene Zitronenschale zugeben und abgedeckt ca. 5 Minuten simmern lassen.<\/p>\n<p>Die Minze, bis auf ein paar sch\u00f6ne Bl\u00e4ttchen zum Servieren, fein hacken. Den Pecorino fein reiben.<\/p>\n<p>Die Pasta in kochendem Salzwasser abkochen und zur Speckmischung geben. Minze und Pecorino einr\u00fchren, eventuell mit ein bisschen Pastawasser cremig r\u00fchren.<\/p>\n<p>Abschmecken und mit etwas geriebenem Peconrino, den zur\u00fcckgelegten Minzbl\u00e4ttern und einem Spritzer Zitronensaft servieren.<\/p>\n","protected":false},"excerpt":{"rendered":"<p>Enth\u00e4lt Werbung ohne Gegenleistung Es ergab sich zu einer Zeit, dass der G\u00f6Ga und ich ein paar Folgen von &#8222;Jamie kocht Italien&#8220; auf dem Spartensender RTL-Living schauten. Ein Rezept lie\u00df uns so derma\u00dfen das Wasser im Munde zusammenlaufen, dass wir es sofort am folgenden Wochenende &#8211; in etwas abgewandelter Form &#8211; nachgekocht haben. Noch beim [&hellip;]<\/p>\n","protected":false},"author":1,"featured_media":0,"comment_status":"open","ping_status":"open","sticky":false,"template":"","format":"standard","meta":{"sfsi_plus_gutenberg_text_before_share":"","sfsi_plus_gutenberg_show_text_before_share":"","sfsi_plus_gutenberg_icon_type":"","sfsi_plus_gutenberg_icon_alignemt":"","sfsi_plus_gutenburg_max_per_row":"","_jetpack_memberships_contains_paid_content":false,"footnotes":""},"categories":[231,10,710,90,224],"tags":[2018,1337,2358,20,271,2211],"class_list":["post-14895","post","type-post","status-publish","format-standard","hentry","category-kalbfleisch","category-kochbucher","category-nachgekocht","category-obst-und-gemuse","category-nudeln","tag-durchwachsener-speck","tag-fussili","tag-jamie-kocht-italien","tag-kochbuch","tag-minze","tag-pecorino"],"jetpack_featured_media_url":"","jetpack_sharing_enabled":true,"_links":{"self":[{"href":"https:\/\/brittas-kochbuch.info\/index.php?rest_route=\/wp\/v2\/posts\/14895"}],"collection":[{"href":"https:\/\/brittas-kochbuch.info\/index.php?rest_route=\/wp\/v2\/posts"}],"about":[{"href":"https:\/\/brittas-kochbuch.info\/index.php?rest_route=\/wp\/v2\/types\/post"}],"author":[{"embeddable":true,"href":"https:\/\/brittas-kochbuch.info\/index.php?rest_route=\/wp\/v2\/users\/1"}],"replies":[{"embeddable":true,"href":"https:\/\/brittas-kochbuch.info\/index.php?rest_route=%2Fwp%2Fv2%2Fcomments&post=14895"}],"version-history":[{"count":8,"href":"https:\/\/brittas-kochbuch.info\/index.php?rest_route=\/wp\/v2\/posts\/14895\/revisions"}],"predecessor-version":[{"id":14949,"href":"https:\/\/brittas-kochbuch.info\/index.php?rest_route=\/wp\/v2\/posts\/14895\/revisions\/14949"}],"wp:attachment":[{"href":"https:\/\/brittas-kochbuch.info\/index.php?rest_route=%2Fwp%2Fv2%2Fmedia&parent=14895"}],"wp:term":[{"taxonomy":"category","embeddable":true,"href":"https:\/\/brittas-kochbuch.info\/index.php?rest_route=%2Fwp%2Fv2%2Fcategories&post=14895"},{"taxonomy":"post_tag","embeddable":true,"href":"https:\/\/brittas-kochbuch.info\/index.php?rest_route=%2Fwp%2Fv2%2Ftags&post=14895"}],"curies":[{"name":"wp","href":"https:\/\/api.w.org\/{rel}","templated":true}]}}