{"id":15928,"date":"2019-08-25T14:43:26","date_gmt":"2019-08-25T12:43:26","guid":{"rendered":"http:\/\/brittas-kochbuch.info\/?p=15928"},"modified":"2019-08-26T11:39:35","modified_gmt":"2019-08-26T09:39:35","slug":"die-kulinarische-weltreise-lomo-saltado-vegan-peru","status":"publish","type":"post","link":"https:\/\/brittas-kochbuch.info\/?p=15928","title":{"rendered":"Die kulinarische Weltreise: Lomo Saltado, vegan (Peru)"},"content":{"rendered":"<pre>Kann Werbung durch weiterf\u00fchrende Links enthalten<\/pre>\n<p><a title=\"Blogger Aktion &quot;Die kulinarische Weltreise von @volkermampft\" href=\"https:\/\/volkermampft.de\/die-kulinarische-weltreise-die-grosse-foodblogger-aktion\"><img loading=\"lazy\" decoding=\"async\" src=\"https:\/\/volkermampft.de\/wp-content\/uploads\/2018\/02\/kulinarische_weltreise_500x200.png\" alt=\"Blogger Aktion &quot;Die kulinarische Weltreise von @volkermampft\" width=\"500\" height=\"200\" \/><\/a><\/p>\n<p>Die Reisegruppe <a href=\"https:\/\/volkermampft.de\/die-kulinarische-weltreise-die-grosse-foodblogger-aktion\/\" target=\"_blank\" rel=\"noopener\">der kulinarischen Weltreise<\/a> mit unserem Reiseleiter Volker ist im August in <a href=\"https:\/\/volkermampft.de\/ceviche-pisco-sour-und-mehr-tolle-rezepte-aus-peru\/\" target=\"_blank\" rel=\"noopener\">Peru<\/a> unterwegs.<\/p>\n<p>So richtig &#8222;nachkochbare&#8220; Rezepte habe ich auf deutschsprachigen Seiten im Netz nicht so wirklich gefunden. Das peruanische Nationalgericht <a href=\"https:\/\/brittas-kochbuch.info\/?p=15240\">Cuy, also Meerschweinchen<\/a> hatte ich schon im Rahmen des <a href=\"https:\/\/www.kochtopf.me\/blog-event-suedamerika\" target=\"_blank\" rel=\"noopener\">Blog-Events CLII S\u00fcdamerika<\/a> bei Zorra im <a href=\"https:\/\/www.kochtopf.me\/\" target=\"_blank\" rel=\"noopener\">Kochtopf<\/a> gemacht. Mit Kaninchen statt Meerschweinchen! Und das zweite Nationalgericht, <a href=\"https:\/\/brittas-kochbuch.info\/?p=10736\">Ceviche<\/a>, steckt auch schon im Blog.<\/p>\n<p><a href=\"https:\/\/brittas-kochbuch.info\/wp-content\/uploads\/2019\/08\/20190811_lomosaltado01.jpg\"><img loading=\"lazy\" decoding=\"async\" class=\"aligncenter wp-image-15936\" src=\"https:\/\/brittas-kochbuch.info\/wp-content\/uploads\/2019\/08\/20190811_lomosaltado01.jpg\" alt=\"\" width=\"555\" height=\"555\" srcset=\"https:\/\/brittas-kochbuch.info\/wp-content\/uploads\/2019\/08\/20190811_lomosaltado01.jpg 2048w, https:\/\/brittas-kochbuch.info\/wp-content\/uploads\/2019\/08\/20190811_lomosaltado01-150x150.jpg 150w, https:\/\/brittas-kochbuch.info\/wp-content\/uploads\/2019\/08\/20190811_lomosaltado01-300x300.jpg 300w, https:\/\/brittas-kochbuch.info\/wp-content\/uploads\/2019\/08\/20190811_lomosaltado01-768x768.jpg 768w, https:\/\/brittas-kochbuch.info\/wp-content\/uploads\/2019\/08\/20190811_lomosaltado01-1024x1024.jpg 1024w, https:\/\/brittas-kochbuch.info\/wp-content\/uploads\/2019\/08\/20190811_lomosaltado01-624x624.jpg 624w\" sizes=\"(max-width: 555px) 100vw, 555px\" \/><\/a><\/p>\n<p>Ich checkte also peruanische Rezepte auf spanisch und entdeckte das heutige Gericht <a href=\"https:\/\/www.peru.travel\/es-pe\/gastronomia\/recetas\/platos-de-fondo\/lomo-saltado.html\" target=\"_blank\" rel=\"noopener\">Lomo Saltado<\/a>, was auf Deutsch so viel wie springende Lende bedeutet.\u00a0Dieses Gericht gilt als Verschmelzung zweier Haupteinfl\u00fcsse der peruanischen K\u00fcche. Kartoffeln, Chilis und Tomaten stehen f\u00fcr die traditionelle peruanische K\u00fcche, Sojasauce und Reis f\u00fcr die <i>chifa\u00a0<\/i>genannte, chinesisch-peruanische K\u00fcche.<\/p>\n<p><!--more--><\/p>\n<h6 style=\"text-align: center;\"><a href=\"https:\/\/brittas-kochbuch.info\/wp-content\/uploads\/2019\/08\/20190811_seitan.jpg\"><img loading=\"lazy\" decoding=\"async\" class=\"aligncenter wp-image-15939\" src=\"https:\/\/brittas-kochbuch.info\/wp-content\/uploads\/2019\/08\/20190811_seitan.jpg\" alt=\"\" width=\"555\" height=\"416\" srcset=\"https:\/\/brittas-kochbuch.info\/wp-content\/uploads\/2019\/08\/20190811_seitan.jpg 4032w, https:\/\/brittas-kochbuch.info\/wp-content\/uploads\/2019\/08\/20190811_seitan-300x225.jpg 300w, https:\/\/brittas-kochbuch.info\/wp-content\/uploads\/2019\/08\/20190811_seitan-768x576.jpg 768w, https:\/\/brittas-kochbuch.info\/wp-content\/uploads\/2019\/08\/20190811_seitan-1024x768.jpg 1024w, https:\/\/brittas-kochbuch.info\/wp-content\/uploads\/2019\/08\/20190811_seitan-624x468.jpg 624w\" sizes=\"(max-width: 555px) 100vw, 555px\" \/><\/a>Statt Rinder- oder Schweinelende habe ich das Lomo Saltado<br \/>\nmit einer &#8222;Seitanlende&#8220; und somit vegan gemacht.<\/h6>\n<p><u>Zutaten f\u00fcr 2 Portionen:<\/u><\/p>\n<ul>\n<li>200 g Seitan, z. B. von viana<\/li>\n<li>2 Tomaten, in gr\u00f6bere St\u00fccke geschnitten<\/li>\n<li>200 g Zwiebeln, in grobe Streifen geschnitten<\/li>\n<li>250 g Kartoffeln<\/li>\n<li>1 TL gehackte Petersilie<\/li>\n<li>1,5 EL Essig<\/li>\n<li>1, 5 EL Sojasauce<\/li>\n<li>1 kleine gehackte Knoblauchzehe<\/li>\n<li>Salz<\/li>\n<li>Pfeffer<\/li>\n<li>Kreuzk\u00fcmmel<\/li>\n<li>Sonnenblumen\u00f6l zum Braten<\/li>\n<li>1\/2 Tasse (Jasmin-)Reis<\/li>\n<li>1,5 Tassen Wasser<\/li>\n<li>optional: Cherrytomaten<\/li>\n<\/ul>\n<p><u>Zubereitung:<\/u><\/p>\n<p>Den Reis wie gewohnt zubereiten. Ich mache das im Dampfgarer.<\/p>\n<p>Kartoffeln w\u00fcrfeln, in reichlich \u00d6l in einer weiten Pfanne knusprig braten. In einer vorgew\u00e4rmten Sch\u00fcssel &#8222;parken&#8220;.<\/p>\n<p>Den Seitan in d\u00fcnne Scheiben schneiden, in etwas \u00d6l rundum knusprig anbraten.<\/p>\n<p>Die Zwiebelstreifen leicht anbr\u00e4unen, die Tomatenst\u00fccke zugeben und alles vermischen.<\/p>\n<p>Die Seitanmischung mit den Gew\u00fcrzen pikant abschmecken und anrichten.<\/p>\n<p><a href=\"https:\/\/brittas-kochbuch.info\/wp-content\/uploads\/2019\/08\/20190811_lomosaltado02.jpg\"><img loading=\"lazy\" decoding=\"async\" class=\"aligncenter wp-image-15937\" src=\"https:\/\/brittas-kochbuch.info\/wp-content\/uploads\/2019\/08\/20190811_lomosaltado02.jpg\" alt=\"\" width=\"555\" height=\"416\" srcset=\"https:\/\/brittas-kochbuch.info\/wp-content\/uploads\/2019\/08\/20190811_lomosaltado02.jpg 4032w, https:\/\/brittas-kochbuch.info\/wp-content\/uploads\/2019\/08\/20190811_lomosaltado02-300x225.jpg 300w, https:\/\/brittas-kochbuch.info\/wp-content\/uploads\/2019\/08\/20190811_lomosaltado02-768x576.jpg 768w, https:\/\/brittas-kochbuch.info\/wp-content\/uploads\/2019\/08\/20190811_lomosaltado02-1024x768.jpg 1024w, https:\/\/brittas-kochbuch.info\/wp-content\/uploads\/2019\/08\/20190811_lomosaltado02-624x468.jpg 624w\" sizes=\"(max-width: 555px) 100vw, 555px\" \/><\/a><\/p>\n<p>In die Mitte des Tellers die Seitanmischung geben, rechts und links die Kartoffeln und den Reis anrichten. Den Reis nach Wunsch mit halbierten Cherrytomaten dekorieren und mit der Petersilie bestreuen.<\/p>\n<p><a href=\"https:\/\/brittas-kochbuch.info\/wp-content\/uploads\/2019\/08\/20190811_lomosaltado03.jpg\"><img loading=\"lazy\" decoding=\"async\" class=\"aligncenter wp-image-15938\" src=\"https:\/\/brittas-kochbuch.info\/wp-content\/uploads\/2019\/08\/20190811_lomosaltado03.jpg\" alt=\"\" width=\"555\" height=\"416\" srcset=\"https:\/\/brittas-kochbuch.info\/wp-content\/uploads\/2019\/08\/20190811_lomosaltado03.jpg 4032w, https:\/\/brittas-kochbuch.info\/wp-content\/uploads\/2019\/08\/20190811_lomosaltado03-300x225.jpg 300w, https:\/\/brittas-kochbuch.info\/wp-content\/uploads\/2019\/08\/20190811_lomosaltado03-768x576.jpg 768w, https:\/\/brittas-kochbuch.info\/wp-content\/uploads\/2019\/08\/20190811_lomosaltado03-1024x768.jpg 1024w, https:\/\/brittas-kochbuch.info\/wp-content\/uploads\/2019\/08\/20190811_lomosaltado03-624x468.jpg 624w\" sizes=\"(max-width: 555px) 100vw, 555px\" \/><\/a><\/p>\n<hr \/>\n<p>Hier die Links zu den Gerichten der Mitreisenden:<\/p>\n<ul>\n<li>Britta von Backmaedchen 1967: <a title=\"Pie de Lim\u00f3n Zitronenkuchen aus Peru\" href=\"https:\/\/backmaedchen1967.de\/pie-de-limon-zitronenkuchen-aus-peru\/\" rel=\"noopener noreferrer\">Pie de Lim\u00f3n Zitronenkuchen aus Peru<\/a><\/li>\n<li>K\u00fcchenlatein: <a title=\"Peruanische Garnelensuppe \u2013 Chupe de Camarones\" href=\"https:\/\/kuechenlatein.com\/peruanische-garnelensuppe-chupe-de-camarones\/\u200e\" rel=\"noopener noreferrer\">Peruanische Garnelensuppe \u2013 Chupe de Camarones<\/a><\/li>\n<li>Fraenkische Tapas: <a title=\"Avocado mit Thunfisch und Frischk\u00e4se\" href=\"https:\/\/fraenkische-tapas.de\/avocado-mit-thunfisch-und-frischkaese\/\" rel=\"noopener noreferrer\">Avocado mit Thunfisch und Frischk\u00e4se<\/a><\/li>\n<li>Fraenkische Tapas: <a title=\"Avocado-Dip Guacamole\" href=\"https:\/\/fraenkische-tapas.de\/avocado-dip-guacamole\" rel=\"noopener noreferrer\">Avocado-Dip Guacamole<\/a><\/li>\n<li>Petra von Chili und Ciabatta: <a title=\"Passionsfrucht-Tarte \u2013 Tarta de Maracuy\u00e1\" href=\"https:\/\/chili-und-ciabatta.de\/2019\/08\/passionsfrucht-tarte-tarta-de-maracuya\/\" rel=\"noopener noreferrer\">Passionsfrucht-Tarte \u2013 Tarta de Maracuy\u00e1<\/a><\/li>\n<li>Petra von Chili und Ciabatta: <a title=\"Sarsa mit Rinderb\u00e4ckchen \u2013 Sarsa de Sencas\" href=\"https:\/\/chili-und-ciabatta.de\/2019\/08\/sarsa-mit-rinderbaeckchen-sarsa-de-sencas\/\" rel=\"noopener noreferrer\">Sarsa mit Rinderb\u00e4ckchen \u2013 Sarsa de Sencas<\/a><\/li>\n<li>Petra von Chili und Ciabatta: <a title=\"Pollo Saltado \u2013 peruanische H\u00e4hnchenpfanne mit Reis\" href=\"https:\/\/chili-und-ciabatta.de\/?p=3720\" rel=\"noopener noreferrer\">Pollo Saltado \u2013 peruanische H\u00e4hnchenpfanne mit Reis<\/a><\/li>\n<li>Susanne von magentratzerl: <a title=\"Aj\u00ed de Gallina - Cremiges H\u00fchnerragout aus Peru\" href=\"https:\/\/magentratzerl.de\/2019\/08\/15\/aji-de-gallina-cremiges-huehnerragout-aus-peru\/\" rel=\"noopener noreferrer\">Aj\u00ed de Gallina &#8211; Cremiges H\u00fchnerragout aus Peru<\/a><\/li>\n<li>Tina von K\u00fcchenmomente: <a href=\"https:\/\/www.kuechenmomente.de\/suspiro-limeno-de-mango-dessertklassiker-aus-peru\/\" rel=\"noopener noreferrer\">Suspiro Lime\u00f1o de Mango &#8211; Dessertklassiker aus Peru<\/a><\/li>\n<li>Sylvia von Brotwein: <a title=\"Maisbrot mit Hefe - Maisbr\u00f6tchen und Brot mit Maismehl\" href=\"https:\/\/brotwein.net\/maisbrot-mit-hefe-maisbroetchen-und-brot-mit-maismehl-3641\" rel=\"noopener noreferrer\">Maisbrot mit Hefe &#8211; Maisbr\u00f6tchen und Brot mit Maismehl<\/a><\/li>\n<li>Susanne von magentratzerl: <a title=\"Peruanische Alfajores\" href=\"https:\/\/magentratzerl.de\/2019\/08\/21\/peruanische-alfajores\/\" rel=\"noopener noreferrer\">Peruanische Alfajores<\/a><\/li>\n<li>Simone von zimtkringel: <a title=\"Pesque de Quinua - Qhinao-K\u00e4se-Pudding\" href=\"https:\/\/www.zimtkringel.org\/2019\/08\/19\/pesque-de-quinua\/\" rel=\"noopener noreferrer\">Pesque de Quinua &#8211; Qhinao-K\u00e4se-Pudding<\/a><\/li>\n<li>Sylvia von Brotwein: <a title=\"Ceviche Rezept aus Peru \u2013 Fisch und Lachs in Tigermilch kalt gegart\" href=\"https:\/\/brotwein.net\/ceviche-rezept-aus-peru-fisch-und-lachs-in-tigermilch-kalt-gegart-3646\" rel=\"noopener noreferrer\">Ceviche Rezept aus Peru \u2013 Fisch und Lachs in Tigermilch kalt gegart<\/a><\/li>\n<li>Gaby von Langsam kocht besser: <a title=\"Panqueques con manjar blanco\" href=\"https:\/\/slowcooker.de\/2019\/kulinarische-weltreise-peru-panqueques-con-manjar-blanco\" rel=\"noopener noreferrer\">Panqueques con manjar blanco<\/a><\/li>\n<li>Jenny von Jenny is baking: <a title=\"Suspiro lime\u00f1o oder peruanischer Karamellpudding\" href=\"https:\/\/jennyisbaking.com\/2019\/08\/24\/suspiro-limeno-oder-peruanischer-karamellpudding\/\" rel=\"noopener noreferrer\">Suspiro lime\u00f1o oder peruanischer Karamellpudding<\/a><\/li>\n<li>Volker von volkermampft: <a title=\"Ceviche mit Maracuja und Physalis\" href=\"https:\/\/volkermampft.de\/ceviche-mit-maracuja-und-physalis\" rel=\"noopener noreferrer\">Ceviche mit Maracuja und Physalis<\/a><\/li>\n<li>Volker von volkermampft: <a title=\"Peruanisches Rindergulasch - Seco de Carne - Leserwunsch\" href=\"https:\/\/volkermampft.de\/peruanisches-rindergulasch-seco-de-carne-leserwunsch\" rel=\"noopener noreferrer\">Peruanisches Rindergulasch &#8211; Seco de Carne &#8211; Leserwunsch<\/a><\/li>\n<li>Melanie von Das Samstagsfr\u00fchst\u00fcck: <a title=\"Peruanische Tamales zum Fr\u00fchst\u00fcck\" href=\"https:\/\/samstagsfruehstueck.de\/fruehstueck-in-peru-gedaempfte-tamales\/\" rel=\"noopener noreferrer\">Fr\u00fchst\u00fcck in Peru &#8211; Ged\u00e4mpfte Tamales<\/a><\/li>\n<li>Christian von SavoryLens: <a href=\"https:\/\/saverylens.com\/aji-de-gallina-pikantes-huehnergericht-aus-peru\">Aji de Gallina &#8211; Pikantes H\u00fchnergericht aus Peru<\/a><\/li>\n<\/ul>\n","protected":false},"excerpt":{"rendered":"<p>Kann Werbung durch weiterf\u00fchrende Links enthalten Die Reisegruppe der kulinarischen Weltreise mit unserem Reiseleiter Volker ist im August in Peru unterwegs. So richtig &#8222;nachkochbare&#8220; Rezepte habe ich auf deutschsprachigen Seiten im Netz nicht so wirklich gefunden. Das peruanische Nationalgericht Cuy, also Meerschweinchen hatte ich schon im Rahmen des Blog-Events CLII S\u00fcdamerika bei Zorra im Kochtopf [&hellip;]<\/p>\n","protected":false},"author":1,"featured_media":0,"comment_status":"open","ping_status":"open","sticky":false,"template":"","format":"standard","meta":{"sfsi_plus_gutenberg_text_before_share":"","sfsi_plus_gutenberg_show_text_before_share":"","sfsi_plus_gutenberg_icon_type":"","sfsi_plus_gutenberg_icon_alignemt":"","sfsi_plus_gutenburg_max_per_row":"","_jetpack_memberships_contains_paid_content":false,"footnotes":""},"categories":[169,90,72,9],"tags":[172,2048,519,102,2480,2415,860,472,272],"class_list":["post-15928","post","type-post","status-publish","format-standard","hentry","category-blog-events","category-obst-und-gemuse","category-reis","category-vegetarisches","tag-blog-event","tag-die-kulinarische-weltreise","tag-getreide-und-huelsenfruechte","tag-kartoffel","tag-lomo-saltado","tag-peru","tag-reis","tag-seitan","tag-vegan"],"jetpack_featured_media_url":"","jetpack_sharing_enabled":true,"_links":{"self":[{"href":"https:\/\/brittas-kochbuch.info\/index.php?rest_route=\/wp\/v2\/posts\/15928"}],"collection":[{"href":"https:\/\/brittas-kochbuch.info\/index.php?rest_route=\/wp\/v2\/posts"}],"about":[{"href":"https:\/\/brittas-kochbuch.info\/index.php?rest_route=\/wp\/v2\/types\/post"}],"author":[{"embeddable":true,"href":"https:\/\/brittas-kochbuch.info\/index.php?rest_route=\/wp\/v2\/users\/1"}],"replies":[{"embeddable":true,"href":"https:\/\/brittas-kochbuch.info\/index.php?rest_route=%2Fwp%2Fv2%2Fcomments&post=15928"}],"version-history":[{"count":17,"href":"https:\/\/brittas-kochbuch.info\/index.php?rest_route=\/wp\/v2\/posts\/15928\/revisions"}],"predecessor-version":[{"id":16000,"href":"https:\/\/brittas-kochbuch.info\/index.php?rest_route=\/wp\/v2\/posts\/15928\/revisions\/16000"}],"wp:attachment":[{"href":"https:\/\/brittas-kochbuch.info\/index.php?rest_route=%2Fwp%2Fv2%2Fmedia&parent=15928"}],"wp:term":[{"taxonomy":"category","embeddable":true,"href":"https:\/\/brittas-kochbuch.info\/index.php?rest_route=%2Fwp%2Fv2%2Fcategories&post=15928"},{"taxonomy":"post_tag","embeddable":true,"href":"https:\/\/brittas-kochbuch.info\/index.php?rest_route=%2Fwp%2Fv2%2Ftags&post=15928"}],"curies":[{"name":"wp","href":"https:\/\/api.w.org\/{rel}","templated":true}]}}