{"id":16133,"date":"2019-09-17T11:49:36","date_gmt":"2019-09-17T09:49:36","guid":{"rendered":"http:\/\/brittas-kochbuch.info\/?p=16133"},"modified":"2019-09-28T10:22:52","modified_gmt":"2019-09-28T08:22:52","slug":"die-kulinarische-weltreise-urlaubserinnerungen-papas-arrugadas-con-mojos-rojo-y-verde-von-den-kanaren","status":"publish","type":"post","link":"https:\/\/brittas-kochbuch.info\/?p=16133","title":{"rendered":"Die kulinarische Weltreise &#8211; Urlaubserinnerungen: Papas arrugadas con Mojos rojo y verde von den Kanaren"},"content":{"rendered":"<pre>Kann Werbung durch weiterf\u00fchrende Links enthalten<\/pre>\n<p><a title=\"Blogger Aktion &quot;Die kulinarische Weltreise von @volkermampft\" href=\"https:\/\/volkermampft.de\/die-kulinarische-weltreise-die-grosse-foodblogger-aktion\"><img loading=\"lazy\" decoding=\"async\" src=\"https:\/\/volkermampft.de\/wp-content\/uploads\/2018\/02\/kulinarische_weltreise_500x200.png\" alt=\"Blogger Aktion &quot;Die kulinarische Weltreise von @volkermampft\" width=\"500\" height=\"200\" \/><\/a><\/p>\n<p>Im September dreht sich bei <a href=\"https:\/\/volkermampft.de\/die-kulinarische-weltreise-die-grosse-foodblogger-aktion\/\" target=\"_blank\" rel=\"noopener\">der kulinarischen Weltreise<\/a>\u00a0von und mit <a href=\"https:\/\/volkermampft.de\/\" target=\"_blank\" rel=\"noopener\">Volker mampft<\/a> alles um <a href=\"https:\/\/volkermampft.de\/kulinarische-urlaubserinnerung-sonderstop-auf-der-kulinarischen-weltreise\/\" target=\"_blank\" rel=\"noopener\">Urlaubserinnerungen<\/a>.<\/p>\n<p>Der G\u00f6Ga und ich waren dieses Jahr im Juli eine Woche in England, da wir aber im November mit der Reisetruppe in Gro\u00dfbritanien sein werden, habe ich das Thema erst einmal zur\u00fcck gestellt. Au\u00dferdem hatte ich schon <a href=\"https:\/\/brittas-kochbuch.info\/?p=15727\">Scones<\/a> f\u00fcr Zorras <a href=\"https:\/\/www.kochtopf.me\/blog-event-gebaeck-afternoon-tea-kenwood\" target=\"_blank\" rel=\"noopener\">Tea Party<\/a> zum 15. Bloggeburtstag gebacken.<\/p>\n<p>So viel bin ich in meinem Leben auch noch nicht in der Weltgeschichte rumgekommen, so dass ich erst mal \u00fcberlegen musste, wo ich \u00fcberall schon war:<\/p>\n<p style=\"padding-left: 30px;\">Belgien, Malta, Spanien (Andalusien, Mallorca, Teneriffa), Kreta, \u00d6sterreich, Frankreich, Schweiz, Tunesien, England, Wales und w\u00e4hrend unserer AIDA-Kreuzfahrt vor fast 15 Jahren machten wir Halt in Dubrovnik (Kroatien), Athen und Kefalonia (Griechenland) sowie Venedig (Italien).<\/p>\n<p>Heute nehme ich Euch mit auf die Kanaren, genauer gesagt nach Teneriffa, wo der G\u00f6Ga und ich vor \u00fcber 16 Jahren mal Urlaub machten. Dort habe ich mich quasi von Papas arrugadas, den kleinen Runzelkartoffeln in Salzkruste ern\u00e4hrt. Seitdem habe ich sie nicht mehr gegessen und somit soll heute diese Urlaubserinnerung wieder wach werden.<\/p>\n<p><a href=\"https:\/\/brittas-kochbuch.info\/wp-content\/uploads\/2019\/09\/postkarte-teneriffa.jpg\"><img loading=\"lazy\" decoding=\"async\" class=\"aligncenter size-full wp-image-16151\" src=\"https:\/\/brittas-kochbuch.info\/wp-content\/uploads\/2019\/09\/postkarte-teneriffa.jpg\" alt=\"\" width=\"555\" height=\"425\" srcset=\"https:\/\/brittas-kochbuch.info\/wp-content\/uploads\/2019\/09\/postkarte-teneriffa.jpg 555w, https:\/\/brittas-kochbuch.info\/wp-content\/uploads\/2019\/09\/postkarte-teneriffa-300x230.jpg 300w\" sizes=\"(max-width: 555px) 100vw, 555px\" \/><\/a><\/p>\n<p>Das Rezept f\u00fcr die Kartoffeln und die dazugeh\u00f6rigen Dips, dem Mojo rojo und Mojo verde habe ich auf <a href=\"http:\/\/www.kanarisch.de\/rezept-papas-arrugadas-con-mojo\/\" target=\"_blank\" rel=\"noopener\">dieser Seite<\/a> gefunden. Wie immer habe ich sie ein bisschen an meine Gegebenheiten (z. B. Einkaufsm\u00f6glichkeiten) angepasst.<\/p>\n<p><!--more--><\/p>\n<p><u>Zubereitung der Papas arrugadas f\u00fcr 2 Portionen:<\/u><\/p>\n<p>200 g kleine Kartoffeln (am besten w\u00e4re nat\u00fcrlich eine kanarische Sorte, ich habe Drillinge genommen) gr\u00fcndlich waschen und sauber schrubben. Die Kartoffeln in einem weiten Topf gerade mit Wasser bedecken und gibt etwa 1 Viertel Tasse Meersalz dazu. Der Topf wird mit einem K\u00fcchentuch abgedeckt, damit das Wasser verdampfen kann. Das Wasser einmal zum Kochen bringen und dann ca. 20 &#8211; 30 Minuten bei niedriger Temperatur weiter k\u00f6cheln lassen. Wenn die Kartoffeln nicht zu weich sind, gie\u00dft man das Wasser ab und l\u00e4sst die Kartoffeln f\u00fcr weitere 30 Minuten auf der abgeschaltetem bzw. bei Induktion auf niedrigster Stufe eingeschaltetem Kochfeld stehen. W\u00e4hrend dieser Zeit bekommen die Papas arrugadas ihr typisches runzeliges Aussehen.<\/p>\n<p><a href=\"https:\/\/brittas-kochbuch.info\/wp-content\/uploads\/2019\/09\/20190915_papas-arrugadas.jpg\"><img loading=\"lazy\" decoding=\"async\" class=\"aligncenter wp-image-16157\" src=\"https:\/\/brittas-kochbuch.info\/wp-content\/uploads\/2019\/09\/20190915_papas-arrugadas.jpg\" alt=\"\" width=\"555\" height=\"416\" srcset=\"https:\/\/brittas-kochbuch.info\/wp-content\/uploads\/2019\/09\/20190915_papas-arrugadas.jpg 4032w, https:\/\/brittas-kochbuch.info\/wp-content\/uploads\/2019\/09\/20190915_papas-arrugadas-300x225.jpg 300w, https:\/\/brittas-kochbuch.info\/wp-content\/uploads\/2019\/09\/20190915_papas-arrugadas-768x576.jpg 768w, https:\/\/brittas-kochbuch.info\/wp-content\/uploads\/2019\/09\/20190915_papas-arrugadas-1024x768.jpg 1024w, https:\/\/brittas-kochbuch.info\/wp-content\/uploads\/2019\/09\/20190915_papas-arrugadas-624x468.jpg 624w\" sizes=\"(max-width: 555px) 100vw, 555px\" \/><\/a><\/p>\n<p><u>Zubereitung Mojo rojo (im Bild rechts):<\/u><\/p>\n<ul>\n<li>1 geputzte kleine rote Paprikaschoten (gesch\u00e4lt und entkernt)<\/li>\n<li>2 reife Tomaten (gesch\u00e4lt und entkernt), ersatzweise 1 EL Tomatenmark<\/li>\n<li>1\/2 EL edels\u00fc\u00dfes Paprikapulver<\/li>\n<li>1\/2 EL Chilipulver<\/li>\n<li>Salz<\/li>\n<li>schwarzer Pfeffer aus der M\u00fchle nach Geschmack<\/li>\n<li><span style=\"font-size: 1rem;\">1 Knoblauchzehe<\/span><\/li>\n<li>1 Prise Kreuzk\u00fcmmel<\/li>\n<li>2 EL Rotweinessig<\/li>\n<li>2 &#8211; 4 EL Oliven\u00f6l<\/li>\n<\/ul>\n<p>Paprika, Tomate und Knoblauch klein schneiden und mit den \u00fcbrigen Zutaten mit dem Zauberstab zu einer geschmeidigen Sauce verr\u00fchren.<\/p>\n<p><a href=\"https:\/\/brittas-kochbuch.info\/wp-content\/uploads\/2019\/09\/20190915_mojos.jpg\"><img loading=\"lazy\" decoding=\"async\" class=\"aligncenter wp-image-16156\" src=\"https:\/\/brittas-kochbuch.info\/wp-content\/uploads\/2019\/09\/20190915_mojos.jpg\" alt=\"\" width=\"555\" height=\"416\" srcset=\"https:\/\/brittas-kochbuch.info\/wp-content\/uploads\/2019\/09\/20190915_mojos.jpg 4032w, https:\/\/brittas-kochbuch.info\/wp-content\/uploads\/2019\/09\/20190915_mojos-300x225.jpg 300w, https:\/\/brittas-kochbuch.info\/wp-content\/uploads\/2019\/09\/20190915_mojos-768x576.jpg 768w, https:\/\/brittas-kochbuch.info\/wp-content\/uploads\/2019\/09\/20190915_mojos-1024x768.jpg 1024w, https:\/\/brittas-kochbuch.info\/wp-content\/uploads\/2019\/09\/20190915_mojos-624x468.jpg 624w\" sizes=\"(max-width: 555px) 100vw, 555px\" \/><\/a><\/p>\n<p><u>Zubereitung Mojo verde (im Bild links):<\/u><\/p>\n<ul>\n<li>1\/2 kleine gr\u00fcne Paprikaschote (gesch\u00e4lt und entkernt)<\/li>\n<li>1\/2 Bund Petersilie<\/li>\n<li>1\/2 Bund Koriander<\/li>\n<li>1 Knoblauchzehe<\/li>\n<li>Salz<\/li>\n<li>Schwarzer Pfeffer aus der M\u00fchle<\/li>\n<li>1 LT Kreuzk\u00fcmmel<\/li>\n<li>Zitronen- oder Limettensaft<\/li>\n<li>2 &#8211; 3 EL Oliven\u00f6l<\/li>\n<\/ul>\n<p>Die Bl\u00e4tter von Petersilie und Koriander von den St\u00e4ngeln zupfen und etwas zerkleinern. Die Paprikaschote in kleine St\u00fccke schneiden, ebenso die Knoblauchzehen (nicht pressen). Alle Zutaten im Mixer oder mit dem P\u00fcrierstab zu einer Masse verarbeiten und abschmecken, ggf. nachw\u00fcrzen. Ist die Masse zu dickfl\u00fcssig, kann man sie mit 1 &#8211; 2 EL Wasser verd\u00fcnnen.<\/p>\n<p>Serviert habe ich die Papas arrugadas und die beiden Mojos mit knusprigem H\u00e4hnchenschenkel (mit einer Mischung aus Piment\u00f3n de la vera, schwarzem Pfeffer, Salz und Oliven\u00f6l eingerieben) und <a href=\"https:\/\/brittas-kochbuch.info\/?p=16141\">Espinacas con Garbanzos<\/a> (Spinat mit Kichererbsen).<\/p>\n<p><a href=\"https:\/\/brittas-kochbuch.info\/wp-content\/uploads\/2019\/09\/20190915_abendessen.jpg\"><img loading=\"lazy\" decoding=\"async\" class=\"aligncenter wp-image-16153\" src=\"https:\/\/brittas-kochbuch.info\/wp-content\/uploads\/2019\/09\/20190915_abendessen.jpg\" alt=\"\" width=\"555\" height=\"416\" srcset=\"https:\/\/brittas-kochbuch.info\/wp-content\/uploads\/2019\/09\/20190915_abendessen.jpg 4032w, https:\/\/brittas-kochbuch.info\/wp-content\/uploads\/2019\/09\/20190915_abendessen-300x225.jpg 300w, https:\/\/brittas-kochbuch.info\/wp-content\/uploads\/2019\/09\/20190915_abendessen-768x576.jpg 768w, https:\/\/brittas-kochbuch.info\/wp-content\/uploads\/2019\/09\/20190915_abendessen-1024x768.jpg 1024w, https:\/\/brittas-kochbuch.info\/wp-content\/uploads\/2019\/09\/20190915_abendessen-624x468.jpg 624w\" sizes=\"(max-width: 555px) 100vw, 555px\" \/><\/a><\/p>\n<p>Als Getr\u00e4nk gab es einen sehr leckeren Primitivo aus Apulien:<\/p>\n<p><a href=\"https:\/\/brittas-kochbuch.info\/wp-content\/uploads\/2019\/09\/primitivo.jpg\"><img loading=\"lazy\" decoding=\"async\" class=\"aligncenter wp-image-16171\" src=\"https:\/\/brittas-kochbuch.info\/wp-content\/uploads\/2019\/09\/primitivo.jpg\" alt=\"\" width=\"416\" height=\"555\" srcset=\"https:\/\/brittas-kochbuch.info\/wp-content\/uploads\/2019\/09\/primitivo.jpg 3024w, https:\/\/brittas-kochbuch.info\/wp-content\/uploads\/2019\/09\/primitivo-225x300.jpg 225w, https:\/\/brittas-kochbuch.info\/wp-content\/uploads\/2019\/09\/primitivo-768x1024.jpg 768w, https:\/\/brittas-kochbuch.info\/wp-content\/uploads\/2019\/09\/primitivo-624x832.jpg 624w\" sizes=\"(max-width: 416px) 100vw, 416px\" \/><\/a><\/p>\n<hr \/>\n<p>Hier geht es zu den Rezepten und Urlaubsberichten der anderen Weltreisenden:<\/p>\n<p>K\u00fcchenlatein: <a href=\"https:\/\/kuechenlatein.com\/quinoa-salat-mit-blaubeeren\/\" target=\"_blank\" rel=\"noopener noreferrer\">Quinoa-Salat mit Blaubeeren<\/a><br \/>\nBritta von Backmaedchen 1967: <a href=\"https:\/\/backmaedchen1967.de\/tuerkisches-fladenbrot\/\" target=\"_blank\" rel=\"noopener noreferrer\">T\u00fcrkisches Fladenbrot<\/a><br \/>\nCarina von Coffee2Stay: <a href=\"https:\/\/coffee2stay.wordpress.com\/2019\/09\/15\/urlaubserinnerungen-red-white-and-blue-cookies\/\" target=\"_blank\" rel=\"noopener noreferrer\">Urlaubserinnerungen: Red White and Blue Cookies<\/a><br \/>\nK\u00fcchenlatein: <a href=\"https:\/\/kuechenlatein.com\/buchweizengruetze\/ \u200e\" target=\"_blank\" rel=\"noopener noreferrer\">Buchweizengr\u00fczte<\/a><br \/>\nSusanne von magentratzerl: <a href=\"https:\/\/magentratzerl.de\/2019\/09\/16\/steirisches-wurzelfleisch\/\" target=\"_blank\" rel=\"noopener noreferrer\">Steirisches Wurzelfleisch<\/a><br \/>\nSimone von zimtkringel: <a href=\"https:\/\/www.zimtkringel.org\/zigarrenboerek\/\" target=\"_blank\" rel=\"noopener noreferrer\">Sigara b\u00f6re\u011fi &#8211; knusprige, gef\u00fcllte Teigr\u00f6llchen<\/a><br \/>\nJill von Kleines Kuliversum: <a href=\"https:\/\/www.kleineskuliversum.com\/recipe\/pasta-mit-zucchini-pesto-und-pistazien\/\" target=\"_blank\" rel=\"noopener noreferrer\">Pasta mit Zucchini Pesto und Pistazien<\/a><br \/>\nSusi von Turbohausfrau: <a href=\"https:\/\/www.turbohausfrau.at\/2019\/09\/blogevent-humitas.html\" target=\"_blank\" rel=\"noopener noreferrer\">Humitas<\/a><br \/>\nMichelle von The Road Most Traveled: <a href=\"https:\/\/gowhereyourhearttellsyoutogo.wordpress.com\/2019\/09\/22\/urlaubserinnerungen-kulinaria\" target=\"_blank\" rel=\"noopener noreferrer\">Die kulinarische Weltreise: Von Spanien nach Singapur<\/a><br \/>\nMichael von SalzigS\u00fcssLecker: <a href=\"https:\/\/salzig-suess-lecker.de\/caprese-in-carrozza\/\" target=\"_blank\" rel=\"noopener noreferrer\">Caprese in carrozza \u2013 Kulinarische Urlaubserinnerung aus Italien<\/a><br \/>\nWallygusto: <a href=\"https:\/\/wallygusto.de\/2019\/09\/23\/padua-rundreise-durch-venetien-suedtirol-1\" target=\"_blank\" rel=\"noopener noreferrer\">Padua \u2013 (Kulinarische) Rundreise durch Venetien &amp; S\u00fcdtirol<\/a><br \/>\nmagentratzerl: <a href=\"https:\/\/magentratzerl.de\/2019\/09\/26\/hongkong-fischbaellchen-in-currysauce\/\" target=\"_blank\" rel=\"noopener noreferrer\">Hongkong-Fischb\u00e4llchen in Currysauce<\/a><br \/>\nRonald von Fr\u00e4nkische Tapas: <a href=\"https:\/\/fraenkische-tapas.de\/kaninchen-alcazar\/\" target=\"_blank\" rel=\"noopener noreferrer\">Kaninchen Alc\u00e1zar<\/a><br \/>\nPetra von Chili und Ciabatta: <a href=\"https:\/\/chili-und-ciabatta.de\/2019\/09\/ossobuco-di-vitello-geschmorte-kalbshaxe-mit-polenta\/\" target=\"_blank\" rel=\"noopener noreferrer\">Ossobuco di vitello \u2013 Geschmorte Kalbshaxe mit Polenta<\/a><br \/>\nVolker von volkermampft: <a href=\"https:\/\/volkermampft.de\/mangold-salsiccia-tagliatelle\/\" target=\"_blank\" rel=\"noopener noreferrer\">Mangold-Salsiccia Tagliatelle<\/a><br \/>\nVolker von volkermampft: <a href=\"https:\/\/volkermampft.de\/palermo-fuer-foodies-restaurants-streetfood-und-eisdielen\" target=\"_blank\" rel=\"noopener noreferrer\">Palermo f\u00fcr Foodies &#8211; Restaurants, Streetfood und Eisdielen<\/a><br \/>\nUlrike von Bambooblog: <a href=\"https:\/\/www.bambooblog.de\/2019\/09\/14\/pilze-in-china-als-healthfood\/\" target=\"_blank\" rel=\"noopener noreferrer\">Pilze in China als Healthfood<\/a><br \/>\nCornelia von SilverTravellers: <a href=\"https:\/\/www.silvertravellers.de\/kulinarische-ruegen-tipps\/\" target=\"_blank\" rel=\"noopener noreferrer\">3 kulinarische R\u00fcgen Tipps \u2013 K\u00f6stliches in Ost- und Westr\u00fcgen<\/a><br \/>\nSylvia von Brotwein: <a href=\"https:\/\/brotwein.net\/creme-brulee-das-original-rezept-selber-machen-3683\" target=\"_blank\" rel=\"noopener noreferrer\">Cr\u00e8me br\u00fbl\u00e9e &#8211; das Original-Rezept selber machen<\/a><br \/>\nSylvia von Brotwein: <a href=\"https:\/\/brotwein.net\/walnuss-tarte-mit-karamell-franzoesische-tartelette-aux-noix-3689\" target=\"_blank\" rel=\"noopener noreferrer\">Walnuss Tarte mit Karamell &#8211; franz\u00f6sische Tartelette aux Noix<\/a><br \/>\nTanja von Tanja\u2019s Life in a Box: <a href=\"https:\/\/www.tanjas-life-in-a-box.com\/aruba-restaurants-top-3\/\" target=\"_blank\" rel=\"noopener noreferrer\">Restaurants auf Aruba \u2013 Meine Top 3 Places to Eat<\/a><\/p>\n","protected":false},"excerpt":{"rendered":"<p>Kann Werbung durch weiterf\u00fchrende Links enthalten Im September dreht sich bei der kulinarischen Weltreise\u00a0von und mit Volker mampft alles um Urlaubserinnerungen. Der G\u00f6Ga und ich waren dieses Jahr im Juli eine Woche in England, da wir aber im November mit der Reisetruppe in Gro\u00dfbritanien sein werden, habe ich das Thema erst einmal zur\u00fcck gestellt. Au\u00dferdem [&hellip;]<\/p>\n","protected":false},"author":1,"featured_media":0,"comment_status":"open","ping_status":"open","sticky":false,"template":"","format":"standard","meta":{"sfsi_plus_gutenberg_text_before_share":"","sfsi_plus_gutenberg_show_text_before_share":"","sfsi_plus_gutenberg_icon_type":"","sfsi_plus_gutenberg_icon_alignemt":"","sfsi_plus_gutenburg_max_per_row":"","_jetpack_memberships_contains_paid_content":false,"footnotes":""},"categories":[169,844,10,710,572,9],"tags":[2048,2501,2500,2499,1221,2502,2496,272],"class_list":["post-16133","post","type-post","status-publish","format-standard","hentry","category-blog-events","category-kartoffelgericht","category-kochbucher","category-nachgekocht","category-spanische-kueche","category-vegetarisches","tag-die-kulinarische-weltreise","tag-mojo-rojo","tag-mojo-verde","tag-papas-arrugadas","tag-spanien","tag-teneriffa","tag-urlaubserinnerungen","tag-vegan"],"jetpack_featured_media_url":"","jetpack_sharing_enabled":true,"_links":{"self":[{"href":"https:\/\/brittas-kochbuch.info\/index.php?rest_route=\/wp\/v2\/posts\/16133"}],"collection":[{"href":"https:\/\/brittas-kochbuch.info\/index.php?rest_route=\/wp\/v2\/posts"}],"about":[{"href":"https:\/\/brittas-kochbuch.info\/index.php?rest_route=\/wp\/v2\/types\/post"}],"author":[{"embeddable":true,"href":"https:\/\/brittas-kochbuch.info\/index.php?rest_route=\/wp\/v2\/users\/1"}],"replies":[{"embeddable":true,"href":"https:\/\/brittas-kochbuch.info\/index.php?rest_route=%2Fwp%2Fv2%2Fcomments&post=16133"}],"version-history":[{"count":19,"href":"https:\/\/brittas-kochbuch.info\/index.php?rest_route=\/wp\/v2\/posts\/16133\/revisions"}],"predecessor-version":[{"id":16188,"href":"https:\/\/brittas-kochbuch.info\/index.php?rest_route=\/wp\/v2\/posts\/16133\/revisions\/16188"}],"wp:attachment":[{"href":"https:\/\/brittas-kochbuch.info\/index.php?rest_route=%2Fwp%2Fv2%2Fmedia&parent=16133"}],"wp:term":[{"taxonomy":"category","embeddable":true,"href":"https:\/\/brittas-kochbuch.info\/index.php?rest_route=%2Fwp%2Fv2%2Fcategories&post=16133"},{"taxonomy":"post_tag","embeddable":true,"href":"https:\/\/brittas-kochbuch.info\/index.php?rest_route=%2Fwp%2Fv2%2Ftags&post=16133"}],"curies":[{"name":"wp","href":"https:\/\/api.w.org\/{rel}","templated":true}]}}