{"id":16209,"date":"2019-10-03T09:07:51","date_gmt":"2019-10-03T07:07:51","guid":{"rendered":"http:\/\/brittas-kochbuch.info\/?p=16209"},"modified":"2019-10-06T12:08:24","modified_gmt":"2019-10-06T10:08:24","slug":"alles-ueber-tapas","status":"publish","type":"post","link":"https:\/\/brittas-kochbuch.info\/?p=16209","title":{"rendered":"Blog-Event: Alles \u00fcber Tapas"},"content":{"rendered":"<pre>Enth\u00e4lt Werbung durch weiterf\u00fchrende Links<\/pre>\n<p><a href=\"https:\/\/brittas-kochbuch.info\/wp-content\/uploads\/2019\/10\/20191001_tapasbanner.jpg\"><img loading=\"lazy\" decoding=\"async\" class=\"aligncenter wp-image-16212\" src=\"https:\/\/brittas-kochbuch.info\/wp-content\/uploads\/2019\/10\/20191001_tapasbanner.jpg\" alt=\"\" width=\"600\" height=\"200\" srcset=\"https:\/\/brittas-kochbuch.info\/wp-content\/uploads\/2019\/10\/20191001_tapasbanner.jpg 1000w, https:\/\/brittas-kochbuch.info\/wp-content\/uploads\/2019\/10\/20191001_tapasbanner-300x100.jpg 300w, https:\/\/brittas-kochbuch.info\/wp-content\/uploads\/2019\/10\/20191001_tapasbanner-768x256.jpg 768w, https:\/\/brittas-kochbuch.info\/wp-content\/uploads\/2019\/10\/20191001_tapasbanner-624x208.jpg 624w\" sizes=\"(max-width: 600px) 100vw, 600px\" \/><\/a><\/p>\n<p>Am 3. Oktober ist Tapas-Tag. Kein offizieller, internationaler, nein, Volker von <a href=\"https:\/\/volkermampft.de\" target=\"_blank\" rel=\"noopener\">Volker mampft<\/a>, der mit uns immer so sch\u00f6n auf <a href=\"https:\/\/volkermampft.de\/die-kulinarische-weltreise-die-grosse-foodblogger-aktion\/\" target=\"_blank\" rel=\"noopener\">kulinarische Weltreise<\/a> geht, hat sich das so ausgedacht.<\/p>\n<p>Wer mag sie nicht, die kleinen spanischen H\u00e4ppchen, die man sich so sch\u00f6n in kleiner oder gro\u00dfer Runde teilen kann?<\/p>\n<p>Ich schaffe es zwar nicht mehr, bis n\u00e4chsten Donnerstag noch eine oder mehrere Tapas zu machen, habe aber schon einige im Blog, die ich hier f\u00fcr Euch zusammenfassen m\u00f6chte.<\/p>\n<p>\u00dcber die Entstehung der kleinen H\u00e4ppchen ist nicht viel bekannt, aber das macht ja nichts. Hauptsache sie schmecken lecker.<\/p>\n<p><!--more--><\/p>\n<p>Erst f\u00fcr die letzte Kulinarische Weltreise &#8211; die Urlaubserinnerungen &#8211; habe ich zwei typische Tapas aus Spanien mitgebracht, die <a href=\"https:\/\/brittas-kochbuch.info\/?p=16133\">Papas arrugadas<\/a> mit den \u00a0Dips Mojo rojo und Mojo verde sowie <a href=\"https:\/\/brittas-kochbuch.info\/?p=16141\">Espinacas con Garbanzos<\/a>.<\/p>\n<p>Daneben gibt es noch viele weitere Tapas im Blog.<\/p>\n<p><a href=\"https:\/\/brittas-kochbuch.info\/wp-content\/uploads\/2019\/10\/20191001_tapasbuffetjpg.jpg\"><img loading=\"lazy\" decoding=\"async\" class=\"alignleft wp-image-16218 size-medium\" src=\"https:\/\/brittas-kochbuch.info\/wp-content\/uploads\/2019\/10\/20191001_tapasbuffetjpg-225x300.jpg\" alt=\"\" width=\"225\" height=\"300\" srcset=\"https:\/\/brittas-kochbuch.info\/wp-content\/uploads\/2019\/10\/20191001_tapasbuffetjpg-225x300.jpg 225w, https:\/\/brittas-kochbuch.info\/wp-content\/uploads\/2019\/10\/20191001_tapasbuffetjpg-768x1024.jpg 768w, https:\/\/brittas-kochbuch.info\/wp-content\/uploads\/2019\/10\/20191001_tapasbuffetjpg-624x832.jpg 624w\" sizes=\"(max-width: 225px) 100vw, 225px\" \/><\/a>Im Jahr 2016 habe ich zum Beispiel nach einem kulinarisch eher missratenen Mallorca-Urlaub ein kleines Tapas-Buffet f\u00fcr meinen Mann und mich gemacht.<\/p>\n<p>Von vorne nach hinten waren das:<\/p>\n<ul>\n<li>Patatas bravas<\/li>\n<li>Pimientos de Padr\u00f3n<\/li>\n<li>Dicke Bohnen mit Chorizo (dieses Gericht gibt es \u00fcbrigens auch in der portugiesischen K\u00fcche)<\/li>\n<li>mit Chili und Honig gebratene Garnelen<\/li>\n<li>Gat\u00f3 &#8211; keine Tapa, aber ein leckerer Mandelkuchen von Mallorca<\/li>\n<\/ul>\n<p>Alle Rezepte findet Ihr <a href=\"https:\/\/brittas-kochbuch.info\/?p=5270\">hier<\/a>.<\/p>\n<p>Ganz typisch f\u00fcr die Tapas-Auswahl sind auch die <a href=\"https:\/\/brittas-kochbuch.info\/?p=8814\">Alb\u00f3ndigas<\/a>, kleine Fleischb\u00e4llchen, die entweder in pikanter Tomatensauce oder mit Aioli serviert werden. Ich habe auch mal welche zu Patatas bravas und Pimientos de Padr\u00f3n gemacht, allerdings ohne Sauce, die ja schon mit den &#8222;wilden Kartoffeln&#8220; serviert wurde.<\/p>\n<p>Sehr oft gibt es bei uns auch ein Tortilla espa\u00f1ola, die es nicht nur als Tapa gibt. In Spanien wird sie auch gerne mal kalt im Boquadillo (einem baguette\u00e4hnlichen Br\u00f6tchen) als Snack zwischen durch gebacken.<\/p>\n<p>Ich habe mehrere Rezepte im Blog, z. B. <a href=\"https:\/\/brittas-kochbuch.info\/?p=2347\">hier<\/a> oder <a href=\"https:\/\/brittas-kochbuch.info\/?p=15872\">hier<\/a>.\u00a0Ich mache die Tortilla zwar meist als Hauptgericht mit Salat, aber nat\u00fcrlich geh\u00f6rt sie unbedingt auch zu den Tapas.<\/p>\n<p>Auch ein leckeres <a href=\"https:\/\/brittas-kochbuch.info\/?p=2019\">Tumbet<\/a>, der typische mallorquinische Gem\u00fcseauflauf, geh\u00f6rt f\u00fcr mich unbedingt auf ein Tapas-Buffet.<\/p>\n<p>Auf Mallorca haben wir es neben Alb\u00f3ndigas und Patatas bravas im Restaurant Roma in <a href=\"https:\/\/brittas-kochbuch.info\/?p=4493\">Port de Soll\u00e9r<\/a> gegessen. Es handelt sich zwar vordergr\u00fcndig um eine Pizzeria, aber Einheimische an der Theke lie\u00df uns vermuten, dass man dort auch spanische K\u00fcche essen kann.<\/p>\n<p>Typisch f\u00fcr Mallorca ist auch das Pan Moreno, dass man f\u00fcr P&#8217;amb oli (R\u00f6stbrot mit Oliven\u00f6l) oder P&#8217;amb tom\u00e0quet (R\u00f6stbrot mit Tomatenst\u00fcckchen, \u00e4hnlich der italienischen Bruschetta) nimmt, aber auch herzhaft mit Queso manchego oder Jam\u00f3n ib\u00e9rico belegt bekommt.<\/p>\n<p><a href=\"https:\/\/brittas-kochbuch.info\/wp-content\/uploads\/2016\/05\/pamboli_lagranja.jpg\"><img loading=\"lazy\" decoding=\"async\" class=\"aligncenter wp-image-4430\" src=\"https:\/\/brittas-kochbuch.info\/wp-content\/uploads\/2016\/05\/pamboli_lagranja.jpg\" alt=\"\" width=\"555\" height=\"416\" srcset=\"https:\/\/brittas-kochbuch.info\/wp-content\/uploads\/2016\/05\/pamboli_lagranja.jpg 3264w, https:\/\/brittas-kochbuch.info\/wp-content\/uploads\/2016\/05\/pamboli_lagranja-300x225.jpg 300w, https:\/\/brittas-kochbuch.info\/wp-content\/uploads\/2016\/05\/pamboli_lagranja-768x576.jpg 768w, https:\/\/brittas-kochbuch.info\/wp-content\/uploads\/2016\/05\/pamboli_lagranja-1024x768.jpg 1024w, https:\/\/brittas-kochbuch.info\/wp-content\/uploads\/2016\/05\/pamboli_lagranja-624x468.jpg 624w\" sizes=\"(max-width: 555px) 100vw, 555px\" \/><\/a><\/p>\n<p>Das <a href=\"https:\/\/brittas-kochbuch.info\/?p=4578\">Brot<\/a> habe ich dann zu Hause nachgebacken &#8211; einmal mit nicht so viel Erfolg, aber einmal ist es gut geworden.<\/p>\n<p>Wie auf dem Teller zu sehen, geh\u00f6rten nat\u00fcrlich auch Oliven unbedingt zu den kalten Tapas.<\/p>\n<p>Auch <a href=\"https:\/\/brittas-kochbuch.info\/?p=8809\">Gazpacho andal\u00faz<\/a> findet man hin und wieder auf Tapas-Karten. Die erfrischende kalte Gem\u00fcsesuppe wird dann gerne in kleinen Gl\u00e4sern oder Espressotassen serviert.<\/p>\n<p>Die besten Tapas ausw\u00e4rts haben wir bisher auf Mallorca und in Soest gegessen.<\/p>\n<p>Die Bar <a href=\"https:\/\/www.facebook.com\/senortapas.mallorca\/\" target=\"_blank\" rel=\"noopener\">Se\u00f1or Tapas<\/a> haben wir leider erst an unserem <a href=\"https:\/\/brittas-kochbuch.info\/?p=4514\">letzten Urlaubstag entdeckt<\/a>, aber daf\u00fcr wurden wir dort f\u00fcr mieses Hotelessen entsch\u00e4digt. Ich hoffe sehr, dass sich dieses tolles Restaurant halten konnte. Die Webseite ist leider offline, aber die FB-Seite sieht noch aktuell aus.<\/p>\n<p>Anl\u00e4sslich unseres 20. Hochzeitstages im August 2018 waren wir im Restauran Cesar&#8217;s in Soest, wo wir Tapas auf Sterneniveau genossen, wie Ihr hier <a href=\"https:\/\/brittas-kochbuch.info\/?p=13255\">sehen und lesen<\/a> k\u00f6nnt.<\/p>\n<p><a href=\"https:\/\/brittas-kochbuch.info\/wp-content\/uploads\/2018\/08\/20180825_cesar03.jpg\"><img loading=\"lazy\" decoding=\"async\" class=\"wp-image-13257 aligncenter\" src=\"https:\/\/brittas-kochbuch.info\/wp-content\/uploads\/2018\/08\/20180825_cesar03.jpg\" alt=\"\" width=\"425\" height=\"319\" srcset=\"https:\/\/brittas-kochbuch.info\/wp-content\/uploads\/2018\/08\/20180825_cesar03.jpg 4032w, https:\/\/brittas-kochbuch.info\/wp-content\/uploads\/2018\/08\/20180825_cesar03-300x225.jpg 300w, https:\/\/brittas-kochbuch.info\/wp-content\/uploads\/2018\/08\/20180825_cesar03-768x576.jpg 768w, https:\/\/brittas-kochbuch.info\/wp-content\/uploads\/2018\/08\/20180825_cesar03-1024x768.jpg 1024w, https:\/\/brittas-kochbuch.info\/wp-content\/uploads\/2018\/08\/20180825_cesar03-624x468.jpg 624w\" sizes=\"(max-width: 425px) 100vw, 425px\" \/><\/a> <a href=\"https:\/\/brittas-kochbuch.info\/wp-content\/uploads\/2018\/08\/20180825_cesar04.jpg\"><img loading=\"lazy\" decoding=\"async\" class=\"wp-image-13256 aligncenter\" src=\"https:\/\/brittas-kochbuch.info\/wp-content\/uploads\/2018\/08\/20180825_cesar04.jpg\" alt=\"\" width=\"425\" height=\"567\" srcset=\"https:\/\/brittas-kochbuch.info\/wp-content\/uploads\/2018\/08\/20180825_cesar04.jpg 3024w, https:\/\/brittas-kochbuch.info\/wp-content\/uploads\/2018\/08\/20180825_cesar04-225x300.jpg 225w, https:\/\/brittas-kochbuch.info\/wp-content\/uploads\/2018\/08\/20180825_cesar04-768x1024.jpg 768w, https:\/\/brittas-kochbuch.info\/wp-content\/uploads\/2018\/08\/20180825_cesar04-624x832.jpg 624w\" sizes=\"(max-width: 425px) 100vw, 425px\" \/><\/a><\/p>\n<h6 style=\"text-align: center;\">Die Beschreibungen zu den Bilder findet Ihr im oben verlinkten Beitrag.<\/h6>\n<p>Leider ist das Restaurant seit Ende 2018 geschlossen, was wir sehr bedauern, denn es war mit das einzige Restaurant mit einem gewissen kulinarischen Anspruch in unserem Kaff. Eine angebliche Wiederer\u00f6ffnung in anderen R\u00e4umlichkeiten ist bisher noch nicht erfolgt.<\/p>\n<p>So, das war&#8217;s mit meinem kleinen Exkurs in die Welt der Tapas.<\/p>\n<hr \/>\n<p>Ebenfalls werden hier Tapas serviert:<\/p>\n<p>Melanie von GermanFoodies: <a title=\"Drei lecker leichte Tapas\" href=\"https:\/\/www.germanfoodies.de\/drei-lecker-leichte-tapas\/\" rel=\"noopener\">Drei lecker leichte Tapas<\/a><\/p>\n<p>Ragnar von 5 auf Reisen: <a title=\"Spanish Tapas: 50 Shades of Croquettes\" href=\"https:\/\/5aufreisen.wordpress.com\/2019\/10\/02\/spanish-tapas-50-shades-of-croquettes\/\" rel=\"noopener noreferrer\">Spanish Tapas: 50 Shades of Croquettes<\/a><\/p>\n<p>Simone von zimtkringel: <a title=\"Zeit f\u00fcr Tapas\" href=\"https:\/\/www.zimtkringel.org\/zeit-fuer-tapas\/\" rel=\"noopener\">Zeit f\u00fcr Tapas<\/a><\/p>\n<p>Sylvia von Brotwein: <a title=\"Pimientos de Padr\u00f3n - Spanische Bratpaprika mit Meersalz\" href=\"https:\/\/brotwein.net\/pimientos-de-padron-spanische-bratpaprika-mit-meersalz-3711\" rel=\"noopener\">Pimientos de Padr\u00f3n \u2013 Spanische Bratpaprika mit Meersalz<\/a><\/p>\n<p>Tanja von Liebe&amp;Kochen: <a title=\"Mini-Tortilla mit K\u00e4sef\u00fcllung\" href=\"https:\/\/liebeundkochen.wordpress.com\/2019\/10\/03\/tapas-mini-tortilla-mit-kaesefuellung\/\" rel=\"noopener\">Mini-Tortilla mit K\u00e4sef\u00fcllung<\/a><\/p>\n<p>Wilma von Pane-Bistecca: <a title=\"Patats Bravas y Salsa Brava - Spanish Tapas\" href=\"https:\/\/www.pane-bistecca.com\/2019\/10\/03\/patatas-bravas-y-salsa-brava-spanish-tapas\/\" rel=\"noopener\">Patatas Bravas y Salsa Brava \u2013 Spanish Tapas<\/a><\/p>\n<p>Wilma von Pane-Bistecca: <a title=\"Spanische Zitronenhuehnchen Tapa-Spanish Lemon ChickenTapa\" href=\"https:\/\/www.pane-bistecca.com\/2019\/10\/03\/spanische-zitronenhuehnchen-tapa-spanish-lemon-chicken-tapa\/\" rel=\"noopener\">Spanische Zitronenhuehnchen Tapa-Spanish Lemon Chicken Tapa<\/a><\/p>\n<p>Wilma von Pane-Bistecca: <a title=\"Berenjenas Gratinadas-Auberginen auf spanish-Spanish Tapas\" href=\"https:\/\/www.pane-bistecca.com\/2019\/10\/03\/berenjenas-gratinadas-auberginen-auf-spanisch-spanish-tapas\" rel=\"noopener\">Berenjenas Gratinadas-Auberginen auf spanish-Spanish Tapas<\/a><\/p>\n","protected":false},"excerpt":{"rendered":"<p>Enth\u00e4lt Werbung durch weiterf\u00fchrende Links Am 3. Oktober ist Tapas-Tag. Kein offizieller, internationaler, nein, Volker von Volker mampft, der mit uns immer so sch\u00f6n auf kulinarische Weltreise geht, hat sich das so ausgedacht. Wer mag sie nicht, die kleinen spanischen H\u00e4ppchen, die man sich so sch\u00f6n in kleiner oder gro\u00dfer Runde teilen kann? Ich schaffe [&hellip;]<\/p>\n","protected":false},"author":1,"featured_media":0,"comment_status":"open","ping_status":"open","sticky":false,"template":"","format":"standard","meta":{"sfsi_plus_gutenberg_text_before_share":"","sfsi_plus_gutenberg_show_text_before_share":"","sfsi_plus_gutenberg_icon_type":"","sfsi_plus_gutenberg_icon_alignemt":"","sfsi_plus_gutenburg_max_per_row":"","_jetpack_memberships_contains_paid_content":false,"footnotes":""},"categories":[169,10,47,710,572],"tags":[1792,1067,172,2497,2499,1068,1122,1066,2505,2506,573],"class_list":["post-16209","post","type-post","status-publish","format-standard","hentry","category-blog-events","category-kochbucher","category-mein-rezept","category-nachgekocht","category-spanische-kueche","tag-gazpacho-andaluz","tag-albondigas","tag-blog-event","tag-espinacas-con-garbanzos","tag-papas-arrugadas","tag-patatas-bravas","tag-pimientos-de-padron","tag-tapas","tag-tapas-tag","tag-tortilla-de-patatas","tag-tumbet"],"jetpack_featured_media_url":"","jetpack_sharing_enabled":true,"_links":{"self":[{"href":"https:\/\/brittas-kochbuch.info\/index.php?rest_route=\/wp\/v2\/posts\/16209"}],"collection":[{"href":"https:\/\/brittas-kochbuch.info\/index.php?rest_route=\/wp\/v2\/posts"}],"about":[{"href":"https:\/\/brittas-kochbuch.info\/index.php?rest_route=\/wp\/v2\/types\/post"}],"author":[{"embeddable":true,"href":"https:\/\/brittas-kochbuch.info\/index.php?rest_route=\/wp\/v2\/users\/1"}],"replies":[{"embeddable":true,"href":"https:\/\/brittas-kochbuch.info\/index.php?rest_route=%2Fwp%2Fv2%2Fcomments&post=16209"}],"version-history":[{"count":19,"href":"https:\/\/brittas-kochbuch.info\/index.php?rest_route=\/wp\/v2\/posts\/16209\/revisions"}],"predecessor-version":[{"id":16231,"href":"https:\/\/brittas-kochbuch.info\/index.php?rest_route=\/wp\/v2\/posts\/16209\/revisions\/16231"}],"wp:attachment":[{"href":"https:\/\/brittas-kochbuch.info\/index.php?rest_route=%2Fwp%2Fv2%2Fmedia&parent=16209"}],"wp:term":[{"taxonomy":"category","embeddable":true,"href":"https:\/\/brittas-kochbuch.info\/index.php?rest_route=%2Fwp%2Fv2%2Fcategories&post=16209"},{"taxonomy":"post_tag","embeddable":true,"href":"https:\/\/brittas-kochbuch.info\/index.php?rest_route=%2Fwp%2Fv2%2Ftags&post=16209"}],"curies":[{"name":"wp","href":"https:\/\/api.w.org\/{rel}","templated":true}]}}