{"id":16951,"date":"2020-01-15T13:56:01","date_gmt":"2020-01-15T12:56:01","guid":{"rendered":"http:\/\/brittas-kochbuch.info\/?p=16951"},"modified":"2020-03-08T16:30:47","modified_gmt":"2020-03-08T15:30:47","slug":"die-kulinarische-weltreise-langos-ungarn","status":"publish","type":"post","link":"https:\/\/brittas-kochbuch.info\/?p=16951","title":{"rendered":"Die kulinarische Weltreise: L\u00e1ngos aus der Hei\u00dfluftfritteuse (Ungarn)"},"content":{"rendered":"\n\n<p><a title=\"Blogger Aktion &quot;Die kulinarische Weltreise von @volkermampft\" href=\"https:\/\/volkermampft.de\/die-kulinarische-weltreise-die-grosse-foodblogger-aktion\" target=\"_blank\" rel=\"noopener noreferrer\"><img loading=\"lazy\" decoding=\"async\" src=\"https:\/\/volkermampft.de\/wp-content\/uploads\/2018\/02\/kulinarische_weltreise_500x200.png\" alt=\"Blogger Aktion &quot;Die kulinarische Weltreise von @volkermampft\" width=\"500\" height=\"200\"><\/a><\/p>\n\n\n<p>Eigentlich werden <a rel=\"noreferrer noopener\" aria-label=\"Lang\u00f3s (\u00f6ffnet in neuem Tab)\" href=\"https:\/\/de.wikipedia.org\/wiki\/L\u00e1ngos\" target=\"_blank\">L\u00e1ngos<\/a> in Ungarn als Snack zwischendurch oder auch als &#8222;Streetfood&#8220; gegessen. Seit einigen Jahren gibt es sie auch bei uns auf Jahr- oder Weihnachtsm\u00e4rkten und \u00e4hnlichen Veranstaltungen.  Ich muss zugeben, dass ich sie bis dato noch nicht probiert habe.<\/p>\n\n\n\n<p>Im Rahmen der <a rel=\"noreferrer noopener\" aria-label=\"kulinarischen Weltreise (\u00f6ffnet in neuem Tab)\" href=\"https:\/\/volkermampft.de\/die-kulinarische-weltreise-die-grosse-foodblogger-aktion\/\" target=\"_blank\">kulinarischen Weltreise<\/a>, organisiert von <a rel=\"noreferrer noopener\" aria-label=\"Volker mampft (\u00f6ffnet in neuem Tab)\" href=\"https:\/\/volkermampft.de\/\" target=\"_blank\">Volker mampft<\/a>, geht es diesen Monat nach <a rel=\"noreferrer noopener\" aria-label=\"Ungarn (\u00f6ffnet in neuem Tab)\" href=\"https:\/\/volkermampft.de\/rezepte-und-gerichte-aus-ungarn-das-beste-der-ungarischen-kueche\/\" target=\"_blank\">Ungarn<\/a>. Was l\u00e4ge da n\u00e4her, als die L\u00e1ngos selber zu backen.<\/p>\n\n\n\n<p>Bei uns gibt es sie aber nicht als Snack f\u00fcr zwischendurch, sondern als Beilage zum <a href=\"https:\/\/brittas-kochbuch.info\/?p=16937\">Sz\u00e9kelyguly\u00e1s<\/a>, in Deutschland auch als Szegediner Gulasch bekannt.<\/p>\n\n\n\n<p>Das Rezept f\u00fcr die <a rel=\"noreferrer noopener\" aria-label=\"Lang\u00f3s aus Kartoffelteig, genannt Burgonyal\u00e1ngos (\u00f6ffnet in neuem Tab)\" href=\"https:\/\/paprikameetskardamom.wordpress.com\/2008\/11\/07\/frittierte-brotfladen-langos\/\" target=\"_blank\">L\u00e1ngos aus Kartoffelteig, genannt <em>Burgonyal\u00e1ngos<\/em><\/a>, habe ich &#8211; wie auch jenes f\u00fcr oben erw\u00e4hntes Gulasch &#8211; ebenfalls bei Anik\u00f3 von <a rel=\"noreferrer noopener\" aria-label=\"Paprika meets Kardamom (\u00f6ffnet in neuem Tab)\" href=\"https:\/\/paprikameetskardamom.wordpress.com\/\" target=\"_blank\">Paprika meets Kardamom<\/a> gefunden.<\/p>\n\n\n\n<p>Bei uns wurden die Teigfladen nicht im tiefen Fett frittiert, sondern in der Hei\u00dfluftfritteuse (<a href=\"https:\/\/brittas-kochbuch.info\/?p=6594\">VitAir Turbo von Klarstein<\/a>) zubereitet.<\/p>\n\n\n\n<figure class=\"wp-block-image size-large is-resized\"><img loading=\"lazy\" decoding=\"async\" src=\"https:\/\/brittas-kochbuch.info\/wp-content\/uploads\/2020\/01\/20200112_langos02-1024x768.jpg\" alt=\"\" class=\"wp-image-16973\" width=\"555\" height=\"417\" srcset=\"https:\/\/brittas-kochbuch.info\/wp-content\/uploads\/2020\/01\/20200112_langos02-1024x768.jpg 1024w, https:\/\/brittas-kochbuch.info\/wp-content\/uploads\/2020\/01\/20200112_langos02-300x225.jpg 300w, https:\/\/brittas-kochbuch.info\/wp-content\/uploads\/2020\/01\/20200112_langos02-768x576.jpg 768w, https:\/\/brittas-kochbuch.info\/wp-content\/uploads\/2020\/01\/20200112_langos02-1536x1152.jpg 1536w, https:\/\/brittas-kochbuch.info\/wp-content\/uploads\/2020\/01\/20200112_langos02-2048x1536.jpg 2048w, https:\/\/brittas-kochbuch.info\/wp-content\/uploads\/2020\/01\/20200112_langos02-624x468.jpg 624w\" sizes=\"(max-width: 555px) 100vw, 555px\" \/><\/figure>\n\n\n\n<!--more-->\n\n\n\n<h6 class=\"wp-block-heading\">Zutaten f\u00fcr 4 L\u00e1ngos:<\/h6>\n\n\n\n<ul class=\"wp-block-list\"><li>250 g gekochte, durchgedrehte Kartoffeln<em> (ich hatte am Vortag Pellkartoffeln gekocht)<\/em><\/li><li>300 g Mehl<\/li><li>10 g Hefe<\/li><li>Milch oder Wasser<\/li><li>Salz<\/li><li>etwas \u00d6l zum Bespr\u00fchen<\/li><\/ul>\n\n\n\n<h6 class=\"wp-block-heading\">Zubereitung:<\/h6>\n\n\n\n<p>Ich habe am Abend vorher die Hefe mit etwas lauwarmem Wasser und etwas Mehl zu einem Vorteig verr\u00fchrt und diesen in der warmen K\u00fcche gehen lassen.<\/p>\n\n\n\n<p>Das Mehl warm stellen. Die gekochten, gepellten Kartoffeln zweimal durch eine Kartoffelpresse geben.<\/p>\n\n\n\n<p>Die Kartoffeln mit dem Mehl vermischen, den Vorteig hinzugeben, leicht salzen. Das Ganze mit soviel Wasser oder Milch (ich hatte noch einen Rest von <a href=\"https:\/\/brittas-kochbuch.info\/?p=16960\">G\u00f6Gas Waffelrezept<\/a>) durchkneten, dass eine brotteig\u00e4hnliche feste Masse entsteht.<\/p>\n\n\n\n<p>Mit Mehl bestreuen, mit einem Tuch abdecken, lauwarm stellen und gehen lassen. <em>(Mein Teig durfte f\u00fcr 30 Minuten in den auf knapp 50 \u00b0C Umluft geschalteten Backofen.)<\/em><br><\/p>\n\n\n\n<p>Danach auf einem mit Mehl bestreuten Brett aus dem Teig ungef\u00e4hr bleistiftdicke, runde Fladen ausrollen. <em>(Ich habe hierf\u00fcr ein Backblech mit Silikonbackmatte genommen und die Fladen, \u00e4hnlich wie bei einer Pizza von Hand ausgezogen. Danach durften sie bis zum Abendessen abgedeckt im Backofen ruhen.) <\/em>An 2 bis 3 Stellen einschneiden, damit sie nicht zusammen schrumpfen.<\/p>\n\n\n\n<p>Ein St\u00fcck Backpapier au f den Rost der VitAir Turbo legen. Die Lang\u00f3s von beiden Seiten mit \u00d6l bespr\u00fchen und jeweils zwei Fladen 9 Minuten bei 230 Grad frittieren. Umdrehen und 6 Minuten gleiche Temperatur von der anderen Seite fertig backen. W\u00e4hrend die zwei weiteren Fladen backen, bei ca. 100 \u00b0C Umluft im Backofen warm halten.<\/p>\n\n\n\n<figure class=\"wp-block-image size-large is-resized\"><img loading=\"lazy\" decoding=\"async\" src=\"https:\/\/brittas-kochbuch.info\/wp-content\/uploads\/2020\/01\/20200112_langos-1024x768.jpg\" alt=\"\" class=\"wp-image-16972\" width=\"555\" height=\"414\"\/><\/figure>\n\n\n\n<p>Nicht sch\u00f6n, aber lecker. Die L\u00e1ngos haben wir in die Sauce vom Gulasch getunkt.<\/p>\n","protected":false},"excerpt":{"rendered":"<p>Eigentlich werden L\u00e1ngos in Ungarn als Snack zwischendurch oder auch als &#8222;Streetfood&#8220; gegessen. Seit einigen Jahren gibt es sie auch bei uns auf Jahr- oder Weihnachtsm\u00e4rkten und \u00e4hnlichen Veranstaltungen. Ich muss zugeben, dass ich sie bis dato noch nicht probiert habe. Im Rahmen der kulinarischen Weltreise, organisiert von Volker mampft, geht es diesen Monat nach [&hellip;]<\/p>\n","protected":false},"author":1,"featured_media":0,"comment_status":"open","ping_status":"open","sticky":false,"template":"","format":"standard","meta":{"sfsi_plus_gutenberg_text_before_share":"","sfsi_plus_gutenberg_show_text_before_share":"","sfsi_plus_gutenberg_icon_type":"","sfsi_plus_gutenberg_icon_alignemt":"","sfsi_plus_gutenburg_max_per_row":"","_jetpack_memberships_contains_paid_content":false,"footnotes":""},"categories":[169,628,10,710,9],"tags":[2567,2048,1350,1349,2568,2560,25],"class_list":["post-16951","post","type-post","status-publish","format-standard","hentry","category-blog-events","category-brot-broetchen-und-herzhaftes-gebaeck","category-kochbucher","category-nachgekocht","category-vegetarisches","tag-burgonyalangos","tag-die-kulinarische-weltreise","tag-heissluftfritteuse","tag-klarstein-vitair-turbo","tag-langos","tag-ungarn","tag-vegetarisch"],"jetpack_featured_media_url":"","jetpack_sharing_enabled":true,"_links":{"self":[{"href":"https:\/\/brittas-kochbuch.info\/index.php?rest_route=\/wp\/v2\/posts\/16951"}],"collection":[{"href":"https:\/\/brittas-kochbuch.info\/index.php?rest_route=\/wp\/v2\/posts"}],"about":[{"href":"https:\/\/brittas-kochbuch.info\/index.php?rest_route=\/wp\/v2\/types\/post"}],"author":[{"embeddable":true,"href":"https:\/\/brittas-kochbuch.info\/index.php?rest_route=\/wp\/v2\/users\/1"}],"replies":[{"embeddable":true,"href":"https:\/\/brittas-kochbuch.info\/index.php?rest_route=%2Fwp%2Fv2%2Fcomments&post=16951"}],"version-history":[{"count":13,"href":"https:\/\/brittas-kochbuch.info\/index.php?rest_route=\/wp\/v2\/posts\/16951\/revisions"}],"predecessor-version":[{"id":17447,"href":"https:\/\/brittas-kochbuch.info\/index.php?rest_route=\/wp\/v2\/posts\/16951\/revisions\/17447"}],"wp:attachment":[{"href":"https:\/\/brittas-kochbuch.info\/index.php?rest_route=%2Fwp%2Fv2%2Fmedia&parent=16951"}],"wp:term":[{"taxonomy":"category","embeddable":true,"href":"https:\/\/brittas-kochbuch.info\/index.php?rest_route=%2Fwp%2Fv2%2Fcategories&post=16951"},{"taxonomy":"post_tag","embeddable":true,"href":"https:\/\/brittas-kochbuch.info\/index.php?rest_route=%2Fwp%2Fv2%2Ftags&post=16951"}],"curies":[{"name":"wp","href":"https:\/\/api.w.org\/{rel}","templated":true}]}}