{"id":17116,"date":"2020-01-31T11:04:44","date_gmt":"2020-01-31T10:04:44","guid":{"rendered":"http:\/\/brittas-kochbuch.info\/?p=17116"},"modified":"2020-02-02T13:03:25","modified_gmt":"2020-02-02T12:03:25","slug":"update-die-kulinarische-weltreise-war-in-ungarn","status":"publish","type":"post","link":"https:\/\/brittas-kochbuch.info\/?p=17116","title":{"rendered":"Update: Die kulinarische Weltreise war in Ungarn"},"content":{"rendered":"\n\n\n<p>Der Januar 2020 ist fast vorbei und somit endet auch unser Zwischenstopp in <a href=\"https:\/\/volkermampft.de\/rezepte-und-gerichte-aus-ungarn-das-beste-der-ungarischen-kueche\/\" target=\"_blank\" rel=\"noreferrer noopener\" aria-label=\"Ungarn (\u00f6ffnet in neuem Tab)\">Ungarn<\/a> im Rahmen der von <a href=\"https:\/\/volkermampft.de\/\" target=\"_blank\" rel=\"noreferrer noopener\" aria-label=\"Volker mampft (\u00f6ffnet in neuem Tab)\">Volker mampft<\/a> organisierten <a href=\"https:\/\/volkermampft.de\/die-kulinarische-weltreise-die-grosse-foodblogger-aktion\/\" target=\"_blank\" rel=\"noreferrer noopener\" aria-label=\"Kulinarische Weltreise (\u00f6ffnet in neuem Tab)\">Kulinarische Weltreise<\/a>.<\/p>\n\n\n\n<p>Hier seht Ihr alle Rezepte der Mitreisenden:<\/p>\n\n\n<ul>\n<li>K\u00fcchenlatein: <a title=\"Petersilienwurzel-Cremesuppe\" href=\"https:\/\/kuechenlatein.com\/petersilienwurzel-cremesuppe\/\" target=\"_blank\" rel=\"noopener noreferrer\">Petersilienwurzel-Cremesuppe<\/a>&nbsp;<\/li>\n<li>Susi von Turbohausfrau: <a title=\"Suppe nach Paloczen-Art\" href=\"https:\/\/www.turbohausfrau.at\/2020\/01\/kulinarische-weltreise-suppe-nach.html\" target=\"_blank\" rel=\"noopener noreferrer\">Suppe nach Paloczen-Art<\/a><\/li>\n<li>Cornelia von SilverTravellers: <a title=\"P\u00f6rk\u00f6lt \u2013 Ungarisches Gulasch mit Paprika\" href=\"https:\/\/www.silvertravellers.de\/poerkoelt-ungarisches-gulasch-mit-paprika\/\" target=\"_blank\" rel=\"noopener noreferrer\">P\u00f6rk\u00f6lt \u2013 Ungarisches Gulasch mit Paprika<\/a><\/li>\n<li>Tina von K\u00fcchenmomente: <a title=\"Ungarische L\u00e1ngos\" href=\"https:\/\/www.kuechenmomente.de\/ungarische-langos\/\" target=\"_blank\" rel=\"noopener noreferrer\">Ungarische L\u00e1ngos<\/a><\/li>\n<li>Britta von Backmaedchen 1967: <a title=\"\" href=\"https:\/\/backmaedchen1967.de\/pogacsa-ungarisches-gebaeck\/\" target=\"_blank\" rel=\"noopener noreferrer\">Pog\u00e1csa ungarisches Geb\u00e4ck<\/a><\/li>\n<li>Simone von zimtkringel: <a title=\"Ungarischer Apfelkuchen Alm\u00e1s pite\" href=\"https:\/\/www.zimtkringel.org\/ungarischer-apfelkuchen\/\" target=\"_blank\" rel=\"noopener noreferrer\">Ungarischer Apfelkuchen Alm\u00e1s pite<\/a><\/li>\n<li>Petra von Chili und Ciabatta: <a title=\"Ungarische Kastanientorte \u2013 Gesztenyetorta\" href=\"https:\/\/chili-und-ciabatta.de\/2020\/01\/ungarische-kastanientorte-gesztenyetorta\/\" target=\"_blank\" rel=\"noopener noreferrer\">Ungarische Kastanientorte \u2013 Gesztenyetorta<\/a><\/li>\n<li>Petra von Chili und Ciabatta: <a title=\"Rinder-P\u00f6rk\u00f6lt nach K\u00e1roly Gundel mit Tarhonya und Gurkensalat\" href=\"https:\/\/chili-und-ciabatta.de\/2020\/01\/rinder-poerkoelt-nach-karoly-gundel-mit-tarhonya-und-gurkensalat\/\" target=\"_blank\" rel=\"noopener noreferrer\">Rinder-P\u00f6rk\u00f6lt nach K\u00e1roly Gundel mit Tarhonya und Gurkensalat<\/a><\/li>\n<li>Carina von Coffee2Stay: <a href=\"https:\/\/coffee2stay.wordpress.com\/2020\/01\/08\/scharfes-paprikahuhn-nach-ungarischem-vorbild\/\" target=\"_blank\" rel=\"noopener noreferrer\">Scharfes Paprikahuhn nach ungarischem Vorbild<\/a><\/li>\n<li>Ronald von Fr\u00e4nkische Tapas: <a title=\"Ungarische Fischsuppe mit Aischgr\u00fcnder Karpfen\" href=\"https:\/\/fraenkische-tapas.de\/ungarische-fischsuppe-mit-aischgruender-karpfen\/\" target=\"_blank\" rel=\"noopener noreferrer\">Ungarische Fischsuppe mit Aischgr\u00fcnder Karpfen<\/a><\/li>\n<li>Susanne von magentratzerl: <a title=\"Paprik\u00e1s krumpli\" href=\"https:\/\/magentratzerl.de\/2020\/01\/11\/paprikas-krumpli\/\" target=\"_blank\" rel=\"noopener noreferrer\">Paprik\u00e1s krumpli<\/a><\/li>\n<li>Wilma von Pane-Bistecca: <a title=\"T\u00f6lt\u00f6tt K\u00e1poszta \u2013 Ungarische Kohlrouladen \" href=\"http:\/\/pane-bistecca.com\/2020\/01\/11\/toltott-kaposzta-ungarische-kohlrouladen-cabbage-roulade-from-hungry\/\" target=\"_blank\" rel=\"noopener noreferrer\">T\u00f6lt\u00f6tt K\u00e1poszta \u2013 Ungarische Kohlrouladen&nbsp;<\/a><\/li>\n<li>Britta von Brittas Kochbuch: <a title=\"Sz\u00e9kelyguly\u00e1s\" href=\"https:\/\/brittas-kochbuch.info\/?p=16937\" target=\"_blank\" rel=\"noopener noreferrer\">Sz\u00e9kelyguly\u00e1s aka Szegediner Gulasch<\/a><\/li>\n<li>Britta von Brittas Kochbuch: <a title=\"L\u00e1ngos\" href=\"https:\/\/brittas-kochbuch.info\/?p=16951\" target=\"_blank\" rel=\"noopener noreferrer\">L\u00e1ngos aus der Hei\u00dfluftfritteuse<\/a><\/li>\n<li>Susanne von magentratzerl: <a title=\"Houby Paprik\u00e1s - Ungarische Paprikapilze\" href=\"https:\/\/magentratzerl.de\/2020\/01\/15\/houby-paprikas-ungarische-paprikapilze\/\" target=\"_blank\" rel=\"noopener noreferrer\">Ungarische Paprikapilze<\/a><\/li>\n<li>Gabi von slowcooker.de: <a title=\"Ungarische Mohnbuchteln mit Vanillesauce - Makos Bukta\" href=\"https:\/\/slowcooker.de\/2020\/kulinarische-weltreise-ungarn-mohnbuchteln-makos-bukta\" target=\"_blank\" rel=\"noopener noreferrer\">Ungarische Mohnbuchteln mit Vanillesauce<\/a><\/li>\n<li>Conny von Mein wunderbares Chaos: <a title=\"Ungarische Gundel-Palatschinken\" href=\"https:\/\/meinwunderbareschaos.de\/ungarische-gundel-palatschinken\" target=\"_blank\" rel=\"noopener noreferrer\">Ungarische Gundel-Palatschinken<\/a><\/li>\n<li>Petra von Chili und Ciabatta: <a title=\"Gef\u00fcllte Zwiebeln nach Mak\u00f3er Art\" href=\"https:\/\/chili-und-ciabatta.de\/2020\/01\/gefuellte-zwiebeln-nach-makoer-art\/\" target=\"_blank\" rel=\"noopener noreferrer\">Gef\u00fcllte Zwiebeln nach Mak\u00f3er Art<\/a><\/li>\n<li>Conny von Mein wunderbares Chaos: <a href=\"https:\/\/meinwunderbareschaos.de\/langos-ganz-einfach-selber-machen\/\u201d title=\" target=\"_blank\" rel=\"noopener noreferrer\">L\u00e1ngos ganz einfach selber machen<\/a><\/li>\n<li>Britta von Brittas Kochbuch: <a title=\"Letscho\" href=\"https:\/\/brittas-kochbuch.info\/?p=17006\" target=\"_blank\" rel=\"noopener noreferrer\">Lesc\u00f3\/Letscho<\/a><\/li>\n<li>Sylvia von Brotwein: <a title=\"Szegediner Gulasch \u2013 Ungarisches Sauerkraut Gulasch\" href=\"https:\/\/brotwein.net\/szegediner-gulasch-ungarisches-sauerkraut-gulasch-4041\" target=\"_blank\" rel=\"noopener noreferrer\">Szegediner Gulasch \u2013 Ungarisches Sauerkraut Gulasch<\/a><\/li>\n<li>Petra von Chili und Ciabatta: <a title=\"Nachtschw\u00e4rmer-Suppe \u2013 Korhelyleves\" href=\"https:\/\/chili-und-ciabatta.de\/2020\/01\/nachtschwaermer-suppe-korhelyleves\/\" target=\"_blank\" rel=\"noopener noreferrer\">Nachtschw\u00e4rmer-Suppe \u2013 Korhelyleves<\/a><\/li>\n<li>Sylvia von Brotwein: <a title=\"Ungarische Gulaschsuppe Rezept\" href=\"https:\/\/brotwein.net\/ungarische-gulaschsuppe-rezept-4049\" target=\"_blank\" rel=\"noopener noreferrer\">Ungarische Gulaschsuppe Rezept<\/a><\/li>\n<li>Conny von Mein wunderbares Chaos: <a title=\"Somlauer Nockerl im Glas\" href=\"https:\/\/meinwunderbareschaos.de\/somlauer-nockerl-im-glas\" target=\"_blank\" rel=\"noopener noreferrer\">Somlauer Nockerl im Glas<\/a><\/li>\n<li>Anik\u00f3 von Paprika meets Kardamom: <a title=\"Hausgemachte ungarische Kolbasz (Paprikawurst)\" href=\"https:\/\/paprikameetskardamom.wordpress.com\/2020\/01\/21\/hausgemachte-ungarische-kolbasz-paprikawurst\/\" target=\"_blank\" rel=\"noopener noreferrer\">Hausgemachte ungarische Kolbasz (Paprikawurst)<\/a><\/li>\n<li>Anik\u00f3 von Paprika meets Kardamom: <a title=\"Unbekannte ungarische K\u00f6stlichkeiten: D\u00f6d\u00f6lle - Schupfnudeln mal anders\" href=\"https:\/\/paprikameetskardamom.wordpress.com\/2020\/01\/24\/dodolle\/\" target=\"_blank\" rel=\"noopener noreferrer\">Unbekannte ungarische K\u00f6stlichkeiten: D\u00f6d\u00f6lle &#8211; Schupfnudeln mal anders<\/a><\/li>\n<li>Volker von volkermampft: <a title=\"Ungarisches Schweinegulasch mit Paprika \u2013 Sertes P\u00f6rk\u00f6lt\" href=\"https:\/\/volkermampft.de\/ungarisches-schweinegulasch-mit-paprika-sertes-poerkoelt\/\" target=\"_blank\" rel=\"noopener noreferrer\">Ungarisches Schweinegulasch mit Paprika \u2013 Sertes P\u00f6rk\u00f6lt<\/a><\/li>\n<li>Andrea von our food creations: <a title=\"T\u00f6ltett Paprika - Gef\u00fcllte Paprika\" href=\"https:\/\/ourfoodcreations.blogspot.com\/2020\/01\/kulinarische-weltreise-ungarn-toltott.htm\" target=\"_blank\" rel=\"noopener noreferrer\">T\u00f6ltett Paprika &#8211; Gef\u00fcllte Paprika<\/a><\/li>\n<li>Andrea von our food creations: <a title=\"T\u00far\u00f3s Csusza - Quarknudeln\" href=\"https:\/\/ourfoodcreations.blogspot.com\/2020\/01\/kulinarische-weltreise-ungarn-turos.html\" target=\"_blank\" rel=\"noopener noreferrer\">T\u00far\u00f3s Csusza &#8211; Quarknudeln<\/a><\/li>\n<li>Katja von Kaffeebohne: <a title=\"Di\u00f3s \u00e9s m\u00e1kos beigli - Beigel\" href=\"http:\/\/www.fambrenner.de\/Kaffeebohne\/wordpress\/2020\/01\/29\/kulinarische-weltreise-ungarn-beigel-dios-es-makos-beigli\/\" target=\"_blank\" rel=\"noopener noreferrer\">Di\u00f3s \u00e9s m\u00e1kos beigli &#8211; Beigel<\/a><\/li>\n<li>Nadine von M\u00f6hreneck: <a title=\"Veganes Szegediner Gulasch\" href=\"https:\/\/www.moehreneck.de\/2020\/01\/23\/szegediner-gulasch\/\" target=\"_blank\" rel=\"noopener noreferrer\">Veganes Szegediner Gulasch<\/a><\/li>\n<\/ul>\n\n\n<p><\/p>\n","protected":false},"excerpt":{"rendered":"<p>Der Januar 2020 ist fast vorbei und somit endet auch unser Zwischenstopp in Ungarn im Rahmen der von Volker mampft organisierten Kulinarische Weltreise. Hier seht Ihr alle Rezepte der Mitreisenden: K\u00fcchenlatein: Petersilienwurzel-Cremesuppe&nbsp; Susi von Turbohausfrau: Suppe nach Paloczen-Art Cornelia von SilverTravellers: P\u00f6rk\u00f6lt \u2013 Ungarisches Gulasch mit Paprika Tina von K\u00fcchenmomente: Ungarische L\u00e1ngos Britta von Backmaedchen [&hellip;]<\/p>\n","protected":false},"author":1,"featured_media":0,"comment_status":"open","ping_status":"open","sticky":false,"template":"","format":"standard","meta":{"sfsi_plus_gutenberg_text_before_share":"","sfsi_plus_gutenberg_show_text_before_share":"","sfsi_plus_gutenberg_icon_type":"","sfsi_plus_gutenberg_icon_alignemt":"","sfsi_plus_gutenburg_max_per_row":"","_jetpack_memberships_contains_paid_content":false,"footnotes":""},"categories":[169],"tags":[2048,2560,259],"class_list":["post-17116","post","type-post","status-publish","format-standard","hentry","category-blog-events","tag-die-kulinarische-weltreise","tag-ungarn","tag-zusammenfassung"],"jetpack_featured_media_url":"","jetpack_sharing_enabled":true,"_links":{"self":[{"href":"https:\/\/brittas-kochbuch.info\/index.php?rest_route=\/wp\/v2\/posts\/17116"}],"collection":[{"href":"https:\/\/brittas-kochbuch.info\/index.php?rest_route=\/wp\/v2\/posts"}],"about":[{"href":"https:\/\/brittas-kochbuch.info\/index.php?rest_route=\/wp\/v2\/types\/post"}],"author":[{"embeddable":true,"href":"https:\/\/brittas-kochbuch.info\/index.php?rest_route=\/wp\/v2\/users\/1"}],"replies":[{"embeddable":true,"href":"https:\/\/brittas-kochbuch.info\/index.php?rest_route=%2Fwp%2Fv2%2Fcomments&post=17116"}],"version-history":[{"count":7,"href":"https:\/\/brittas-kochbuch.info\/index.php?rest_route=\/wp\/v2\/posts\/17116\/revisions"}],"predecessor-version":[{"id":17145,"href":"https:\/\/brittas-kochbuch.info\/index.php?rest_route=\/wp\/v2\/posts\/17116\/revisions\/17145"}],"wp:attachment":[{"href":"https:\/\/brittas-kochbuch.info\/index.php?rest_route=%2Fwp%2Fv2%2Fmedia&parent=17116"}],"wp:term":[{"taxonomy":"category","embeddable":true,"href":"https:\/\/brittas-kochbuch.info\/index.php?rest_route=%2Fwp%2Fv2%2Fcategories&post=17116"},{"taxonomy":"post_tag","embeddable":true,"href":"https:\/\/brittas-kochbuch.info\/index.php?rest_route=%2Fwp%2Fv2%2Ftags&post=17116"}],"curies":[{"name":"wp","href":"https:\/\/api.w.org\/{rel}","templated":true}]}}