{"id":17242,"date":"2020-02-28T12:24:24","date_gmt":"2020-02-28T11:24:24","guid":{"rendered":"http:\/\/brittas-kochbuch.info\/?p=17242"},"modified":"2020-03-03T11:08:47","modified_gmt":"2020-03-03T10:08:47","slug":"blog-event-clxi-wintersalate-radicchiosalat-mit-kumquats-bergkaese-und-gedoens","status":"publish","type":"post","link":"https:\/\/brittas-kochbuch.info\/?p=17242","title":{"rendered":"Blog-Event CLXI &#8211; Wintersalate (Radicchiosalat mit Kumquats, Bergk\u00e4se und &#8222;Ged\u00f6ns&#8220;)"},"content":{"rendered":"\n\n\n<p><a title=\"Blog-Event CLXI - Wintersalate (Einsendeschluss 15. M\u00e4rz 2020)\" href=\"https:\/\/www.kochtopf.me\/blog-event-wintersalate\"><picture><source srcset=\"https:\/\/www.kochtopf.me\/wp-content\/uploads\/2020\/02\/Blog-Event-CLXI-Wintersalate-featured.webp\" type=\"image\/webp\"><\/picture><\/a><\/p>\n\n\n\n<p><a title=\"Blog-Event CLXI - Wintersalate (Einsendeschluss 15. M\u00e4rz 2020)\" href=\"https:\/\/www.kochtopf.me\/blog-event-wintersalate\"><picture><img loading=\"lazy\" decoding=\"async\" width=\"500\" height=\"197\" src=\"https:\/\/www.kochtopf.me\/wp-content\/uploads\/2020\/02\/Blog-Event-CLXI-Wintersalate-featured.jpg\" alt=\"Blog-Event CLXI - Wintersalate (Einsendeschluss 15. M\u00e4rz 2020)\"><\/picture><\/a><\/p>\n\n\n\n<p>Katha von <a href=\"https:\/\/www.katha-kocht.de\" target=\"_blank\" rel=\"noreferrer noopener\" aria-label=\"katha-kocht! (\u00f6ffnet in neuem Tab)\">katha-kocht!<\/a> w\u00fcnscht sich bei Zorra im <a href=\"https:\/\/www.kochtopf.me\/\" target=\"_blank\" rel=\"noreferrer noopener\" aria-label=\"Kochtopf (\u00f6ffnet in neuem Tab)\">Kochtopf<\/a> bis Mitte M\u00e4rz von den BloggerInnen leckere <a href=\"https:\/\/www.kochtopf.me\/blog-event-wintersalate\" target=\"_blank\" rel=\"noreferrer noopener\" aria-label=\"Wintersalate (\u00f6ffnet in neuem Tab)\">Wintersalate<\/a>.<\/p>\n\n\n\n<p>Mein Beitrag h\u00e4tte sogar in das vorherige Event zum Thema Zitrusfr\u00fcchte gepasst, aber nun bin ich froh, dass ich den leckeren Radicchiosalat mit Kumquats erst jetzt zubereitet habe.<\/p>\n\n\n\n<figure class=\"wp-block-image size-large is-resized\"><img loading=\"lazy\" decoding=\"async\" src=\"https:\/\/brittas-kochbuch.info\/wp-content\/uploads\/2020\/02\/2020226_wintersalat01-1024x768.jpg\" alt=\"\" class=\"wp-image-17248\" width=\"555\" height=\"415\" srcset=\"https:\/\/brittas-kochbuch.info\/wp-content\/uploads\/2020\/02\/2020226_wintersalat01-1024x768.jpg 1024w, https:\/\/brittas-kochbuch.info\/wp-content\/uploads\/2020\/02\/2020226_wintersalat01-300x225.jpg 300w, https:\/\/brittas-kochbuch.info\/wp-content\/uploads\/2020\/02\/2020226_wintersalat01-768x576.jpg 768w, https:\/\/brittas-kochbuch.info\/wp-content\/uploads\/2020\/02\/2020226_wintersalat01-1536x1152.jpg 1536w, https:\/\/brittas-kochbuch.info\/wp-content\/uploads\/2020\/02\/2020226_wintersalat01-2048x1536.jpg 2048w, https:\/\/brittas-kochbuch.info\/wp-content\/uploads\/2020\/02\/2020226_wintersalat01-624x468.jpg 624w\" sizes=\"(max-width: 555px) 100vw, 555px\" \/><\/figure>\n\n\n\n<p>Inspiriert wurde ich durch einen Beitrag von Tommy Hart auf Facebook. Inzwischen ist sein <a rel=\"noreferrer noopener\" aria-label=\"Rezept (\u00f6ffnet in neuem Tab)\" href=\"https:\/\/intelligenzanutrizionale.style\/2020\/02\/26\/radicchio-mit-orangen-und-feta\/?fbclid=IwAR2PNke20Ob_h08eGmY4nj-MZ7xg08ohZRJ2Rc6lOXjm216M_1UhEVSYkWY\" target=\"_blank\">Rezept<\/a> auch im Blog ver\u00f6ffentlicht.<\/p>\n\n\n\n<p>Wie immer habe ich nat\u00fcrlich &#8222;meine&#8220; Zutaten verwendet.<\/p>\n\n\n\n<!--more-->\n\n\n\n<figure class=\"wp-block-image size-large is-resized\"><img loading=\"lazy\" decoding=\"async\" src=\"https:\/\/brittas-kochbuch.info\/wp-content\/uploads\/2020\/02\/2020226_wintersalat02-1024x768.jpg\" alt=\"\" class=\"wp-image-17249\" width=\"555\" height=\"415\" srcset=\"https:\/\/brittas-kochbuch.info\/wp-content\/uploads\/2020\/02\/2020226_wintersalat02-1024x768.jpg 1024w, https:\/\/brittas-kochbuch.info\/wp-content\/uploads\/2020\/02\/2020226_wintersalat02-300x225.jpg 300w, https:\/\/brittas-kochbuch.info\/wp-content\/uploads\/2020\/02\/2020226_wintersalat02-768x576.jpg 768w, https:\/\/brittas-kochbuch.info\/wp-content\/uploads\/2020\/02\/2020226_wintersalat02-1536x1152.jpg 1536w, https:\/\/brittas-kochbuch.info\/wp-content\/uploads\/2020\/02\/2020226_wintersalat02-2048x1536.jpg 2048w, https:\/\/brittas-kochbuch.info\/wp-content\/uploads\/2020\/02\/2020226_wintersalat02-624x468.jpg 624w\" sizes=\"(max-width: 555px) 100vw, 555px\" \/><\/figure>\n\n\n\n<p>Bei mir gab es zum Beispiel Bergk\u00e4se statt des &#8211; nicht im Vorrat vorhandenen &#8211; Fetas. Auch den Ingweressig aus dem Originalrezept musste ich ersetzen, aber heraus gekommen ist ein toller s\u00e4ttigender Salat.<\/p>\n\n\n\n<h6 class=\"wp-block-heading\">Zutaten f\u00fcr eine Portion:<\/h6>\n\n\n\n<ul class=\"wp-block-list\"><li>1\/2 Treviso-Radicchio *) oder 2 kleine Radicchiok\u00f6pfe<\/li><li>6 &#8211; 10 Bio-Kumquats<\/li><li>1 Bio-(Blut-)Orange<\/li><li>1 Stange Staudensellerie (etwas angeschlabberter K\u00fchlschrankfund)<\/li><li>1 kleines St\u00fcck Bergk\u00e4se<\/li><li>6 Espressol\u00f6ffel Frischk\u00e4se<\/li><li>6 getrocknete Cranberries<\/li><li>1 EL K\u00fcrbiskerne<\/li><li>2 EL Oliven\u00f6l<\/li><li>2 EL Zitrusfr\u00fcchte-Essig<\/li><li>2 EL frisch gepressten (Blut-)Orangensaft<\/li><li>1 TL Ahornsirup<\/li><li>etwas fein gehackten oder geriebenen Ingwer<\/li><li>Salz<\/li><li>Pfeffer<\/li><\/ul>\n\n\n\n<p>*) Das ist der l\u00e4ngliche Radicchio, der in der Form an Chinakohl erinnert<\/p>\n\n\n\n<h6 class=\"wp-block-heading\">Zubereitung:<\/h6>\n\n\n\n<p>Den Radicchio l\u00e4ngs halbieren, vom Strunk befreien, die dickeren wei\u00dfen Teile fein schneiden, die roten Bl\u00e4tter in gr\u00f6bere St\u00fccke schneiden. In kaltem Wasser waschen, abtropfen lassen und gut trocken schleudern.<\/p>\n\n\n\n<p>Den Staudensellerie waschen und in feine Streifen schneiden.<\/p>\n\n\n\n<p>Die Kumquats gut hei\u00df abwaschen und mit Schale halbieren.<\/p>\n\n\n\n<p>Den Bergk\u00e4se w\u00fcrfeln. Aus dem Frischk\u00e4se mit dem Espressol\u00f6ffel &#8222;Nocken&#8220; abstechen und jeweils eine Cranberry hineindr\u00fccken.<\/p>\n\n\n\n<p>Alles &#8222;gef\u00e4llig&#8220; in einer Sch\u00fcssel anrichten.<\/p>\n\n\n\n<p>Die K\u00fcrbiskerne in einer trockenen Pfanne r\u00f6sten.<\/p>\n\n\n\n<p>F\u00fcr das Dressing die Orange halbieren, den ben\u00f6tigten Saft auspressen, den Rest in St\u00fccke schneiden und zu den Kumquats legen.<\/p>\n\n\n\n<p>Oliven\u00f6l, Essig, O-Saft, Ahornsirup, Ingwer, Salz und Pfeffer gut verr\u00fchren und kurz vorm Servieren \u00fcber den Salat geben und zum Schluss die Kerne dar\u00fcber streuen.<\/p>\n\n\n\n<figure class=\"wp-block-image size-large is-resized\"><img loading=\"lazy\" decoding=\"async\" src=\"https:\/\/brittas-kochbuch.info\/wp-content\/uploads\/2020\/02\/2020226_wintersalat03-1024x768.jpg\" alt=\"\" class=\"wp-image-17250\" width=\"555\" height=\"415\" srcset=\"https:\/\/brittas-kochbuch.info\/wp-content\/uploads\/2020\/02\/2020226_wintersalat03-1024x768.jpg 1024w, https:\/\/brittas-kochbuch.info\/wp-content\/uploads\/2020\/02\/2020226_wintersalat03-300x225.jpg 300w, https:\/\/brittas-kochbuch.info\/wp-content\/uploads\/2020\/02\/2020226_wintersalat03-768x576.jpg 768w, https:\/\/brittas-kochbuch.info\/wp-content\/uploads\/2020\/02\/2020226_wintersalat03-1536x1152.jpg 1536w, https:\/\/brittas-kochbuch.info\/wp-content\/uploads\/2020\/02\/2020226_wintersalat03-2048x1536.jpg 2048w, https:\/\/brittas-kochbuch.info\/wp-content\/uploads\/2020\/02\/2020226_wintersalat03-624x468.jpg 624w\" sizes=\"(max-width: 555px) 100vw, 555px\" \/><\/figure>\n\n\n\n<h6 class=\"wp-block-heading\"><\/h6>\n","protected":false},"excerpt":{"rendered":"<p>Katha von katha-kocht! w\u00fcnscht sich bei Zorra im Kochtopf bis Mitte M\u00e4rz von den BloggerInnen leckere Wintersalate. Mein Beitrag h\u00e4tte sogar in das vorherige Event zum Thema Zitrusfr\u00fcchte gepasst, aber nun bin ich froh, dass ich den leckeren Radicchiosalat mit Kumquats erst jetzt zubereitet habe. Inspiriert wurde ich durch einen Beitrag von Tommy Hart auf [&hellip;]<\/p>\n","protected":false},"author":1,"featured_media":0,"comment_status":"open","ping_status":"open","sticky":false,"template":"","format":"standard","meta":{"sfsi_plus_gutenberg_text_before_share":"","sfsi_plus_gutenberg_show_text_before_share":"","sfsi_plus_gutenberg_icon_type":"","sfsi_plus_gutenberg_icon_alignemt":"","sfsi_plus_gutenburg_max_per_row":"","_jetpack_memberships_contains_paid_content":false,"footnotes":""},"categories":[169,520,417,9],"tags":[462,172,2326,704,561,2600,25,1432],"class_list":["post-17242","post","type-post","status-publish","format-standard","hentry","category-blog-events","category-salate","category-schnelle-kueche","category-vegetarisches","tag-bergkaese","tag-blog-event","tag-kumquat","tag-kuerbiskerne","tag-radicchio","tag-stangensellerie","tag-vegetarisch","tag-wintersalat"],"jetpack_featured_media_url":"","jetpack_sharing_enabled":true,"_links":{"self":[{"href":"https:\/\/brittas-kochbuch.info\/index.php?rest_route=\/wp\/v2\/posts\/17242"}],"collection":[{"href":"https:\/\/brittas-kochbuch.info\/index.php?rest_route=\/wp\/v2\/posts"}],"about":[{"href":"https:\/\/brittas-kochbuch.info\/index.php?rest_route=\/wp\/v2\/types\/post"}],"author":[{"embeddable":true,"href":"https:\/\/brittas-kochbuch.info\/index.php?rest_route=\/wp\/v2\/users\/1"}],"replies":[{"embeddable":true,"href":"https:\/\/brittas-kochbuch.info\/index.php?rest_route=%2Fwp%2Fv2%2Fcomments&post=17242"}],"version-history":[{"count":13,"href":"https:\/\/brittas-kochbuch.info\/index.php?rest_route=\/wp\/v2\/posts\/17242\/revisions"}],"predecessor-version":[{"id":17334,"href":"https:\/\/brittas-kochbuch.info\/index.php?rest_route=\/wp\/v2\/posts\/17242\/revisions\/17334"}],"wp:attachment":[{"href":"https:\/\/brittas-kochbuch.info\/index.php?rest_route=%2Fwp%2Fv2%2Fmedia&parent=17242"}],"wp:term":[{"taxonomy":"category","embeddable":true,"href":"https:\/\/brittas-kochbuch.info\/index.php?rest_route=%2Fwp%2Fv2%2Fcategories&post=17242"},{"taxonomy":"post_tag","embeddable":true,"href":"https:\/\/brittas-kochbuch.info\/index.php?rest_route=%2Fwp%2Fv2%2Ftags&post=17242"}],"curies":[{"name":"wp","href":"https:\/\/api.w.org\/{rel}","templated":true}]}}