{"id":17405,"date":"2020-03-10T11:15:27","date_gmt":"2020-03-10T10:15:27","guid":{"rendered":"http:\/\/brittas-kochbuch.info\/?p=17405"},"modified":"2020-03-18T10:19:14","modified_gmt":"2020-03-18T09:19:14","slug":"die-kulinarische-weltreise-conejo-al-ajillo-spanien","status":"publish","type":"post","link":"https:\/\/brittas-kochbuch.info\/?p=17405","title":{"rendered":"Die kulinarische Weltreise: Conejo al ajillo (Spanien)"},"content":{"rendered":"\n\n\n<p><a title=\"Blogger Aktion &quot;Die kulinarische Weltreise&quot; von @volkermampft h\u00e4lt in Spanien\" href=\"http:\/\/volkermampft.de\/spanische-rezepte-tapas-paella-gazpacho-und-mehr-gerichte-aus-der-kueche-spaniens\"><img loading=\"lazy\" decoding=\"async\" width=\"500\" height=\"200\" src=\"http:\/\/volkermampft.de\/wp-content\/uploads\/2018\/02\/kulinarische_weltreise_500x200.png\" alt=\"Blogger Aktion &quot;Die kulinarische Weltreise&quot; von @volkermampft h\u00e4lt in Spanien\"><\/a> <\/p>\n\n\n\n<p>Wie schon <a href=\"https:\/\/brittas-kochbuch.info\/?p=17313\">hier<\/a> berichtet, geht die <a rel=\"noreferrer noopener\" aria-label=\"kulinarische Weltreise (\u00f6ffnet in neuem Tab)\" href=\"https:\/\/volkermampft.de\/spanische-rezepte-tapas-paella-gazpacho-und-mehr-gerichte-aus-der-kueche-spaniens\/\" target=\"_blank\">kulinarische Weltreise<\/a> von und mit <a rel=\"noreferrer noopener\" aria-label=\"Volker mampft (\u00f6ffnet in neuem Tab)\" href=\"https:\/\/volkermampft.de\/\" target=\"_blank\">Volker mampft<\/a> im M\u00e4rz nach Spanien. Nat\u00fcrlich gibt es genauso wenig DIE spanische K\u00fcche wie es DIE deutsche K\u00fcche gibt. Im Ausland glaubt man ja oft, Deutsche \u00e4\u00dfen nichts anderes als Sauerkraut, Haxen und Kn\u00f6del. Genauso reduziert man die spanische K\u00fcche oft genug auf Paella und Tapas oder den Mischmasch, den man in den Urlaubshochburgen angeboten bekommt.<\/p>\n\n\n\n<p>Ich selber war bereits einmal in Andalusien. Das war mit acht Jahren und der Besuch der Alhambra in Granada hat einen bis heute bleibenden Eindruck bei mir hinterlassen. An das Essen und wie typisch andalusisch es damals war, kann ich mich leider nicht mehr erinnern.<\/p>\n\n\n\n<p>Mit Mitte zwanzig war ich dann zweimal mit meinem Vater auf Mallorca, im <a href=\"https:\/\/www.flickr.com\/photos\/bwop\/albums\/72157594154894262\" target=\"_blank\" rel=\"noreferrer noopener\" aria-label=\"Mai 1994 (\u00f6ffnet in neuem Tab)\">Mai 1994<\/a> und im <a href=\"https:\/\/www.flickr.com\/photos\/bwop\/albums\/72057594102638167\" target=\"_blank\" rel=\"noreferrer noopener\" aria-label=\"August 1995 (\u00f6ffnet in neuem Tab)\">August 1995<\/a>. Da gab es jenseits des Ballermanns noch viel zu entdecken und die Einheitstouristenk\u00fcche hatte wenigstens das Inselinnere noch weitgehend verschont.<\/p>\n\n\n\n<p>So war es auch noch im <a href=\"https:\/\/www.flickr.com\/photos\/bwop\/albums\/376823\" target=\"_blank\" rel=\"noreferrer noopener\" aria-label=\"ersten Mallorcaurlaub (\u00f6ffnet in neuem Tab)\">ersten Mallorcaurlaub<\/a> mit dem G\u00f6Ga, der im M\u00e4rz 2005 stattfand. Wir wollten uns die wunderbare Mandelbl\u00fcte anschauen und hatten Schnee ohne Ende. Ja, auch so kann&#8217;s gehen.<\/p>\n\n\n\n<p>Im Juni 2003 waren wir auf <a href=\"https:\/\/www.flickr.com\/photos\/bwop\/albums\/409425\" target=\"_blank\" rel=\"noreferrer noopener\" aria-label=\"Teneriffa (\u00f6ffnet in neuem Tab)\">Teneriffa<\/a> und da war die K\u00fcche noch einmal eine ganz andere als auf Mallorca oder auf dem Festland.<\/p>\n\n\n\n<p>Last, but noch least, waren wir im Mai 2016 das <a href=\"https:\/\/brittas-kochbuch.info\/?p=4420\">vorerst letzte Mal auf Mallorca<\/a>. Leider war ich total entt\u00e4uscht von meiner Lieblingsinsel. Fast \u00fcberall Touristenk\u00fcche, selbst in den entferntesten Tramuntanad\u00f6rfern und alles total \u00fcberlaufen, weil damals viele Leute von der T\u00fcrkei auf Spanien umgebucht hatten.<\/p>\n\n\n\n<p>Das heutige Rezept habe ich im Kochbuch <strong><em>Culinaria Espa\u00f1a<\/em><\/strong> gefunden. Es kommt aus Castilla-La Mancha, einem \u00fcber 79.000 Quadratkilometer gro\u00dfem Gebiet, das ziemlich in der Landesmitte liegt. Die Hauptstadt ist Toledo. Bekannt ist La Mancha vermutlich haupts\u00e4chlich durch <a rel=\"noreferrer noopener\" aria-label=\"Don Quijote (\u00f6ffnet in neuem Tab)\" href=\"https:\/\/de.wikipedia.org\/wiki\/Don_Quijote\" target=\"_blank\">Don Quijote<\/a>, der gegen Windm\u00fchlen k\u00e4mpfte und gegebenenfalls noch f\u00fcr den aus Schafsmilch gewonnenen Manchegok\u00e4se. Au\u00dferdem ist La Mancha das gr\u00f6\u00dfte Weinbaugebiet Spaniens, in dem haupts\u00e4chlich die Rebsorten Merlot und Tempranillo angebaut werden.<\/p>\n\n\n\n<!--more-->\n\n\n\n<figure class=\"wp-block-image size-large is-resized\"><img loading=\"lazy\" decoding=\"async\" src=\"https:\/\/brittas-kochbuch.info\/wp-content\/uploads\/2020\/03\/2020308_conejo02-1024x768.jpg\" alt=\"\" class=\"wp-image-17450\" width=\"555\" height=\"414\"\/><\/figure>\n\n\n\n<p>Da die Verbindung zur K\u00fcste g\u00e4nzlich fehlt, besteht die traditionelle K\u00fcche haupts\u00e4chlich aus b\u00e4uerlichen Produkten und jagdbarem Wild, wie eben Kaninchen.<\/p>\n\n\n\n<p>Da ich noch Kaninchenteile eingefroren hatte, bot es sich also an, das heutige Gericht nachzukochen.<\/p>\n\n\n\n<p>Es ist denkbar einfach gehalten:<\/p>\n\n\n\n<h6 class=\"wp-block-heading\">Zutaten f\u00fcr 2 &#8211; 3 Portionen:<\/h6>\n\n\n\n<ul class=\"wp-block-list\"><li>ca. 700 g Kaninchenteile (bei mir schlummerte eine Keule und R\u00fcckenteile in der Tiefk\u00fchle)<\/li><li>Salz, Pfeffer<\/li><li>1\/8 l Oliven\u00f6l<\/li><li>4 Knoblauchzehen in d\u00fcnnen Scheiben<\/li><li>100 ml Wei\u00dfwein<\/li><li>zus\u00e4tzlich: 1 Tontopf<\/li><\/ul>\n\n\n\n<h6 class=\"wp-block-heading\">Zubereitung:<\/h6>\n\n\n\n<p>Den Backofen auf 200 \u00b0C vorheizen.<\/p>\n\n\n\n<p>Die Kaninchenteile kr\u00e4ftig salzen und pfeffern und in einem Essl\u00f6ffel Oliven\u00f6l portionesweise goldbraun braten. In einen Tontopf (oder eine Auflaufform) legen.<\/p>\n\n\n\n<p>Im restlichen Oliven\u00f6l die Knoblauchscheiben hell anschwitzen. \u00dcber das Kaninchen geben, den Wei\u00dfwein angie\u00dfen und im Ofen ca. 15 Minuten garen.<\/p>\n\n\n\n<p>Dazu reicht man f\u00fcr gew\u00f6hnlich Mayonnaise.<\/p>\n\n\n\n<p>Leider gab es im Buch keine Angaben, was man als Beilage servieren k\u00f6nnte. Nur Fleisch wollte ich aber auch nicht. <\/p>\n\n\n\n<p>So stie\u00df ich auf der Suche nach einer Gem\u00fcsebeilage auf Frit mallorqu\u00ed. Das ist eigentlich ein Gem\u00fcseschmortopf mit Innereien von der Baleareninsel Mallorca. Ich habe mich einfach auf die Gem\u00fcse beschr\u00e4nkt und dieses zum Kaninchen serviert.<\/p>\n\n\n\n<figure class=\"wp-block-gallery columns-2 is-cropped wp-block-gallery-1 is-layout-flex wp-block-gallery-is-layout-flex\"><ul class=\"blocks-gallery-grid\"><li class=\"blocks-gallery-item\"><figure><img loading=\"lazy\" decoding=\"async\" width=\"1024\" height=\"768\" src=\"https:\/\/brittas-kochbuch.info\/wp-content\/uploads\/2020\/03\/2020308_conejo-frit-1024x768.jpg\" alt=\"\" data-id=\"17451\" data-full-url=\"https:\/\/brittas-kochbuch.info\/wp-content\/uploads\/2020\/03\/2020308_conejo-frit-scaled.jpg\" data-link=\"https:\/\/brittas-kochbuch.info\/?attachment_id=17451\" class=\"wp-image-17451\" srcset=\"https:\/\/brittas-kochbuch.info\/wp-content\/uploads\/2020\/03\/2020308_conejo-frit-1024x768.jpg 1024w, https:\/\/brittas-kochbuch.info\/wp-content\/uploads\/2020\/03\/2020308_conejo-frit-300x225.jpg 300w, https:\/\/brittas-kochbuch.info\/wp-content\/uploads\/2020\/03\/2020308_conejo-frit-768x576.jpg 768w, https:\/\/brittas-kochbuch.info\/wp-content\/uploads\/2020\/03\/2020308_conejo-frit-1536x1152.jpg 1536w, https:\/\/brittas-kochbuch.info\/wp-content\/uploads\/2020\/03\/2020308_conejo-frit-2048x1536.jpg 2048w, https:\/\/brittas-kochbuch.info\/wp-content\/uploads\/2020\/03\/2020308_conejo-frit-624x468.jpg 624w\" sizes=\"(max-width: 1024px) 100vw, 1024px\" \/><\/figure><\/li><li class=\"blocks-gallery-item\"><figure><img loading=\"lazy\" decoding=\"async\" width=\"1024\" height=\"768\" src=\"https:\/\/brittas-kochbuch.info\/wp-content\/uploads\/2020\/03\/2020308_conejo01-1024x768.jpg\" alt=\"\" data-id=\"17448\" data-full-url=\"https:\/\/brittas-kochbuch.info\/wp-content\/uploads\/2020\/03\/2020308_conejo01-scaled.jpg\" data-link=\"https:\/\/brittas-kochbuch.info\/?attachment_id=17448\" class=\"wp-image-17448\" srcset=\"https:\/\/brittas-kochbuch.info\/wp-content\/uploads\/2020\/03\/2020308_conejo01-1024x768.jpg 1024w, https:\/\/brittas-kochbuch.info\/wp-content\/uploads\/2020\/03\/2020308_conejo01-300x225.jpg 300w, https:\/\/brittas-kochbuch.info\/wp-content\/uploads\/2020\/03\/2020308_conejo01-768x576.jpg 768w, https:\/\/brittas-kochbuch.info\/wp-content\/uploads\/2020\/03\/2020308_conejo01-1536x1152.jpg 1536w, https:\/\/brittas-kochbuch.info\/wp-content\/uploads\/2020\/03\/2020308_conejo01-2048x1536.jpg 2048w, https:\/\/brittas-kochbuch.info\/wp-content\/uploads\/2020\/03\/2020308_conejo01-624x468.jpg 624w\" sizes=\"(max-width: 1024px) 100vw, 1024px\" \/><\/figure><\/li><\/ul><\/figure>\n","protected":false},"excerpt":{"rendered":"<p>Wie schon hier berichtet, geht die kulinarische Weltreise von und mit Volker mampft im M\u00e4rz nach Spanien. Nat\u00fcrlich gibt es genauso wenig DIE spanische K\u00fcche wie es DIE deutsche K\u00fcche gibt. Im Ausland glaubt man ja oft, Deutsche \u00e4\u00dfen nichts anderes als Sauerkraut, Haxen und Kn\u00f6del. Genauso reduziert man die spanische K\u00fcche oft genug auf [&hellip;]<\/p>\n","protected":false},"author":1,"featured_media":0,"comment_status":"open","ping_status":"open","sticky":false,"template":"","format":"standard","meta":{"sfsi_plus_gutenberg_text_before_share":"","sfsi_plus_gutenberg_show_text_before_share":"","sfsi_plus_gutenberg_icon_type":"","sfsi_plus_gutenberg_icon_alignemt":"","sfsi_plus_gutenburg_max_per_row":"","_jetpack_memberships_contains_paid_content":false,"footnotes":""},"categories":[169,231,572],"tags":[2614,2048,2615,56,1221,1102],"class_list":["post-17405","post","type-post","status-publish","format-standard","hentry","category-blog-events","category-kalbfleisch","category-spanische-kueche","tag-coneja-al-ajillo","tag-die-kulinarische-weltreise","tag-kaninchen","tag-knoblauch","tag-spanien","tag-weisswein"],"jetpack_featured_media_url":"","jetpack_sharing_enabled":true,"_links":{"self":[{"href":"https:\/\/brittas-kochbuch.info\/index.php?rest_route=\/wp\/v2\/posts\/17405"}],"collection":[{"href":"https:\/\/brittas-kochbuch.info\/index.php?rest_route=\/wp\/v2\/posts"}],"about":[{"href":"https:\/\/brittas-kochbuch.info\/index.php?rest_route=\/wp\/v2\/types\/post"}],"author":[{"embeddable":true,"href":"https:\/\/brittas-kochbuch.info\/index.php?rest_route=\/wp\/v2\/users\/1"}],"replies":[{"embeddable":true,"href":"https:\/\/brittas-kochbuch.info\/index.php?rest_route=%2Fwp%2Fv2%2Fcomments&post=17405"}],"version-history":[{"count":17,"href":"https:\/\/brittas-kochbuch.info\/index.php?rest_route=\/wp\/v2\/posts\/17405\/revisions"}],"predecessor-version":[{"id":17494,"href":"https:\/\/brittas-kochbuch.info\/index.php?rest_route=\/wp\/v2\/posts\/17405\/revisions\/17494"}],"wp:attachment":[{"href":"https:\/\/brittas-kochbuch.info\/index.php?rest_route=%2Fwp%2Fv2%2Fmedia&parent=17405"}],"wp:term":[{"taxonomy":"category","embeddable":true,"href":"https:\/\/brittas-kochbuch.info\/index.php?rest_route=%2Fwp%2Fv2%2Fcategories&post=17405"},{"taxonomy":"post_tag","embeddable":true,"href":"https:\/\/brittas-kochbuch.info\/index.php?rest_route=%2Fwp%2Fv2%2Ftags&post=17405"}],"curies":[{"name":"wp","href":"https:\/\/api.w.org\/{rel}","templated":true}]}}