{"id":17552,"date":"2020-03-23T12:10:08","date_gmt":"2020-03-23T11:10:08","guid":{"rendered":"http:\/\/brittas-kochbuch.info\/?p=17552"},"modified":"2020-03-23T12:10:54","modified_gmt":"2020-03-23T11:10:54","slug":"die-kulinarische-weltreise-pastel-de-almendras-gastbeitrag-v-sebastian-reichelt-spanien","status":"publish","type":"post","link":"https:\/\/brittas-kochbuch.info\/?p=17552","title":{"rendered":"Die kulinarische Weltreise: Pastel de Almendras (Gastbeitrag v. Sebastian Reichelt; Spanien)"},"content":{"rendered":"\n\n\n<p><a href=\"http:\/\/volkermampft.de\/spanische-rezepte-tapas-paella-gazpacho-und-mehr-gerichte-aus-der-kueche-spaniens\" title=\"Blogger Aktion &quot;Die kulinarische Weltreise&quot; von @volkermampft h\u00e4lt in Spanien\"><img loading=\"lazy\" decoding=\"async\" src=\"http:\/\/volkermampft.de\/wp-content\/uploads\/2018\/02\/kulinarische_weltreise_500x200.png\" width=\"500\" height=\"200\" alt=\"Blogger Aktion &quot;Die kulinarische Weltreise&quot; von @volkermampft h\u00e4lt in Spanien\"><\/a>\n\n<\/p>\n\n\n\n<p>Nach seinen Gastbeitr\u00e4gen zum Thema <a href=\"https:\/\/brittas-kochbuch.info\/?p=13409\">Mexiko<\/a>, <a href=\"https:\/\/brittas-kochbuch.info\/?p=14452\">\u00d6sterreich<\/a> und <a href=\"https:\/\/brittas-kochbuch.info\/?p=14675\">Cuba<\/a> ist <a href=\"https:\/\/www.facebook.com\/tiga18\" target=\"_blank\" rel=\"noreferrer noopener\" aria-label=\"Sebastian Reichelt (\u00f6ffnet in neuem Tab)\">Sebastian Reichelt<\/a> auch mal wieder dabei und reist mit uns im Rahmen der kulinarischen Weltreise nach <a href=\"https:\/\/volkermampft.de\/spanische-rezepte-tapas-paella-gazpacho-und-mehr-gerichte-aus-der-kueche-spaniens\/\" target=\"_blank\" rel=\"noreferrer noopener\" aria-label=\"Spanien (\u00f6ffnet in neuem Tab)\">Spanien<\/a>.<\/p>\n\n\n\n<p>Er bringt uns einen leckeren Mandelkuchen mit. Es versteht sich, dass das Copyright am Foto und am Rezept bei Sebastian liegt und verbleibt!<\/p>\n\n\n\n<figure class=\"wp-block-image size-large is-resized\"><img loading=\"lazy\" decoding=\"async\" src=\"https:\/\/brittas-kochbuch.info\/wp-content\/uploads\/2020\/03\/2020320_pastelalmendras.jpg\" alt=\"\" class=\"wp-image-17554\" width=\"555\" height=\"416\" srcset=\"https:\/\/brittas-kochbuch.info\/wp-content\/uploads\/2020\/03\/2020320_pastelalmendras.jpg 960w, https:\/\/brittas-kochbuch.info\/wp-content\/uploads\/2020\/03\/2020320_pastelalmendras-300x225.jpg 300w, https:\/\/brittas-kochbuch.info\/wp-content\/uploads\/2020\/03\/2020320_pastelalmendras-768x576.jpg 768w, https:\/\/brittas-kochbuch.info\/wp-content\/uploads\/2020\/03\/2020320_pastelalmendras-624x468.jpg 624w\" sizes=\"(max-width: 555px) 100vw, 555px\" \/><\/figure>\n\n\n\n<h6 class=\"wp-block-heading\">Zutaten f\u00fcr eine Springform von ca. 22 cm:<\/h6>\n\n\n\n<ul class=\"wp-block-list\"><li>50 ML Oliven\u00f6l<\/li><li>4 Eier<\/li><li>150 Gramm gesch\u00e4lte Mandeln<\/li><li>150 Gramm braunen Zucker<\/li><li>100 Gramm Mehl<\/li><\/ul>\n\n\n\n<h6 class=\"wp-block-heading\">Zubereitung:<\/h6>\n\n\n\n<p>Den Ofen auf 180 Grad vorheizen.<br>Die gesch\u00e4lten Mandeln im K\u00fcchenmixer hacken.<\/p>\n\n\n\n<p>Die Eier, das \u00d6l und den Zucker f\u00fcr 10 Minuten schlagen. Dann die geriebenen Mandeln zugeben. Zum Schluss das Mehl unterr\u00fchren.<\/p>\n\n\n\n<p>Die Masse in eine ge\u00f6lte Form geben und mit ein paar Mandelsplittern oder geriebenen Mandeln bestreuen. F\u00fcr 20 Minuten backen. Ausk\u00fchlen lassen.<\/p>\n","protected":false},"excerpt":{"rendered":"<p>Nach seinen Gastbeitr\u00e4gen zum Thema Mexiko, \u00d6sterreich und Cuba ist Sebastian Reichelt auch mal wieder dabei und reist mit uns im Rahmen der kulinarischen Weltreise nach Spanien. Er bringt uns einen leckeren Mandelkuchen mit. Es versteht sich, dass das Copyright am Foto und am Rezept bei Sebastian liegt und verbleibt! Zutaten f\u00fcr eine Springform von [&hellip;]<\/p>\n","protected":false},"author":1,"featured_media":0,"comment_status":"open","ping_status":"open","sticky":false,"template":"","format":"standard","meta":{"sfsi_plus_gutenberg_text_before_share":"","sfsi_plus_gutenberg_show_text_before_share":"","sfsi_plus_gutenberg_icon_type":"","sfsi_plus_gutenberg_icon_alignemt":"","sfsi_plus_gutenburg_max_per_row":"","_jetpack_memberships_contains_paid_content":false,"footnotes":""},"categories":[169,130,2221,572,9],"tags":[2048,555,2624,2623,1133,58,2622,1221,25],"class_list":["post-17552","post","type-post","status-publish","format-standard","hentry","category-blog-events","category-desserts-kuchen-plaetzchen","category-gastbeitraege","category-spanische-kueche","category-vegetarisches","tag-die-kulinarische-weltreise","tag-eier","tag-geriebene-mandeln","tag-mandelkuchen","tag-mehl","tag-olivenol","tag-pastel-de-almendras","tag-spanien","tag-vegetarisch"],"jetpack_featured_media_url":"","jetpack_sharing_enabled":true,"_links":{"self":[{"href":"https:\/\/brittas-kochbuch.info\/index.php?rest_route=\/wp\/v2\/posts\/17552"}],"collection":[{"href":"https:\/\/brittas-kochbuch.info\/index.php?rest_route=\/wp\/v2\/posts"}],"about":[{"href":"https:\/\/brittas-kochbuch.info\/index.php?rest_route=\/wp\/v2\/types\/post"}],"author":[{"embeddable":true,"href":"https:\/\/brittas-kochbuch.info\/index.php?rest_route=\/wp\/v2\/users\/1"}],"replies":[{"embeddable":true,"href":"https:\/\/brittas-kochbuch.info\/index.php?rest_route=%2Fwp%2Fv2%2Fcomments&post=17552"}],"version-history":[{"count":8,"href":"https:\/\/brittas-kochbuch.info\/index.php?rest_route=\/wp\/v2\/posts\/17552\/revisions"}],"predecessor-version":[{"id":17562,"href":"https:\/\/brittas-kochbuch.info\/index.php?rest_route=\/wp\/v2\/posts\/17552\/revisions\/17562"}],"wp:attachment":[{"href":"https:\/\/brittas-kochbuch.info\/index.php?rest_route=%2Fwp%2Fv2%2Fmedia&parent=17552"}],"wp:term":[{"taxonomy":"category","embeddable":true,"href":"https:\/\/brittas-kochbuch.info\/index.php?rest_route=%2Fwp%2Fv2%2Fcategories&post=17552"},{"taxonomy":"post_tag","embeddable":true,"href":"https:\/\/brittas-kochbuch.info\/index.php?rest_route=%2Fwp%2Fv2%2Ftags&post=17552"}],"curies":[{"name":"wp","href":"https:\/\/api.w.org\/{rel}","templated":true}]}}