{"id":17577,"date":"2020-03-31T11:06:20","date_gmt":"2020-03-31T09:06:20","guid":{"rendered":"http:\/\/brittas-kochbuch.info\/?p=17577"},"modified":"2020-03-31T12:27:54","modified_gmt":"2020-03-31T10:27:54","slug":"update-die-kulinarische-weltreise-war-in-spanien","status":"publish","type":"post","link":"https:\/\/brittas-kochbuch.info\/?p=17577","title":{"rendered":"Update: Die kulinarische Weltreise war in Spanien"},"content":{"rendered":"\n\n\n<p>Spanien scheint nicht nur ein beliebtes Reiseland zu sein, sondern auch eine wahnsinnig beliebte K\u00fcche zu haben. Anders ist die \u00fcberw\u00e4ltigende Anzahl von 39 Rezepten nicht zu erkl\u00e4ren.<\/p>\n\n\n\n<p><a href=\"https:\/\/volkermampft.de\/spanische-rezepte-tapas-paella-gazpacho-und-mehr-gerichte-aus-der-kueche-spaniens\/\" target=\"_blank\" rel=\"noreferrer noopener\" aria-label=\"Hier (\u00f6ffnet in neuem Tab)\">Hier<\/a> k\u00f6nnt Ihr <a href=\"https:\/\/volkermampft.de\/\" target=\"_blank\" rel=\"noreferrer noopener\" aria-label=\"Volkers (\u00f6ffnet in neuem Tab)\">Volkers<\/a> Zusammenfassung nachlesen und schon mal durch die Rezeptlinks st\u00f6bern:<\/p>\n\n\n\n<ul class=\"wp-block-list\"><li>Britta von Brittas Kochbuch mit <a rel=\"noopener noreferrer\" title=\"Pollo con naranja y menta - H\u00e4hnchen mit Orange und Minze\" href=\"https:\/\/brittas-kochbuch.info\/?p=17313\" target=\"_blank\">Pollo con naranja y menta &#8211; H\u00e4hnchen mit Orange und Minze<\/a><\/li><li>Britta von Brittas Kochbuch mit <a rel=\"noopener noreferrer\" title=\"Conejo al ajillo - Knoblauchkaninchen aus Kastilien-La Mancha\" href=\"https:\/\/brittas-kochbuch.info\/?p=17405\" target=\"_blank\">Conejo al ajillo &#8211; Knoblauchkaninchen aus Kastilien-La Mancha<\/a> <\/li><li>Britta von Brittas Kochbuch mit <a rel=\"noopener noreferrer\" title=\"Frit mallorqu\u00ed - vegan (als Gem\u00fcsebeilage zum Kaninchen)\" href=\"https:\/\/brittas-kochbuch.info\/?p=17421\" target=\"_blank\">Frit mallorqu\u00ed &#8211; vegan (als Gem\u00fcsebeilage zum Kaninchen)<\/a> <\/li><li>Britta von Brittas Kochbuch mit <a rel=\"noopener noreferrer\" title=\"Magdalenas mit feinem Orangenaroma\" href=\"https:\/\/brittas-kochbuch.info\/?p=17506\" target=\"_blank\">Magdalenas mit feinem Orangenaroma<\/a> <\/li><li>Sebastian Reichelt von Brittas Kochbuch mit <a rel=\"noopener noreferrer\" title=\"Pastel de Almendras (Gastbeitrag von Sebastian Reichelt)\" href=\"https:\/\/brittas-kochbuch.info\/?p=17552\" target=\"_blank\">Pastel de Almendras (Gastbeitrag von Sebastian Reichelt)<\/a> <\/li><li>Sylvia von Brotwein mit <a rel=\"noopener noreferrer\" title=\"Spanischer Mandelkuchen \u2013 Mandeltorte \u201eTarta de Santiago\u201c\" href=\"https:\/\/brotwein.net\/spanischer-mandelkuchen-mandeltorte-tarta-de-santiago-4215\" target=\"_blank\">Spanischer Mandelkuchen \u2013 Mandeltorte \u201eTarta de Santiago\u201c<\/a> <\/li><li>Sylvia von Brotwein mit <a rel=\"noopener noreferrer\" title=\"Kartoffel Tortilla - Rezept f\u00fcr spanisches Omelett (Tapas Klassiker)\" href=\"https:\/\/brotwein.net\/kartoffel-tortilla-rezept-fuer-spanisches-omelett-tapas-klassiker-4220\" target=\"_blank\">Kartoffel Tortilla &#8211; Rezept f\u00fcr spanisches Omelett (Tapas Klassiker)<\/a> <\/li><li>Sylvia von Brotwein mit <a rel=\"noopener noreferrer\" title=\"Spanisches H\u00e4hnchen mit Knoblauch und Oliven\" href=\"https:\/\/brotwein.net\/spanisches-haehnchen-mit-knoblauch-und-oliven-4222\" target=\"_blank\">Spanisches H\u00e4hnchen mit Knoblauch und Oliven<\/a> <\/li><li>Petra von Chili und Ciabatta mit <a rel=\"noopener noreferrer\" title=\"Kalbszunge in Granatapfelsauce mit Safranreis\" href=\"https:\/\/chili-und-ciabatta.de\/2020\/03\/kalbszunge-in-granatapfel-sauce-mit-safranreis\/\" target=\"_blank\">Kalbszunge in Granatapfelsauce mit Safranreis<\/a> <\/li><li>Petra von Chili und Ciabatta mit <a rel=\"noopener noreferrer\" title=\"Barraquito - Kaffeespezialit\u00e4t aus Teneriffa\" href=\"https:\/\/chili-und-ciabatta.de\/2020\/03\/barraquito-eine-kaffeespezialitaet-aus-teneriffa\/\" target=\"_blank\">Barraquito &#8211; Kaffeespezialit\u00e4t aus Teneriffa<\/a> <\/li><li>Petra von Chili und Ciabatta mit <a rel=\"noopener noreferrer\" title=\"Sopa Mallorquina - Kohleintopf aus Mallorca\" href=\"https:\/\/chili-und-ciabatta.de\/2020\/03\/sopa-mallorquina-kohleintopf-aus-mallorca\/\" target=\"_blank\">Sopa Mallorquina &#8211; Kohleintopf aus Mallorca<\/a> <\/li><li> Wilma von Pane-Bistecca mit <a rel=\"noopener noreferrer\" title=\"Oxtail Spanische Art\" href=\"http:\/\/pane-bistecca.com\/2020\/03\/10\/slowcooker-oxtail-spanische-art-slowcooker-oxtail-from-spain\/\" target=\"_blank\">Oxtail Spanische Art<\/a> <\/li><li>Ronald von Fr\u00e4nkische Tapas mit <a rel=\"noopener noreferrer\" title=\"Dreierlei spanische Tapas\" href=\"https:\/\/fraenkische-tapas.de\/dreierlei-spanische-tapas\" target=\"_blank\">Dreierlei spanische Tapas<\/a> <\/li><li>Katja von Kaffeebohne mit <a rel=\"noopener noreferrer\" title=\"Spanischer Mandelkuchen\" href=\"http:\/\/www.fambrenner.de\/Kaffeebohne\/wordpress\/2020\/03\/07\/kulinarische-weltreise-spanien-spanischer-mandelkuchen\/\" target=\"_blank\">Spanischer Mandelkuchen<\/a> <\/li><li>Katja von Kaffeebohne mit <a rel=\"noopener noreferrer\" title=\"Kichererbsen mit Chorizo\" href=\"http:\/\/www.fambrenner.de\/Kaffeebohne\/wordpress\/2020\/03\/22\/kulinarische-weltreise-spanien-kichererbsen-mit-chorizo\/\" target=\"_blank\">Kichererbsen mit Chorizo<\/a> <\/li><li>Ulrike von K\u00fcchenlatein mit <a rel=\"noopener noreferrer\" title=\"Reis mit getrockneten Tomaten und schwarzen Oliven\" href=\"https:\/\/kuechenlatein.com\/reis-mit-getrockneten-tomaten-und-schwarzen-oliven\/\" target=\"_blank\">Reis mit getrockneten Tomaten und schwarzen Oliven<\/a> <\/li><li>Ulrike von K\u00fcchenlatein mit <a rel=\"noopener noreferrer\" title=\"Reis mit Lauch \u2013 Arroz con puerros\" href=\"https:\/\/kuechenlatein.com\/reis-mit-lauch-arroz-con-puerros\/\" target=\"_blank\">Reis mit Lauch \u2013 Arroz con puerros<\/a> <\/li><li>Ulrike von K\u00fcchenlatein mit <a rel=\"noopener noreferrer\" title=\"Kichererbsensalat mit Karotten und Pistazien \u2013 Ensalada de gabanzos con zanahorias y pistachos\" href=\"https:\/\/kuechenlatein.com\/kichererbsensalat-mit-karotten-und-pistazien\/\" target=\"_blank\">Kichererbsensalat mit Karotten und Pistazien \u2013 Ensalada de gabanzos con zanahorias y pistachos<\/a> <\/li><li>Ulrike von K\u00fcchenlatein mit <a rel=\"noopener noreferrer\" title=\"Galizisches Roggenbrot\" href=\"https:\/\/kuechenlatein.com\/galizisches-roggenbrot\/\" target=\"_blank\">Galizisches Roggenbrot<\/a> <\/li><li>Tina von K\u00fcchenmomente mit <a rel=\"noopener noreferrer\" title=\"Mona de Pascua Catalana - Spanischer Osterkuchen in der katalanischen Version\" href=\"https:\/\/www.kuechenmomente.de\/mona-de-pascua-catalana-spanischer-osterkuchen-in-der-katalanischen-version\/\" target=\"_blank\">Mona de Pascua Catalana &#8211; Spanischer Osterkuchen in der katalanischen Version<\/a> <\/li><li>Tina von K\u00fcchenmomente mit <a rel=\"noopener noreferrer\" title=\"Crema Catalana - Katalanische Dessertcreme\" href=\"https:\/\/www.kuechenmomente.de\/crema-catalana-katalanische-dessertcreme\/\" target=\"_blank\">Crema Catalana &#8211; Katalanische Dessertcreme<\/a> <\/li><li>Tina von K\u00fcchenmomente mit <a rel=\"noopener noreferrer\" title=\"Yemas de \u00c1vila - &quot;Himmlische&quot; S\u00fc\u00dfspeise aus Spanien\" href=\"https:\/\/www.kuechenmomente.de\/yemas-de-avila-himmlische-suessspeise-aus-spanien\/\" target=\"_blank\">Yemas de \u00c1vila &#8211; &#8222;Himmlische&#8220; S\u00fc\u00dfspeise aus Spanien<\/a> <\/li><li>Susanne von magentratzerl mit <a rel=\"noopener noreferrer\" title=\"Cuajada tradicional\" href=\"https:\/\/magentratzerl.de\/2020\/03\/07\/cuajada-tradicional-fermentierte-milch-mit-honig\/\" target=\"_blank\">Cuajada tradicional<\/a> <\/li><li>Susanne von magentratzerl mit <a rel=\"noopener noreferrer\" title=\"Pollo al chilindr\u00f3n\" href=\"https:\/\/magentratzerl.de\/2020\/03\/17\/pollo-al-chilindron-spanisches-paprikahaehnchen\/\" target=\"_blank\">Pollo al chilindr\u00f3n<\/a> <\/li><li>Conny von Mein wunderbares Chaos mit <a rel=\"noopener noreferrer\" title=\"Empanadas mit Dulce de Leche\" href=\"https:\/\/meinwunderbareschaos.de\/empanadas-mit-dulce-de-leche\" target=\"_blank\">Empanadas mit Dulce de Leche<\/a> <\/li><li>Wilma von Pane-Bistecca mit <a rel=\"noopener noreferrer\" title=\"SlowCooker Oxtail Spanische Art\" href=\"http:\/\/pane-bistecca.com\/2020\/03\/10\/slowcooker-oxtail-spanische-art-slowcooker-oxtail-from-spain\" target=\"_blank\">SlowCooker Oxtail Spanische Art<\/a> <\/li><li>Wilma von Pane-Bistecca mit <a rel=\"noopener noreferrer\" title=\"Sopa de Ajo - Spanische Knoblauch, Bohnen und Brot Suppe\" href=\"http:\/\/pane-bistecca.com\/2020\/03\/14\/sopa-de-ajo-spanische-knoblauch-bohnen-und-brot-suppe-spanish-garlic-bean-and-bread-soup\/\" target=\"_blank\">Sopa de Ajo &#8211; Spanische Knoblauch, Bohnen und Brot Suppe<\/a> <\/li><li>Wilma von Pane-Bistecca mit <a rel=\"noopener noreferrer\" title=\"Paella mit Huhn\" href=\"http:\/\/pane-bistecca.com\/2020\/03\/16\/paella-mit-huhn-paella-with-chicken\/\" target=\"_blank\">Paella mit Huhn<\/a> <\/li><li>Wilma von Pane-Bistecca mit <a rel=\"noopener noreferrer\" title=\"Sevillian Huhn in Auberginen-Tomatensauce\" href=\"http:\/\/pane-bistecca.com\/2020\/03\/21\/sevillian-huhn-in-auberginen-tomatensauce-sevillian-chicken-in-eggplant-tomato-sauce\/\" target=\"_blank\">Sevillian Huhn in Auberginen-Tomatensauce<\/a> <\/li><li>Michael von SalzigS\u00fcssLecker mit <a rel=\"noopener noreferrer\" title=\"Alb\u00f3ndigas und Ensaladilla Rusa\" href=\"https:\/\/salzig-suess-lecker.de\/albondigas-und-ensaladilla-rusa\/\" target=\"_blank\">Alb\u00f3ndigas und Ensaladilla Rusa<\/a> <\/li><li>Christian von SavoryLens mit <a rel=\"noopener noreferrer\" title=\"Tarta de Santiago - Spanischer Mandelkuchen\" href=\"https:\/\/savorylens.com\/tarta-de-santiago-spanischer-mandelkuchen\" target=\"_blank\">Tarta de Santiago &#8211; Spanischer Mandelkuchen<\/a> <\/li><li>Cornelia von SilverTravellers mit <a rel=\"noopener noreferrer\" title=\"Spanischer Mandelkuchen trifft Erdbeertorte\" href=\"https:\/\/www.silvertravellers.de\/spanischer-mandelkuchen-erdbeertorte\/\" target=\"_blank\">Spanischer Mandelkuchen trifft Erdbeertorte<\/a> <\/li><li>Susi von Turbohausfrau mit <a rel=\"noopener noreferrer\" title=\"Tarta de Santiago\" href=\"https:\/\/www.turbohausfrau.at\/2020\/03\/kulinarische-weltreise-tarta-de-santiago.html\" target=\"_blank\">Tarta de Santiago<\/a> <\/li><li>Volker von volkermampft mit <a rel=\"noopener noreferrer\" title=\"Pan Cateto - spanisches Landbrot mit Sauerteig\" href=\"https:\/\/volkermampft.de\/pan-cateto-spanisches-landbrot-mit-sauerteig\" target=\"_blank\">Pan Cateto &#8211; spanisches Landbrot mit Sauerteig<\/a> <\/li><li>Volker von volkermampft mit <a rel=\"noopener noreferrer\" title=\"Spanischer Bohneneintopf mit Chorizo - Fabada Asturiana\" href=\"https:\/\/volkermampft.de\/spanischer-bohneneintopf-mit-chorizo-fabada-asturiana\" target=\"_blank\">Spanischer Bohneneintopf mit Chorizo &#8211; Fabada Asturiana<\/a> <\/li><li>Volker von volkermampft mit <a rel=\"noopener noreferrer\" title=\"Albondigas nach Kitchen Impossible - Fleischb\u00e4llchen aus Ochsenschwanz\" href=\"https:\/\/volkermampft.de\/albondigas-nach-kitchen-impossible-fleischbaellchen-aus-ochsenschwanz\" target=\"_blank\">Albondigas nach Kitchen Impossible &#8211; Fleischb\u00e4llchen aus Ochsenschwanz<\/a> <\/li><li>Volker von volkermampft mit <a rel=\"noopener noreferrer\" title=\"Paella Valenciana nach Kitchen Impossible\" href=\"https:\/\/volkermampft.de\/paella-valenciana-nach-kitchen-impossible\" target=\"_blank\">Paella Valenciana nach Kitchen Impossible<\/a> <\/li><li>Simone von zimtkringel mit <a rel=\"noopener noreferrer\" title=\"Papas arrugadas und Mojo rojo\" href=\"https:\/\/www.zimtkringel.org\/2020\/03\/22\/papas-arrugadas-und-mojo-rojo\/\" target=\"_blank\">Papas arrugadas und Mojo rojo<\/a><\/li><li>Zorra von 1x umr\u00fchren aka Kochtopf mit <a href=\"https:\/\/www.kochtopf.me\/san-sebastian-cheesecake\" target=\"_blank\" rel=\"noreferrer noopener\" aria-label=\"San Sebasti\u00e1n Cheesecake (\u00f6ffnet in neuem Tab)\">San Sebasti\u00e1n Cheesecake<\/a><\/li><\/ul>\n","protected":false},"excerpt":{"rendered":"<p>Spanien scheint nicht nur ein beliebtes Reiseland zu sein, sondern auch eine wahnsinnig beliebte K\u00fcche zu haben. Anders ist die \u00fcberw\u00e4ltigende Anzahl von 39 Rezepten nicht zu erkl\u00e4ren. Hier k\u00f6nnt Ihr Volkers Zusammenfassung nachlesen und schon mal durch die Rezeptlinks st\u00f6bern: Britta von Brittas Kochbuch mit Pollo con naranja y menta &#8211; H\u00e4hnchen mit Orange [&hellip;]<\/p>\n","protected":false},"author":1,"featured_media":0,"comment_status":"open","ping_status":"open","sticky":false,"template":"","format":"standard","meta":{"sfsi_plus_gutenberg_text_before_share":"","sfsi_plus_gutenberg_show_text_before_share":"","sfsi_plus_gutenberg_icon_type":"","sfsi_plus_gutenberg_icon_alignemt":"","sfsi_plus_gutenburg_max_per_row":"","_jetpack_memberships_contains_paid_content":false,"footnotes":""},"categories":[169],"tags":[2048,1221,385,259],"class_list":["post-17577","post","type-post","status-publish","format-standard","hentry","category-blog-events","tag-die-kulinarische-weltreise","tag-spanien","tag-update","tag-zusammenfassung"],"jetpack_featured_media_url":"","jetpack_sharing_enabled":true,"_links":{"self":[{"href":"https:\/\/brittas-kochbuch.info\/index.php?rest_route=\/wp\/v2\/posts\/17577"}],"collection":[{"href":"https:\/\/brittas-kochbuch.info\/index.php?rest_route=\/wp\/v2\/posts"}],"about":[{"href":"https:\/\/brittas-kochbuch.info\/index.php?rest_route=\/wp\/v2\/types\/post"}],"author":[{"embeddable":true,"href":"https:\/\/brittas-kochbuch.info\/index.php?rest_route=\/wp\/v2\/users\/1"}],"replies":[{"embeddable":true,"href":"https:\/\/brittas-kochbuch.info\/index.php?rest_route=%2Fwp%2Fv2%2Fcomments&post=17577"}],"version-history":[{"count":14,"href":"https:\/\/brittas-kochbuch.info\/index.php?rest_route=\/wp\/v2\/posts\/17577\/revisions"}],"predecessor-version":[{"id":17651,"href":"https:\/\/brittas-kochbuch.info\/index.php?rest_route=\/wp\/v2\/posts\/17577\/revisions\/17651"}],"wp:attachment":[{"href":"https:\/\/brittas-kochbuch.info\/index.php?rest_route=%2Fwp%2Fv2%2Fmedia&parent=17577"}],"wp:term":[{"taxonomy":"category","embeddable":true,"href":"https:\/\/brittas-kochbuch.info\/index.php?rest_route=%2Fwp%2Fv2%2Fcategories&post=17577"},{"taxonomy":"post_tag","embeddable":true,"href":"https:\/\/brittas-kochbuch.info\/index.php?rest_route=%2Fwp%2Fv2%2Ftags&post=17577"}],"curies":[{"name":"wp","href":"https:\/\/api.w.org\/{rel}","templated":true}]}}