{"id":18895,"date":"2020-08-05T09:50:45","date_gmt":"2020-08-05T07:50:45","guid":{"rendered":"http:\/\/brittas-kochbuch.info\/?p=18895"},"modified":"2020-08-13T11:44:58","modified_gmt":"2020-08-13T09:44:58","slug":"update-die-kulinarische-weltreise-in-schweden","status":"publish","type":"post","link":"https:\/\/brittas-kochbuch.info\/?p=18895","title":{"rendered":"Update: Die kulinarische Weltreise in Schweden"},"content":{"rendered":"\n\n\n<p class=\"has-drop-cap\">Von unserem Ausflug nach Schweden haben wir Weltreisende tats\u00e4chlich 45 Rezepte mitgebracht. Was alles dabei war, lest Ihr bei <a href=\"https:\/\/volkermampft.de\/\" target=\"_blank\" rel=\"noreferrer noopener\">Volker mampft<\/a> in der <a href=\"https:\/\/volkermampft.de\/schwedische-rezepte-und-gerichte-leckeres-aus-der-kueche-schwedens\/\" target=\"_blank\" rel=\"noreferrer noopener\">Zusammenfassung<\/a>.<\/p>\n\n\n\n<p>Auch ich war mit vier Rezepten dabei:<\/p>\n\n\n\n<ul class=\"wp-block-list\"><li><a href=\"https:\/\/brittas-kochbuch.info\/?p=18840\">Schwedische Haferkekse<\/a><\/li><li><a href=\"https:\/\/brittas-kochbuch.info\/?p=18766\">Kn\u00e4ckebr\u00f6d<\/a><\/li><li><a href=\"https:\/\/brittas-kochbuch.info\/?p=18709\">Krispig Bl\u00e5b\u00e4rpaj<\/a> und<\/li><li><a href=\"https:\/\/brittas-kochbuch.info\/?p=18616\">Svensk Sommarsoppa<\/a>, au\u00dferdem waren schon im Blog:<\/li><li><a href=\"https:\/\/brittas-kochbuch.info\/?p=9143\">Gravlaxs\u00e5s<\/a> und<\/li><li><a href=\"https:\/\/brittas-kochbuch.info\/?p=14252\">Graved Lachs<\/a><\/li><\/ul>\n\n\n\n<!--more-->\n\n\n\n<p>Hier seht Ihr alle Rezepte aller Teilnehmer im &#8222;Schnelldurchlauf&#8220;:<\/p>\n\n\n\n<p>Ulrike von K\u00fcchenlatein mit <a href=\"https:\/\/kuechenlatein.com\/safranpfannkuchen-saffranspannkaka\/\" target=\"_blank\" rel=\"noreferrer noopener\">Safranpfannkuchen \u2013 Saffranspannkaka<\/a><br>Britta von Backmaedchen 1967 mit <a href=\"https:\/\/backmaedchen1967.de\/schwedische-haferflocken-kekse\/\" target=\"_blank\" rel=\"noreferrer noopener\">Schwedische Haferflocken-Kekse<\/a><br>Janke von Jankes*Soulfood mit <a href=\"https:\/\/www.jankessoulfood.com\/2020\/07\/schwedische-blaubeersuppe.html\" target=\"_blank\" rel=\"noreferrer noopener\">Bl\u00e5b\u00e4rssoppa &#8211; schwedische Blaubeersuppe mit Grie\u00dfkl\u00f6\u00dfchen<\/a><br>Nadine von M\u00f6hreneck mit <a href=\"https:\/\/www.moehreneck.de\/2020\/07\/06\/vegane-koettbullar-mit-rahmsauce\/\" target=\"_blank\" rel=\"noreferrer noopener\">K\u00f6ttbullar mit Rahmsauce (vegan)<\/a><br>Tina von K\u00fcchenmomente mit <a href=\"https:\/\/www.kuechenmomente.de\/typisch-schwedische-zimtschnecken-mal-anders\/\" target=\"_blank\" rel=\"noreferrer noopener\">Typisch schwedische Zimtschnecken mal anders<\/a><br>Conny von Mein wunderbares Chaos mit <a href=\"https:\/\/meinwunderbareschaos.de\/weisser-kladdkaka---schwedischer-schokokuchen\/\" target=\"_blank\" rel=\"noreferrer noopener\">Wei\u00dfer Kladdkaka &#8211; schwedischer Schokokuchen<\/a><br>Wilma von Pane-Bistecca mit <a href=\"http:\/\/pane-bistecca.com\/2020\/07\/05\/kroppkakor-schwedische-kartoffelkloesse-swedish-potato-dumplings\/\" target=\"_blank\" rel=\"noreferrer noopener\">Kroppkakor &#8211; Schwedische Kartoffelkloesse<\/a><br>Ulrike von K\u00fcchenlatein mit <a href=\"https:\/\/kuechenlatein.com\/?p=52188\" target=\"_blank\" rel=\"noreferrer noopener\">Hasseln\u00f6tskaka med kaffe &#8211; Haselnusskuchen mit Kaffee<\/a><br>Britta von Brittas Kochbuch mit <a href=\"https:\/\/brittas-kochbuch.info\/?p=18616\" target=\"_blank\" rel=\"noreferrer noopener\">Svenks Sommarsoppa &#8211; Schwedische Sommersuppe<\/a><br>Ronald von Fr\u00e4nkische Tapas mit <a href=\"https:\/\/fraenkische-tapas.de\/schwedischer-heringssalat\/\" target=\"_blank\" rel=\"noreferrer noopener\">Schwedischer Heringssalat<\/a><br>Petra aka Cascabel von Chili und Ciabatta mit <a href=\"https:\/\/chili-und-ciabatta.de\/2020\/07\/sockerkringlor-mit-zitronenfuellung\/\" target=\"_blank\" rel=\"noreferrer noopener\">Sockerkringlor mit Zitronenf\u00fcllung<\/a><br>Wilma von Pane-Bistecca mit <a href=\"http:\/\/pane-bistecca.com\/2020\/07\/08\/svenska-kottbullar-schwedische-hackfleischbaellchen-swedish-meatballs\/\" target=\"_blank\" rel=\"noreferrer noopener\">Svenska Koettbullar &#8211; Schwedische Hackfleischbaellchen<\/a><br>Carina von Coffee2Stay mit <a href=\"https:\/\/coffee2stay.wordpress.com\/2020\/07\/13\/lecker-liebe-schweden-kaerleksmums\/\" target=\"_blank\" rel=\"noreferrer noopener\">K\u00e4rleksmums<\/a><br>Carina von Coffee2Stay mit <a href=\"https:\/\/coffee2stay.wordpress.com\/2020\/07\/11\/exotisches-schweden-schweinefilet-mit-banane\" target=\"_blank\" rel=\"noreferrer noopener\">Fl\u00e4skfile med banan &#8211; Schweinefilet mit Banane<\/a><br>Ulrike von K\u00fcchenlatein mit <a href=\"https:\/\/kuechenlatein.com\/citrondroemmar-zitronentraum\/\" target=\"_blank\" rel=\"noreferrer noopener\">Citrondr\u00f6mmar &#8211; Zitronentraum<\/a><br>Henrike von EinfachSchweden mit <a href=\"https:\/\/einfachschweden.de\/flygande-jakob\/\" target=\"_blank\" rel=\"noreferrer noopener\">Flygande Jakob<\/a><br>Sonja von fluffig &amp; hart mit <a href=\"https:\/\/fluffigundhart.de\/recipe\/schwedische-mandeltorte\/\" target=\"_blank\" rel=\"noreferrer noopener\">Mandelt\u00e5rta &#8211; Schwedische Mandeltorte mit Johannisbeeren<\/a><br>Ulrike von k\u00fcchenlatein mit <a href=\"https:\/\/kuechenlatein.com\/pilzsuppe-mit-aepfeln-und-thymian\/\" target=\"_blank\" rel=\"noreferrer noopener\">Pilzsuppe mit \u00c4pfeln und Thymian<\/a><br>Tanja von Tanjas bunte Welt mit <a href=\"https:\/\/www.tanjaswelt.at\/raggmunk-schwedische-kartoffelpfannkuchen\" target=\"_blank\" rel=\"noreferrer noopener\">Raggmunk &#8211; schwedische Kartoffelpfannkuchen<\/a><br>Ulrike von K\u00fcchenlatein mit <a href=\"https:\/\/kuechenlatein.com\/stachelbeerkuchen-mit-mandel-krusbaerspaj-med-mandel\/\" target=\"_blank\" rel=\"noreferrer noopener\">Stachelbeerkuchen mit Mandel &#8211; Krusb\u00e4rspaj med mandel<\/a><br>Conny von food for the soul mit <a href=\"https:\/\/foodforthesoul.de\/kanelbullar-schwedische-zimtschnecken\/\" target=\"_blank\" rel=\"noreferrer noopener\">Kanelbullar &#8211; schwedische Zimtschnecken<\/a><br>Britta von Brittas Kochbuch mit <a href=\"https:\/\/brittas-kochbuch.info\/?p=18709\" target=\"_blank\" rel=\"noreferrer noopener\">Krispig Bl\u00e5b\u00e4rpaj &#8211; Knusperblaubeerkuchen<\/a><br>Petra aka Cascabel von Chili und Ciabatta mit <a href=\"https:\/\/chili-und-ciabatta.de\/2020\/07\/wallenbergare-mit-sommerkohl-und-kartoffelstampf\/\" target=\"_blank\" rel=\"noreferrer noopener\">Wallenbergare mit Sommerkohl und Kartoffelstampf<\/a><br>Simone von zimtkringel mit <a href=\"https:\/\/www.zimtkringel.org\/2020\/07\/18\/janssons-frestelse-janssons-versuchung\/\" target=\"_blank\" rel=\"noreferrer noopener\">Janssons frestelse &#8211; Janssons Versuchung<\/a><br>Ute von wiesengenuss mit <a href=\"https:\/\/wiesengenusskueche.blogspot.com\/2020\/07\/kaldolme-mit-moosbeeren.html\" target=\"_blank\" rel=\"noreferrer noopener\">K\u00c5LDOLME &#8211; mit Moosbeeren<\/a><br>Henrike von EinfachSchweden mit <a href=\"https:\/\/einfachschweden.de\/zimtschnecken-ruehrkuchen\/\" target=\"_blank\" rel=\"noreferrer noopener\">Saftiger Zimtschnecken-R\u00fchrkuchen &#8211; Kanelbullesockerkaka<\/a><br>Susanne von magentratzerl mit <a href=\"https:\/\/magentratzerl.de\/2020\/07\/16\/erbsen-kartoffelknoedel-mit-speck-topping\/\" target=\"_blank\" rel=\"noreferrer noopener\">Erbsen-Kartoffelkn\u00f6del mit Specktopping<\/a><br>Sus von CorumBlog 2.0 mit <a href=\"https:\/\/wassersch.eu\/corumblog\/2020\/07\/hallongrottor-himbeertoertchen\/\" target=\"_blank\" rel=\"noreferrer noopener\">Hallongrottor \u2013 Himbeert\u00f6rtchen<\/a><br>Britta von Brittas Kochbuch mit <a href=\"https:\/\/brittas-kochbuch.info\/?p=18766\" target=\"_blank\" rel=\"noreferrer noopener\">Kn\u00e4ckebr\u00f6d &#8211; Kn\u00e4ckebrot<\/a><br>Katja von Kaffeebohne mit <a href=\"http:\/\/www.fambrenner.de\/Kaffeebohne\/wordpress\/2020\/07\/19\/kulinarische-weltreise-schweden-sommersalat\/\" target=\"_blank\" rel=\"noreferrer noopener\">Sommersalat<\/a><br>Petra aka Cascabel von Chili und Ciabatta mit <a href=\"https:\/\/chili-und-ciabatta.de\/2020\/07\/pyttipanna-mit-eingelegten-roten-beten\/\" target=\"_blank\" rel=\"noreferrer noopener\">Pyttipanna<\/a><br>Tina von K\u00fcchenmomente mit <a href=\"https:\/\/www.kuechenmomente.de\/broedkakor-rustikales-fladenbrot-aus-schweden\/\" target=\"_blank\" rel=\"noreferrer noopener\">Br\u00f6dkakor &#8211; rustikales Fladenbrot aus Schweden<\/a><br>Nadine von M\u00f6hreneck mit <a href=\"https:\/\/www.moehreneck.de\/2020\/07\/28\/vegane-kanelbullar\/\" target=\"_blank\" rel=\"noreferrer noopener\">vegane Kanelbullar<\/a><br>Britta von Brittas Kochbuch mit <a href=\"https:\/\/brittas-kochbuch.info\/?p=18840\" target=\"_blank\" rel=\"noreferrer noopener\">Schwedische Haferkekse<\/a><br>Sus von CorumBlog 2.0 mit <a href=\"http:\/\/wassersch.eu\/corumblog\/2020\/07\/schwedisches-helles-karottenbrot-aus-jokkmokk\" target=\"_blank\" rel=\"noreferrer noopener\">Schwedisches helles Karottenbrot<\/a><br>Katja von Kaffeebohne mit <a href=\"http:\/\/www.fambrenner.de\/Kaffeebohne\/wordpress\/2020\/07\/26\/kulinarische-weltreise-schweden-schwedischer-garnelencocktail\/\" target=\"_blank\" rel=\"noreferrer noopener\">Schwedischer Garnelencocktail<\/a><br>Carina von Coffee2Stay mit <a href=\"https:\/\/coffee2stay.wordpress.com\/2020\/07\/26\/groetbroed-schwedisches-haferbrei-brot\/\" target=\"_blank\" rel=\"noreferrer noopener\">Gr\u00f6tbr\u00f6d &#8211; Porridge-Brot<\/a><br>Sylvia von Brotwein mit <a href=\"https:\/\/brotwein.net\/lachs-beizen-rezept-mit-gin-zitrone-und-rote-bete-4696\" target=\"_blank\" rel=\"noreferrer noopener\">Lachs beizen &#8211; Rezept mit Gin, Zitrone und Rote Bete<\/a><br>Christian von SavoryLens mit <a href=\"https:\/\/ourfoodcreations.blogspot.com\/2020\/07\/kulinarische-weltreise-schweden-teil-i.html\" target=\"_blank\" rel=\"noreferrer noopener\">Chokladbollar &#8211; Schwedische Schokoladenkugeln<\/a><br>Andrea von our food creations mit <a href=\"https:\/\/ourfoodcreations.blogspot.com\/2020\/07\/kulinarische-weltreise-schweden-teil-ii.html\" target=\"_blank\" rel=\"noreferrer noopener\">Vollwert-Kn\u00e4cke mit Kr\u00e4uter-Radieschen-Quark<\/a><br>Andrea von our food creations mit <a href=\"https:\/\/ourfoodcreations.blogspot.com\/2020\/07\/kulinarische-weltreise-schweden-teil-ii.html\" target=\"_blank\" rel=\"noreferrer noopener\">Glasierter Senf-Preiselbeer-Braten mit Honig-Senf-Sauce<\/a><br>Andrea von our food creations mit <a href=\"https:\/\/ourfoodcreations.blogspot.com\/2020\/07\/kulinarische-weltreise-schweden-teil-iii.html\" target=\"_blank\" rel=\"noreferrer noopener\">Kleine F(r)ischk\u00e4se T\u00f6rtchen &#8211; angelehnt an die schwedische Sm\u00f6rg\u00e5st\u00e5rta<\/a><br>Sylvia von Brotwein mit <a href=\"https:\/\/brotwein.net\/roggen-knaeckebrot-rezept-knusprig-herzhaft-47011\" target=\"_blank\" rel=\"noreferrer noopener\">Roggen Kn\u00e4ckebrot Rezept &#8211; knusprig herzhaft<\/a><br>Volker von Volkermampft mit <a href=\"https:\/\/volkermampft.de\/schwedische-koettbullar-besser-als-bei-ikea\" target=\"_blank\" rel=\"noreferrer noopener\">Schwedische K\u00f6ttbullar &#8211; besser als bei Ikea!<\/a><br>Volker von Volkermampft mit <a href=\"https:\/\/volkermampft.de\/kalops-schwedisches-rindergulasch-mit-roter-beete\" target=\"_blank\" rel=\"noreferrer noopener\">Kalops &#8211; Schwedisches Rindergulasch mit Roter Beete<\/a><\/p>\n","protected":false},"excerpt":{"rendered":"<p>Von unserem Ausflug nach Schweden haben wir Weltreisende tats\u00e4chlich 45 Rezepte mitgebracht. Was alles dabei war, lest Ihr bei Volker mampft in der Zusammenfassung. Auch ich war mit vier Rezepten dabei: Schwedische Haferkekse Kn\u00e4ckebr\u00f6d Krispig Bl\u00e5b\u00e4rpaj und Svensk Sommarsoppa, au\u00dferdem waren schon im Blog: Gravlaxs\u00e5s und Graved Lachs<\/p>\n","protected":false},"author":1,"featured_media":0,"comment_status":"open","ping_status":"open","sticky":false,"template":"","format":"standard","meta":{"sfsi_plus_gutenberg_text_before_share":"","sfsi_plus_gutenberg_show_text_before_share":"","sfsi_plus_gutenberg_icon_type":"","sfsi_plus_gutenberg_icon_alignemt":"","sfsi_plus_gutenburg_max_per_row":"","_jetpack_memberships_contains_paid_content":false,"footnotes":""},"categories":[169],"tags":[172,2048,2710],"class_list":["post-18895","post","type-post","status-publish","format-standard","hentry","category-blog-events","tag-blog-event","tag-die-kulinarische-weltreise","tag-schweden"],"jetpack_featured_media_url":"","jetpack_sharing_enabled":true,"_links":{"self":[{"href":"https:\/\/brittas-kochbuch.info\/index.php?rest_route=\/wp\/v2\/posts\/18895"}],"collection":[{"href":"https:\/\/brittas-kochbuch.info\/index.php?rest_route=\/wp\/v2\/posts"}],"about":[{"href":"https:\/\/brittas-kochbuch.info\/index.php?rest_route=\/wp\/v2\/types\/post"}],"author":[{"embeddable":true,"href":"https:\/\/brittas-kochbuch.info\/index.php?rest_route=\/wp\/v2\/users\/1"}],"replies":[{"embeddable":true,"href":"https:\/\/brittas-kochbuch.info\/index.php?rest_route=%2Fwp%2Fv2%2Fcomments&post=18895"}],"version-history":[{"count":9,"href":"https:\/\/brittas-kochbuch.info\/index.php?rest_route=\/wp\/v2\/posts\/18895\/revisions"}],"predecessor-version":[{"id":19017,"href":"https:\/\/brittas-kochbuch.info\/index.php?rest_route=\/wp\/v2\/posts\/18895\/revisions\/19017"}],"wp:attachment":[{"href":"https:\/\/brittas-kochbuch.info\/index.php?rest_route=%2Fwp%2Fv2%2Fmedia&parent=18895"}],"wp:term":[{"taxonomy":"category","embeddable":true,"href":"https:\/\/brittas-kochbuch.info\/index.php?rest_route=%2Fwp%2Fv2%2Fcategories&post=18895"},{"taxonomy":"post_tag","embeddable":true,"href":"https:\/\/brittas-kochbuch.info\/index.php?rest_route=%2Fwp%2Fv2%2Ftags&post=18895"}],"curies":[{"name":"wp","href":"https:\/\/api.w.org\/{rel}","templated":true}]}}