{"id":18953,"date":"2020-08-13T13:08:36","date_gmt":"2020-08-13T11:08:36","guid":{"rendered":"http:\/\/brittas-kochbuch.info\/?p=18953"},"modified":"2020-08-13T13:16:11","modified_gmt":"2020-08-13T11:16:11","slug":"die-kulinarische-weltreise-imam-bayildi-tuerkei","status":"publish","type":"post","link":"https:\/\/brittas-kochbuch.info\/?p=18953","title":{"rendered":"Die kulinarische Weltreise &#8211; \u0130mam bay\u0131ld\u0131 (T\u00fcrkei)"},"content":{"rendered":"\n\n\n<p><a href=\"http:\/\/volkermampft.de\/rezepte-aus-der-tuerkei-rezeptsammlung-mit-den-besten-tuerkischen-gerichten\" title=\"Blogger Aktion &quot;Die kulinarische Weltreise&quot; von @volkermampft h\u00e4lt in der T\u00fcrkei\"><img loading=\"lazy\" decoding=\"async\" src=\"http:\/\/volkermampft.de\/wp-content\/uploads\/2018\/02\/kulinarische_weltreise_500x200.png\" alt=\"Blogger Aktion &quot;Die kulinarische Weltreise&quot; von @volkermampft h\u00e4lt in der T\u00fcrkei\" width=\"500\" height=\"200\"><\/a><\/p>\n\n\n\n<p class=\"has-drop-cap\">Nach meinem ersten eher &#8222;t\u00fcrkdeutschen&#8220; Beitrag mit dem gef\u00fcllten Fladenbrot &#8211; oder nennen wir das Kind beim Namen: <a href=\"https:\/\/brittas-kochbuch.info\/?p=18904\">H\u00e4hnchend\u00f6ner<\/a>! bringe ich Euch mit meinem zweiten Beitrag f\u00fcr den Stopover in der <a href=\"https:\/\/volkermampft.de\/rezepte-aus-der-tuerkei-rezeptsammlung-mit-den-besten-tuerkischen-gerichte\/\" target=\"_blank\" rel=\"noreferrer noopener\">T\u00fcrkei<\/a> im Rahmen der <a href=\"https:\/\/volkermampft.de\/die-kulinarische-weltreise-die-grosse-foodblogger-aktion\/\" target=\"_blank\" rel=\"noreferrer noopener\">kulinarischen Weltreise<\/a> von <a href=\"https:\/\/volkermampft.de\/\" target=\"_blank\" rel=\"noreferrer noopener\">Volker mampft<\/a> ein originales Rezept mit.<\/p>\n\n\n\n<div class=\"wp-block-image\"><figure class=\"aligncenter size-large\"><img loading=\"lazy\" decoding=\"async\" width=\"416\" height=\"555\" src=\"https:\/\/brittas-kochbuch.info\/wp-content\/uploads\/2020\/08\/tuerkei_vegetarisch.jpg\" alt=\"\" class=\"wp-image-19037\" srcset=\"https:\/\/brittas-kochbuch.info\/wp-content\/uploads\/2020\/08\/tuerkei_vegetarisch.jpg 416w, https:\/\/brittas-kochbuch.info\/wp-content\/uploads\/2020\/08\/tuerkei_vegetarisch-225x300.jpg 225w\" sizes=\"(max-width: 416px) 100vw, 416px\" \/><\/figure><\/div>\n\n\n\n<p>Entnommen ist es dem Buch <a href=\"https:\/\/www.brandstaetterverlag.com\/buch\/tuerkei-vegetarisch\" target=\"_blank\" rel=\"noreferrer noopener\">T\u00fcrkei vegetarisch<\/a> von Orkide &amp; Orhan Tan\u00e7gil, das im <a href=\"https:\/\/www.brandstaetterverlag.com\/\" target=\"_blank\" rel=\"noreferrer noopener\">Brandst\u00e4tter Verlag<\/a> erschienen ist.<\/p>\n\n\n\n<p>Die beiden sind sehr umtriebig, was die Verbreitung der &#8222;echten&#8220; t\u00fcrkischen K\u00fcche betrifft. Das kann man auch an der Webseite <a rel=\"noreferrer noopener\" href=\"https:\/\/kochdicht\u00fcrkisch.de\/\" target=\"_blank\">Koch Dich t\u00fcrkisch<\/a> verfolgen, wo es jede Menge Rezepte, einen Blog und auch einen Shop gibt.<\/p>\n\n\n\n<p>Auch eine Reihe von B\u00fcchern gibt es schon.<\/p>\n\n\n\n<p>So, nun aber zum Imam, der (vor Entz\u00fccken) in Ohnmacht fiel, denn so in etwa lautet die \u00dcbersetzung des Rezeptnamens. Es handelt sich dabei um ofengebackene Auberginen mit einer F\u00fcllung aus (Spitz-)Paprika und Tomaten. Wie sch\u00f6n, dass der Backofen bei dem hei\u00dfen Wetter den Hauptteil der Arbeit alleine macht, w\u00e4hrend man sch\u00f6n drau\u00dfen darauf wartet, endlich essen zu k\u00f6nnen.<\/p>\n\n\n\n<p>Als Beilagen hatten wir noch ein <a href=\"https:\/\/brittas-kochbuch.info\/?p=4912\">Hummus<\/a> (es war noch ein angebrochenes Glas Kichererbsen im K\u00fchlschrank) mit gr\u00fcnen TK-Erbsen und ein <a href=\"https:\/\/brittas-kochbuch.info\/?p=3505\">Cac\u0131k<\/a>, nicht ganz authentisch mit Zitronenmelisse und Minze und obenauf drapierten Gurkenst\u00fccken.<\/p>\n\n\n\n<div class=\"wp-block-image\"><figure class=\"aligncenter size-large\"><img loading=\"lazy\" decoding=\"async\" width=\"555\" height=\"416\" src=\"https:\/\/brittas-kochbuch.info\/wp-content\/uploads\/2020\/08\/20200812_imambayildi04.jpg\" alt=\"\" class=\"wp-image-19025\" srcset=\"https:\/\/brittas-kochbuch.info\/wp-content\/uploads\/2020\/08\/20200812_imambayildi04.jpg 555w, https:\/\/brittas-kochbuch.info\/wp-content\/uploads\/2020\/08\/20200812_imambayildi04-300x225.jpg 300w\" sizes=\"(max-width: 555px) 100vw, 555px\" \/><\/figure><\/div>\n\n\n\n<!--more-->\n\n\n\n<h4 class=\"wp-block-heading\">Zutaten f\u00fcr 2 Portionen:<\/h4>\n\n\n\n<ul class=\"wp-block-list\"><li>2 l\u00e4ngliche Auberginen<\/li><li>Salz<\/li><li>2 Zwiebeln<\/li><li>2 Knoblauchzehen<\/li><li>1,5 gr\u00fcne Spitzpaprika (<em>bei mir ersatzweise 1 runde Paprikaschote<\/em>)<\/li><li>100 ml Oliven\u00f6l zum Braten<\/li><li>2 &#8211; 3 gro\u00dfe aromatische Tomaten<\/li><li>0,5 &#8211; 1 TL Tomaten-Paprika-Mark<\/li><li>0,5 TL Zucker<\/li><li>frischer Thymian<\/li><li>Salz<\/li><li>schwarzer Pfeffer aus der M\u00fchle<\/li><li>0,5 Bund glatte Petersilie<\/li><li>Tomatenscheiben und Paprikastreifen zur Deko<\/li><li>natives Oliven\u00f6l extra<\/li><li>Pide (bei uns ein gekauftes vom &#8222;T\u00fcrken&#8220; im Supermarkt)<\/li><\/ul>\n\n\n\n<h4 class=\"wp-block-heading\">Zubereitung:<\/h4>\n\n\n\n<p>Auberginen l\u00e4ngs streifig sch\u00e4len, halbieren und aush\u00f6hlen. Das geht am besten mit einem Melonenausstecher oder einem Espressol\u00f6ffel. Etwa 30 Minuten in Salzwasser legen, abtropfen lassen und trocken tupfen.<\/p>\n\n\n\n<p>In der Zwischenzeit f\u00fcr die F\u00fcllung Zwiebeln und Knoblauch sch\u00e4len, halbieren und in d\u00fcnne Scheiben schneiden. Paprika putzen (sch\u00e4len, Stiel und Kerne entfernen) und w\u00fcrfeln, vorher ein paar Streifen zur Seite legen. Mit Zwiebel und Knoblauch im Oliven\u00f6l glasig anbraten.<\/p>\n\n\n\n<p>Tomaten waschen, sch\u00e4len und klein w\u00fcrfeln, vorher ein paar sch\u00f6ne gro\u00dfe Scheiben zur Seite legen. Mit dem Paprika-Tomaten-Mark, Zucker, Thymian, Salz und Pfeffer in die Pfanne mit den Paprikaw\u00fcrfeln geben und ca. 10 Minuten mit geschlossenem Deckel schmoren.<\/p>\n\n\n\n<p>Petersilie waschen, trocken sch\u00fctteln, fein schneiden und untermischen. Mit Salz und Pfeffer abschmecken.<\/p>\n\n\n\n<p>Ofen auf 180 \u00b0C Ober-\/Unterhitze vorheizen. Auberginen in reichlich Oliven\u00f6l von allen Seiten gleichm\u00e4\u00dfig goldbraun braten. \u00dcbersch\u00fcssiges \u00d6l auf K\u00fcchenkrepp abtropfen lassen.<\/p>\n\n\n\n<p>Auberginen in eine flache Auflaufform legen, gleichm\u00e4\u00dfig die F\u00fcllung hineingeben. Einige Tomatenscheiben und Paprikastreifen obenauf legen und mit etwas Oliven\u00f6l betr\u00e4ufeln.<\/p>\n\n\n\n<p>Im Ofen 30 &#8211; 40 Minuten garen, bis die Auberginen weich werden.<\/p>\n\n\n\n<hr class=\"wp-block-separator\"\/>\n\n\n\n<p>Mit gehackter Petersilie bestreut warm oder gek\u00fchlt servieren.<\/p>\n\n\n\n<figure class=\"wp-block-gallery aligncenter columns-2 is-cropped wp-block-gallery-1 is-layout-flex wp-block-gallery-is-layout-flex\"><ul class=\"blocks-gallery-grid\"><li class=\"blocks-gallery-item\"><figure><img loading=\"lazy\" decoding=\"async\" width=\"555\" height=\"416\" src=\"https:\/\/brittas-kochbuch.info\/wp-content\/uploads\/2020\/08\/20200812_imambayildi02.jpg\" alt=\"\" data-id=\"19023\" data-full-url=\"https:\/\/brittas-kochbuch.info\/wp-content\/uploads\/2020\/08\/20200812_imambayildi02.jpg\" data-link=\"https:\/\/brittas-kochbuch.info\/?attachment_id=19023\" class=\"wp-image-19023\" srcset=\"https:\/\/brittas-kochbuch.info\/wp-content\/uploads\/2020\/08\/20200812_imambayildi02.jpg 555w, https:\/\/brittas-kochbuch.info\/wp-content\/uploads\/2020\/08\/20200812_imambayildi02-300x225.jpg 300w\" sizes=\"(max-width: 555px) 100vw, 555px\" \/><figcaption class=\"blocks-gallery-item__caption\">Hummus, Fladen&#8230;<\/figcaption><\/figure><\/li><li class=\"blocks-gallery-item\"><figure><img loading=\"lazy\" decoding=\"async\" width=\"555\" height=\"416\" src=\"https:\/\/brittas-kochbuch.info\/wp-content\/uploads\/2020\/08\/20200812_imambayildi03.jpg\" alt=\"\" data-id=\"19024\" data-full-url=\"https:\/\/brittas-kochbuch.info\/wp-content\/uploads\/2020\/08\/20200812_imambayildi03.jpg\" data-link=\"https:\/\/brittas-kochbuch.info\/?attachment_id=19024\" class=\"wp-image-19024\" srcset=\"https:\/\/brittas-kochbuch.info\/wp-content\/uploads\/2020\/08\/20200812_imambayildi03.jpg 555w, https:\/\/brittas-kochbuch.info\/wp-content\/uploads\/2020\/08\/20200812_imambayildi03-300x225.jpg 300w\" sizes=\"(max-width: 555px) 100vw, 555px\" \/><figcaption class=\"blocks-gallery-item__caption\">&#8230;brot und Cac\u0131k<\/figcaption><\/figure><\/li><\/ul><\/figure>\n\n\n\n<div class=\"wp-block-image\"><figure class=\"aligncenter size-large\"><img loading=\"lazy\" decoding=\"async\" width=\"555\" height=\"416\" src=\"https:\/\/brittas-kochbuch.info\/wp-content\/uploads\/2020\/08\/20200812_imambayildi01.jpg\" alt=\"\" class=\"wp-image-19022\" srcset=\"https:\/\/brittas-kochbuch.info\/wp-content\/uploads\/2020\/08\/20200812_imambayildi01.jpg 555w, https:\/\/brittas-kochbuch.info\/wp-content\/uploads\/2020\/08\/20200812_imambayildi01-300x225.jpg 300w\" sizes=\"(max-width: 555px) 100vw, 555px\" \/><figcaption>In Ohnmacht sind der G\u00f6Ga und ich zwar nicht gefallen, aber hervorragend geschmeckt hat \u0130mam bay\u0131ld\u0131 trotzdem!<\/figcaption><\/figure><\/div>\n\n\n\n<p>Bisher hattee ich drei t\u00fcrkische Gerichte im Blog:<\/p>\n\n\n\n<ul class=\"wp-block-list\"><li><a href=\"https:\/\/brittas-kochbuch.info\/?p=16075\">M\u00fccver \u2013 T\u00fcrkische Zucchini-M\u00f6hrenpuffer<\/a> mit Cac\u0131k und bunter Gem\u00fcsepfanne<\/li><li><a href=\"https:\/\/brittas-kochbuch.info\/?p=3505\">Lammk\u00f6fte mit Cac\u0131k und Fladenbrot<\/a><\/li><li><a href=\"https:\/\/brittas-kochbuch.info\/?p=3140\">T\u00fcrkische Rote Linsensuppe<\/a><\/li><li><a href=\"https:\/\/brittas-kochbuch.info\/?p=9098\">Ayran<\/a><\/li><\/ul>\n\n\n\n<hr class=\"wp-block-separator\"\/>\n\n\n\n<p>Auch ein Teil der Mitreisenden war schon flei\u00dfig und hat schon einige Rezepte zusammengetragen (diese Liste wird laufend erweitert):<\/p>\n\n\n\n<ul class=\"wp-block-list\"><li>Andrea von our food creations mit <a rel=\"noreferrer noopener\" href=\"http:\/\/ourfoodcreations.blogspot.com\/2020\/08\/kulinarische-weltreise-turkei-mercimek.html\" target=\"_blank\">Mercimek \u00c7orbas\u0131 &#8211; T\u00fcrkische Linsensuppe<\/a><\/li><li>Ulrike von K\u00fcchenlatein mit <a rel=\"noreferrer noopener\" href=\"https:\/\/kuechenlatein.com\/frikadellen-mit-tomaten-salcali-koefte\/\" target=\"_blank\">Frikadellen mit Tomaten \u2013 Sal\u00e7ali K\u00f6fte<\/a><\/li><li>Ulrike von K\u00fcchenlatein mit <a rel=\"noreferrer noopener\" href=\"https:\/\/kuechenlatein.com\/augenbohnensalat-klasik-piyaz\/\" target=\"_blank\">Augenbohnensalat \u2013 Klasik piyaz<\/a> <\/li><li>Ulrike von K\u00fcchenlatein mit <a rel=\"noreferrer noopener\" href=\"https:\/\/kuechenlatein.com\/paprika-fladen-biberli-ekmek\/\" target=\"_blank\">Paprika-Fladen \u2013 Biberli ekmek<\/a> <\/li><li>Ulrike von K\u00fcchenlatein mit <a rel=\"noreferrer noopener\" href=\"https:\/\/kuechenlatein.com\/joghurt-kaese-creme-haydari\/\" target=\"_blank\">Joghurt-K\u00e4se-Creme \u2013 Haydari<\/a> <\/li><li>Ulrike von K\u00fcchenlatein mit <a rel=\"noreferrer noopener\" href=\"https:\/\/kuechenlatein.com\/tuerkisches-dorfbrot-aus-dem-topf\" target=\"_blank\">T\u00fcrkisches Dorfbrot aus dem Topf<\/a> <\/li><li>Ulrike von K\u00fcchenlatein mit <a rel=\"noreferrer noopener\" href=\"https:\/\/kuechenlatein.com\/roestfleisch-gaertnerin-bahce-kebabi\" target=\"_blank\">R\u00f6stfleisch G\u00e4rtnerin \u2013 Bah\u00e7e Kebabi<\/a> <\/li><li>Ulrike von K\u00fcchenlatein mit <a rel=\"noreferrer noopener\" href=\"https:\/\/kuechenlatein.com\/zucchini-mit-bulgur-in-olivenoel\/\" target=\"_blank\">Zucchini mit Bulgur in Oliven\u00f6l<\/a> <\/li><li>Ulrike von K\u00fcchenlatein mit <a rel=\"noreferrer noopener\" href=\"https:\/\/kuechenlatein.com\/weizengruetze-mit-gemuese\/\" target=\"_blank\">Weizengr\u00fctze mit Gem\u00fcse<\/a> <\/li><li>Wilma von Pane-Bistecca mit <a rel=\"noreferrer noopener\" href=\"http:\/\/pane-bistecca.com\/2020\/08\/05\/muhammara-tuerkischer-pepperoni-dip-turkish-capsicum-dip\/\" target=\"_blank\">Muhammara &#8211; Tuerkischer Pepperoni Dip<\/a> <\/li><li>Carina von Coffee2Stay mit <a rel=\"noreferrer noopener\" href=\"https:\/\/coffee2stay.wordpress.com\/2020\/08\/12\/tuerkische-manti-und-acili-ezme\" target=\"_blank\">Mant\u0131 mit Acili Ezme<\/a> <\/li><li>Janke von Jankes*Soulfood mit <a rel=\"noreferrer noopener\" href=\"https:\/\/www.jankessoulfood.com\/2020\/08\/kuenefe.html\" target=\"_blank\">K\u00fcnefe &#8211; Engelshaar mit K\u00e4se &amp; Zuckersirup<\/a> <\/li><li>Michelle von The Road Most Traveled mit <a rel=\"noreferrer noopener\" href=\"https:\/\/brittas-kochbuch.info\/wp-admin\/folgt\" target=\"_blank\">Scharfe t\u00fcrkische Joghurt-Pasta<\/a> <\/li><li>Susi von Turbohausfrau mit <a rel=\"noreferrer noopener\" href=\"https:\/\/www.turbohausfrau.at\/2020\/08\/kulinarische-weltreise-mucver.html\" target=\"_blank\">M\u00fccver<\/a> <\/li><li>Andrea von our food creations mit <a rel=\"noreferrer noopener\" href=\"https:\/\/ourfoodcreations.blogspot.com\/2020\/08\/kulinarische-weltreise-turkei-ksr.html\" target=\"_blank\">K\u0131s\u0131r &#8211; Bulgursalat<\/a> <\/li><li>Sonja von fluffig &amp; hart mit <a rel=\"noreferrer noopener\" href=\"https:\/\/fluffigundhart.de\/recipe\/kisir-tuerkischer-bulgursalat\/\" target=\"_blank\">K\u0131s\u0131r \u2013 t\u00fcrkischer Bulgursalat<\/a> <\/li><li>Sonja von fluffig &amp; hart mit <a rel=\"noreferrer noopener\" href=\"https:\/\/fluffigundhart.de\/recipe\/mercimek-koefte-vegetarische-tuerkische-linsen-frikadellen\/\" target=\"_blank\">Mercimek K\u00f6fte &#8211; vegetarische t\u00fcrkische Linsen-Frikadellen<\/a> <\/li><li>Susanne von magentratzerl mit <a rel=\"noreferrer noopener\" href=\"https:\/\/magentratzerl.de\/2020\/08\/09\/teigtasche-des-monats-manti\/\" target=\"_blank\">Mant\u0131<\/a> <\/li><li>Susanne von magentratzerl mit <a rel=\"noreferrer noopener\" href=\"https:\/\/magentratzerl.de\/2020\/08\/11\/faule-manti-yalanci-manti\/\" target=\"_blank\">Faule Mant\u0131<\/a> <\/li><li>Susanne von magentratzerl mit <a rel=\"noreferrer noopener\" href=\"https:\/\/magentratzerl.de\/2020\/08\/15\/acma-flauschige-broetchen-aus-der-tuerkei\/\" target=\"_blank\">A\u00e7ma &#8211; Flauschige Br\u00f6tchen<\/a> <\/li><li>Jill von Kleines Kuliversum mit <a rel=\"noreferrer noopener\" href=\"https:\/\/www.kleineskuliversum.com\/cilbir-pochierte-eier-mit-joghurt\/\" target=\"_blank\">\u00c7\u0131lb\u0131r &#8211; pochierte Eier mit Joghurt<\/a> <\/li><li>Sebastian (Gastbeitrag) von Brittas Kochbuch mit <a rel=\"noreferrer noopener\" href=\"https:\/\/brittas-kochbuch.info\/?p=18975\" target=\"_blank\">Bl\u00e4tterteigrolle mit Spinat und Schafsk\u00e4se, Zaziki, Rote-Bete-Trauben-Salat<\/a> <\/li><li>Sebastian (Gastbeitrag) von Brittas Kochbuch mit <a rel=\"noreferrer noopener\" href=\"https:\/\/brittas-kochbuch.info\/?p=18973\" target=\"_blank\">K\u00f6fte-Pfanne mit Gem\u00fcse und t\u00fcrkischen Reisnudeln<\/a> <\/li><li>Susi von Turbohausfrau mit <a rel=\"noreferrer noopener\" href=\"https:\/\/www.turbohausfrau.at\/2020\/08\/kulinarische-weltreise-pasta-mit-lamm.html\" target=\"_blank\">Pasta mit Lamm und Joghurt<\/a><\/li><\/ul>\n","protected":false},"excerpt":{"rendered":"<p>Nach meinem ersten eher &#8222;t\u00fcrkdeutschen&#8220; Beitrag mit dem gef\u00fcllten Fladenbrot &#8211; oder nennen wir das Kind beim Namen: H\u00e4hnchend\u00f6ner! bringe ich Euch mit meinem zweiten Beitrag f\u00fcr den Stopover in der T\u00fcrkei im Rahmen der kulinarischen Weltreise von Volker mampft ein originales Rezept mit. Entnommen ist es dem Buch T\u00fcrkei vegetarisch von Orkide &amp; Orhan [&hellip;]<\/p>\n","protected":false},"author":1,"featured_media":0,"comment_status":"open","ping_status":"open","sticky":false,"template":"","format":"standard","meta":{"sfsi_plus_gutenberg_text_before_share":"","sfsi_plus_gutenberg_show_text_before_share":"","sfsi_plus_gutenberg_icon_type":"","sfsi_plus_gutenberg_icon_alignemt":"","sfsi_plus_gutenburg_max_per_row":"","_jetpack_memberships_contains_paid_content":false,"footnotes":""},"categories":[340,774,169,10,710,90,669,9],"tags":[263,2745,2048,2744,182,27,2492,272],"class_list":["post-18953","post","type-post","status-publish","format-standard","hentry","category-asiatische-kueche","category-auflaeufe-gratins-ueberbackenes","category-blog-events","category-kochbucher","category-nachgekocht","category-obst-und-gemuse","category-orientalische-kueche","category-vegetarisches","tag-aubergine","tag-der-imam-fiel-in-ohnmacht","tag-die-kulinarische-weltreise","tag-imam-bayildi","tag-paprikaschote","tag-tomaten","tag-tuerkei","tag-vegan"],"jetpack_featured_media_url":"","jetpack_sharing_enabled":true,"_links":{"self":[{"href":"https:\/\/brittas-kochbuch.info\/index.php?rest_route=\/wp\/v2\/posts\/18953"}],"collection":[{"href":"https:\/\/brittas-kochbuch.info\/index.php?rest_route=\/wp\/v2\/posts"}],"about":[{"href":"https:\/\/brittas-kochbuch.info\/index.php?rest_route=\/wp\/v2\/types\/post"}],"author":[{"embeddable":true,"href":"https:\/\/brittas-kochbuch.info\/index.php?rest_route=\/wp\/v2\/users\/1"}],"replies":[{"embeddable":true,"href":"https:\/\/brittas-kochbuch.info\/index.php?rest_route=%2Fwp%2Fv2%2Fcomments&post=18953"}],"version-history":[{"count":30,"href":"https:\/\/brittas-kochbuch.info\/index.php?rest_route=\/wp\/v2\/posts\/18953\/revisions"}],"predecessor-version":[{"id":19038,"href":"https:\/\/brittas-kochbuch.info\/index.php?rest_route=\/wp\/v2\/posts\/18953\/revisions\/19038"}],"wp:attachment":[{"href":"https:\/\/brittas-kochbuch.info\/index.php?rest_route=%2Fwp%2Fv2%2Fmedia&parent=18953"}],"wp:term":[{"taxonomy":"category","embeddable":true,"href":"https:\/\/brittas-kochbuch.info\/index.php?rest_route=%2Fwp%2Fv2%2Fcategories&post=18953"},{"taxonomy":"post_tag","embeddable":true,"href":"https:\/\/brittas-kochbuch.info\/index.php?rest_route=%2Fwp%2Fv2%2Ftags&post=18953"}],"curies":[{"name":"wp","href":"https:\/\/api.w.org\/{rel}","templated":true}]}}