{"id":19229,"date":"2020-09-02T11:07:15","date_gmt":"2020-09-02T09:07:15","guid":{"rendered":"http:\/\/brittas-kochbuch.info\/?p=19229"},"modified":"2020-09-02T11:07:16","modified_gmt":"2020-09-02T09:07:16","slug":"update-die-kulinarische-weltreise-in-der-tuerkei","status":"publish","type":"post","link":"https:\/\/brittas-kochbuch.info\/?p=19229","title":{"rendered":"Update: Die kulinarische Weltreise in der T\u00fcrkei"},"content":{"rendered":"\n\n\n<p><a href=\"https:\/\/volkermampft.de\/rezepte-aus-frankreich-die-besten-franzoesischen-gerichte-auf-einem-blick\/\" target=\"_blank\" rel=\"noreferrer noopener\">Frankreich<\/a> ist als virtuelles Reiseziel auf der kulinarischen Weltreise immer noch auf Platz 1, aber die T\u00fcrkei folgt tats\u00e4chlich auf dem zweiten Rang. <\/p>\n\n\n\n<p>Bei <a href=\"https:\/\/volkermampft.de\/\" target=\"_blank\" rel=\"noreferrer noopener\">Volker<\/a> k\u00f6nnt Ihr <a href=\"https:\/\/volkermampft.de\/53-rezepte-aus-der-tuerkei-rezeptsammlung-mit-den-besten-tuerkischen-gerichten\/\" target=\"_blank\" rel=\"noreferrer noopener\">nachlesen<\/a>, wer alles mitgereist ist und womit wir uns gegenseitig verw\u00f6hnt haben. <\/p>\n\n\n\n<p>Und hier wie gewohnt, alle Rezepte (auch meine und die beiden meines Gastbloggers Sebastian) als kompakte Liste:<\/p>\n\n\n\n<ul class=\"wp-block-list\"><li>Andrea von our food creations mit <a rel=\"noreferrer noopener\" href=\"http:\/\/ourfoodcreations.blogspot.com\/2020\/08\/kulinarische-weltreise-turkei-mercimek.html\" target=\"_blank\">Mercimek \u00c7orbas\u0131 \u2013 T\u00fcrkische Linsensuppe<\/a> <\/li><li>Ulrike von K\u00fcchenlatein mit <a rel=\"noreferrer noopener\" href=\"https:\/\/kuechenlatein.com\/frikadellen-mit-tomaten-salcali-koefte\/\" target=\"_blank\">Frikadellen mit Tomaten \u2013 Sal\u00e7ali K\u00f6fte<\/a> <\/li><li>Ulrike von K\u00fcchenlatein mit <a rel=\"noreferrer noopener\" href=\"https:\/\/kuechenlatein.com\/augenbohnensalat-klasik-piyaz\/\" target=\"_blank\">Augenbohnensalat \u2013 Klasik piyaz<\/a> <\/li><li>Ulrike von K\u00fcchenlatein mit <a rel=\"noreferrer noopener\" href=\"https:\/\/kuechenlatein.com\/paprika-fladen-biberli-ekmek\/\" target=\"_blank\">Paprika-Fladen \u2013 Biberli ekmek<\/a> <\/li><li>Ulrike von K\u00fcchenlatein mit <a rel=\"noreferrer noopener\" href=\"https:\/\/kuechenlatein.com\/joghurt-kaese-creme-haydari\/\" target=\"_blank\">Joghurt-K\u00e4se-Creme \u2013 Haydari<\/a> <\/li><li>Ulrike von K\u00fcchenlatein mit <a rel=\"noreferrer noopener\" href=\"https:\/\/kuechenlatein.com\/tuerkisches-dorfbrot-aus-dem-topf\" target=\"_blank\">T\u00fcrkisches Dorfbrot aus dem Topf<\/a> <\/li><li>Ulrike von K\u00fcchenlatein mit <a rel=\"noreferrer noopener\" href=\"https:\/\/kuechenlatein.com\/roestfleisch-gaertnerin-bahce-kebabi\" target=\"_blank\">R\u00f6stfleisch G\u00e4rtnerin \u2013 Bah\u00e7e Kebabi<\/a> <\/li><li>Ulrike von K\u00fcchenlatein mit <a rel=\"noreferrer noopener\" href=\"https:\/\/kuechenlatein.com\/zucchini-mit-bulgur-in-olivenoel\/\" target=\"_blank\">Zucchini mit Bulgur in Oliven\u00f6l<\/a> <\/li><li>Ulrike von K\u00fcchenlatein mit <a rel=\"noreferrer noopener\" href=\"https:\/\/kuechenlatein.com\/weizengruetze-mit-gemuese\/\" target=\"_blank\">Weizengr\u00fctze mit Gem\u00fcse<\/a> <\/li><li>Wilma von Pane-Bistecca mit <a rel=\"noreferrer noopener\" href=\"http:\/\/pane-bistecca.com\/2020\/08\/05\/muhammara-tuerkischer-pepperoni-dip-turkish-capsicum-dip\/\" target=\"_blank\">Muhammara \u2013 Tuerkischer Pepperoni Dip<\/a> <\/li><li>Carina von Coffee2Stay mit <a rel=\"noreferrer noopener\" href=\"https:\/\/coffee2stay.wordpress.com\/2020\/08\/12\/tuerkische-manti-und-acili-ezme\" target=\"_blank\">Mant\u0131 mit Acili Ezme<\/a> <\/li><li>Michelle von The Road Most Traveled mit <a rel=\"noreferrer noopener\" href=\"https:\/\/theroadmosttraveled.de\/tuerkische-joghurt-pasta\/\" target=\"_blank\">Pasta mal t\u00fcrkisch: Rezept f\u00fcr scharfe t\u00fcrkische Joghurt-Pasta<\/a> <\/li><li>Susi von Turbohausfrau mit <a rel=\"noreferrer noopener\" href=\"https:\/\/www.turbohausfrau.at\/2020\/08\/kulinarische-weltreise-mucver.html\" target=\"_blank\">M\u00fccver<\/a> <\/li><li>Andrea von our food creations mit <a rel=\"noreferrer noopener\" href=\"https:\/\/ourfoodcreations.blogspot.com\/2020\/08\/kulinarische-weltreise-turkei-ksr.html\" target=\"_blank\">K\u0131s\u0131r \u2013 Bulgursalat<\/a> <\/li><li>Britta von Brittas Kochbuch mit <a rel=\"noreferrer noopener\" href=\"https:\/\/brittas-kochbuch.info\/?p=18904\" target=\"_blank\">H\u00e4hnchen im Fladenbrot<\/a> <\/li><li>Sonja von fluffig &amp; hart mit <a rel=\"noreferrer noopener\" href=\"https:\/\/fluffigundhart.de\/recipe\/kisir-tuerkischer-bulgursalat\/\" target=\"_blank\">K\u0131s\u0131r \u2013 t\u00fcrkischer Bulgursalat<\/a> <\/li><li>Sonja von fluffig &amp; hart mit <a rel=\"noreferrer noopener\" href=\"https:\/\/fluffigundhart.de\/recipe\/mercimek-koefte-vegetarische-tuerkische-linsen-frikadellen\/\" target=\"_blank\">Mercimek K\u00f6fte \u2013 vegetarische t\u00fcrkische Linsen-Frikadellen<\/a> <\/li><li>Susanne von magentratzerl mit <a rel=\"noreferrer noopener\" href=\"https:\/\/magentratzerl.de\/2020\/08\/09\/teigtasche-des-monats-manti\/\" target=\"_blank\">Mant\u0131<\/a> <\/li><li>Susanne von magentratzerl mit <a rel=\"noreferrer noopener\" href=\"https:\/\/magentratzerl.de\/2020\/08\/11\/faule-manti-yalanci-manti\/\" target=\"_blank\">Faule Mant\u0131<\/a> <\/li><li>Susanne von magentratzerl mit <a rel=\"noreferrer noopener\" href=\"https:\/\/magentratzerl.de\/2020\/08\/15\/acma-flauschige-broetchen-aus-der-tuerkei\/\" target=\"_blank\">A\u00e7ma \u2013 Flauschige Br\u00f6tchen<\/a> <\/li><li>Jill von Kleines Kuliversum mit <a rel=\"noreferrer noopener\" href=\"https:\/\/www.kleineskuliversum.com\/cilbir-pochierte-eier-mit-joghurt\/\" target=\"_blank\">\u00c7\u0131lb\u0131r \u2013 pochierte Eier mit Joghurt<\/a> <\/li><li>Sebastian (Gastbeitrag) von Brittas Kochbuch mit <a rel=\"noreferrer noopener\" href=\"https:\/\/brittas-kochbuch.info\/?p=18975\" target=\"_blank\">Bl\u00e4tterteigrolle mit Spinat und Schafsk\u00e4se, Zaziki, Rote-Bete-Trauben-Salat<\/a> <\/li><li>Sebastian (Gastbeitrag) von Brittas Kochbuch mit <a rel=\"noreferrer noopener\" href=\"https:\/\/brittas-kochbuch.info\/?p=18973\" target=\"_blank\">K\u00f6fte-Pfanne mit Gem\u00fcse und t\u00fcrkischen Reisnudeln<\/a> <\/li><li>Susi von Turbohausfrau mit <a rel=\"noreferrer noopener\" href=\"https:\/\/www.turbohausfrau.at\/2020\/08\/kulinarische-weltreise-pasta-mit-lamm.html\" target=\"_blank\">Pasta mit Lamm und Joghurt<\/a> <\/li><li>Britta von Brittas Kochbuch mit <a rel=\"noreferrer noopener\" href=\"https:\/\/brittas-kochbuch.info\/?p=18953\" target=\"_blank\">\u0130mam bay\u0131ld\u0131<\/a> <\/li><li>Petra aka Cascabel von Chili und Ciabatta mit <a rel=\"noreferrer noopener\" href=\"https:\/\/chili-und-ciabatta.de\/2020\/08\/grossmutters-pilav-ic-pilav\/\" target=\"_blank\">Gro\u00dfmutters Pilav \u2013 \u0130\u00e7 Pilav<\/a> <\/li><li>Petra aka Cascabel von Chili und Ciabatta mit <a rel=\"noreferrer noopener\" href=\"https:\/\/chili-und-ciabatta.de\/2020\/08\/geschmorte-zucchini-kabak-yahnisi\/\" target=\"_blank\">Geschmorte Zucchini \u2013 Kabak yahnisi<\/a> <\/li><li>Wilma von Pane-Bistecca mit <a rel=\"noreferrer noopener\" href=\"http:\/\/pane-bistecca.com\/2020\/08\/14\/kiymali-pide-tuerkisches-gefuelltes-fladenbrot-turkish-filled-flatbread\/\" target=\"_blank\">Kiymali Pide \u2013 Tuerlisches gefuelltes Fladenbrot<\/a> <\/li><li>Simone von zimtkringel mit <a rel=\"noreferrer noopener\" href=\"https:\/\/www.zimtkringel.org\/tscherkessenhuhn\/\" target=\"_blank\">Tscherkessenhuhn \u2013 \u00c7erkez Tavu\u011fu<\/a> <\/li><li>Volker von Volkermampft mit <a rel=\"noreferrer noopener\" href=\"https:\/\/volkermampft.de\/wassermelonen-gazpacho-karpuz-corbasi-vegan-oder-mit-krabben\/\" target=\"_blank\">Wassermelonen Gazpacho \u2013 Karpuz \u00c7orbas\u0131 \u2013 vegan oder mit Krabben<\/a> <\/li><li>Wilma von Pane-Bistecca mit <a rel=\"noreferrer noopener\" href=\"http:\/\/pane-bistecca.com\/2020\/08\/16\/sandal-sefasi-bootausflug-auf-tuerkisch-turkish-boat-trip\/\" target=\"_blank\">Sandal Sefasi \u2013 Bootausflug auf tuerkisch<\/a> <\/li><li>Michael von SalzigS\u00fcssLecker mit <a rel=\"noreferrer noopener\" href=\"https:\/\/salzig-suess-lecker.de\/goezleme-mit-spinat-und-feta\/\" target=\"_blank\">G\u00f6zleme (gef\u00fcllte Teigfladen) mit Spinat und Schafsk\u00e4se<\/a> <\/li><li>Tina von K\u00fcchenmomente mit <a rel=\"noreferrer noopener\" href=\"https:\/\/www.kuechenmomente.de\/revani-tatlisi-tuerkischer-griesskuchen-vom-blech\/\" target=\"_blank\">Revani Tatlisi \u2013 T\u00fcrkischer Grie\u00dfkuchen vom Blech<\/a> <\/li><li>Ulrike von K\u00fcchenlatein mit <a rel=\"noreferrer noopener\" href=\"https:\/\/kuechenlatein.com\/karotten-joghurt-salat-havuclu-yogurt-salatasi\" target=\"_blank\">Karotten-Joghurt-Salat \u2013 Havu\u00e7lu Yo\u011furt Salatas\u0131<\/a> <\/li><li>Nadine von M\u00f6hreneck mit <a rel=\"noreferrer noopener\" href=\"https:\/\/www.moehreneck.de\/2020\/08\/18\/pide-mit-zweierlei-fuellung\/\" target=\"_blank\">vegane Pide mit zweierlei F\u00fcllung<\/a> <\/li><li>Petra aka Cascabel von Chili und Ciabatta mit <a rel=\"noreferrer noopener\" href=\"https:\/\/chili-und-ciabatta.de\/2020\/08\/gruene-bohnen-mit-lammfleisch-kuzu-etli-ile-yesil-fasulye-und-tuerkischer-reis\/\" target=\"_blank\">Gr\u00fcne Bohnen mit Lammfleisch (kuzu etli ile ye\u015fil fasulye) und t\u00fcrkischer Reis<\/a> <\/li><li>Britta von Backmaedchen1967 mit <a rel=\"noreferrer noopener\" href=\"https:\/\/backmaedchen1967.de\/acma-fluffige-tuerkische-broetchen\/\" target=\"_blank\">A\u00e7ma-fluffige t\u00fcrkische Br\u00f6tchen<\/a> <\/li><li>Petra aka Cascabel von Chili und Ciabatta mit <a rel=\"noreferrer noopener\" href=\"https:\/\/brotwein.net\/paprika-feta-dip-pikante-schafskaese-creme-4787\" target=\"_blank\">Grie\u00df-Helva mit Himbeer-Joghurteis \u2013 dondurmal\u0131 helva<\/a> <\/li><li>Sylvia von Brotwein mit <a rel=\"noreferrer noopener\" href=\"https:\/\/brotwein.net\/adana-kebap-rezept-fuer-hackfleisch-spiesse-vom-grill-4794\" target=\"_blank\">Paprika Feta Dip \u2013 pikante Schafsk\u00e4se Creme<\/a> <\/li><li>Sylvia von Brotwein mit <a rel=\"noreferrer noopener\" href=\"https:\/\/brotwein.net\/adana-kebap-rezept-fuer-hackfleisch-spiesse-vom-grill-4794\" target=\"_blank\">Adana Kebap \u2013 Rezept f\u00fcr Hackfleisch Spie\u00dfe vom Grill<\/a> <\/li><li>Sylvia von Brotwein mit <a rel=\"noreferrer noopener\" href=\"https:\/\/brotwein.net\/tuerkisches-fladenbrot-rezept-4791\" target=\"_blank\">T\u00fcrkisches Fladenbrot Rezept<\/a> <\/li><li>Sylvia von Brotwein mit <a rel=\"noreferrer noopener\" href=\"https:\/\/brotwein.net\/yogurtlu-kebap-grillfleisch-mit-joghurt-und-fladenbrot-4798\" target=\"_blank\">Yo\u011furtlu Kebap \u2013 Grillfleisch mit Joghurt und Fladenbrot<\/a> <\/li><li>Sylvia von Brotwein mit <a rel=\"noreferrer noopener\" href=\"https:\/\/brotwein.net\/rote-bete-hummus-rezept-4789\" target=\"_blank\">Rote Bete Hummus Rezept<\/a> <\/li><li>Sylvia von Brotwein mit <a rel=\"noreferrer noopener\" href=\"https:\/\/brotwein.net\/sis-kebap-rezept-fuer-tuerkische-fleischspiesse-vom-grill-4796\" target=\"_blank\">\u015ei\u015f Kebap \u2013 Rezept f\u00fcr t\u00fcrkische Fleischspie\u00dfe vom Grill<\/a> <\/li><li>Britta von Brittas Kochbuch mit <a rel=\"noreferrer noopener\" href=\"https:\/\/brittas-kochbuch.info\/?p=19054\" target=\"_blank\">Gef\u00fcllte Weinbl\u00e4tter<\/a> <\/li><li>Susan von Labsalliebe mit <a rel=\"noreferrer noopener\" href=\"https:\/\/labsalliebe.com\/blog\/sigara-boerek-boerek-mit-spinat-und-feta-aus-dem-ofen\/\" target=\"_blank\">Sigara B\u00f6rek \u2013 B\u00f6rek mit Spinat und Feta aus dem Ofen<\/a> <\/li><li>Volker von Volkermampft mit <a rel=\"noreferrer noopener\" href=\"https:\/\/volkermampft.de\/mezze-acili-ezme-rezept-fuer-den-scharfen-tuerkischen-dip\" target=\"_blank\">Mezze \u2013 Ac\u0131l\u0131 Ezme \u2013 Rezept f\u00fcr den scharfen t\u00fcrkischen Dip<\/a> <\/li><li>Volker von Volkermampft mit <a rel=\"noreferrer noopener\" href=\"https:\/\/volkermampft.de\/domates-soslu-koefte-tuerkische-hackbaellchen-in-tomatensosse\" target=\"_blank\">Domates Soslu K\u00f6fte \u2013 T\u00fcrkische Hackb\u00e4llchen in Tomatenso\u00dfe<\/a> <\/li><li>Volker von Volkermampft mit <a rel=\"noreferrer noopener\" href=\"https:\/\/volkermampft.de\/dana-etli-guevec-tuerkisches-kalbsgulasch-mit-viel-gemuese\" target=\"_blank\">Dana etli g\u00fcve\u00e7 \u2013 T\u00fcrkisches Kalbsgulasch mit viel Gem\u00fcse<\/a> <\/li><li>Volker von Volkermampft mit <a rel=\"noreferrer noopener\" href=\"https:\/\/volkermampft.de\/no-knead-pide-kleine-tuerkische-fladenbrote-ohne-kneten\" target=\"_blank\">No Knead Pide \u2013 kleine t\u00fcrkische Fladenbrote ohne Kneten<\/a> <\/li><li>Volker von Volkermampft mit <a rel=\"noreferrer noopener\" href=\"https:\/\/volkermampft.de\/die-5-besten-tuerkische-restaurants-in-hamburg\" target=\"_blank\">Die 5 besten t\u00fcrkische Restaurants in Hamburg!<\/a> <\/li><li>Sus von CorumBlog 2.0 mit <a rel=\"noreferrer noopener\" href=\"https:\/\/wassersch.eu\/corumblog\/2020\/08\/sigara-boeregi\/\" target=\"_blank\">Sigara b\u00f6re\u011fi<\/a> <\/li><li>Christian von SavoryLens mit <a rel=\"noreferrer noopener\" href=\"https:\/\/savorylens.com\/tuerkische-koefte-vom-grill-mit-bulgursalat-und-sumach-joghurt\/\" target=\"_blank\">T\u00fcrkische K\u00f6fte vom Grill mit Bulgursalat und Sumach-Joghurt<\/a><\/li><\/ul>\n","protected":false},"excerpt":{"rendered":"<p>Frankreich ist als virtuelles Reiseziel auf der kulinarischen Weltreise immer noch auf Platz 1, aber die T\u00fcrkei folgt tats\u00e4chlich auf dem zweiten Rang. Bei Volker k\u00f6nnt Ihr nachlesen, wer alles mitgereist ist und womit wir uns gegenseitig verw\u00f6hnt haben. Und hier wie gewohnt, alle Rezepte (auch meine und die beiden meines Gastbloggers Sebastian) als kompakte [&hellip;]<\/p>\n","protected":false},"author":1,"featured_media":0,"comment_status":"open","ping_status":"open","sticky":false,"template":"","format":"standard","meta":{"sfsi_plus_gutenberg_text_before_share":"","sfsi_plus_gutenberg_show_text_before_share":"","sfsi_plus_gutenberg_icon_type":"","sfsi_plus_gutenberg_icon_alignemt":"","sfsi_plus_gutenburg_max_per_row":"","_jetpack_memberships_contains_paid_content":false,"footnotes":""},"categories":[169],"tags":[172,2048,2492,385],"class_list":["post-19229","post","type-post","status-publish","format-standard","hentry","category-blog-events","tag-blog-event","tag-die-kulinarische-weltreise","tag-tuerkei","tag-update"],"jetpack_featured_media_url":"","jetpack_sharing_enabled":true,"_links":{"self":[{"href":"https:\/\/brittas-kochbuch.info\/index.php?rest_route=\/wp\/v2\/posts\/19229"}],"collection":[{"href":"https:\/\/brittas-kochbuch.info\/index.php?rest_route=\/wp\/v2\/posts"}],"about":[{"href":"https:\/\/brittas-kochbuch.info\/index.php?rest_route=\/wp\/v2\/types\/post"}],"author":[{"embeddable":true,"href":"https:\/\/brittas-kochbuch.info\/index.php?rest_route=\/wp\/v2\/users\/1"}],"replies":[{"embeddable":true,"href":"https:\/\/brittas-kochbuch.info\/index.php?rest_route=%2Fwp%2Fv2%2Fcomments&post=19229"}],"version-history":[{"count":6,"href":"https:\/\/brittas-kochbuch.info\/index.php?rest_route=\/wp\/v2\/posts\/19229\/revisions"}],"predecessor-version":[{"id":19235,"href":"https:\/\/brittas-kochbuch.info\/index.php?rest_route=\/wp\/v2\/posts\/19229\/revisions\/19235"}],"wp:attachment":[{"href":"https:\/\/brittas-kochbuch.info\/index.php?rest_route=%2Fwp%2Fv2%2Fmedia&parent=19229"}],"wp:term":[{"taxonomy":"category","embeddable":true,"href":"https:\/\/brittas-kochbuch.info\/index.php?rest_route=%2Fwp%2Fv2%2Fcategories&post=19229"},{"taxonomy":"post_tag","embeddable":true,"href":"https:\/\/brittas-kochbuch.info\/index.php?rest_route=%2Fwp%2Fv2%2Ftags&post=19229"}],"curies":[{"name":"wp","href":"https:\/\/api.w.org\/{rel}","templated":true}]}}