{"id":20103,"date":"2021-02-01T09:30:53","date_gmt":"2021-02-01T08:30:53","guid":{"rendered":"http:\/\/brittas-kochbuch.info\/?p=20103"},"modified":"2021-02-16T09:08:41","modified_gmt":"2021-02-16T08:08:41","slug":"die-kulinarische-weltreise-an-kalten-tagen-comfortfood-international","status":"publish","type":"post","link":"https:\/\/brittas-kochbuch.info\/?p=20103","title":{"rendered":"Die kulinarische Weltreise: An kalten Tagen &#8211; Comfortfood international"},"content":{"rendered":"\n<h1 class=\"has-text-align-center wp-block-heading\">Steckr\u00fcbenpfanne mit \u00c4pfeln und R\u00e4uchertofu<\/h1>\n\n\n\n\n\n<a href=\"http:\/\/volkermampft.de\/soulfood-und-comfort-food-fuer-die-kalten-tage-die-besten-rezepte-und-gerichte-aus-der-ganzen-welt\" title=\"Blogger Aktion &quot;Die kulinarische Weltreise&quot; von @volkermampft mit tollem Comfort Food aus aller Welt - die besten Rezepte und Gerichte\"><img loading=\"lazy\" decoding=\"async\" src=\"http:\/\/volkermampft.de\/wp-content\/uploads\/2018\/02\/kulinarische_weltreise_500x200.png\" alt=\"Blogger Aktion &quot;Die kulinarische Weltreise&quot; von @volkermampft mit tollem Comfort Food aus aller Welt - die besten Rezepte und Gerichte\" width=\"500\" height=\"200\"><\/a>\n\n\n\n<p class=\"has-drop-cap\">Im Februar geht es im Rahmen der von <a href=\"https:\/\/volkermampft.de\/\" target=\"_blank\" rel=\"noreferrer noopener\">Volker mampft<\/a> initiierten kulinarischen Weltreise in kein bestimmtes Land. Es geht um <a href=\"https:\/\/volkermampft.de\/soulfood-und-comfort-food-fuer-die-kalten-tage-die-besten-rezepte-und-gerichte-aus-der-ganzen-welt\/\" target=\"_blank\" rel=\"noreferrer noopener\">internationales Wohlf\u00fchlessen<\/a> an kalten Tagen.<\/p>\n\n\n\n<p>F\u00fcr mich geh\u00f6ren w\u00e4rmende Eint\u00f6pfe und alle Arten von Kohl- und Wurzelgem\u00fcsen dazu. Auch Gerichte aus der Kindheit haben diesen Wohlf\u00fchlmoment f\u00fcr mich. Dazu gibt es im Blog die Kategorie <a href=\"https:\/\/brittas-kochbuch.info\/?cat=96\">kulinarische Kinheitserinnerungen<\/a>.<\/p>\n\n\n\n<div class=\"wp-block-image\"><figure class=\"aligncenter size-large\"><img loading=\"lazy\" decoding=\"async\" width=\"555\" height=\"416\" src=\"https:\/\/brittas-kochbuch.info\/wp-content\/uploads\/2020\/11\/20210201-steckruebe-apfel-raeuchertofu01.jpg\" alt=\"\" class=\"wp-image-20114\" srcset=\"https:\/\/brittas-kochbuch.info\/wp-content\/uploads\/2020\/11\/20210201-steckruebe-apfel-raeuchertofu01.jpg 555w, https:\/\/brittas-kochbuch.info\/wp-content\/uploads\/2020\/11\/20210201-steckruebe-apfel-raeuchertofu01-300x225.jpg 300w\" sizes=\"(max-width: 555px) 100vw, 555px\" \/><figcaption>Bei uns gab es zur Steckr\u00fcbenpfanne noch einen Blattsalat mit <a href=\"https:\/\/brittas-kochbuch.info\/?p=4170\">Omma Tonis Salatsauce<\/a>.<\/figcaption><\/figure><\/div>\n\n\n\n<p>Als erstes gibt es bei mir eine cremige Kombination von Steckr\u00fcbe, \u00c4pfeln und R\u00e4uchertofu (im <a rel=\"noreferrer noopener\" href=\"https:\/\/www.kitchenstories.com\/de\/rezepte\/steckrubenpfanne-mit-apfel-und-speck\" target=\"_blank\">Originalrezept<\/a> von <a rel=\"noreferrer noopener\" href=\"https:\/\/www.kitchenstories.com\/\" target=\"_blank\">Kitchenstories<\/a> wird Bacon verwendet). Ich liebe Steckr\u00fcben seit Kindertagen an. Damals wurden sie meistens zu Bratwurst oder Rippe serviert, nat\u00fcrlich mit DEM Sattmacher schlechthin: Kartoffeln. Am kommenden Tag gab es dann das Steckr\u00fcbengem\u00fcse mit Kartoffeln gestampft &#8211; wobei die Menge an Kartoffeln \u00fcberwog &#8211; und mit einem gekochten Ei serviert.<\/p>\n\n\n\n<p>Seitdem ist viel Zeit vergangen, und ich versuche immer wieder, die altbekannten Gerichte auf eine &#8222;modernere&#8220; Ebene zu heben.<\/p>\n\n\n\n<p>Das ist mit diesem leckeren Gericht definitiv gelungen!<\/p>\n\n\n\n<!--more-->\n\n\n\n<h4 class=\"wp-block-heading\">Zutaten f\u00fcr 2 Portionen:<\/h4>\n\n\n\n<ul class=\"wp-block-list\"><li>250 g Steckr\u00fcbe<\/li><li>50 g R\u00e4uchertofu<\/li><li>1 Apfel<\/li><li>1 Zwiebel<\/li><li>1 Knoblauchzehe<\/li><li>1\/2 EL Honig<\/li><li>1 TL Majoran (getrocknet oder frisch)<\/li><li>1\/2 EL Senf<\/li><li>100 ml Gem\u00fcsebr\u00fche (Br\u00fchepulver + Wasser)<\/li><li>25 ml Apfelsaft<\/li><li>35 ml Schlagsahne<\/li><li>25 g Butter<\/li><li>Salz, Pfeffer<\/li><li>Pflanzen\u00f6l zum Braten<\/li><\/ul>\n\n\n\n<h4 class=\"wp-block-heading\">Zubereitung:<\/h4>\n\n\n\n<p>Steckr\u00fcben sch\u00e4len und w\u00fcrfeln. In einem Topf knapp mit Salzwasser bedecken, zum Kochen bringen und 15 &#8211; 20 Minuten leicht k\u00f6chelnd garen. Abgie\u00dfen.<\/p>\n\n\n\n<p>In der Zwischenzeit den Apfel halbieren, das Kerngeh\u00e4use entfernen und 8 d\u00fcnne Spalten mit Schale herunterschneiden. Den restlichen Apfel sch\u00e4len und w\u00fcrfeln.<\/p>\n\n\n\n<p>Zwiebeln und Knoblauch sch\u00e4len. Zwiebel in Streifen schneiden, Knoblauch fein hacken. R\u00e4uchertofu in W\u00fcrfel schneiden.<\/p>\n\n\n\n<p>\u00d6l in einer Pfanne erhitzen. Tofuw\u00fcrfel zugeben und kross anbraten. Eventuell noch einen Schuss \u00d6l nachgeben und Knoblauch, Zwiebel und Apfel zugeben, ca. 2 &#8211; 3 Minuten anbraten. Honig, Majoran und Senf zugeben. Gut verr\u00fchren. Steckr\u00fcbenw\u00fcrfel ebenfalls zugeben und in der Pfanne schwenken.<\/p>\n\n\n\n<p>Mit Gem\u00fcsebr\u00fche und Apfelsaft abl\u00f6schen. Schlagsahne und Butter zugeben und gut vermengen. Mit Salz und Pfeffer abschmecken und mit Apfelspalten servieren.<\/p>\n\n\n\n<div class=\"wp-block-image\"><figure class=\"aligncenter size-large\"><img loading=\"lazy\" decoding=\"async\" width=\"555\" height=\"416\" src=\"https:\/\/brittas-kochbuch.info\/wp-content\/uploads\/2020\/11\/20210201-steckruebe-apfel-raeuchertofu02.jpg\" alt=\"\" class=\"wp-image-20115\" srcset=\"https:\/\/brittas-kochbuch.info\/wp-content\/uploads\/2020\/11\/20210201-steckruebe-apfel-raeuchertofu02.jpg 555w, https:\/\/brittas-kochbuch.info\/wp-content\/uploads\/2020\/11\/20210201-steckruebe-apfel-raeuchertofu02-300x225.jpg 300w\" sizes=\"(max-width: 555px) 100vw, 555px\" \/><\/figure><\/div>\n\n\n\n<p>Rezepte mit Steckr\u00fcben im Blog:<\/p>\n\n\n\n<ul class=\"wp-block-list\"><li><a href=\"https:\/\/brittas-kochbuch.info\/?p=17485\">Steckr\u00fcbeneintopf mit Kohlwurst und Mettenden<\/a><\/li><li><a href=\"https:\/\/brittas-kochbuch.info\/?p=14570\">Steckr\u00fcbenkartoffelstampf 1<\/a> (scrollen)<\/li><li><a href=\"https:\/\/brittas-kochbuch.info\/?p=7837\">Steckr\u00fcbenkartoffelstampf 2<\/a><\/li><li><a href=\"https:\/\/brittas-kochbuch.info\/?p=3526\">Steckr\u00fcben-Lauch-Gratin<\/a><\/li><li><a href=\"https:\/\/brittas-kochbuch.info\/?p=607\">Steckr\u00fcbengem\u00fcse mit Schweinefilet im Speckmantel<\/a><\/li><\/ul>\n\n\n\n<hr class=\"wp-block-separator\"\/>\n\n\n\n<h4 class=\"wp-block-heading\">Hier geht es zu den Wohlf\u00fchlgerichten der Mitreisenden:<\/h4>\n\n\n\n<ul class=\"wp-block-list\"><li>Gabi von USA kulinarisch mit <a rel=\"noreferrer noopener\" href=\"https:\/\/www.usa-kulinarisch.de\/rezept\/comfort-food-pan-baked-meatballs\/\" target=\"_blank\">Comfort Food: Pan-Baked Meatballs<\/a><\/li><li>Britta von Brittas Kochbuch mit <a rel=\"noreferrer noopener\" href=\"https:\/\/brittas-kochbuch.info\/?p=20103\" target=\"_blank\">Steckr\u00fcbenpfanne mit \u00c4pfeln und R\u00e4uchertofu<\/a><\/li><li>Britta von Brittas Kochbuch mit <a rel=\"noreferrer noopener\" href=\"https:\/\/brittas-kochbuch.info\/?p=20761\" target=\"_blank\">Garbanzos con acelgas (Kichererbsen mit Mangold aus Spanien)<\/a><\/li><li>Petra aka Cascabel von Chili und Ciabatta mit <a rel=\"noreferrer noopener\" href=\"https:\/\/chili-und-ciabatta.de\/2021\/02\/syrische-fettucine-mit-linsen-harak-osbao\/\" target=\"_blank\">Syrische Fettucine mit Linsen \u2013 Harak osbao<\/a><\/li><li>Petra aka Cascabel von Chili und Ciabatta mit <a rel=\"noreferrer noopener\" href=\"https:\/\/chili-und-ciabatta.de\/2021\/02\/la-tartiflette-savoyarde-kartoffelgratin-mit-reblochon-aus-den-savoyen\/\" target=\"_blank\">La Tartiflette Savoyarde \u2013 Kartoffelgratin mit Reblochon aus den Savoyen<\/a><\/li><li>Britta von Brittas Kochbuch mit <a rel=\"noreferrer noopener\" href=\"https:\/\/brittas-kochbuch.info\/?p=20683\" target=\"_blank\">Kartoffel-Lauchauflauf mit Champignonhack<\/a><\/li><li>Britta von Brittas Kochbuch mit <a rel=\"noreferrer noopener\" href=\"https:\/\/brittas-kochbuch.info\/?p=20775\" target=\"_blank\">Gem\u00fcse Jalfrezi aus Indien<\/a><\/li><li>Cornelia von SilverTravellers mit <a rel=\"noreferrer noopener\" href=\"https:\/\/www.silvertravellers.de\/pottsuse-rezept\/\" target=\"_blank\">Pottsuse \u2013 k\u00f6stlicher Brotaufstrich nach Omas Rezept<\/a><\/li><li>Wilma von Pane-Bistecca mit <a rel=\"noreferrer noopener\" href=\"https:\/\/pane-bistecca.com\/2021\/02\/02\/alplermagrone-schweizer-soulfood-alplermagrone-swiss-traditional-comfort-food\/\" target=\"_blank\">\u00c4lplermagrone \u2013 Schweizer Soulfood<\/a><\/li><li>Susi von Turbohausfrau mit <a rel=\"noreferrer noopener\" href=\"https:\/\/www.turbohausfrau.at\/2021\/02\/kulinarische-weltreise-erdnussbrownies.html\" target=\"_blank\">Erdnussbrownies<\/a><\/li><li>Michael von SalzigS\u00fcssLecker mit <a rel=\"noreferrer noopener\" href=\"https:\/\/brittas-kochbuch.info\/?p=20945\" target=\"_blank\">Orangen-Marzipanschnecken<\/a><\/li><li>Susanne von magentratzerl mit <a rel=\"noreferrer noopener\" href=\"https:\/\/magentratzerl.de\/2021\/02\/04\/gemueseragout-mit-kraeuterkloesschen\/\" target=\"_blank\">Gem\u00fcseragout mit Kr\u00e4uterkl\u00f6\u00dfchen<\/a><\/li><li>Barbara von Barbaras Spielwiese mit <a rel=\"noreferrer noopener\" href=\"https:\/\/barbaras-spielwiese.blogspot.com\/2021\/02\/mapo-doufu-aus-selbstgemachtem-tofu.html\" target=\"_blank\">Mapo Doufu aus selbstgemachtem Tofu<\/a><\/li><li>Tina von K\u00fcchenmomente mit <a rel=\"noreferrer noopener\" href=\"https:\/\/www.kuechenmomente.de\/chocolate-chip-cookies-mit-haferflocken\/\" target=\"_blank\">Chocolate Chip Cookies mit Haferflocken<\/a><\/li><li>Julia von L\u00f6ffelgenuss mit <a rel=\"noreferrer noopener\" href=\"https:\/\/loeffelgenuss.de\/linsen-dal\" target=\"_blank\">Linsen Dal<\/a><\/li><li>Wilma von Pane-Bistecca mit <a rel=\"noreferrer noopener\" href=\"https:\/\/pane-bistecca.com\/2021\/02\/05\/chicken-adobo-comfort-food-from-the-philippines\/\" target=\"_blank\">Chicken Adobo \u2013 Comfort Food from the Philippines<\/a><\/li><li>Marion von LSLB Magazin mit <a rel=\"noreferrer noopener\" href=\"https:\/\/lifestyleluxurybrigade.com\/essen-wie-im-urlaub-pollo-al-limone-zitronenhaehnchen\/\" target=\"_blank\">Essen wie im Urlaub \u2013 Pollo al Limone \u2013 Zitronenh\u00e4hnchen<\/a><\/li><li>Volker von Volkermampft mit <a rel=\"noreferrer noopener\" href=\"https:\/\/volkermampft.de\/ziti-tagliati-con-polpette-nudeln-mit-hackbaellchen\" target=\"_blank\">Ziti Tagliati con Polpette \u2013 Nudeln mit Hackb\u00e4llchen<\/a><\/li><li>poupou von poupous geheimes laboratorium mit <a rel=\"noreferrer noopener\" href=\"https:\/\/poupoulab.blogspot.com\/2021\/02\/kulinarische-weltreise-kalten-tagen.html\" target=\"_blank\">R\u00f6sti aus der Schweiz!<\/a><\/li><li>Conny von food for the soul mit <a rel=\"noreferrer noopener\" href=\"https:\/\/foodforthesoul.de\/vegetarisches-pad-thai-in-30-minuten\/\" target=\"_blank\">Vegetarisches Pad Thai in 30 Minuten<\/a><\/li><li>Petra aka Cascabel von Chili und Ciabatta mit <a rel=\"noreferrer noopener\" href=\"https:\/\/chili-und-ciabatta.de\/2021\/02\/curry-mit-schweinefleisch-und-mango-pickles-dal\/\" target=\"_blank\">Curry mit Schweinefleisch und Mango Pickles, Dal mit R\u00f6stzwiebeln<\/a><\/li><li>Monika von TravelWorldOnline Traveller mit <a rel=\"noreferrer noopener\" href=\"https:\/\/www.travelworldonline.de\/muehlviertler-kartoffelauflauf-oesterreichische-spezialitaeten\/\" target=\"_blank\">M\u00fchlviertler Wespennester<\/a><\/li><li>Liane von DieReiseEule mit <a rel=\"noreferrer noopener\" href=\"https:\/\/diereiseule.com\/kreppel-fastnacht\" target=\"_blank\">Kreppel<\/a><\/li><li>Kathrina von K\u00fcchentraum und Purzelbaum mit <a rel=\"noreferrer noopener\" href=\"https:\/\/www.kuechentraumundpurzelbaum.de\/germknoedel-mit-vanillesauce\/\" target=\"_blank\">Germkn\u00f6del mit Vanillesauce<\/a><\/li><li>Simone von zimtkringel mit <a rel=\"noreferrer noopener\" href=\"https:\/\/www.zimtkringel.org\/2021\/02\/13\/kartoffelstock-und-hack\/\" target=\"_blank\">Kartoffelstock und Hack<\/a><\/li><li>Susanne von magentratzerl mit <a rel=\"noreferrer noopener\" href=\"https:\/\/brittas-kochbuch.info\/?p=20945\" target=\"_blank\">Mac and Cheese mit Crabmeat<\/a><\/li><li>Aniko von Paprika meets Kardamom mit <a rel=\"noreferrer noopener\" href=\"https:\/\/paprikameetskardamom.wordpress.com\/2021\/02\/10\/ukrainischer-borschtsch\/\" target=\"_blank\">Ukrainischer Borschtsch<\/a><\/li><li>poupou von poupous geheimes laboratorium mit <a rel=\"noreferrer noopener\" href=\"https:\/\/poupoulab.blogspot.com\/2021\/02\/kulinarische-weltreise-kalten-tagen_10.html\" target=\"_blank\">Hannchen-Jensen-Torte (Tr\u00fcmmertorte) aus Friesland!<\/a><\/li><li>Britta von Brittas Kochbuch mit <a rel=\"noreferrer noopener\" href=\"https:\/\/brittas-kochbuch.info\/?p=20853\" target=\"_blank\">Gr\u00fcnkohl mit Kartoffeln und Kohlwurst aus dem Slowcooker<\/a><\/li><li>Sylvia von Brotwein mit <a rel=\"noreferrer noopener\" href=\"https:\/\/brotwein.net\/lasagne-bolognese-rezept-klassisch-mit-hackfleisch-bechamelsosse-51955\" target=\"_blank\">Lasagne Bolognese \u2013 Rezept klassisch mit Hackfleisch &amp; B\u00e9chamelso\u00dfe<\/a><\/li><li>Sylvia von Brotwein mit <a rel=\"noreferrer noopener\" href=\"https:\/\/brotwein.net\/kuerbisrisotto-rezept-klassisch-italienisch-5197\" target=\"_blank\">K\u00fcrbisrisotto \u2013 Rezept klassisch italienisch<\/a><\/li><li>Silke von Rezepte Silkeswelt mit <a rel=\"noreferrer noopener\" href=\"https:\/\/rezepte-silkeswelt.de\/backofen-berliner\" target=\"_blank\">Backofen Berliner<\/a><\/li><li>Edyta von mein-dolcevita mit <a rel=\"noreferrer noopener\" href=\"https:\/\/mein-dolcevita.de\/2021\/02\/12\/piroggen-wie-bei-mama\/\" target=\"_blank\">Piroggen wie bei Mama<\/a> Conny von food for the soul mit <a rel=\"noreferrer noopener\" href=\"https:\/\/foodforthesoul.de\/klassische-krapfen-mit-pflaumenmus\" target=\"_blank\">Klassische Krapfen mit Pflaumenmus<\/a><\/li><li>Carina von Coffee2Stay mit <a rel=\"noreferrer noopener\" href=\"https:\/\/brittas-kochbuch.info\/?p=20945\" target=\"_blank\">Backofen-Quesadillas texanischer Art<\/a><\/li><li>Tina von K\u00fcchenmomente mit <a rel=\"noreferrer noopener\" href=\"https:\/\/www.kuechenmomente.de\/red-velvet-cupcakes-zum-verlieben\/\" target=\"_blank\">Red Velvet Cupcakes zum Verlieben<\/a><\/li><li>Ute von Wiesengenuss mit <a rel=\"noreferrer noopener\" href=\"https:\/\/wiesengenusskueche.blogspot.com\/2021\/02\/chicken-tikka-masala.html\" target=\"_blank\">Chicken Tikka Masala \u2013 typisch britisch?<\/a><\/li><li>Dirk von Low-n-slow mit <a rel=\"noreferrer noopener\" href=\"https:\/\/brittas-kochbuch.info\/?p=20945\" target=\"_blank\">Welsh Rarebits<\/a><\/li><li>Britta von Brittas Kochbuch mit <a rel=\"noreferrer noopener\" href=\"https:\/\/brittas-kochbuch.info\/?p=20945\" target=\"_blank\">Cr\u00eapes aux pommes et aux noix caram\u00e9lis\u00e9es (Cr\u00eapes mit karamelisierten \u00c4pfeln und Waln\u00fcssen)<\/a><\/li><li>Wilma von Pane-Bistecca mit <a rel=\"noreferrer noopener\" href=\"https:\/\/pane-bistecca.com\/2021\/02\/15\/pancit-canton-from-lucille-comfort-food-from-the-philippines\/\" target=\"_blank\">Pancit Canton from Lucille Comfort food from the Philippines<\/a><\/li><\/ul>\n","protected":false},"excerpt":{"rendered":"<p>Steckr\u00fcbenpfanne mit \u00c4pfeln und R\u00e4uchertofu Im Februar geht es im Rahmen der von Volker mampft initiierten kulinarischen Weltreise in kein bestimmtes Land. Es geht um internationales Wohlf\u00fchlessen an kalten Tagen. F\u00fcr mich geh\u00f6ren w\u00e4rmende Eint\u00f6pfe und alle Arten von Kohl- und Wurzelgem\u00fcsen dazu. Auch Gerichte aus der Kindheit haben diesen Wohlf\u00fchlmoment f\u00fcr mich. Dazu gibt [&hellip;]<\/p>\n","protected":false},"author":1,"featured_media":0,"comment_status":"open","ping_status":"open","sticky":false,"template":"","format":"standard","meta":{"sfsi_plus_gutenberg_text_before_share":"","sfsi_plus_gutenberg_show_text_before_share":"","sfsi_plus_gutenberg_icon_type":"","sfsi_plus_gutenberg_icon_alignemt":"","sfsi_plus_gutenburg_max_per_row":"","_jetpack_memberships_contains_paid_content":false,"footnotes":""},"categories":[169,90,701,9],"tags":[92,2915,2048,682,229,25,2916,2917],"class_list":["post-20103","post","type-post","status-publish","format-standard","hentry","category-blog-events","category-obst-und-gemuse","category-suppen-und-eintoepfe","category-vegetarisches","tag-apfel","tag-comfortfood-international","tag-die-kulinarische-weltreise","tag-raeuchertofu","tag-steckruebe","tag-vegetarisch","tag-winter","tag-wohlfuehlessen"],"jetpack_featured_media_url":"","jetpack_sharing_enabled":true,"_links":{"self":[{"href":"https:\/\/brittas-kochbuch.info\/index.php?rest_route=\/wp\/v2\/posts\/20103"}],"collection":[{"href":"https:\/\/brittas-kochbuch.info\/index.php?rest_route=\/wp\/v2\/posts"}],"about":[{"href":"https:\/\/brittas-kochbuch.info\/index.php?rest_route=\/wp\/v2\/types\/post"}],"author":[{"embeddable":true,"href":"https:\/\/brittas-kochbuch.info\/index.php?rest_route=\/wp\/v2\/users\/1"}],"replies":[{"embeddable":true,"href":"https:\/\/brittas-kochbuch.info\/index.php?rest_route=%2Fwp%2Fv2%2Fcomments&post=20103"}],"version-history":[{"count":24,"href":"https:\/\/brittas-kochbuch.info\/index.php?rest_route=\/wp\/v2\/posts\/20103\/revisions"}],"predecessor-version":[{"id":20978,"href":"https:\/\/brittas-kochbuch.info\/index.php?rest_route=\/wp\/v2\/posts\/20103\/revisions\/20978"}],"wp:attachment":[{"href":"https:\/\/brittas-kochbuch.info\/index.php?rest_route=%2Fwp%2Fv2%2Fmedia&parent=20103"}],"wp:term":[{"taxonomy":"category","embeddable":true,"href":"https:\/\/brittas-kochbuch.info\/index.php?rest_route=%2Fwp%2Fv2%2Fcategories&post=20103"},{"taxonomy":"post_tag","embeddable":true,"href":"https:\/\/brittas-kochbuch.info\/index.php?rest_route=%2Fwp%2Fv2%2Ftags&post=20103"}],"curies":[{"name":"wp","href":"https:\/\/api.w.org\/{rel}","templated":true}]}}