{"id":20652,"date":"2021-01-10T12:01:44","date_gmt":"2021-01-10T11:01:44","guid":{"rendered":"http:\/\/brittas-kochbuch.info\/?p=20652"},"modified":"2021-02-05T11:16:06","modified_gmt":"2021-02-05T10:16:06","slug":"koch-mein-rezept-versunkener-birnenkuchen-von-backmaedchen1967","status":"publish","type":"post","link":"https:\/\/brittas-kochbuch.info\/?p=20652","title":{"rendered":"Koch mein Rezept (Versunkener Birnenkuchen von Backm\u00e4dchen1967)"},"content":{"rendered":"\n\n\n<a href=\"https:\/\/volkermampft.de\/koch-mein-rezept-foodblogs-neu-entdeckt\/\" title=\"Blogger Aktion &quot;Koch mein Rezept - der gro\u00dfe Rezepttausch&quot; von @volkermampft\"><img loading=\"lazy\" decoding=\"async\" src=\"https:\/\/volkermampft.de\/wp-content\/uploads\/2020\/06\/banner-koch-mein-rezept-quer-600.png\" alt=\"Blogger Aktion &quot;Koch mein Rezept - der gro\u00dfe Rezepttausch&quot; von @volkermampft \" width=\"600\" height=\"275\"><\/a>\n\n\n\n<div class=\"wp-block-image\"><figure class=\"aligncenter size-large\"><a href=\"https:\/\/brittas-kochbuch.info\/wp-content\/uploads\/2021\/01\/20210109_birnenkuchen03.jpg\"><img loading=\"lazy\" decoding=\"async\" width=\"555\" height=\"416\" src=\"https:\/\/brittas-kochbuch.info\/wp-content\/uploads\/2021\/01\/20210109_birnenkuchen03.jpg\" alt=\"\" class=\"wp-image-20661\" srcset=\"https:\/\/brittas-kochbuch.info\/wp-content\/uploads\/2021\/01\/20210109_birnenkuchen03.jpg 555w, https:\/\/brittas-kochbuch.info\/wp-content\/uploads\/2021\/01\/20210109_birnenkuchen03-300x225.jpg 300w\" sizes=\"(max-width: 555px) 100vw, 555px\" \/><\/a><figcaption>Versunkener Birnenkuchen mit leicht angeschlagener Vanillesahne<\/figcaption><\/figure><\/div>\n\n\n\n<p class=\"has-drop-cap\">In den Monaten Dezember 2020\/Januar 2021 geht es bereits in die vierte Runde des munteren <a href=\"https:\/\/volkermampft.de\/koch-mein-rezept-foodblogs-neu-entdeckt\/\" target=\"_blank\" rel=\"noreferrer noopener\">Rezeptewichtelns<\/a>, das <a href=\"https:\/\/volkermampft.de\/\" target=\"_blank\" rel=\"noreferrer noopener\">Volker mampft<\/a> letztes Jahr ins Leben gerufen hatte. Ziel des Ganzen soll sein, auch mal andere Blogs kennenzulernen und daraus ein Rezept nachzuempfinden. Dabei sind Abwandlungen durchaus erw\u00fcnscht.<\/p>\n\n\n\n<p>Dem eigenen Blog wird ein anderer Blog zugelost und umgekehrt bekommt ein dritter Blog den eigenen Blog zugelost.<\/p>\n\n\n\n<p>Am Ende dieses Beitrags stelle ich Euch gerne mal die bisherigen Runden zusammen.<\/p>\n\n\n\n<p>Nun hat es mich also &#8222;erwischt&#8220;, und ich musste mir aus einem fast reinen <a href=\"https:\/\/backmaedchen1967.de\/\" target=\"_blank\" rel=\"noreferrer noopener\">Backblog<\/a> etwas aussuchen.<\/p>\n\n\n\n<p>Meine Namensvetterin Britta ist eine leidenschaftliche B\u00e4ckerin, die sich auch an die &#8211; f\u00fcr mich kompliziertesten &#8211; Brot- und Kuchen- bzw. Tortenrezepte heranwagt.<\/p>\n\n\n\n<p>Sie ist \u00fcbrigens nicht  nur meine Namensvetterin, sondern auch meine Nachbarin und somit die bisher einzige Bloggerin, die ich pers\u00f6nlich kenne. <\/p>\n\n\n\n<div class=\"wp-block-media-text alignwide is-stacked-on-mobile is-vertically-aligned-top\" style=\"grid-template-columns:29% auto\"><figure class=\"wp-block-media-text__media\"><img loading=\"lazy\" decoding=\"async\" width=\"416\" height=\"555\" src=\"https:\/\/brittas-kochbuch.info\/wp-content\/uploads\/2021\/01\/gina.jpg\" alt=\"\" class=\"wp-image-20662 size-full\" srcset=\"https:\/\/brittas-kochbuch.info\/wp-content\/uploads\/2021\/01\/gina.jpg 416w, https:\/\/brittas-kochbuch.info\/wp-content\/uploads\/2021\/01\/gina-225x300.jpg 225w\" sizes=\"(max-width: 416px) 100vw, 416px\" \/><\/figure><div class=\"wp-block-media-text__content\">\n<p>Zudem ist sie auch noch die &#8222;Tante&#8220; meiner Katze Gina. Sie ist aus demselben Wurf wie Brittas Gracy und die beiden gleichen sich wirklich wie ein Ei dem anderen, von dem kleinen wei\u00dfen Fleck auf Gracys Brust abgesehen.<\/p>\n<\/div><\/div>\n\n\n\n<p>Und noch eine Gemeinsamkeit verbindet uns: Wir sind mehr oder weniger zeitgleich in unserer H\u00e4user eingezogen und konnten auch in dem Bereich schon Erfahrungen austauschen.<\/p>\n\n\n\n<p>Lest <a rel=\"noreferrer noopener\" href=\"https:\/\/backmaedchen1967.de\/ueber-mich\/\" target=\"_blank\">hier<\/a> auch noch, was sie selber \u00fcber sich zu berichten hat.<\/p>\n\n\n\n<p>Nun zum Rezept, das eigentlich der G\u00f6Ga sich schon direkt nach der Auslosung ausgesucht hatte und das eigentlich auch der G\u00f6Ga nachbacken wollte:<\/p>\n\n\n\n<p>Den <a href=\"https:\/\/backmaedchen1967.de\/versunkener-birnenkuchen\/\" target=\"_blank\" rel=\"noreferrer noopener\">versunkenen Birnenkuchen<\/a>.<\/p>\n\n\n\n<p>Letzten Endes hat er das Ganze so weit vor sich hergeschoben, dass ich mich dann gestern ans Werk machte. Und was soll ich sagen? Ein total toller Kuchen, einfach in der Herstellung und gro\u00dfartig im Geschmack.<\/p>\n\n\n\n<div class=\"wp-block-image\"><figure class=\"aligncenter size-large\"><a href=\"https:\/\/brittas-kochbuch.info\/wp-content\/uploads\/2021\/01\/20210109_birnenkuchen01.jpg\"><img loading=\"lazy\" decoding=\"async\" width=\"555\" height=\"416\" src=\"https:\/\/brittas-kochbuch.info\/wp-content\/uploads\/2021\/01\/20210109_birnenkuchen01.jpg\" alt=\"\" class=\"wp-image-20659\" srcset=\"https:\/\/brittas-kochbuch.info\/wp-content\/uploads\/2021\/01\/20210109_birnenkuchen01.jpg 555w, https:\/\/brittas-kochbuch.info\/wp-content\/uploads\/2021\/01\/20210109_birnenkuchen01-300x225.jpg 300w\" sizes=\"(max-width: 555px) 100vw, 555px\" \/><\/a><\/figure><\/div>\n\n\n\n<!--more-->\n\n\n\n<p>Ich habe mich komplett an Brittas Rezept gehalten, mit der kleinen Ausnahme, dass ich weniger Zucker und meinen selbst gemachten Vanillezucker genommen habe. Die \u00c4nderungen stehen <em>kursiv<\/em> in Klammern. Und den Puderzucker habe ich vergessen!<\/p>\n\n\n\n<h4 class=\"wp-block-heading\">Zutaten f\u00fcr eine 26er Springform:<\/h4>\n\n\n\n<ul class=\"wp-block-list\"><li>3 Eier, getrennt<\/li><li>(<em>ich: 1 Prise Salz<\/em>)<\/li><li>90 g Zucker (<em>ich: 70 g<\/em>)<\/li><li>50 g brauner Zucker (<em>ich: 40 g<\/em>)<\/li><li>1 P\u00e4ckchen Vanillezucker (<em>ich: 10 g selbst gemachter <a href=\"https:\/\/brittas-kochbuch.info\/?p=2927\">Vanillezucker<\/a><\/em>)<\/li><li>130 g Butter weich<\/li><li>190 g Weizenmehl Type 405 oder <em>550<\/em><\/li><li>10 g Backpulver<\/li><li>5 Birnen (<em>ich: Conference<\/em>)<\/li><\/ul>\n\n\n\n<h4 class=\"wp-block-heading\">Zubereitung:<\/h4>\n\n\n\n<p>Zu allererst am besten die Butter aus dem K\u00fchlschrank nehmen, damit sie schon etwas weich wird!<\/p>\n\n\n\n<p>Den Backofen auf 180 \u00b0C (<em>ich: Umluft<\/em>) vorheizen. Den Boden einer Springform von 26 cm Durchmesser mit Backpapier auslegen, den Rand einfetten.<\/p>\n\n\n\n<p>Eier trennen, Eiwei\u00df mit einer Prise Salz steif schlagen, zur Seite stellen.<\/p>\n\n\n\n<p>Eigelb, Butter und alle Zuckersorten in der K\u00fcchenmaschine oder mit dem Handmixer verr\u00fchren. Mehl und Backpulver zugeben, verr\u00fchren. Anschlie\u00dfend das Eiwei\u00df unterheben.<\/p>\n\n\n\n<p>Teig in die Springform geben.<\/p>\n\n\n\n<p>Birnen sch\u00e4len, halbieren und entkernen. Das geht am besten mit einem Kugelausstecher. Die Oberfl\u00e4chen leicht mit einem Messer einschneiden und auf den Teig legen.<\/p>\n\n\n\n<p>Im vorgeheizten Backofen zun\u00e4chst 20 Minuten backen. Dann mit Alufolie (<em>ich: Bratpfannendeckel<\/em>) abdecken, da der Kuchen sonst zu dunkel wird und weitere 20 Minuten backen.<\/p>\n\n\n\n<p>Nach dem  Backen den Kuchen in der Form ausk\u00fchlen lassen, dann herausl\u00f6sen und auf eine Kuchenplatte heben. Das mit dem Puderzucker hatte ich \u00fcberlesen und vergessen.<\/p>\n\n\n\n<p>Ich habe dazu eine nicht ganz steif geschlagene Vanillesahne serviert.<\/p>\n\n\n\n<p>Vielen Dank, liebe Britta, f\u00fcr das wunderbare Rezept!<\/p>\n\n\n\n<div class=\"wp-block-image\"><figure class=\"aligncenter size-large\"><a href=\"https:\/\/brittas-kochbuch.info\/wp-content\/uploads\/2021\/01\/20210109_birnenkuchen02.jpg\"><img loading=\"lazy\" decoding=\"async\" width=\"555\" height=\"416\" src=\"https:\/\/brittas-kochbuch.info\/wp-content\/uploads\/2021\/01\/20210109_birnenkuchen02.jpg\" alt=\"\" class=\"wp-image-20660\" srcset=\"https:\/\/brittas-kochbuch.info\/wp-content\/uploads\/2021\/01\/20210109_birnenkuchen02.jpg 555w, https:\/\/brittas-kochbuch.info\/wp-content\/uploads\/2021\/01\/20210109_birnenkuchen02-300x225.jpg 300w\" sizes=\"(max-width: 555px) 100vw, 555px\" \/><\/a><figcaption>Herrlich lockerer Teig mit saftig-s\u00fc\u00dfen Birnen, dazu einen Schlag Sahne<\/figcaption><\/figure><\/div>\n\n\n\n<p>Elena von <a rel=\"noreferrer noopener\" href=\"https:\/\/heute-gibt.es\/\" target=\"_blank\">heute gibt es&#8230;<\/a> hat sich aus meinem Blog <a href=\"https:\/\/heute-gibt.es\/rote-bete-risotto\/\" target=\"_blank\" rel=\"noreferrer noopener\">Rote-Bete-Risotto<\/a> ausgesucht (<a href=\"https:\/\/brittas-kochbuch.info\/?p=10834\">meine Version<\/a>).<br><\/p>\n\n\n\n<hr class=\"wp-block-separator\"\/>\n\n\n\n<h4 class=\"wp-block-heading\">Hier stelle ich Euch die Tauschblogs der letzten drei Runden vor:<\/h4>\n\n\n\n<figure class=\"wp-block-table is-style-stripes\"><table><tbody><tr><td><strong>Runde<\/strong><\/td><td><strong>Ich koche aus dem Blog&#8230;<\/strong><\/td><td><strong>Rezept<\/strong> (meine Version)<\/td><td><strong>Aus meinem Blog kocht&#8230;<\/strong><\/td><td><strong>Rezept<\/strong> (ihre\/seine Version)<\/td><\/tr><tr><td>1<\/td><td><a href=\"https:\/\/evchenkocht.de\/\" target=\"_blank\" rel=\"noreferrer noopener\">Evchen kocht<\/a><\/td><td><a href=\"https:\/\/brittas-kochbuch.info\/?p=18476\">Herzhafter Kaiserschmarren<\/a><\/td><td><a href=\"https:\/\/magentratzerl.de\/\" target=\"_blank\" rel=\"noreferrer noopener\">Magentratzerl<\/a><\/td><td><a href=\"https:\/\/magentratzerl.de\/2020\/07\/04\/tschanachi-aus-dem-slowcooker-nach-brittas-kochbuch\/\" target=\"_blank\" rel=\"noreferrer noopener\">Tschanachi<\/a><\/td><\/tr><tr><td>2<\/td><td><a href=\"https:\/\/kohlenpottgourmet.de\/\" target=\"_blank\" rel=\"noreferrer noopener\">Kohlenpottgourmet<\/a><\/td><td><a href=\"https:\/\/brittas-kochbuch.info\/?p=19048\">K\u00fcrbis-Hackb\u00e4llchen-Sp\u00e4tzle-Auflauf<\/a><\/td><td><a href=\"https:\/\/meinwunderbareschaos.de\/\" target=\"_blank\" rel=\"noreferrer noopener\">Mein wunderbares Chaos<\/a><\/td><td><a href=\"https:\/\/meinwunderbareschaos.de\/vegetarische-kibbeh-mit-karotten-und-kichererbsen\/\" target=\"_blank\" rel=\"noreferrer noopener\">Vegetarische Kibbeh mit Karotten und Kichererbsen<\/a><\/td><\/tr><tr><td>3<\/td><td><a href=\"https:\/\/caroskueche.de\/\" target=\"_blank\" rel=\"noreferrer noopener\">Caros K\u00fcche<\/a><\/td><td><a href=\"https:\/\/brittas-kochbuch.info\/?p=19810\">Kirsch-Streusel-Taler<\/a><\/td><td><a href=\"https:\/\/muenchnerkuechenexperimente.de\/\" target=\"_blank\" rel=\"noreferrer noopener\">M\u00fcnchner K\u00fcchenexperimente<\/a><\/td><td><a href=\"https:\/\/muenchnerkuechenexperimente.de\/2020\/11\/15\/koch-mein-rezept-3-selleriesalat-mit-granatapfel-und-feta\/\" target=\"_blank\" rel=\"noreferrer noopener\">Selleriesalat mit Granatapfel und Feta<\/a><\/td><\/tr><\/tbody><\/table><figcaption>To be coninued&#8230;<\/figcaption><\/figure>\n\n\n\n<p><\/p>\n","protected":false},"excerpt":{"rendered":"<p>In den Monaten Dezember 2020\/Januar 2021 geht es bereits in die vierte Runde des munteren Rezeptewichtelns, das Volker mampft letztes Jahr ins Leben gerufen hatte. Ziel des Ganzen soll sein, auch mal andere Blogs kennenzulernen und daraus ein Rezept nachzuempfinden. Dabei sind Abwandlungen durchaus erw\u00fcnscht. Dem eigenen Blog wird ein anderer Blog zugelost und umgekehrt [&hellip;]<\/p>\n","protected":false},"author":1,"featured_media":0,"comment_status":"open","ping_status":"open","sticky":false,"template":"","format":"standard","meta":{"sfsi_plus_gutenberg_text_before_share":"","sfsi_plus_gutenberg_show_text_before_share":"","sfsi_plus_gutenberg_icon_type":"","sfsi_plus_gutenberg_icon_alignemt":"","sfsi_plus_gutenburg_max_per_row":"","_jetpack_memberships_contains_paid_content":false,"footnotes":""},"categories":[169,130,10,710,90,9],"tags":[2907,2909,172,2698,802,25,2908],"class_list":["post-20652","post","type-post","status-publish","format-standard","hentry","category-blog-events","category-desserts-kuchen-plaetzchen","category-kochbucher","category-nachgekocht","category-obst-und-gemuse","category-vegetarisches","tag-backmaedchen1967","tag-birnen","tag-blog-event","tag-koch-mein-rezept","tag-ruehrteig","tag-vegetarisch","tag-versunkener-birnenkuchen"],"jetpack_featured_media_url":"","jetpack_sharing_enabled":true,"_links":{"self":[{"href":"https:\/\/brittas-kochbuch.info\/index.php?rest_route=\/wp\/v2\/posts\/20652"}],"collection":[{"href":"https:\/\/brittas-kochbuch.info\/index.php?rest_route=\/wp\/v2\/posts"}],"about":[{"href":"https:\/\/brittas-kochbuch.info\/index.php?rest_route=\/wp\/v2\/types\/post"}],"author":[{"embeddable":true,"href":"https:\/\/brittas-kochbuch.info\/index.php?rest_route=\/wp\/v2\/users\/1"}],"replies":[{"embeddable":true,"href":"https:\/\/brittas-kochbuch.info\/index.php?rest_route=%2Fwp%2Fv2%2Fcomments&post=20652"}],"version-history":[{"count":26,"href":"https:\/\/brittas-kochbuch.info\/index.php?rest_route=\/wp\/v2\/posts\/20652\/revisions"}],"predecessor-version":[{"id":21029,"href":"https:\/\/brittas-kochbuch.info\/index.php?rest_route=\/wp\/v2\/posts\/20652\/revisions\/21029"}],"wp:attachment":[{"href":"https:\/\/brittas-kochbuch.info\/index.php?rest_route=%2Fwp%2Fv2%2Fmedia&parent=20652"}],"wp:term":[{"taxonomy":"category","embeddable":true,"href":"https:\/\/brittas-kochbuch.info\/index.php?rest_route=%2Fwp%2Fv2%2Fcategories&post=20652"},{"taxonomy":"post_tag","embeddable":true,"href":"https:\/\/brittas-kochbuch.info\/index.php?rest_route=%2Fwp%2Fv2%2Ftags&post=20652"}],"curies":[{"name":"wp","href":"https:\/\/api.w.org\/{rel}","templated":true}]}}