{"id":20853,"date":"2021-02-11T08:32:52","date_gmt":"2021-02-11T07:32:52","guid":{"rendered":"http:\/\/brittas-kochbuch.info\/?p=20853"},"modified":"2021-02-15T10:20:45","modified_gmt":"2021-02-15T09:20:45","slug":"die-kulinarische-weltreise-an-kalten-tagen-comfortfood-international-4","status":"publish","type":"post","link":"https:\/\/brittas-kochbuch.info\/?p=20853","title":{"rendered":"Die kulinarische Weltreise: An kalten Tagen &#8211; Comfortfood international"},"content":{"rendered":"\n<h1 class=\"has-text-align-center wp-block-heading\">Gr\u00fcnkohl aus dem Slowcooker<\/h1>\n\n\n\n\n\n<a href=\"http:\/\/volkermampft.de\/soulfood-und-comfort-food-fuer-die-kalten-tage-die-besten-rezepte-und-gerichte-aus-der-ganzen-welt\" title=\"Blogger Aktion &quot;Die kulinarische Weltreise&quot; von @volkermampft mit tollem Comfort Food aus aller Welt - die besten Rezepte und Gerichte\"><img loading=\"lazy\" decoding=\"async\" src=\"http:\/\/volkermampft.de\/wp-content\/uploads\/2018\/02\/kulinarische_weltreise_500x200.png\" alt=\"Blogger Aktion &quot;Die kulinarische Weltreise&quot; von @volkermampft mit tollem Comfort Food aus aller Welt - die besten Rezepte und Gerichte\" width=\"500\" height=\"200\"><\/a>\n\n\n\n<div class=\"wp-block-image\"><figure class=\"aligncenter size-large\"><a href=\"https:\/\/brittas-kochbuch.info\/wp-content\/uploads\/2021\/02\/20210201_gruenkohl-serviert.jpg\"><img loading=\"lazy\" decoding=\"async\" width=\"555\" height=\"416\" src=\"https:\/\/brittas-kochbuch.info\/wp-content\/uploads\/2021\/02\/20210201_gruenkohl-serviert.jpg\" alt=\"\" class=\"wp-image-20867\" srcset=\"https:\/\/brittas-kochbuch.info\/wp-content\/uploads\/2021\/02\/20210201_gruenkohl-serviert.jpg 555w, https:\/\/brittas-kochbuch.info\/wp-content\/uploads\/2021\/02\/20210201_gruenkohl-serviert-300x225.jpg 300w\" sizes=\"(max-width: 555px) 100vw, 555px\" \/><\/a><figcaption>Gr\u00fcnkohl mit Kartoffeln und Kohlwurst aus dem Slowcooker<\/figcaption><\/figure><\/div>\n\n\n\n<p class=\"has-drop-cap\">Nat\u00fcrlich ist eines meiner Leib- und Magenspeisen aus Kindertagen schon im Blog, aber diesen Winter habe ich sie bereits zweimal im Slowcooker gemacht und das Geschmackserlebnis wurde viel dichter und intensiver als auf herk\u00f6mmliche Weise gekocht.<\/p>\n\n\n\n<p>Deshalb geh\u00f6rt es unbedingt zum Thema, mit dem wir mit <a href=\"https:\/\/volkermampft.de\/\" target=\"_blank\" rel=\"noreferrer noopener\">Volkers kulinarischer Weltreise<\/a> im Februar in der ganzen Welt unterwegs sind: <a href=\"https:\/\/volkermampft.de\/soulfood-und-comfort-food-fuer-die-kalten-tage-die-besten-rezepte-und-gerichte-aus-der-ganzen-welt\/\" target=\"_blank\" rel=\"noreferrer noopener\">Comfort Food an kalten Wintertagen<\/a>.<\/p>\n\n\n\n<p>Leider gab es keinen frischen Gr\u00fcnkohl, den ich bevorzugt h\u00e4tte, mehr, aber mit aufgetautem TK-Gr\u00fcnkohl schmeckte dieses Lieblingsessen, mit dem ich auch den G\u00f6Ga immer wieder begeistern kann, noch mal aromatischer und dichter. Auch die Kartoffeln, die ich im Gr\u00fcnkohl mitgekocht hatten, erschienen mir schmackhafter, da sie die Aromen aus dem Gr\u00fcnkohlsud aufgenommen hatten.<\/p>\n\n\n\n<p>Obenauf durfte die gute lippische Kohlwurst *) ruhen, die ebenfalls noch ihren kr\u00e4ftigen Geschmack an den Gr\u00fcnkohl abgab.<\/p>\n\n\n\n<p>*) Da ich immer wieder gefragt werde, was Kohlwurst sei und dann Mutma\u00dfungen kommen, es handele sich um Gr\u00fctzwurst, Bregenwurst oder Mettenden, habe ich hier mal <a href=\"https:\/\/buebisbbqpit.com\/2017\/11\/18\/kohlwurst\/\" target=\"_blank\" rel=\"noreferrer noopener\">eine Seite verlinkt<\/a>, wo die Kohlwurst, so wie der G\u00f6Ga und ich sie kennen, selber gemacht wird. Wir m\u00f6gen sie am liebsten ganz frisch, weder getrocknet, noch ger\u00e4uchert. Leider gibt es kaum noch Metzger oder Fleischertheken in Superm\u00e4rkten, die siese K\u00f6stlichkeit anbieten.<\/p>\n\n\n\n<!--more-->\n\n\n\n<p>Doch nun zum Rezept f\u00fcr ca. 4 Portionen Gr\u00fcnkohl aus dem Slowcooker.<\/p>\n\n\n\n<h4 class=\"wp-block-heading\">Zutaten:<\/h4>\n\n\n\n<ul class=\"wp-block-list\"><li>500 &#8211; 600 g frischer Gr\u00fcnkohl, grob von den Stielen gezupft (alternativ 400 &#8211; 500 g TK-Ware, am besten grob geschnitten)<\/li><li>6 mittelgro\u00dfe Kartoffeln = ca. 1,5 H\u00e4lften pro Portion (oder mehr nach Gusto)<\/li><li>1 &#8211; 2 Ring(e) lippische Kohlwurst (wir m\u00f6gen die frische Wurst am liebsten, die weder luftgetrocknet noch ger\u00e4uchert wurde)<\/li><li>1 Gem\u00fcsezwiebel in nicht zu feinen W\u00fcrfeln<\/li><li>1 EL Butterschmalz<\/li><li>2 EL Zucker<\/li><li>Salz, Pfeffer<\/li><\/ul>\n\n\n\n<figure class=\"wp-block-gallery columns-3 is-cropped wp-block-gallery-1 is-layout-flex wp-block-gallery-is-layout-flex\"><ul class=\"blocks-gallery-grid\"><li class=\"blocks-gallery-item\"><figure><a href=\"https:\/\/brittas-kochbuch.info\/wp-content\/uploads\/2021\/02\/20210201_gruenkohl-zwiebel.jpg\"><img loading=\"lazy\" decoding=\"async\" width=\"555\" height=\"416\" src=\"https:\/\/brittas-kochbuch.info\/wp-content\/uploads\/2021\/02\/20210201_gruenkohl-zwiebel.jpg\" alt=\"\" data-id=\"20870\" data-full-url=\"https:\/\/brittas-kochbuch.info\/wp-content\/uploads\/2021\/02\/20210201_gruenkohl-zwiebel.jpg\" data-link=\"https:\/\/brittas-kochbuch.info\/?attachment_id=20870\" class=\"wp-image-20870\" srcset=\"https:\/\/brittas-kochbuch.info\/wp-content\/uploads\/2021\/02\/20210201_gruenkohl-zwiebel.jpg 555w, https:\/\/brittas-kochbuch.info\/wp-content\/uploads\/2021\/02\/20210201_gruenkohl-zwiebel-300x225.jpg 300w\" sizes=\"(max-width: 555px) 100vw, 555px\" \/><\/a><figcaption class=\"blocks-gallery-item__caption\">Bild 1<\/figcaption><\/figure><\/li><li class=\"blocks-gallery-item\"><figure><a href=\"https:\/\/brittas-kochbuch.info\/wp-content\/uploads\/2021\/02\/20210201_gruenkohl-topf01.jpg\"><img loading=\"lazy\" decoding=\"async\" width=\"555\" height=\"416\" src=\"https:\/\/brittas-kochbuch.info\/wp-content\/uploads\/2021\/02\/20210201_gruenkohl-topf01.jpg\" alt=\"\" data-id=\"20868\" data-full-url=\"https:\/\/brittas-kochbuch.info\/wp-content\/uploads\/2021\/02\/20210201_gruenkohl-topf01.jpg\" data-link=\"https:\/\/brittas-kochbuch.info\/?attachment_id=20868\" class=\"wp-image-20868\" srcset=\"https:\/\/brittas-kochbuch.info\/wp-content\/uploads\/2021\/02\/20210201_gruenkohl-topf01.jpg 555w, https:\/\/brittas-kochbuch.info\/wp-content\/uploads\/2021\/02\/20210201_gruenkohl-topf01-300x225.jpg 300w\" sizes=\"(max-width: 555px) 100vw, 555px\" \/><\/a><figcaption class=\"blocks-gallery-item__caption\">Bild 2<\/figcaption><\/figure><\/li><li class=\"blocks-gallery-item\"><figure><a href=\"https:\/\/brittas-kochbuch.info\/wp-content\/uploads\/2021\/02\/20210201_gruenkohl-topf02.jpg\"><img loading=\"lazy\" decoding=\"async\" width=\"555\" height=\"416\" src=\"https:\/\/brittas-kochbuch.info\/wp-content\/uploads\/2021\/02\/20210201_gruenkohl-topf02.jpg\" alt=\"\" data-id=\"20869\" data-full-url=\"https:\/\/brittas-kochbuch.info\/wp-content\/uploads\/2021\/02\/20210201_gruenkohl-topf02.jpg\" data-link=\"https:\/\/brittas-kochbuch.info\/?attachment_id=20869\" class=\"wp-image-20869\" srcset=\"https:\/\/brittas-kochbuch.info\/wp-content\/uploads\/2021\/02\/20210201_gruenkohl-topf02.jpg 555w, https:\/\/brittas-kochbuch.info\/wp-content\/uploads\/2021\/02\/20210201_gruenkohl-topf02-300x225.jpg 300w\" sizes=\"(max-width: 555px) 100vw, 555px\" \/><\/a><figcaption class=\"blocks-gallery-item__caption\">Bild 3<\/figcaption><\/figure><\/li><\/ul><\/figure>\n\n\n\n<h4 class=\"wp-block-heading\">Zubereitung:<\/h4>\n\n\n\n<p>In einer Pfanne bei Mittelhitze das Butterschmalz zerlassen, die Zwiebelw\u00fcrfel langsam glasig d\u00fcnsten. Sobald sie weich sind, mit dem Zucker karamellisieren und mit einem Schuss Wasser abl\u00f6schen. (Bild 1)<\/p>\n\n\n\n<p>In der Zwischenzeit die Kartoffeln sch\u00e4len und halbieren (oder nach Wunsch kleiner w\u00fcrfeln).<\/p>\n\n\n\n<p>Den Gr\u00fcnkohl in den Slowcooker geben, die Zwiebeln mit der Fl\u00fcssigkeit zugeben und mit dem Kohl vermischen. Mit Salz und Pfeffer w\u00fcrzen. Die Kartoffelh\u00e4lften in die Masse hineindr\u00fccken, zum Schluss die Wurst obenauf geben.<\/p>\n\n\n\n<p>Den Deckel aufsetzen und das ganze zun\u00e4chst 1 Stunde auf HIGH angaren. Dann auf SLOW etwa 6 Stunden zu Ende garen.<\/p>\n\n\n\n<p>Auf vorgew\u00e4rmten Tellern verteilen und pro Person eine Viertel Kohlwurst dazu geben. Dazu passt nat\u00fcrlich ein k\u00fchles Bierchen.<\/p>\n\n\n\n<hr class=\"wp-block-separator\"\/>\n\n\n\n<hr class=\"wp-block-separator\"\/>\n\n\n\n<h4 class=\"wp-block-heading\">Hier geht es zu den Wohlf\u00fchlgerichten der Mitreisenden:<\/h4>\n\n\n\n<ul class=\"wp-block-list\"><li>Gabi von USA kulinarisch mit <a rel=\"noreferrer noopener\" href=\"https:\/\/www.usa-kulinarisch.de\/rezept\/comfort-food-pan-baked-meatballs\/\" target=\"_blank\">Comfort Food: Pan-Baked Meatballs<\/a><\/li><li>Britta von Brittas Kochbuch mit <a rel=\"noreferrer noopener\" href=\"https:\/\/brittas-kochbuch.info\/?p=20103\" target=\"_blank\">Steckr\u00fcbenpfanne mit \u00c4pfeln und R\u00e4uchertofu<\/a><\/li><li>Britta von Brittas Kochbuch mit <a rel=\"noreferrer noopener\" href=\"https:\/\/brittas-kochbuch.info\/?p=20761\" target=\"_blank\">Garbanzos con acelgas (Kichererbsen mit Mangold aus Spanien)<\/a><\/li><li>Petra aka Cascabel von Chili und Ciabatta mit <a rel=\"noreferrer noopener\" href=\"https:\/\/chili-und-ciabatta.de\/2021\/02\/syrische-fettucine-mit-linsen-harak-osbao\/\" target=\"_blank\">Syrische Fettucine mit Linsen \u2013 Harak osbao<\/a><\/li><li>Petra aka Cascabel von Chili und Ciabatta mit <a rel=\"noreferrer noopener\" href=\"https:\/\/chili-und-ciabatta.de\/2021\/02\/la-tartiflette-savoyarde-kartoffelgratin-mit-reblochon-aus-den-savoyen\/\" target=\"_blank\">La Tartiflette Savoyarde \u2013 Kartoffelgratin mit Reblochon aus den Savoyen<\/a><\/li><li>Britta von Brittas Kochbuch mit <a rel=\"noreferrer noopener\" href=\"https:\/\/brittas-kochbuch.info\/?p=20683\" target=\"_blank\">Kartoffel-Lauchauflauf mit Champignonhack<\/a><\/li><li>Britta von Brittas Kochbuch mit <a rel=\"noreferrer noopener\" href=\"https:\/\/brittas-kochbuch.info\/?p=20775\" target=\"_blank\">Gem\u00fcse Jalfrezi aus Indien<\/a><\/li><li>Cornelia von SilverTravellers mit <a rel=\"noreferrer noopener\" href=\"https:\/\/www.silvertravellers.de\/pottsuse-rezept\/\" target=\"_blank\">Pottsuse \u2013 k\u00f6stlicher Brotaufstrich nach Omas Rezept<\/a><\/li><li>Wilma von Pane-Bistecca mit <a rel=\"noreferrer noopener\" href=\"https:\/\/pane-bistecca.com\/2021\/02\/02\/alplermagrone-schweizer-soulfood-alplermagrone-swiss-traditional-comfort-food\/\" target=\"_blank\">\u00c4lplermagrone \u2013 Schweizer Soulfood<\/a><\/li><li>Susi von Turbohausfrau mit <a rel=\"noreferrer noopener\" href=\"https:\/\/www.turbohausfrau.at\/2021\/02\/kulinarische-weltreise-erdnussbrownies.html\" target=\"_blank\">Erdnussbrownies<\/a><\/li><li>Michael von SalzigS\u00fcssLecker mit <a rel=\"noreferrer noopener\" href=\"https:\/\/brittas-kochbuch.info\/?p=20945\" target=\"_blank\">Orangen-Marzipanschnecken<\/a><\/li><li>Susanne von magentratzerl mit <a rel=\"noreferrer noopener\" href=\"https:\/\/magentratzerl.de\/2021\/02\/04\/gemueseragout-mit-kraeuterkloesschen\/\" target=\"_blank\">Gem\u00fcseragout mit Kr\u00e4uterkl\u00f6\u00dfchen<\/a><\/li><li>Barbara von Barbaras Spielwiese mit <a rel=\"noreferrer noopener\" href=\"https:\/\/barbaras-spielwiese.blogspot.com\/2021\/02\/mapo-doufu-aus-selbstgemachtem-tofu.html\" target=\"_blank\">Mapo Doufu aus selbstgemachtem Tofu<\/a><\/li><li>Tina von K\u00fcchenmomente mit <a rel=\"noreferrer noopener\" href=\"https:\/\/www.kuechenmomente.de\/chocolate-chip-cookies-mit-haferflocken\/\" target=\"_blank\">Chocolate Chip Cookies mit Haferflocken<\/a><\/li><li>Julia von L\u00f6ffelgenuss mit <a rel=\"noreferrer noopener\" href=\"https:\/\/loeffelgenuss.de\/linsen-dal\" target=\"_blank\">Linsen Dal<\/a><\/li><li>Wilma von Pane-Bistecca mit <a rel=\"noreferrer noopener\" href=\"https:\/\/pane-bistecca.com\/2021\/02\/05\/chicken-adobo-comfort-food-from-the-philippines\/\" target=\"_blank\">Chicken Adobo \u2013 Comfort Food from the Philippines<\/a><\/li><li>Marion von LSLB Magazin mit <a rel=\"noreferrer noopener\" href=\"https:\/\/lifestyleluxurybrigade.com\/essen-wie-im-urlaub-pollo-al-limone-zitronenhaehnchen\/\" target=\"_blank\">Essen wie im Urlaub \u2013 Pollo al Limone \u2013 Zitronenh\u00e4hnchen<\/a><\/li><li>Volker von Volkermampft mit <a rel=\"noreferrer noopener\" href=\"https:\/\/volkermampft.de\/ziti-tagliati-con-polpette-nudeln-mit-hackbaellchen\" target=\"_blank\">Ziti Tagliati con Polpette \u2013 Nudeln mit Hackb\u00e4llchen<\/a><\/li><li>poupou von poupous geheimes laboratorium mit <a rel=\"noreferrer noopener\" href=\"https:\/\/poupoulab.blogspot.com\/2021\/02\/kulinarische-weltreise-kalten-tagen.html\" target=\"_blank\">R\u00f6sti aus der Schweiz!<\/a><\/li><li>Conny von food for the soul mit <a rel=\"noreferrer noopener\" href=\"https:\/\/foodforthesoul.de\/vegetarisches-pad-thai-in-30-minuten\/\" target=\"_blank\">Vegetarisches Pad Thai in 30 Minuten<\/a><\/li><li>Petra aka Cascabel von Chili und Ciabatta mit <a rel=\"noreferrer noopener\" href=\"https:\/\/chili-und-ciabatta.de\/2021\/02\/curry-mit-schweinefleisch-und-mango-pickles-dal\/\" target=\"_blank\">Curry mit Schweinefleisch und Mango Pickles, Dal mit R\u00f6stzwiebeln<\/a><\/li><li>Monika von TravelWorldOnline Traveller mit <a rel=\"noreferrer noopener\" href=\"https:\/\/www.travelworldonline.de\/muehlviertler-kartoffelauflauf-oesterreichische-spezialitaeten\/\" target=\"_blank\">M\u00fchlviertler Wespennester<\/a><\/li><li>Liane von DieReiseEule mit <a rel=\"noreferrer noopener\" href=\"https:\/\/diereiseule.com\/kreppel-fastnacht\" target=\"_blank\">Kreppel<\/a><\/li><li>Kathrina von K\u00fcchentraum und Purzelbaum mit <a rel=\"noreferrer noopener\" href=\"https:\/\/www.kuechentraumundpurzelbaum.de\/germknoedel-mit-vanillesauce\/\" target=\"_blank\">Germkn\u00f6del mit Vanillesauce<\/a><\/li><li>Simone von zimtkringel mit <a rel=\"noreferrer noopener\" href=\"https:\/\/www.zimtkringel.org\/2021\/02\/13\/kartoffelstock-und-hack\/\" target=\"_blank\">Kartoffelstock und Hack<\/a><\/li><li>Susanne von magentratzerl mit <a rel=\"noreferrer noopener\" href=\"https:\/\/brittas-kochbuch.info\/?p=20945\" target=\"_blank\">Mac and Cheese mit Crabmeat<\/a><\/li><li>Aniko von Paprika meets Kardamom mit <a rel=\"noreferrer noopener\" href=\"https:\/\/paprikameetskardamom.wordpress.com\/2021\/02\/10\/ukrainischer-borschtsch\/\" target=\"_blank\">Ukrainischer Borschtsch<\/a><\/li><li>poupou von poupous geheimes laboratorium mit <a rel=\"noreferrer noopener\" href=\"https:\/\/poupoulab.blogspot.com\/2021\/02\/kulinarische-weltreise-kalten-tagen_10.html\" target=\"_blank\">Hannchen-Jensen-Torte (Tr\u00fcmmertorte) aus Friesland!<\/a><\/li><li>Britta von Brittas Kochbuch mit <a rel=\"noreferrer noopener\" href=\"https:\/\/brittas-kochbuch.info\/?p=20853\" target=\"_blank\">Gr\u00fcnkohl mit Kartoffeln und Kohlwurst aus dem Slowcooker<\/a><\/li><li>Sylvia von Brotwein mit <a rel=\"noreferrer noopener\" href=\"https:\/\/brotwein.net\/lasagne-bolognese-rezept-klassisch-mit-hackfleisch-bechamelsosse-51955\" target=\"_blank\">Lasagne Bolognese \u2013 Rezept klassisch mit Hackfleisch &amp; B\u00e9chamelso\u00dfe<\/a><\/li><li>Sylvia von Brotwein mit <a rel=\"noreferrer noopener\" href=\"https:\/\/brotwein.net\/kuerbisrisotto-rezept-klassisch-italienisch-5197\" target=\"_blank\">K\u00fcrbisrisotto \u2013 Rezept klassisch italienisch<\/a><\/li><li>Silke von Rezepte Silkeswelt mit <a rel=\"noreferrer noopener\" href=\"https:\/\/rezepte-silkeswelt.de\/backofen-berliner\" target=\"_blank\">Backofen Berliner<\/a><\/li><li>Edyta von mein-dolcevita mit <a rel=\"noreferrer noopener\" href=\"https:\/\/mein-dolcevita.de\/2021\/02\/12\/piroggen-wie-bei-mama\/\" target=\"_blank\">Piroggen wie bei Mama<\/a> Conny von food for the soul mit <a rel=\"noreferrer noopener\" href=\"https:\/\/foodforthesoul.de\/klassische-krapfen-mit-pflaumenmus\" target=\"_blank\">Klassische Krapfen mit Pflaumenmus<\/a><\/li><li>Carina von Coffee2Stay mit <a rel=\"noreferrer noopener\" href=\"https:\/\/brittas-kochbuch.info\/?p=20945\" target=\"_blank\">Backofen-Quesadillas texanischer Art<\/a><\/li><li>Tina von K\u00fcchenmomente mit <a rel=\"noreferrer noopener\" href=\"https:\/\/www.kuechenmomente.de\/red-velvet-cupcakes-zum-verlieben\/\" target=\"_blank\">Red Velvet Cupcakes zum Verlieben<\/a><\/li><li>Ute von Wiesengenuss mit <a rel=\"noreferrer noopener\" href=\"https:\/\/wiesengenusskueche.blogspot.com\/2021\/02\/chicken-tikka-masala.html\" target=\"_blank\">Chicken Tikka Masala \u2013 typisch britisch?<\/a><\/li><li>Dirk von Low-n-slow mit <a rel=\"noreferrer noopener\" href=\"https:\/\/brittas-kochbuch.info\/?p=20945\" target=\"_blank\">Welsh Rarebits<\/a><\/li><li>Britta von Brittas Kochbuch mit <a rel=\"noreferrer noopener\" href=\"https:\/\/brittas-kochbuch.info\/?p=20945\" target=\"_blank\">Cr\u00eapes aux pommes et aux noix caram\u00e9lis\u00e9es (Cr\u00eapes mit karamelisierten \u00c4pfeln und Waln\u00fcssen)<\/a><\/li><li>Wilma von Pane-Bistecca mit <a rel=\"noreferrer noopener\" href=\"https:\/\/pane-bistecca.com\/2021\/02\/15\/pancit-canton-from-lucille-comfort-food-from-the-philippines\/\" target=\"_blank\">Pancit Canton from Lucille Comfort food from the Philippines<\/a><\/li><\/ul>\n","protected":false},"excerpt":{"rendered":"<p>Gr\u00fcnkohl aus dem Slowcooker Nat\u00fcrlich ist eines meiner Leib- und Magenspeisen aus Kindertagen schon im Blog, aber diesen Winter habe ich sie bereits zweimal im Slowcooker gemacht und das Geschmackserlebnis wurde viel dichter und intensiver als auf herk\u00f6mmliche Weise gekocht. Deshalb geh\u00f6rt es unbedingt zum Thema, mit dem wir mit Volkers kulinarischer Weltreise im Februar [&hellip;]<\/p>\n","protected":false},"author":1,"featured_media":0,"comment_status":"open","ping_status":"open","sticky":false,"template":"","format":"standard","meta":{"sfsi_plus_gutenberg_text_before_share":"","sfsi_plus_gutenberg_show_text_before_share":"","sfsi_plus_gutenberg_icon_type":"","sfsi_plus_gutenberg_icon_alignemt":"","sfsi_plus_gutenburg_max_per_row":"","_jetpack_memberships_contains_paid_content":false,"footnotes":""},"categories":[1777,169,231,96,47,90],"tags":[172,2915,2922,2048,101,115,895,2863],"class_list":["post-20853","post","type-post","status-publish","format-standard","hentry","category-aus-dem-slow-cooker","category-blog-events","category-kalbfleisch","category-kulinarische-kindheitserinnerungen","category-mein-rezept","category-obst-und-gemuse","tag-blog-event","tag-comfortfood-international","tag-deutschland","tag-die-kulinarische-weltreise","tag-grunkohl","tag-kartoffeln","tag-kohlwurst","tag-slowcooker"],"jetpack_featured_media_url":"","jetpack_sharing_enabled":true,"_links":{"self":[{"href":"https:\/\/brittas-kochbuch.info\/index.php?rest_route=\/wp\/v2\/posts\/20853"}],"collection":[{"href":"https:\/\/brittas-kochbuch.info\/index.php?rest_route=\/wp\/v2\/posts"}],"about":[{"href":"https:\/\/brittas-kochbuch.info\/index.php?rest_route=\/wp\/v2\/types\/post"}],"author":[{"embeddable":true,"href":"https:\/\/brittas-kochbuch.info\/index.php?rest_route=\/wp\/v2\/users\/1"}],"replies":[{"embeddable":true,"href":"https:\/\/brittas-kochbuch.info\/index.php?rest_route=%2Fwp%2Fv2%2Fcomments&post=20853"}],"version-history":[{"count":16,"href":"https:\/\/brittas-kochbuch.info\/index.php?rest_route=\/wp\/v2\/posts\/20853\/revisions"}],"predecessor-version":[{"id":20972,"href":"https:\/\/brittas-kochbuch.info\/index.php?rest_route=\/wp\/v2\/posts\/20853\/revisions\/20972"}],"wp:attachment":[{"href":"https:\/\/brittas-kochbuch.info\/index.php?rest_route=%2Fwp%2Fv2%2Fmedia&parent=20853"}],"wp:term":[{"taxonomy":"category","embeddable":true,"href":"https:\/\/brittas-kochbuch.info\/index.php?rest_route=%2Fwp%2Fv2%2Fcategories&post=20853"},{"taxonomy":"post_tag","embeddable":true,"href":"https:\/\/brittas-kochbuch.info\/index.php?rest_route=%2Fwp%2Fv2%2Ftags&post=20853"}],"curies":[{"name":"wp","href":"https:\/\/api.w.org\/{rel}","templated":true}]}}