{"id":20945,"date":"2021-02-15T09:52:29","date_gmt":"2021-02-15T08:52:29","guid":{"rendered":"http:\/\/brittas-kochbuch.info\/?p=20945"},"modified":"2021-02-15T10:19:35","modified_gmt":"2021-02-15T09:19:35","slug":"die-kulinarische-weltreise-comfortfood-international","status":"publish","type":"post","link":"https:\/\/brittas-kochbuch.info\/?p=20945","title":{"rendered":"Die kulinarische Weltreise &#8211; Comfortfood international"},"content":{"rendered":"\n<h1 class=\"has-text-align-center wp-block-heading\">Cr\u00eapes aux pommes et aux noix caram\u00e9lis\u00e9es<\/h1>\n\n\n\n<p class=\"has-text-align-center\"><em>Cr\u00eapes mit karamellisierten \u00c4pfeln und Waln\u00fcssen aus Frankreich<\/em><\/p>\n\n\n\n\n\n<a href=\"http:\/\/volkermampft.de\/soulfood-und-comfort-food-fuer-die-kalten-tage-die-besten-rezepte-und-gerichte-aus-der-ganzen-welt\" title=\"Blogger Aktion &quot;Die kulinarische Weltreise&quot; von @volkermampft mit tollem Comfort Food aus aller Welt - die besten Rezepte und Gerichte\"><img loading=\"lazy\" decoding=\"async\" src=\"http:\/\/volkermampft.de\/wp-content\/uploads\/2018\/02\/kulinarische_weltreise_500x200.png\" alt=\"Blogger Aktion &quot;Die kulinarische Weltreise&quot; von @volkermampft mit tollem Comfort Food aus aller Welt - die besten Rezepte und Gerichte\" width=\"500\" height=\"200\"><\/a>\n\n\n\n<p class=\"has-drop-cap\">Bisher hatte ich nur herzhafte Hauptgerichte an <a href=\"https:\/\/volkermampft.de\/soulfood-und-comfort-food-fuer-die-kalten-tage-die-besten-rezepte-und-gerichte-aus-der-ganzen-welt\/\" target=\"_blank\" rel=\"noreferrer noopener\">winterlichem Comfortfood<\/a> im Rahmen von <a href=\"https:\/\/volkermampft.de\/\" target=\"_blank\" rel=\"noreferrer noopener\">Volkers kulinarischer Weltreise<\/a> mitgebracht. Das \u00e4ndert sich nun, denn es gibt d\u00fcnne, gef\u00fcllte Pfannkuchen mit einer F\u00fcllung aus \u00c4pfeln und Waln\u00fcssen.<\/p>\n\n\n\n<div class=\"wp-block-image\"><figure class=\"aligncenter size-large\"><a href=\"https:\/\/brittas-kochbuch.info\/wp-content\/uploads\/2021\/02\/20210204_crepes-serviert01.jpg\"><img loading=\"lazy\" decoding=\"async\" width=\"555\" height=\"416\" src=\"https:\/\/brittas-kochbuch.info\/wp-content\/uploads\/2021\/02\/20210204_crepes-serviert01.jpg\" alt=\"\" class=\"wp-image-20942\" srcset=\"https:\/\/brittas-kochbuch.info\/wp-content\/uploads\/2021\/02\/20210204_crepes-serviert01.jpg 555w, https:\/\/brittas-kochbuch.info\/wp-content\/uploads\/2021\/02\/20210204_crepes-serviert01-300x225.jpg 300w\" sizes=\"(max-width: 555px) 100vw, 555px\" \/><\/a><\/figure><\/div>\n\n\n\n<p>Die Cr\u00eape hat ihren Ursprung in Frankreich, genau genommen in der Bretagne. Zu den bekanntesten Varianten geh\u00f6rt wohl die Cr\u00eape Suzette, die mit einer Mischung aus Orangensaft- und Orangenlik\u00f6r getr\u00e4nkt und meist bei Tisch spektakul\u00e4r flambiert wird.<\/p>\n\n\n\n<p>Wir hatten uns vor einiger Zeit einen Cr\u00eape-Maker angeschafft und machten uns eines sch\u00f6nen Sonntagnachmittags ans Werk.<\/p>\n\n\n\n<div class=\"wp-block-image\"><figure class=\"aligncenter size-large\"><a href=\"https:\/\/brittas-kochbuch.info\/wp-content\/uploads\/2021\/02\/20210204_crepesmaker.jpg\"><img loading=\"lazy\" decoding=\"async\" width=\"555\" height=\"416\" src=\"https:\/\/brittas-kochbuch.info\/wp-content\/uploads\/2021\/02\/20210204_crepesmaker.jpg\" alt=\"\" class=\"wp-image-20943\" srcset=\"https:\/\/brittas-kochbuch.info\/wp-content\/uploads\/2021\/02\/20210204_crepesmaker.jpg 555w, https:\/\/brittas-kochbuch.info\/wp-content\/uploads\/2021\/02\/20210204_crepesmaker-300x225.jpg 300w\" sizes=\"(max-width: 555px) 100vw, 555px\" \/><\/a><\/figure><\/div>\n\n\n\n<p>W\u00e4hrend der G\u00f6Ga die franz\u00f6sischen Pfannkuchen buk (Wie man am Bild sieht, geht der erste fast immer schief!), k\u00fcmmerte ich mich um die F\u00fcllung, die aus nicht mehr ganz so knackigen \u00c4pfeln und Waln\u00fcssen bestand, die ich in Zucker karamellisierte.<\/p>\n\n\n\n<div class=\"wp-block-image\"><figure class=\"aligncenter size-large\"><a href=\"https:\/\/brittas-kochbuch.info\/wp-content\/uploads\/2021\/02\/20210204_crepes-karamellapfel.jpg\"><img loading=\"lazy\" decoding=\"async\" width=\"555\" height=\"416\" src=\"https:\/\/brittas-kochbuch.info\/wp-content\/uploads\/2021\/02\/20210204_crepes-karamellapfel.jpg\" alt=\"\" class=\"wp-image-20940\" srcset=\"https:\/\/brittas-kochbuch.info\/wp-content\/uploads\/2021\/02\/20210204_crepes-karamellapfel.jpg 555w, https:\/\/brittas-kochbuch.info\/wp-content\/uploads\/2021\/02\/20210204_crepes-karamellapfel-300x225.jpg 300w\" sizes=\"(max-width: 555px) 100vw, 555px\" \/><\/a><\/figure><\/div>\n\n\n\n<!--more-->\n\n\n\n<h4 class=\"wp-block-heading\">Zutaten f\u00fcr den Cr\u00eapesteig (ergibt ca. 8 St\u00fcck):<\/h4>\n\n\n\n<ul class=\"wp-block-list\"><li>250 ml Milch<\/li><li>125 g gesiebtes Mehl<\/li><li>2 Eier<\/li><li>1 Prise Salz<\/li><\/ul>\n\n\n\n<h4 class=\"wp-block-heading\">Zubereitung:<\/h4>\n\n\n\n<p>Das Mehl in die Milch geben und kr\u00e4ftig mit einem Schneebesen verr\u00fchren. Unter weiterem R\u00fchren die Eier und das Salz zugeben.<\/p>\n\n\n\n<p>Zugedeckt ca. eine Stunde quellen lassen.<\/p>\n\n\n\n<p>Danach entweder auf dem Cr\u00eapesmaker oder in einer beschichteten Pfanne d\u00fcnne Pfannkuchen ausbacken. Gegebenenfalls im auf 100 \u00b0C vorgeheizten Backofen warm stellen, bis alle Cr\u00eapes gebacken und die F\u00fcllung fertig gestellt ist.<\/p>\n\n\n\n<h4 class=\"wp-block-heading\">Zutaten f\u00fcr die F\u00fcllung:<\/h4>\n\n\n\n<ul class=\"wp-block-list\"><li>2 kleine \u00c4pfel<\/li><li>100 g Waln\u00fcsse, leicht gehackt<\/li><li>2 EL Zucker<\/li><\/ul>\n\n\n\n<h4 class=\"wp-block-heading\">Zubereitung:<\/h4>\n\n\n\n<p>\u00c4pfel sch\u00e4len, vierteln, entkernen und die Viertel quer in d\u00fcnne Scheibchen schneiden. Den Zucker in der Pfanne schmelzen lassen, \u00c4pfel und Waln\u00fcsse im entstandenen Karamell schwenken.<\/p>\n\n\n\n<p>Eine Cr\u00eape auf den Teller legen, die untere H\u00e4lfte mit der F\u00fcllung belegen, die obere H\u00e4lfte dar\u00fcber klappen und die H\u00e4lfte noch einmal zu einem Viertel klappen.<\/p>\n\n\n\n<div class=\"wp-block-image\"><figure class=\"aligncenter size-large\"><a href=\"https:\/\/brittas-kochbuch.info\/wp-content\/uploads\/2021\/02\/20210204_crepes-serviert.jpg\"><img loading=\"lazy\" decoding=\"async\" width=\"555\" height=\"416\" src=\"https:\/\/brittas-kochbuch.info\/wp-content\/uploads\/2021\/02\/20210204_crepes-serviert.jpg\" alt=\"\" class=\"wp-image-20941\" srcset=\"https:\/\/brittas-kochbuch.info\/wp-content\/uploads\/2021\/02\/20210204_crepes-serviert.jpg 555w, https:\/\/brittas-kochbuch.info\/wp-content\/uploads\/2021\/02\/20210204_crepes-serviert-300x225.jpg 300w\" sizes=\"(max-width: 555px) 100vw, 555px\" \/><\/a><\/figure><\/div>\n\n\n\n<hr class=\"wp-block-separator\"\/>\n\n\n\n<h4 class=\"wp-block-heading\">Hier geht es zu den Wohlf\u00fchlgerichten der Mitreisenden:<\/h4>\n\n\n\n<ul class=\"wp-block-list\"><li>Gabi von USA kulinarisch mit <a rel=\"noreferrer noopener\" href=\"https:\/\/www.usa-kulinarisch.de\/rezept\/comfort-food-pan-baked-meatballs\/\" target=\"_blank\">Comfort Food: Pan-Baked Meatballs<\/a> <\/li><li>Britta von Brittas Kochbuch mit <a rel=\"noreferrer noopener\" href=\"https:\/\/brittas-kochbuch.info\/?p=20103\" target=\"_blank\">Steckr\u00fcbenpfanne mit \u00c4pfeln und R\u00e4uchertofu<\/a> <\/li><li>Britta von Brittas Kochbuch mit <a rel=\"noreferrer noopener\" href=\"https:\/\/brittas-kochbuch.info\/?p=20761\" target=\"_blank\">Garbanzos con acelgas (Kichererbsen mit Mangold aus Spanien)<\/a> <\/li><li>Petra aka Cascabel von Chili und Ciabatta mit <a rel=\"noreferrer noopener\" href=\"https:\/\/chili-und-ciabatta.de\/2021\/02\/syrische-fettucine-mit-linsen-harak-osbao\/\" target=\"_blank\">Syrische Fettucine mit Linsen \u2013 Harak osbao<\/a> <\/li><li>Petra aka Cascabel von Chili und Ciabatta mit <a rel=\"noreferrer noopener\" href=\"https:\/\/chili-und-ciabatta.de\/2021\/02\/la-tartiflette-savoyarde-kartoffelgratin-mit-reblochon-aus-den-savoyen\/\" target=\"_blank\">La Tartiflette Savoyarde \u2013 Kartoffelgratin mit Reblochon aus den Savoyen<\/a> <\/li><li>Britta von Brittas Kochbuch mit <a rel=\"noreferrer noopener\" href=\"https:\/\/brittas-kochbuch.info\/?p=20683\" target=\"_blank\">Kartoffel-Lauchauflauf mit Champignonhack<\/a> <\/li><li>Britta von Brittas Kochbuch mit <a rel=\"noreferrer noopener\" href=\"https:\/\/brittas-kochbuch.info\/?p=20775\" target=\"_blank\">Gem\u00fcse Jalfrezi aus Indien<\/a> <\/li><li>Cornelia von SilverTravellers mit <a rel=\"noreferrer noopener\" href=\"https:\/\/www.silvertravellers.de\/pottsuse-rezept\/\" target=\"_blank\">Pottsuse \u2013 k\u00f6stlicher Brotaufstrich nach Omas Rezept<\/a> <\/li><li>Wilma von Pane-Bistecca mit <a rel=\"noreferrer noopener\" href=\"https:\/\/pane-bistecca.com\/2021\/02\/02\/alplermagrone-schweizer-soulfood-alplermagrone-swiss-traditional-comfort-food\/\" target=\"_blank\">\u00c4lplermagrone \u2013 Schweizer Soulfood<\/a> <\/li><li>Susi von Turbohausfrau mit <a rel=\"noreferrer noopener\" href=\"https:\/\/www.turbohausfrau.at\/2021\/02\/kulinarische-weltreise-erdnussbrownies.html\" target=\"_blank\">Erdnussbrownies<\/a> <\/li><li>Michael von SalzigS\u00fcssLecker mit <a rel=\"noreferrer noopener\" href=\"https:\/\/brittas-kochbuch.info\/?p=20945\" target=\"_blank\">Orangen-Marzipanschnecken<\/a> <\/li><li>Susanne von magentratzerl mit <a rel=\"noreferrer noopener\" href=\"https:\/\/magentratzerl.de\/2021\/02\/04\/gemueseragout-mit-kraeuterkloesschen\/\" target=\"_blank\">Gem\u00fcseragout mit Kr\u00e4uterkl\u00f6\u00dfchen<\/a> <\/li><li>Barbara von Barbaras Spielwiese mit <a rel=\"noreferrer noopener\" href=\"https:\/\/barbaras-spielwiese.blogspot.com\/2021\/02\/mapo-doufu-aus-selbstgemachtem-tofu.html\" target=\"_blank\">Mapo Doufu aus selbstgemachtem Tofu<\/a> <\/li><li>Tina von K\u00fcchenmomente mit <a rel=\"noreferrer noopener\" href=\"https:\/\/www.kuechenmomente.de\/chocolate-chip-cookies-mit-haferflocken\/\" target=\"_blank\">Chocolate Chip Cookies mit Haferflocken<\/a> <\/li><li>Julia von L\u00f6ffelgenuss mit <a rel=\"noreferrer noopener\" href=\"https:\/\/loeffelgenuss.de\/linsen-dal\" target=\"_blank\">Linsen Dal<\/a> <\/li><li>Wilma von Pane-Bistecca mit <a rel=\"noreferrer noopener\" href=\"https:\/\/pane-bistecca.com\/2021\/02\/05\/chicken-adobo-comfort-food-from-the-philippines\/\" target=\"_blank\">Chicken Adobo \u2013 Comfort Food from the Philippines<\/a> <\/li><li>Marion von LSLB Magazin mit <a rel=\"noreferrer noopener\" href=\"https:\/\/lifestyleluxurybrigade.com\/essen-wie-im-urlaub-pollo-al-limone-zitronenhaehnchen\/\" target=\"_blank\">Essen wie im Urlaub \u2013 Pollo al Limone \u2013 Zitronenh\u00e4hnchen<\/a> <\/li><li>Volker von Volkermampft mit <a rel=\"noreferrer noopener\" href=\"https:\/\/volkermampft.de\/ziti-tagliati-con-polpette-nudeln-mit-hackbaellchen\" target=\"_blank\">Ziti Tagliati con Polpette \u2013 Nudeln mit Hackb\u00e4llchen<\/a> <\/li><li>poupou von poupous geheimes laboratorium mit <a rel=\"noreferrer noopener\" href=\"https:\/\/poupoulab.blogspot.com\/2021\/02\/kulinarische-weltreise-kalten-tagen.html\" target=\"_blank\">R\u00f6sti aus der Schweiz!<\/a> <\/li><li>Conny von food for the soul mit <a rel=\"noreferrer noopener\" href=\"https:\/\/foodforthesoul.de\/vegetarisches-pad-thai-in-30-minuten\/\" target=\"_blank\">Vegetarisches Pad Thai in 30 Minuten<\/a> <\/li><li>Petra aka Cascabel von Chili und Ciabatta mit <a rel=\"noreferrer noopener\" href=\"https:\/\/chili-und-ciabatta.de\/2021\/02\/curry-mit-schweinefleisch-und-mango-pickles-dal\/\" target=\"_blank\">Curry mit Schweinefleisch und Mango Pickles, Dal mit R\u00f6stzwiebeln<\/a> <\/li><li>Monika von TravelWorldOnline Traveller mit <a rel=\"noreferrer noopener\" href=\"https:\/\/www.travelworldonline.de\/muehlviertler-kartoffelauflauf-oesterreichische-spezialitaeten\/\" target=\"_blank\">M\u00fchlviertler Wespennester<\/a> <\/li><li>Liane von DieReiseEule mit <a rel=\"noreferrer noopener\" href=\"https:\/\/diereiseule.com\/kreppel-fastnacht\" target=\"_blank\">Kreppel<\/a> <\/li><li>Kathrina von K\u00fcchentraum und Purzelbaum mit <a rel=\"noreferrer noopener\" href=\"https:\/\/www.kuechentraumundpurzelbaum.de\/germknoedel-mit-vanillesauce\/\" target=\"_blank\">Germkn\u00f6del mit Vanillesauce<\/a> <\/li><li>Simone von zimtkringel mit <a rel=\"noreferrer noopener\" href=\"https:\/\/www.zimtkringel.org\/2021\/02\/13\/kartoffelstock-und-hack\/\" target=\"_blank\">Kartoffelstock und Hack<\/a> <\/li><li>Susanne von magentratzerl mit <a rel=\"noreferrer noopener\" href=\"https:\/\/brittas-kochbuch.info\/?p=20945\" target=\"_blank\">Mac and Cheese mit Crabmeat<\/a> <\/li><li>Aniko von Paprika meets Kardamom mit <a rel=\"noreferrer noopener\" href=\"https:\/\/paprikameetskardamom.wordpress.com\/2021\/02\/10\/ukrainischer-borschtsch\/\" target=\"_blank\">Ukrainischer Borschtsch<\/a> <\/li><li>poupou von poupous geheimes laboratorium mit <a rel=\"noreferrer noopener\" href=\"https:\/\/poupoulab.blogspot.com\/2021\/02\/kulinarische-weltreise-kalten-tagen_10.html\" target=\"_blank\">Hannchen-Jensen-Torte (Tr\u00fcmmertorte) aus Friesland!<\/a> <\/li><li>Britta von Brittas Kochbuch mit <a rel=\"noreferrer noopener\" href=\"https:\/\/brittas-kochbuch.info\/?p=20853\" target=\"_blank\">Gr\u00fcnkohl mit Kartoffeln und Kohlwurst aus dem Slowcooker<\/a> <\/li><li>Sylvia von Brotwein mit <a rel=\"noreferrer noopener\" href=\"https:\/\/brotwein.net\/lasagne-bolognese-rezept-klassisch-mit-hackfleisch-bechamelsosse-51955\" target=\"_blank\">Lasagne Bolognese \u2013 Rezept klassisch mit Hackfleisch &amp; B\u00e9chamelso\u00dfe<\/a> <\/li><li>Sylvia von Brotwein mit <a rel=\"noreferrer noopener\" href=\"https:\/\/brotwein.net\/kuerbisrisotto-rezept-klassisch-italienisch-5197\" target=\"_blank\">K\u00fcrbisrisotto \u2013 Rezept klassisch italienisch<\/a> <\/li><li>Silke von Rezepte Silkeswelt mit <a rel=\"noreferrer noopener\" href=\"https:\/\/rezepte-silkeswelt.de\/backofen-berliner\" target=\"_blank\">Backofen Berliner<\/a> <\/li><li>Edyta von mein-dolcevita mit <a rel=\"noreferrer noopener\" href=\"https:\/\/mein-dolcevita.de\/2021\/02\/12\/piroggen-wie-bei-mama\/\" target=\"_blank\">Piroggen wie bei Mama<\/a> Conny von food for the soul mit <a rel=\"noreferrer noopener\" href=\"https:\/\/foodforthesoul.de\/klassische-krapfen-mit-pflaumenmus\" target=\"_blank\">Klassische Krapfen mit Pflaumenmus<\/a> <\/li><li>Carina von Coffee2Stay mit <a rel=\"noreferrer noopener\" href=\"https:\/\/brittas-kochbuch.info\/?p=20945\" target=\"_blank\">Backofen-Quesadillas texanischer Art<\/a> <\/li><li>Tina von K\u00fcchenmomente mit <a rel=\"noreferrer noopener\" href=\"https:\/\/www.kuechenmomente.de\/red-velvet-cupcakes-zum-verlieben\/\" target=\"_blank\">Red Velvet Cupcakes zum Verlieben<\/a> <\/li><li>Ute von Wiesengenuss mit <a rel=\"noreferrer noopener\" href=\"https:\/\/wiesengenusskueche.blogspot.com\/2021\/02\/chicken-tikka-masala.html\" target=\"_blank\">Chicken Tikka Masala \u2013 typisch britisch?<\/a> <\/li><li>Dirk von Low-n-slow mit <a rel=\"noreferrer noopener\" href=\"https:\/\/brittas-kochbuch.info\/?p=20945\" target=\"_blank\">Welsh Rarebits<\/a> <\/li><li>Britta von Brittas Kochbuch mit <a rel=\"noreferrer noopener\" href=\"https:\/\/brittas-kochbuch.info\/?p=20945\" target=\"_blank\">Cr\u00eapes aux pommes et aux noix caram\u00e9lis\u00e9es (Cr\u00eapes mit karamelisierten \u00c4pfeln und Waln\u00fcssen)<\/a> <\/li><li>Wilma von Pane-Bistecca mit <a rel=\"noreferrer noopener\" href=\"https:\/\/pane-bistecca.com\/2021\/02\/15\/pancit-canton-from-lucille-comfort-food-from-the-philippines\/\" target=\"_blank\">Pancit Canton from Lucille Comfort food from the Philippines<\/a><\/li><\/ul>\n","protected":false},"excerpt":{"rendered":"<p>Cr\u00eapes aux pommes et aux noix caram\u00e9lis\u00e9es Cr\u00eapes mit karamellisierten \u00c4pfeln und Waln\u00fcssen aus Frankreich Bisher hatte ich nur herzhafte Hauptgerichte an winterlichem Comfortfood im Rahmen von Volkers kulinarischer Weltreise mitgebracht. Das \u00e4ndert sich nun, denn es gibt d\u00fcnne, gef\u00fcllte Pfannkuchen mit einer F\u00fcllung aus \u00c4pfeln und Waln\u00fcssen. Die Cr\u00eape hat ihren Ursprung in Frankreich, [&hellip;]<\/p>\n","protected":false},"author":1,"featured_media":0,"comment_status":"open","ping_status":"open","sticky":false,"template":"","format":"standard","meta":{"sfsi_plus_gutenberg_text_before_share":"","sfsi_plus_gutenberg_show_text_before_share":"","sfsi_plus_gutenberg_icon_type":"","sfsi_plus_gutenberg_icon_alignemt":"","sfsi_plus_gutenburg_max_per_row":"","_jetpack_memberships_contains_paid_content":false,"footnotes":""},"categories":[169,130,47,90,9],"tags":[92,2915,2927,2048,2161,1230,25,1309],"class_list":["post-20945","post","type-post","status-publish","format-standard","hentry","category-blog-events","category-desserts-kuchen-plaetzchen","category-mein-rezept","category-obst-und-gemuse","category-vegetarisches","tag-apfel","tag-comfortfood-international","tag-crepes","tag-die-kulinarische-weltreise","tag-frankreich","tag-karamell","tag-vegetarisch","tag-walnuss"],"jetpack_featured_media_url":"","jetpack_sharing_enabled":true,"_links":{"self":[{"href":"https:\/\/brittas-kochbuch.info\/index.php?rest_route=\/wp\/v2\/posts\/20945"}],"collection":[{"href":"https:\/\/brittas-kochbuch.info\/index.php?rest_route=\/wp\/v2\/posts"}],"about":[{"href":"https:\/\/brittas-kochbuch.info\/index.php?rest_route=\/wp\/v2\/types\/post"}],"author":[{"embeddable":true,"href":"https:\/\/brittas-kochbuch.info\/index.php?rest_route=\/wp\/v2\/users\/1"}],"replies":[{"embeddable":true,"href":"https:\/\/brittas-kochbuch.info\/index.php?rest_route=%2Fwp%2Fv2%2Fcomments&post=20945"}],"version-history":[{"count":18,"href":"https:\/\/brittas-kochbuch.info\/index.php?rest_route=\/wp\/v2\/posts\/20945\/revisions"}],"predecessor-version":[{"id":20971,"href":"https:\/\/brittas-kochbuch.info\/index.php?rest_route=\/wp\/v2\/posts\/20945\/revisions\/20971"}],"wp:attachment":[{"href":"https:\/\/brittas-kochbuch.info\/index.php?rest_route=%2Fwp%2Fv2%2Fmedia&parent=20945"}],"wp:term":[{"taxonomy":"category","embeddable":true,"href":"https:\/\/brittas-kochbuch.info\/index.php?rest_route=%2Fwp%2Fv2%2Fcategories&post=20945"},{"taxonomy":"post_tag","embeddable":true,"href":"https:\/\/brittas-kochbuch.info\/index.php?rest_route=%2Fwp%2Fv2%2Ftags&post=20945"}],"curies":[{"name":"wp","href":"https:\/\/api.w.org\/{rel}","templated":true}]}}