{"id":21297,"date":"2021-04-02T16:40:50","date_gmt":"2021-04-02T14:40:50","guid":{"rendered":"http:\/\/brittas-kochbuch.info\/?p=21297"},"modified":"2021-05-01T11:12:57","modified_gmt":"2021-05-01T09:12:57","slug":"die-kulinarische-weltreise-roesti-mit-kraeuterquark-schweiz","status":"publish","type":"post","link":"https:\/\/brittas-kochbuch.info\/?p=21297","title":{"rendered":"Die kulinarische Weltreise &#8211; R\u00f6sti mit Kr\u00e4uterquark (Schweiz)"},"content":{"rendered":"\n\n\n<a href=\"http:\/\/volkermampft.de\/die-besten-gerichte-aus-der-schweiz-rezepte-aus-der-schweizer-kueche\" title=\"Blogger Aktion &quot;Die kulinarische Weltreise&quot; von @volkermampft h\u00e4lt in der Schweiz - die besten Rezepte und Gerichte\"><img loading=\"lazy\" decoding=\"async\" src=\"http:\/\/volkermampft.de\/wp-content\/uploads\/2018\/02\/kulinarische_weltreise_500x200.png\" alt=\"Blogger Aktion &quot;Die kulinarische Weltreise&quot; von @volkermampft h\u00e4lt in der Schweiz - die besten Rezepte und Gerichte\" width=\"500\" height=\"200\"><\/a>\n\n\n\n<p class=\"has-drop-cap\">Die kulinarische Weltreise von und mit <a href=\"https:\/\/volkermampft.de\/\" target=\"_blank\" rel=\"noreferrer noopener\">Volker mampft<\/a> geht weiter und f\u00fchrt uns im April in die <a href=\"https:\/\/volkermampft.de\/die-besten-gerichte-aus-der-schweiz-rezepte-aus-der-schweizer-kueche\/\" target=\"_blank\" rel=\"noreferrer noopener\">Schweiz<\/a>. Die Schweiz grenzt im Norden an Deutschland, im Nordosten an Liechtenstein, im Osten an \u00d6sterreich, im S\u00fcden an Italien und im Weste an Frankreich. Entsprechend vielf\u00e4ltig sind nicht nur die offiziellen Sprachen (Deutsch, Franz\u00f6sisch, Italienisch und R\u00e4toromanisch), sondern auch die <a rel=\"noreferrer noopener\" href=\"https:\/\/de.wikipedia.org\/wiki\/Schweizer_K%C3%BCche\" target=\"_blank\">kulinarischen Einfl\u00fcsse<\/a>, die nat\u00fcrlich ebenfalls von den landschaftlichen Gegebenheiten abh\u00e4ngen. <\/p>\n\n\n\n<p>Ich selber war erst einmal kurz in der Schweiz. 1998 besuchten der G\u00f6Ga und ich eine Freundin, die in Basel arbeitete f\u00fcr ein Wochenende. Freitagabend waren wir in <a rel=\"noreferrer noopener\" href=\"https:\/\/de.wikipedia.org\/wiki\/Basel\" target=\"_blank\">Basel<\/a> unterwegs, samstags waren wir in <a rel=\"noreferrer noopener\" href=\"https:\/\/de.wikipedia.org\/wiki\/Luzern\" target=\"_blank\">Luzern <\/a>und sonntags in <a rel=\"noreferrer noopener\" href=\"https:\/\/de.wikipedia.org\/wiki\/Augusta_Raurica\" target=\"_blank\">Augusta Raurica<\/a>, einer r\u00f6mischen Ausgrabungsst\u00e4tte in der N\u00e4he von Basel. Leider habe ich keine Fotos mehr. Ich erinnere mich nur noch, dass ich von Luzern sehr begeistert war und Augusta Raurica super interessant fand.<\/p>\n\n\n\n<p>Als erstes bringe ich Euch ein Gericht mit, dass ich tats\u00e4chlich an dem Abend in Basel gegessen habe: eine original Schweizer R\u00f6sti (sprich: R\u00f6\u00f6\u00f6\u00f6schdi) mit. Das <a rel=\"noreferrer noopener\" href=\"https:\/\/poupoulab.blogspot.com\/2021\/02\/kulinarische-weltreise-kalten-tagen.html\" target=\"_blank\">Rezept<\/a> hatte Poupou von <a rel=\"noreferrer noopener\" href=\"https:\/\/poupoulab.blogspot.com\/\" target=\"_blank\">poupous geheimes laboratorium<\/a> im Rahmen des Themas <a rel=\"noreferrer noopener\" href=\"https:\/\/volkermampft.de\/soulfood-und-comfort-food-fuer-die-kalten-tage-die-besten-rezepte-und-gerichte-aus-der-ganzen-welt\/\" target=\"_blank\">Comfortfood international<\/a> gepostet, und ich hab&#8217;s mir gleich mal unter den Nagel gerissen.<\/p>\n\n\n\n<div class=\"wp-block-media-text alignwide is-stacked-on-mobile is-vertically-aligned-top\" style=\"grid-template-columns:44% auto\"><figure class=\"wp-block-media-text__media\"><img loading=\"lazy\" decoding=\"async\" width=\"555\" height=\"416\" src=\"https:\/\/brittas-kochbuch.info\/wp-content\/uploads\/2021\/04\/20210401_roesti01.jpg\" alt=\"\" class=\"wp-image-21344 size-full\" srcset=\"https:\/\/brittas-kochbuch.info\/wp-content\/uploads\/2021\/04\/20210401_roesti01.jpg 555w, https:\/\/brittas-kochbuch.info\/wp-content\/uploads\/2021\/04\/20210401_roesti01-300x225.jpg 300w\" sizes=\"(max-width: 555px) 100vw, 555px\" \/><\/figure><div class=\"wp-block-media-text__content\">\n<p>Bis zum Drehen der R\u00f6sti ist mir auch alles sehr gut gelungen, leider hat sie sich beim Zur\u00fcckgleiten vom Teller in die Pfanne etwas gewehrt, weshalb sie leicht oval, aber nat\u00fcrlich nicht minder schmackhaft geworden ist.<\/p>\n<\/div><\/div>\n\n\n\n<!--more-->\n\n\n\n<p>Ich habe noch einen kleinen Kr\u00e4uterquark gemacht und zusammen mit einem Blattsalat zur R\u00f6sti serviert.<\/p>\n\n\n\n<div class=\"wp-block-image\"><figure class=\"aligncenter size-large\"><a href=\"https:\/\/brittas-kochbuch.info\/wp-content\/uploads\/2021\/04\/20210401_roesti03.jpg\"><img loading=\"lazy\" decoding=\"async\" width=\"555\" height=\"416\" src=\"https:\/\/brittas-kochbuch.info\/wp-content\/uploads\/2021\/04\/20210401_roesti03.jpg\" alt=\"\" class=\"wp-image-21346\" srcset=\"https:\/\/brittas-kochbuch.info\/wp-content\/uploads\/2021\/04\/20210401_roesti03.jpg 555w, https:\/\/brittas-kochbuch.info\/wp-content\/uploads\/2021\/04\/20210401_roesti03-300x225.jpg 300w\" sizes=\"(max-width: 555px) 100vw, 555px\" \/><\/a><\/figure><\/div>\n\n\n\n<h3 class=\"wp-block-heading\">Zutaten f\u00fcr 2 Portionen:<\/h3>\n\n\n\n<h4 class=\"wp-block-heading\">F\u00fcr die R\u00f6sti:<\/h4>\n\n\n\n<ul class=\"wp-block-list\"><li>4 &#8211; 6 mittelgro\u00dfe festkochende Kartoffeln<\/li><li>2 TL Butterschmalz<\/li><li>1\/2 &#8211; 1 TL Salz<\/li><li>au\u00dferdem: eine gro\u00dfe oder zwei kleine Pfannen<\/li><\/ul>\n\n\n\n<h4 class=\"wp-block-heading\">Zubereitung:<\/h4>\n\n\n\n<p>Die Kartoffeln am Vortag in der Schale kochen, abgie\u00dfen und bei Zimmertemperatur abtrocknen und ausk\u00fchlen lassen.<\/p>\n\n\n\n<p>Am Folgetag die Kartoffeln sch\u00e4len, grob raspeln und dabei mit Salz mischen.<\/p>\n\n\n\n<p>In der\/den Pfannen\/n jeweil einen Teil Schmalz erhitzen, die Kartoffelraspeln einstreuen und an den R\u00e4ndern leicht andr\u00fccken. Etwa 8 &#8211; 10 Minuten bei hoher Mittelhitze braten, bis sich die Kartoffeln am Rand leicht goldbraun f\u00e4rben. Mit Hilfe eines Tellers wenden und weitere 8 &#8211; 10 Minuten braten. Normalerweise wird die R\u00f6sti direkt aus der Pfanne serviert, ich habe sie aber jeweils auf vorgew\u00e4rmte Teller gegeben und mit dem Kr\u00e4uterquark serviert.<\/p>\n\n\n\n<h4 class=\"wp-block-heading\">F\u00fcr den Kr\u00e4uterquark:<\/h4>\n\n\n\n<ul class=\"wp-block-list\"><li>4 EL Quark 20 % Fett<\/li><li>2 &#8211; 4 EL Sahne, alternativ Milch oder Sprudelwasser<\/li><li>4 &#8211; 6 EL gemischte gehackte Kr\u00e4uter nach Wahl<\/li><li>Salz<\/li><li>etwas Zwiebel- und Knoblauchpulver<\/li><li>ein paar Spritzer Zitronensaft<\/li><\/ul>\n\n\n\n<h4 class=\"wp-block-heading\">Zubereitung:<\/h4>\n\n\n\n<p>Alle Zutaten glatt r\u00fchren, gek\u00fchlt durchziehen lassen und zur R\u00f6sti servieren.<\/p>\n\n\n\n<div class=\"wp-block-image\"><figure class=\"aligncenter size-large\"><a href=\"https:\/\/brittas-kochbuch.info\/wp-content\/uploads\/2021\/04\/20210401_roesti02.jpg\"><img loading=\"lazy\" decoding=\"async\" width=\"416\" height=\"555\" src=\"https:\/\/brittas-kochbuch.info\/wp-content\/uploads\/2021\/04\/20210401_roesti02.jpg\" alt=\"\" class=\"wp-image-21345\" srcset=\"https:\/\/brittas-kochbuch.info\/wp-content\/uploads\/2021\/04\/20210401_roesti02.jpg 416w, https:\/\/brittas-kochbuch.info\/wp-content\/uploads\/2021\/04\/20210401_roesti02-225x300.jpg 225w\" sizes=\"(max-width: 416px) 100vw, 416px\" \/><\/a><figcaption>Schnell gemachte R\u00f6sti mit Kr\u00e4uterquark und Salat &#8211; an der runden Form wird noch ge\u00fcbt<\/figcaption><\/figure><\/div>\n\n\n\n<p>\u00dcbrigens: Wenn man mal Pellkartoffeln vom Vortag \u00fcbrig hat, ist so eine R\u00f6sti oder mehrere kleine schnell gemacht.<\/p>\n\n\n\n<hr class=\"wp-block-separator\"\/>\n\n\n\n<h5 class=\"wp-block-heading\">Und hier geht es zu den Rezepten der Mitreisenden:<\/h5>\n\n\n\n<ul class=\"wp-block-list\"><li>Cornelia von SilverTravellers mit <a rel=\"noreferrer noopener\" href=\"https:\/\/www.silvertravellers.de\/zuercher-geschnetzeltes\/\" target=\"_blank\">Z\u00fcrcher Geschnetzeltes \u2013 ohne Fix schnell auf den Tisch<\/a><\/li><li>Petra aka Cascabel von Chili und Ciabatta mit <a rel=\"noreferrer noopener\" href=\"https:\/\/chili-und-ciabatta.de\/2021\/04\/toesstaler-sunntigsbroote-mit-proetlete-haerdoepfel\/\" target=\"_blank\">T\u00f6sstaler Sunntigsbroote mit pr\u00f6tlete H\u00e4rd\u00f6pfel<\/a><\/li><li>Britta von Brittas Kochbuch mit <a rel=\"noreferrer noopener\" href=\"https:\/\/brittas-kochbuch.info\/?p=21297\" target=\"_blank\">Schweizer R\u00f6sti<\/a><\/li><li>Barbara von Barbaras Spielwiese mit <a rel=\"noreferrer noopener\" href=\"https:\/\/barbaras-spielwiese.blogspot.com\/2021\/04\/karotten-mandel-kastenkuchen-rublicake.html\" target=\"_blank\">R\u00fceblicake (Schweizer Karotten-Mandel-Kastenkuchen)<\/a><\/li><li>Wilma von Pane-Bistecca mit <a rel=\"noreferrer noopener\" href=\"https:\/\/pane-bistecca.com\/2021\/04\/04\/soledurner-wysuppe-wine-soup-from-solothurn-switzerland\/\" target=\"_blank\">Soledurner Wysuppe<\/a><\/li><li>Britta von Brittas Kochbuch mit <a rel=\"noreferrer noopener\" href=\"https:\/\/brittas-kochbuch.info\/?p=21300\" target=\"_blank\">Aargauer R\u00fceblitorte<\/a><\/li><li>Sonja von fluffig &amp; hart mit <a rel=\"noreferrer noopener\" href=\"https:\/\/fluffigundhart.de\/recipe\/aargauer-rueeblitorte\/\" target=\"_blank\">Aargauer R\u00fceblitorte<\/a><\/li><li>Dirk von low-n-slow mit <a rel=\"noreferrer noopener\" href=\"https:\/\/low-n-slow.de\/grill\/grillierte-forelle-mit-mandelbutter-kulinarische-weltreise\/\" target=\"_blank\">Grillierte Forelle mit Mandelbutter<\/a><\/li><li>Conny von food for the soul mit <a rel=\"noreferrer noopener\" href=\"https:\/\/foodforthesoul.de\/pane-ticinese-das-tessiner-brot\" target=\"_blank\">Pane Ticinese \u2013 das Tessiner Brot<\/a><\/li><li>Wilma von Pane-Bistecca mit <a rel=\"noreferrer noopener\" href=\"https:\/\/pane-bistecca.com\/2021\/04\/06\/salzige-zigerchrapfen-salty-puff-pastry-from-switzerland\/\" target=\"_blank\">Salzige Zigerchrapfen<\/a><\/li><li>Tina von K\u00fcchenmomente mit <a rel=\"noreferrer noopener\" href=\"https:\/\/www.kuechenmomente.de\/roggenbrot-walliser-art\/\" target=\"_blank\">Roggenbrot Walliser Art<\/a><\/li><li>Kathrina von K\u00fcchentraum &amp; Purzelbaum mit <a rel=\"noreferrer noopener\" href=\"https:\/\/brittas-kochbuch.info\/?p=21390\" target=\"_blank\">Schweizer Butterweggli<\/a><\/li><li>Petra aka Cascabel von Chili und Ciabatta mit <a rel=\"noreferrer noopener\" href=\"https:\/\/chili-und-ciabatta.de\/2021\/04\/st-galler-kaesekugeln\/\" target=\"_blank\">St. Galler K\u00e4sekugeln auf L\u00f6wenzahn-Rucola-Salat<\/a><\/li><li>Britta von Backmaedchen 1967 mit <a rel=\"noreferrer noopener\" href=\"https:\/\/backmaedchen1967.de\/schweizer-apfel-waehe-mit-joghurtguss\/\" target=\"_blank\">Schweizer Apfel-W\u00e4he mit Joghurtguss<\/a><\/li><li>Wilma von Pane-Bistecca mit <a rel=\"noreferrer noopener\" href=\"https:\/\/pane-bistecca.com\/2021\/04\/09\/gemuse-sulzli-typisch-schweizerisch-vegetable-aspic-typically-swiss\/\" target=\"_blank\">Gemuese Suelzli<\/a><\/li><li>poupou von poupous geheimes laboratorium mit <a rel=\"noreferrer noopener\" href=\"https:\/\/poupoulab.blogspot.com\/2021\/04\/die-kulinarische-weltreise-schweiz.html\" target=\"_blank\">Zuger Kirschtorte<\/a><\/li><li>Susanne von magentratzerl mit <a rel=\"noreferrer noopener\" href=\"https:\/\/magentratzerl.de\/2021\/04\/11\/ghackets-mit-baumnuessen-und-kartoffelstock\/\" target=\"_blank\">Ghackets mit Baumn\u00fcssen und Kartoffelstock<\/a><\/li><li>Tina von K\u00fcchenmomente mit <a rel=\"noreferrer noopener\" href=\"https:\/\/www.kuechenmomente.de\/rhabarber-quark-waehe\/\" target=\"_blank\">Rhabarber-Quark-W\u00e4he<\/a><\/li><li>Britta von Brittas Kochbuch mit <a rel=\"noreferrer noopener\" href=\"https:\/\/brittas-kochbuch.info\/?p=21390\" target=\"_blank\">\u00c4lplermagronen<\/a><\/li><li>Volker von Volkermampft mit <a rel=\"noreferrer noopener\" href=\"https:\/\/volkermampft.de\/buerli-leckere-fruehstuecksbroetchen-aus-der-schweiz\" target=\"_blank\">B\u00fcrli \u2013 leckere Fr\u00fchst\u00fccksbr\u00f6tchen aus der Schweiz<\/a><\/li><li>Petra aka Cascabel von Chili und Ciabatta mit <a rel=\"noreferrer noopener\" href=\"https:\/\/chili-und-ciabatta.de\/2021\/04\/la-torta-da-uedrion-tessiner-heidelbeertarte\/\" target=\"_blank\">la torta da \u00fcdrion \u2013 Tessiner Heidelbeertarte<\/a><\/li><li>Wilma von Pane-Bistecca mit <a rel=\"noreferrer noopener\" href=\"https:\/\/pane-bistecca.com\/2021\/04\/13\/chugeli-pastetli-traditional-swiss-vol-au-vent\/\" target=\"_blank\">Chuegeli Pastetli<\/a><\/li><li>Britta von Brittas Kochbuch mit <a rel=\"noreferrer noopener\" href=\"https:\/\/brittas-kochbuch.info\/?p=21418\" target=\"_blank\">Minestrone ticinese<\/a><\/li><li>Britta von Brittas Kochbuch mit <a rel=\"noreferrer noopener\" href=\"https:\/\/brittas-kochbuch.info\/?p=21446\" target=\"_blank\">Z\u00fcrcher Geschnetzeltes<\/a><\/li><li>Simone von zimtkringel mit <a rel=\"noreferrer noopener\" href=\"https:\/\/www.zimtkringel.org\/zibelechueche\/\" target=\"_blank\">Zibelechueche und Zibelem\u00e4rit<\/a><\/li><li>Edyta von mein-dolcevita mit <a rel=\"noreferrer noopener\" href=\"https:\/\/mein-dolcevita.de\/2021\/04\/13\/badener-chraebeli\/\" target=\"_blank\">Badener Chr\u00e4beli<\/a><\/li><li>Tom &amp; Kathi von Mehr Genuss mit <a rel=\"noreferrer noopener\" href=\"https:\/\/mehr-genuss.de\/rezept\/trinser-birnenravioli\/\" target=\"_blank\">Trinser Birnenravioli<\/a><\/li><li>Wilma von Pane-Bistecca mit <a rel=\"noreferrer noopener\" href=\"https:\/\/pane-bistecca.com\/2021\/04\/16\/st-galler-handburli-nachgebacken-traditional-bread-rolls-from-st-gallen-switzerland\/\" target=\"_blank\">St. Galler Handbuerli<\/a><\/li><li>Wilma von Pane-Bistecca mit <a rel=\"noreferrer noopener\" href=\"https:\/\/pane-bistecca.com\/2021\/04\/17\/birewegge-so-typisch-schweizerisch-pear-pastry-from-switzerland\/\" target=\"_blank\">Birewegge \u2013 so typisch Schweizerisch<\/a><\/li><li>Gabi von slowcooker.de mit <a rel=\"noreferrer noopener\" href=\"https:\/\/slowcooker.de\/2021\/kulinarische-weltreise-schweiz-warmer-rhabarberauflauf\/\" target=\"_blank\">Lauwarmer Quark-Rhabarberauflauf<\/a><\/li><li>Sonja von fluffig &amp; hart mit <a rel=\"noreferrer noopener\" href=\"https:\/\/fluffigundhart.de\/recipe\/churer-birnenpizokels\/\" target=\"_blank\">Churer Birnenpizokels<\/a><\/li><li>Britta von Brittas Kochbuch mit <a rel=\"noreferrer noopener\" href=\"https:\/\/brittas-kochbuch.info\/?p=21471\" target=\"_blank\">Solothurner Brot<\/a><\/li><li>Wilma von Pane-Bistecca mit <a rel=\"noreferrer noopener\" href=\"https:\/\/pane-bistecca.com\/2021\/04\/19\/schpack-und-bohne-bacon-and-green-beans-typical-swiss\/\" target=\"_blank\">Schpaeck und Bohne<\/a><\/li><li>Michael von SalzigS\u00fcssLecker mit <a rel=\"noreferrer noopener\" href=\"https:\/\/salzig-suess-lecker.de\/schweizer-nuss-kipferli\/ \u200e\" target=\"_blank\">Schweizer Nusskipferli<\/a><\/li><li>Susanne von magentratzerl mit <a rel=\"noreferrer noopener\" href=\"https:\/\/magentratzerl.de\/2021\/04\/20\/buendner-gerstensuppe\/\" target=\"_blank\">B\u00fcndner Gerstensuppe<\/a><\/li><li>Susi von Turbohausfrau mit <a rel=\"noreferrer noopener\" href=\"https:\/\/www.turbohausfrau.at\/2021\/04\/kulinarische-weltreise-waadtlander.html\" target=\"_blank\">Waadtl\u00e4nder Flammkuchen<\/a><\/li><li>Sylvia von Brotwein mit <a rel=\"noreferrer noopener\" href=\"https:\/\/brotwein.net\/kaesewaehe-rezept-fuer-schweizer-kaese-tarte-5322\" target=\"_blank\">K\u00e4sew\u00e4he \u2013 Rezept f\u00fcr Schweizer K\u00e4se Tarte<\/a><\/li><li>Wilma von Pane-Bistecca mit <a rel=\"noreferrer noopener\" href=\"https:\/\/pane-bistecca.com\/2021\/04\/22\/meitschibei-susse-madchenbeine-zum-dessert-meitschibei-sweet-girls-legs-for-dessert\/\" target=\"_blank\">Meitschibei<\/a><\/li><li>Anja von GoOnTravel mit <a rel=\"noreferrer noopener\" href=\"https:\/\/www.goontravel.de\/basler-brunsli\/\" target=\"_blank\">Basler Brunsli \u2013 Leckere Pl\u00e4tzchen aus der Schweiz<\/a><\/li><li>Gabi von slowcooker.de mit <a rel=\"noreferrer noopener\" href=\"https:\/\/slowcooker.de\/2021\/bergkaese-risotto-und-schmortomaten\/\" target=\"_blank\">Gruyere-Risotto mit Schmortomaten<\/a><\/li><li>Frederike von Fliederbaum mit <a rel=\"noreferrer noopener\" href=\"https:\/\/fliederbaum.blogspot.com\/2021\/04\/engadiner-nusstorte-fur-die.html\" target=\"_blank\">Engadiner Nusstorte (nach Evelin Wild)<\/a><\/li><\/ul>\n","protected":false},"excerpt":{"rendered":"<p>Die kulinarische Weltreise von und mit Volker mampft geht weiter und f\u00fchrt uns im April in die Schweiz. Die Schweiz grenzt im Norden an Deutschland, im Nordosten an Liechtenstein, im Osten an \u00d6sterreich, im S\u00fcden an Italien und im Weste an Frankreich. Entsprechend vielf\u00e4ltig sind nicht nur die offiziellen Sprachen (Deutsch, Franz\u00f6sisch, Italienisch und R\u00e4toromanisch), [&hellip;]<\/p>\n","protected":false},"author":1,"featured_media":0,"comment_status":"open","ping_status":"open","sticky":false,"template":"","format":"standard","meta":{"sfsi_plus_gutenberg_text_before_share":"","sfsi_plus_gutenberg_show_text_before_share":"","sfsi_plus_gutenberg_icon_type":"","sfsi_plus_gutenberg_icon_alignemt":"","sfsi_plus_gutenburg_max_per_row":"","_jetpack_memberships_contains_paid_content":false,"footnotes":""},"categories":[169,844,10,710,90,122,51,417,9],"tags":[2048,1305,998,191,946,362,25],"class_list":["post-21297","post","type-post","status-publish","format-standard","hentry","category-blog-events","category-kartoffelgericht","category-kochbucher","category-nachgekocht","category-obst-und-gemuse","category-resteverwertung","category-saucen-und-dips","category-schnelle-kueche","category-vegetarisches","tag-die-kulinarische-weltreise","tag-kraeuterquark","tag-pellkartoffel","tag-resteessen","tag-roesti","tag-schweiz","tag-vegetarisch"],"jetpack_featured_media_url":"","jetpack_sharing_enabled":true,"_links":{"self":[{"href":"https:\/\/brittas-kochbuch.info\/index.php?rest_route=\/wp\/v2\/posts\/21297"}],"collection":[{"href":"https:\/\/brittas-kochbuch.info\/index.php?rest_route=\/wp\/v2\/posts"}],"about":[{"href":"https:\/\/brittas-kochbuch.info\/index.php?rest_route=\/wp\/v2\/types\/post"}],"author":[{"embeddable":true,"href":"https:\/\/brittas-kochbuch.info\/index.php?rest_route=\/wp\/v2\/users\/1"}],"replies":[{"embeddable":true,"href":"https:\/\/brittas-kochbuch.info\/index.php?rest_route=%2Fwp%2Fv2%2Fcomments&post=21297"}],"version-history":[{"count":16,"href":"https:\/\/brittas-kochbuch.info\/index.php?rest_route=\/wp\/v2\/posts\/21297\/revisions"}],"predecessor-version":[{"id":21570,"href":"https:\/\/brittas-kochbuch.info\/index.php?rest_route=\/wp\/v2\/posts\/21297\/revisions\/21570"}],"wp:attachment":[{"href":"https:\/\/brittas-kochbuch.info\/index.php?rest_route=%2Fwp%2Fv2%2Fmedia&parent=21297"}],"wp:term":[{"taxonomy":"category","embeddable":true,"href":"https:\/\/brittas-kochbuch.info\/index.php?rest_route=%2Fwp%2Fv2%2Fcategories&post=21297"},{"taxonomy":"post_tag","embeddable":true,"href":"https:\/\/brittas-kochbuch.info\/index.php?rest_route=%2Fwp%2Fv2%2Ftags&post=21297"}],"curies":[{"name":"wp","href":"https:\/\/api.w.org\/{rel}","templated":true}]}}