{"id":22475,"date":"2021-09-21T09:12:39","date_gmt":"2021-09-21T07:12:39","guid":{"rendered":"http:\/\/brittas-kochbuch.info\/?p=22475"},"modified":"2021-09-21T09:13:49","modified_gmt":"2021-09-21T07:13:49","slug":"die-kulinarische-weltreise-ein-paar-gedanken-zu-japan","status":"publish","type":"post","link":"https:\/\/brittas-kochbuch.info\/?p=22475","title":{"rendered":"Die kulinarische Weltreise: Ein paar Gedanken zu Japan"},"content":{"rendered":"\n\n\n<a href=\"http:\/\/volkermampft.de\/die-besten-rezepte-aus-japan-tolle-gerichte-der-japanischen-kueche\" title=\"Blogger Aktion &quot;Die kulinarische Weltreise&quot; von @volkermampft h\u00e4lt in Japan - die besten Rezepte und Gerichte der japanischen K\u00fcche\"><img loading=\"lazy\" decoding=\"async\" src=\"http:\/\/volkermampft.de\/wp-content\/uploads\/2018\/02\/kulinarische_weltreise_500x200.png\" alt=\"Blogger Aktion &quot;Die kulinarische Weltreise&quot; von @volkermampft h\u00e4lt in Japan - die besten Rezepte und Gerichte der japanischen K\u00fcche\" width=\"500\" height=\"200\"><\/a>\n\n\n\n<p class=\"has-drop-cap\">Im September geht es mit der <a rel=\"noreferrer noopener\" href=\"https:\/\/volkermampft.de\/kategorien\/blog-events\/die-kulinarische-weltreise\/\" target=\"_blank\">kulinarischen Weltreise<\/a> von und mit <a rel=\"noreferrer noopener\" href=\"https:\/\/volkermampft.de\/\" target=\"_blank\">Volker mampft<\/a> wieder nach Asien, nach <a rel=\"noreferrer noopener\" href=\"https:\/\/volkermampft.de\/die-besten-rezepte-aus-japan-tolle-gerichte-der-japanischen-kueche\/\" target=\"_blank\">Japan<\/a>, um genau zu sein.<\/p>\n\n\n\n<p>Seit ich in den fr\u00fchern Achtzigern des letzten Jahrhundert das Buch <strong>Shog\u016bn<\/strong> von James Clavell gelesen und die gleichnamige Fernsehserie mit Richard Chamberlain gesehen habe, wollte ich mal nach Japan. Ich war fasziniert von allem, was in den beiden Medien gezeigt wurde.<\/p>\n\n\n\n<p>Als ich sp\u00e4ter beruflich mit Japanern zu tun hatte, habe ich meine Meinung etwas revidiert. Mir kam dieser &#8211; in meinen Augen &#8211; \u00fcbertrieben formelle Umgang miteinander etwas merkw\u00fcrdig vor.<\/p>\n\n\n\n<p>Au\u00dfer mit <a rel=\"noreferrer noopener\" href=\"https:\/\/de.wikipedia.org\/wiki\/Sushi\" target=\"_blank\">Sushi<\/a> (eine kleine \u00dcbersicht) habe ich bisher keine gro\u00dfe Erfahrung mit der janapnischen K\u00fcche gemacht. Ich hole es mir manchmal an einer Frischetheke im \u00f6rtlichen Edeka und mag es sehr.<\/p>\n\n\n\n<div class=\"wp-block-image is-style-rounded\"><figure class=\"aligncenter size-large\"><a href=\"https:\/\/brittas-kochbuch.info\/wp-content\/uploads\/2021\/09\/20210910_sushi.jpg\"><img loading=\"lazy\" decoding=\"async\" width=\"555\" height=\"416\" src=\"https:\/\/brittas-kochbuch.info\/wp-content\/uploads\/2021\/09\/20210910_sushi.jpg\" alt=\"\" class=\"wp-image-22480\" srcset=\"https:\/\/brittas-kochbuch.info\/wp-content\/uploads\/2021\/09\/20210910_sushi.jpg 555w, https:\/\/brittas-kochbuch.info\/wp-content\/uploads\/2021\/09\/20210910_sushi-300x225.jpg 300w\" sizes=\"(max-width: 555px) 100vw, 555px\" \/><\/a><figcaption>Oben: Wakamesalat; auf dem Teller: vegane California Rolls, darunter Gyoza mit veganer F\u00fcllung<\/figcaption><\/figure><\/div>\n\n\n\n<p>Als ich in die \u00dcbersicht der Reiseziele im Jahr 2021 sah, bestellte ich mir das Buch <\/p>\n\n\n\n<figure class=\"wp-block-gallery columns-3 is-cropped wp-block-gallery-1 is-layout-flex wp-block-gallery-is-layout-flex\"><ul class=\"blocks-gallery-grid\"><li class=\"blocks-gallery-item\"><figure><a href=\"https:\/\/brittas-kochbuch.info\/wp-content\/uploads\/2021\/09\/japanischekueche01.jpg\"><img loading=\"lazy\" decoding=\"async\" width=\"416\" height=\"555\" src=\"https:\/\/brittas-kochbuch.info\/wp-content\/uploads\/2021\/09\/japanischekueche01.jpg\" alt=\"\" data-id=\"22485\" data-full-url=\"https:\/\/brittas-kochbuch.info\/wp-content\/uploads\/2021\/09\/japanischekueche01.jpg\" data-link=\"https:\/\/brittas-kochbuch.info\/?attachment_id=22485\" class=\"wp-image-22485\" srcset=\"https:\/\/brittas-kochbuch.info\/wp-content\/uploads\/2021\/09\/japanischekueche01.jpg 416w, https:\/\/brittas-kochbuch.info\/wp-content\/uploads\/2021\/09\/japanischekueche01-225x300.jpg 225w\" sizes=\"(max-width: 416px) 100vw, 416px\" \/><\/a><\/figure><\/li><li class=\"blocks-gallery-item\"><figure><a href=\"https:\/\/brittas-kochbuch.info\/wp-content\/uploads\/2021\/09\/japanischekueche02.jpg\"><img loading=\"lazy\" decoding=\"async\" width=\"416\" height=\"555\" src=\"https:\/\/brittas-kochbuch.info\/wp-content\/uploads\/2021\/09\/japanischekueche02.jpg\" alt=\"\" data-id=\"22486\" data-full-url=\"https:\/\/brittas-kochbuch.info\/wp-content\/uploads\/2021\/09\/japanischekueche02.jpg\" data-link=\"https:\/\/brittas-kochbuch.info\/?attachment_id=22486\" class=\"wp-image-22486\" srcset=\"https:\/\/brittas-kochbuch.info\/wp-content\/uploads\/2021\/09\/japanischekueche02.jpg 416w, https:\/\/brittas-kochbuch.info\/wp-content\/uploads\/2021\/09\/japanischekueche02-225x300.jpg 225w\" sizes=\"(max-width: 416px) 100vw, 416px\" \/><\/a><\/figure><\/li><li class=\"blocks-gallery-item\"><figure><a href=\"https:\/\/brittas-kochbuch.info\/wp-content\/uploads\/2021\/09\/japanischekueche03.jpg\"><img loading=\"lazy\" decoding=\"async\" width=\"555\" height=\"416\" src=\"https:\/\/brittas-kochbuch.info\/wp-content\/uploads\/2021\/09\/japanischekueche03.jpg\" alt=\"\" data-id=\"22487\" data-full-url=\"https:\/\/brittas-kochbuch.info\/wp-content\/uploads\/2021\/09\/japanischekueche03.jpg\" data-link=\"https:\/\/brittas-kochbuch.info\/?attachment_id=22487\" class=\"wp-image-22487\" srcset=\"https:\/\/brittas-kochbuch.info\/wp-content\/uploads\/2021\/09\/japanischekueche03.jpg 555w, https:\/\/brittas-kochbuch.info\/wp-content\/uploads\/2021\/09\/japanischekueche03-300x225.jpg 300w\" sizes=\"(max-width: 555px) 100vw, 555px\" \/><\/a><\/figure><\/li><\/ul><\/figure>\n\n\n\n<p><a href=\"https:\/\/www.stevanpaul.de\/meine-gruene-japanische-kueche\/\" target=\"_blank\" rel=\"noreferrer noopener\">Meine gr\u00fcne japanische K\u00fcche<\/a> von <a href=\"https:\/\/www.stevanpaul.de\/\" target=\"_blank\" rel=\"noreferrer noopener\">Stevan Paul<\/a> und t\u00f6pferte mir sogar eine Schale und einen Teller im Japan-Style mit zartem Bambus:<\/p>\n\n\n\n<div class=\"wp-block-image is-style-rounded\"><figure class=\"aligncenter size-large\"><a href=\"https:\/\/brittas-kochbuch.info\/wp-content\/uploads\/2021\/09\/bambusschale-teller.jpg\"><img loading=\"lazy\" decoding=\"async\" width=\"555\" height=\"416\" src=\"https:\/\/brittas-kochbuch.info\/wp-content\/uploads\/2021\/09\/bambusschale-teller.jpg\" alt=\"\" class=\"wp-image-22484\" srcset=\"https:\/\/brittas-kochbuch.info\/wp-content\/uploads\/2021\/09\/bambusschale-teller.jpg 555w, https:\/\/brittas-kochbuch.info\/wp-content\/uploads\/2021\/09\/bambusschale-teller-300x225.jpg 300w\" sizes=\"(max-width: 555px) 100vw, 555px\" \/><\/a><\/figure><\/div>\n\n\n\n<p>Ich hatte mir so viel vorgenommen: <a rel=\"noreferrer noopener\" href=\"https:\/\/de.wikipedia.org\/wiki\/Ramen\" target=\"_blank\">Ramen<\/a>, <a href=\"https:\/\/de.wikipedia.org\/wiki\/Teppanyaki\" target=\"_blank\" rel=\"noreferrer noopener\">Teppanyaki<\/a> oder <a href=\"https:\/\/de.wikipedia.org\/wiki\/Tempura\" target=\"_blank\" rel=\"noreferrer noopener\">Tempura<\/a>. Selbst an Sushi wollte ich mich gerne probieren.<\/p>\n\n\n\n<p>Letzten Endes haben meine Kr\u00e4fte f\u00fcr ein Rezept (<a href=\"https:\/\/brittas-kochbuch.info\/?p=22501\">Champignon-Tofu-Spie\u00dfe mit Edamame-Pesto<\/a>) aus dem Buch gereicht.<\/p>\n\n\n\n<p>Es wurde leider eine massive Herzschw\u00e4che festgestellt, wodurch ich dauernd so m\u00fcde und ersch\u00f6pft bin. Ich hoffe, dass es mir nach der Behandlung besser gehen wird und ich dann wieder so viel kochen kann, wie ich immer gerne m\u00f6chte.<\/p>\n","protected":false},"excerpt":{"rendered":"<p>Im September geht es mit der kulinarischen Weltreise von und mit Volker mampft wieder nach Asien, nach Japan, um genau zu sein. Seit ich in den fr\u00fchern Achtzigern des letzten Jahrhundert das Buch Shog\u016bn von James Clavell gelesen und die gleichnamige Fernsehserie mit Richard Chamberlain gesehen habe, wollte ich mal nach Japan. Ich war fasziniert [&hellip;]<\/p>\n","protected":false},"author":1,"featured_media":0,"comment_status":"open","ping_status":"open","sticky":false,"template":"","format":"standard","meta":{"sfsi_plus_gutenberg_text_before_share":"","sfsi_plus_gutenberg_show_text_before_share":"","sfsi_plus_gutenberg_icon_type":"","sfsi_plus_gutenberg_icon_alignemt":"","sfsi_plus_gutenburg_max_per_row":"","_jetpack_memberships_contains_paid_content":false,"footnotes":""},"categories":[340,169],"tags":[172,2048,1501,3072],"class_list":["post-22475","post","type-post","status-publish","format-standard","hentry","category-asiatische-kueche","category-blog-events","tag-blog-event","tag-die-kulinarische-weltreise","tag-gedanken","tag-japan"],"jetpack_featured_media_url":"","jetpack_sharing_enabled":true,"_links":{"self":[{"href":"https:\/\/brittas-kochbuch.info\/index.php?rest_route=\/wp\/v2\/posts\/22475"}],"collection":[{"href":"https:\/\/brittas-kochbuch.info\/index.php?rest_route=\/wp\/v2\/posts"}],"about":[{"href":"https:\/\/brittas-kochbuch.info\/index.php?rest_route=\/wp\/v2\/types\/post"}],"author":[{"embeddable":true,"href":"https:\/\/brittas-kochbuch.info\/index.php?rest_route=\/wp\/v2\/users\/1"}],"replies":[{"embeddable":true,"href":"https:\/\/brittas-kochbuch.info\/index.php?rest_route=%2Fwp%2Fv2%2Fcomments&post=22475"}],"version-history":[{"count":18,"href":"https:\/\/brittas-kochbuch.info\/index.php?rest_route=\/wp\/v2\/posts\/22475\/revisions"}],"predecessor-version":[{"id":22528,"href":"https:\/\/brittas-kochbuch.info\/index.php?rest_route=\/wp\/v2\/posts\/22475\/revisions\/22528"}],"wp:attachment":[{"href":"https:\/\/brittas-kochbuch.info\/index.php?rest_route=%2Fwp%2Fv2%2Fmedia&parent=22475"}],"wp:term":[{"taxonomy":"category","embeddable":true,"href":"https:\/\/brittas-kochbuch.info\/index.php?rest_route=%2Fwp%2Fv2%2Fcategories&post=22475"},{"taxonomy":"post_tag","embeddable":true,"href":"https:\/\/brittas-kochbuch.info\/index.php?rest_route=%2Fwp%2Fv2%2Ftags&post=22475"}],"curies":[{"name":"wp","href":"https:\/\/api.w.org\/{rel}","templated":true}]}}