{"id":22846,"date":"2021-11-24T10:27:09","date_gmt":"2021-11-24T09:27:09","guid":{"rendered":"https:\/\/brittas-kochbuch.info\/?p=22846"},"modified":"2022-01-05T09:43:00","modified_gmt":"2022-01-05T08:43:00","slug":"koch-mein-rezept-wintersalat-mit-rosenkohl-von-muenchner-kuechenexperimente","status":"publish","type":"post","link":"https:\/\/brittas-kochbuch.info\/?p=22846","title":{"rendered":"Koch mein Rezept (Wintersalat mit Rosenkohl von M\u00fcnchner K\u00fcchenexperimente)"},"content":{"rendered":"\n\n\n<a href=\"https:\/\/volkermampft.de\/koch-mein-rezept-foodblogs-neu-entdeckt\/\" title=\"Blogger Aktion &quot;Koch mein Rezept - der gro\u00dfe Rezepttausch&quot; von @volkermampft\"><img loading=\"lazy\" decoding=\"async\" src=\"https:\/\/volkermampft.de\/wp-content\/uploads\/2020\/06\/banner-koch-mein-rezept-quer-600.png\" alt=\"Blogger Aktion &quot;Koch mein Rezept - der gro\u00dfe Rezepttausch&quot; von @volkermampft \" width=\"600\" height=\"275\"><\/a>\n\n\n\n<p class=\"has-drop-cap\">Im Juni 2020 rief Volker von <a href=\"https:\/\/volkermampft.de\/\" target=\"_blank\" rel=\"noreferrer noopener\">Volker mampft<\/a> das gro\u00dfe Blogwichteln ins Leben. Bei <a href=\"https:\/\/volkermampft.de\/koch-mein-rezept-foodblogs-neu-entdeckt\/\" target=\"_blank\" rel=\"noreferrer noopener\">Koch mein Rezept<\/a> wird dem eigenen Blog ein zweiter Blog zugelost, aus dem man sich ein Rezept zum Nachkochen aussuchen darf.<\/p>\n\n\n\n<p>Gleichzeitig bekommt ein dritter Blog den eigenen zugelost und darf sich daraus ein Rezept zum Nachkochen aussuchen.<\/p>\n\n\n\n<p>Die inzwischen neunte Runde f\u00fchrt mich zu Yvonne, genannt Wonnie von den <a rel=\"noreferrer noopener\" href=\"https:\/\/muenchnerkuechenexperimente.de\/\" target=\"_blank\">M\u00fcnchner K\u00fcchenexperimenten<\/a>, die genau vor einem Jahr aus meinem Blog einen <a rel=\"noreferrer noopener\" href=\"https:\/\/muenchnerkuechenexperimente.de\/2020\/11\/15\/koch-mein-rezept-3-selleriesalat-mit-granatapfel-und-feta\/?fbclid=IwAR0nvmZsGBe6b-rI5eBGWZ56Oh704y7z9grvH1ZMukmHZID6FVlctfLjIJs\" target=\"_blank\">Selleriesalat mit Granatapfel und Feta<\/a> zubereitet hat. <a href=\"https:\/\/brittas-kochbuch.info\/?p=5598\">Hier<\/a> geht es zu meinem &#8222;Original&#8220;.<\/p>\n\n\n\n<p><a rel=\"noreferrer noopener\" href=\"https:\/\/muenchnerkuechenexperimente.de\/uber-mich\/\" target=\"_blank\">Wonnie<\/a> ist Vegetarierin mit gelegentlichen Ausnahmen &#8211; genau wie ich. Angefangen hat es bei ihr mit vier vegetarischen Wochen &#8222;zur Probe&#8220; im Jahr 2011, aus denen inzwischen zehn Jahre geworden sind.<\/p>\n\n\n\n<p>Ihr Credo ist dabei: individuelle, einfache, alltagstaugliche Rezepte, die auch mal in die internationale K\u00fcche f\u00fchren.  Auch das ist eine Gemeinsamkeit. Deshalb ist die Auswahl an tollen Rezepten nat\u00fcrlich gro\u00df. <\/p>\n\n\n\n<p>Da ich auch immer gerne auf saisonales Gem\u00fcse zur\u00fcckgreife, habe ich mich f\u00fcr ihren wunderbaren <a rel=\"noreferrer noopener\" href=\"https:\/\/muenchnerkuechenexperimente.de\/2015\/01\/27\/wintersalat-warmer-rosenkohlsalat-mit-walnussen-parmesan-und-granatapfeldressing\/\" target=\"_blank\">Wintersalat &#8211; Warmer Rosenkohlsalat mit Waln\u00fcssen, (veganem) Parmesan und Granatapfeldressing<\/a> entschieden.<\/p>\n\n\n\n<p>Und dies war eine absolut gute Entscheidung!<\/p>\n\n\n\n<figure class=\"wp-block-image size-full is-style-default\"><a href=\"https:\/\/brittas-kochbuch.info\/wp-content\/uploads\/2021\/11\/20211121_rosenkohlsalat02.jpg\"><img loading=\"lazy\" decoding=\"async\" width=\"555\" height=\"416\" src=\"https:\/\/brittas-kochbuch.info\/wp-content\/uploads\/2021\/11\/20211121_rosenkohlsalat02.jpg\" alt=\"\" class=\"wp-image-22844\" srcset=\"https:\/\/brittas-kochbuch.info\/wp-content\/uploads\/2021\/11\/20211121_rosenkohlsalat02.jpg 555w, https:\/\/brittas-kochbuch.info\/wp-content\/uploads\/2021\/11\/20211121_rosenkohlsalat02-300x225.jpg 300w\" sizes=\"(max-width: 555px) 100vw, 555px\" \/><\/a><\/figure>\n\n\n\n<p>Aus meinem Blog darf sich Zorra von <a rel=\"noreferrer noopener\" href=\"https:\/\/www.kochtopf.me\/\" target=\"_blank\">1x umr\u00fchren bitte aka Kochtopf<\/a> ein Rezept aussuchen: Sie hat sich f\u00fcr meine <a href=\"https:\/\/brittas-kochbuch.info\/?p=22870\">Hasselbackkartoffeln<\/a> entschieden und hat ihre <a href=\"https:\/\/www.kochtopf.me\/faecherkartoffeln-airfryer-rezept\" target=\"_blank\" rel=\"noreferrer noopener\">F\u00e4cherkartoffeln im Airfryer<\/a> zubereitet.<\/p>\n\n\n\n<p><\/p>\n\n\n\n<!--more-->\n\n\n\n<h4 class=\"wp-block-heading\">Zutaten f\u00fcr 2 &#8211; 4 Portionen &#8211; je nachdem ob Hauptgericht oder Beilage bzw. Vorspeise:<\/h4>\n\n\n\n<ul class=\"wp-block-list\"><li>400 g Rosenkohl<\/li><li>3 d\u00fcnne Lauchzwiebeln<\/li><li>1 EL \u00d6l<\/li><li>2 Handvoll Waln\u00fcsse<\/li><li>2 Handvoll Parmesan (<em>ich: <a rel=\"noreferrer noopener\" href=\"https:\/\/bedda-world.com\/produkte\/bedda-zum-streuen\/\" target=\"_blank\">Granvegano von Bedda<\/a><\/em>)<\/li><li> 1\/2 Granatapfel + Kerne zur Deko<\/li><li>3 EL \u00d6l<\/li><li>1 EL Wei\u00dfweinessig<\/li><li>Salz, Pfeffer<\/li><li>1 EL Ahornsirup<\/li><\/ul>\n\n\n\n<h4 class=\"wp-block-heading\">Zubereitung:<\/h4>\n\n\n\n<div class=\"wp-block-media-text alignwide is-stacked-on-mobile is-vertically-aligned-top\" style=\"grid-template-columns:41% auto\"><figure class=\"wp-block-media-text__media\"><img loading=\"lazy\" decoding=\"async\" width=\"768\" height=\"1024\" src=\"https:\/\/brittas-kochbuch.info\/wp-content\/uploads\/2021\/11\/20211121_rosenkohlsalat01-768x1024.jpg\" alt=\"\" class=\"wp-image-22843 size-full\" srcset=\"https:\/\/brittas-kochbuch.info\/wp-content\/uploads\/2021\/11\/20211121_rosenkohlsalat01-768x1024.jpg 768w, https:\/\/brittas-kochbuch.info\/wp-content\/uploads\/2021\/11\/20211121_rosenkohlsalat01-225x300.jpg 225w, https:\/\/brittas-kochbuch.info\/wp-content\/uploads\/2021\/11\/20211121_rosenkohlsalat01-1152x1536.jpg 1152w, https:\/\/brittas-kochbuch.info\/wp-content\/uploads\/2021\/11\/20211121_rosenkohlsalat01-1536x2048.jpg 1536w, https:\/\/brittas-kochbuch.info\/wp-content\/uploads\/2021\/11\/20211121_rosenkohlsalat01-624x832.jpg 624w, https:\/\/brittas-kochbuch.info\/wp-content\/uploads\/2021\/11\/20211121_rosenkohlsalat01-scaled.jpg 1920w\" sizes=\"(max-width: 768px) 100vw, 768px\" \/><\/figure><div class=\"wp-block-media-text__content\">\n<p>Rosenkohl putzen und &#8211; wenn man die Geduld dazu hat &#8211; die einzelnen Bl\u00e4ttchen abl\u00f6sen. Diese Geduld hatte ich nicht, weshalb ich ihn einfach mit einem gro\u00dfen Messer durchgehackt habe.<\/p>\n\n\n\n<p>Die Lauchzwiebel in Ringe schneiden.<\/p>\n\n\n\n<p>Waln\u00fcsse in einer trockenen Pfanne r\u00f6sten, zur Seite stellen.<\/p>\n\n\n\n<p>\u00d6l in derselben Pfanne erhitzen, Rosenkohl und Lauchzwiebeln zun\u00e4chst anbraten und mit etwas Wasser bissfest garen.<\/p>\n\n\n\n<p><\/p>\n\n\n\n<p><\/p>\n<\/div><\/div>\n\n\n\n<p>F\u00fcr das Dressing die Granatapfelkerne ausl\u00f6sen, etwas mehr als die H\u00e4lfte mit \u00d6l und Essig mit dem Zauberstab zu einem cremigen Dressing p\u00fcrieren. Mit Salz, Pfeffer und Ahornsiupr abschmecken.<\/p>\n\n\n\n<p>Zum Servieren Rosenkohl-Lauchzwiebelmischung in eine Sch\u00fcssel geben und etwas abk\u00fchlen lassen. Das Dressing punktuell dar\u00fcber geben. Den Salat mit Granatapfelkernen, Waln\u00fcssen und dem (veganen) Parmesan ausgarnieren.<\/p>\n\n\n\n<p>Diesen Salat gab es als Beilage zu <a href=\"https:\/\/brittas-kochbuch.info\/?p=22870\">Hasselbackkartoffeln<\/a> und veganen <a href=\"https:\/\/brittas-kochbuch.info\/?p=19753\">Frikadellen<\/a> aus <a rel=\"noreferrer noopener\" href=\"https:\/\/www.ruegenwalder.de\/produkte\/veganes-muehlen-hack-250g\" target=\"_blank\">M\u00fchlenhack<\/a> mit <a rel=\"noreferrer noopener\" href=\"https:\/\/myey.info\/volley\/\" target=\"_blank\">veganem Volleiersatz<\/a> von <a rel=\"noreferrer noopener\" href=\"https:\/\/myey\" target=\"_blank\">MyEy<\/a>.<\/p>\n\n\n\n<hr class=\"wp-block-separator\"\/>\n\n\n\n<h4 class=\"wp-block-heading\">Hier stelle ich Euch die Tauschblogs der letzten acht Runden vor:<\/h4>\n\n\n\n<figure class=\"wp-block-table\"><table><tbody><tr><td><strong>Runde<\/strong><\/td><td><strong>Ich koche aus dem Blog\u2026<\/strong><\/td><td><strong>Rezept<\/strong> (meine Version)<\/td><td><strong>Aus meinem Blog kocht\u2026<\/strong><\/td><td><strong>Rezept<\/strong> (ihre\/seine Version)<\/td><\/tr><tr><td>1<\/td><td><a href=\"https:\/\/evchenkocht.de\/\" target=\"_blank\" rel=\"noreferrer noopener\">Evchen kocht<\/a><\/td><td><a href=\"https:\/\/brittas-kochbuch.info\/?p=18476\">Herzhafter Kaiserschmarren<\/a><\/td><td><a href=\"https:\/\/magentratzerl.de\/\" target=\"_blank\" rel=\"noreferrer noopener\">Magentratzerl<\/a><\/td><td><a href=\"https:\/\/magentratzerl.de\/2020\/07\/04\/tschanachi-aus-dem-slowcooker-nach-brittas-kochbuch\/\" target=\"_blank\" rel=\"noreferrer noopener\">Tschanachi<\/a><\/td><\/tr><tr><td>2<\/td><td><a href=\"https:\/\/kohlenpottgourmet.de\/\" target=\"_blank\" rel=\"noreferrer noopener\">Kohlenpottgourmet<\/a><\/td><td><a href=\"https:\/\/brittas-kochbuch.info\/?p=19048\">K\u00fcrbis-Hackb\u00e4llchen-Sp\u00e4tzle-Auflauf<\/a><\/td><td><a href=\"https:\/\/meinwunderbareschaos.de\/\" target=\"_blank\" rel=\"noreferrer noopener\">Mein wunderbares Chaos<\/a><\/td><td><a href=\"https:\/\/meinwunderbareschaos.de\/vegetarische-kibbeh-mit-karotten-und-kichererbsen\/\" target=\"_blank\" rel=\"noreferrer noopener\">Vegetarische Kibbeh mit Karotten und Kichererbsen<\/a><\/td><\/tr><tr><td>3<\/td><td><a href=\"https:\/\/caroskueche.de\/\" target=\"_blank\" rel=\"noreferrer noopener\">Caros K\u00fcche<\/a><\/td><td><a href=\"https:\/\/brittas-kochbuch.info\/?p=19810\">Kirsch-Streusel-Taler<\/a><\/td><td><a href=\"https:\/\/muenchnerkuechenexperimente.de\/\" target=\"_blank\" rel=\"noreferrer noopener\">M\u00fcnchner K\u00fcchenexperimente<\/a><\/td><td><a href=\"https:\/\/muenchnerkuechenexperimente.de\/2020\/11\/15\/koch-mein-rezept-3-selleriesalat-mit-granatapfel-und-feta\/\" target=\"_blank\" rel=\"noreferrer noopener\">Selleriesalat mit Granatapfel und Feta<\/a><\/td><\/tr><tr><td>4<\/td><td><a href=\"https:\/\/backmaedchen1967.de\/\" target=\"_blank\" rel=\"noreferrer noopener\">Backm\u00e4dchen 1967<\/a><\/td><td><a href=\"https:\/\/brittas-kochbuch.info\/?p=20652\">Versunkener Birnenkuchen<\/a><\/td><td><a href=\"https:\/\/heute-gibt.es\/\" target=\"_blank\" rel=\"noreferrer noopener\">Heute gibt es\u2026<\/a><\/td><td><a rel=\"noreferrer noopener\" href=\"https:\/\/heute-gibt.es\/rote-bete-risotto\/\" target=\"_blank\">Rote Bete-Risotto<\/a><\/td><\/tr><tr><td>5<\/td><td><a href=\"https:\/\/www.zypresseunterwegs.de\/\" target=\"_blank\" rel=\"noreferrer noopener\">Zypresse unterwegs<\/a><\/td><td><a href=\"https:\/\/brittas-kochbuch.info\/?p=20979\">Peanutbutter Cookies<\/a><\/td><td><a href=\"https:\/\/der.reisko.ch\/\" target=\"_blank\" rel=\"noreferrer noopener\">Der Reiskoch<\/a><\/td><td><a rel=\"noreferrer noopener\" href=\"https:\/\/der.reisko.ch\/rezepte\/garbanzos-con-acelgas\/\" target=\"_blank\">Kichererbsen mit Mangold<\/a><\/td><\/tr><tr><td>6<\/td><td><a href=\"https:\/\/noplainvanillakitchen.blogspot.com\/\" target=\"_blank\" rel=\"noreferrer noopener\">(no) plain Vanilla Kitchen<\/a><\/td><td><a href=\"https:\/\/brittas-kochbuch.info\/?p=21506\">Pasta alla Ligure<\/a><\/td><td><a href=\"https:\/\/evchenkocht.de\/\" target=\"_blank\" rel=\"noreferrer noopener\">Evchen kocht<\/a><\/td><td><a href=\"https:\/\/evchenkocht.de\/bienenstich-im-glas\/\" target=\"_blank\" rel=\"noreferrer noopener\">Bienenstich im Glas mit einem Hauch Erdbeeren<\/a><\/td><\/tr><tr><td>7<\/td><td><a href=\"https:\/\/labsalliebe.com\/\" target=\"_blank\" rel=\"noreferrer noopener\">Labsalliebe<\/a><\/td><td><a href=\"https:\/\/brittas-kochbuch.info\/?p=21963\" target=\"_blank\" rel=\"noreferrer noopener\">Ab Hendevaneh \u2013 Persische Wassermelonenlimonade<\/a><\/td><td><a href=\"https:\/\/zunehmend-wild.de\/\" target=\"_blank\" rel=\"noreferrer noopener\">Zunehmend wild<\/a><\/td><td><a href=\"https:\/\/zunehmend-wild.de\/rezepte\/kochmeinrezept-haehnchen-curry-mit-mango\/\" target=\"_blank\" rel=\"noreferrer noopener\">H\u00fchnchencurry mit Mango<\/a><\/td><\/tr><tr><td>8<\/td><td><a href=\"http:\/\/www.oberstrifftsahne.com\/\" target=\"_blank\" rel=\"noreferrer noopener\">Obers trifft Sahne<\/a><\/td><td><a href=\"https:\/\/brittas-kochbuch.info\/?p=22375\">Spaghettimuffins<\/a><\/td><td><a href=\"https:\/\/applethree.de\/\" target=\"_blank\" rel=\"noreferrer noopener\">Applethree<\/a><\/td><td><a href=\"https:\/\/applethree.de\/erdbeerkuchen-rezept-im-glas\/\" target=\"_blank\" rel=\"noreferrer noopener\">Erdbeerkuchen im Glas<\/a><\/td><\/tr><\/tbody><\/table><\/figure>\n\n\n\n<p>To be continued\u2026<\/p>\n","protected":false},"excerpt":{"rendered":"<p>Im Juni 2020 rief Volker von Volker mampft das gro\u00dfe Blogwichteln ins Leben. Bei Koch mein Rezept wird dem eigenen Blog ein zweiter Blog zugelost, aus dem man sich ein Rezept zum Nachkochen aussuchen darf. Gleichzeitig bekommt ein dritter Blog den eigenen zugelost und darf sich daraus ein Rezept zum Nachkochen aussuchen. Die inzwischen neunte [&hellip;]<\/p>\n","protected":false},"author":1,"featured_media":0,"comment_status":"open","ping_status":"open","sticky":false,"template":"","format":"standard","meta":{"sfsi_plus_gutenberg_text_before_share":"","sfsi_plus_gutenberg_show_text_before_share":"","sfsi_plus_gutenberg_icon_type":"","sfsi_plus_gutenberg_icon_alignemt":"","sfsi_plus_gutenburg_max_per_row":"","_jetpack_memberships_contains_paid_content":false,"footnotes":""},"categories":[169,10,520,9],"tags":[2922,1449,2698,557,3108,219,272,3109,126,3107],"class_list":["post-22846","post","type-post","status-publish","format-standard","hentry","category-blog-events","category-kochbucher","category-salate","category-vegetarisches","tag-deutschland","tag-granatapfel","tag-koch-mein-rezept","tag-lauchzwiebel","tag-muenchner-kuechenexperimente","tag-rosenkohl","tag-vegan","tag-veganer-parmesan","tag-walnuesse","tag-wintersalat-mit-rosenkohl"],"jetpack_featured_media_url":"","jetpack_sharing_enabled":true,"_links":{"self":[{"href":"https:\/\/brittas-kochbuch.info\/index.php?rest_route=\/wp\/v2\/posts\/22846"}],"collection":[{"href":"https:\/\/brittas-kochbuch.info\/index.php?rest_route=\/wp\/v2\/posts"}],"about":[{"href":"https:\/\/brittas-kochbuch.info\/index.php?rest_route=\/wp\/v2\/types\/post"}],"author":[{"embeddable":true,"href":"https:\/\/brittas-kochbuch.info\/index.php?rest_route=\/wp\/v2\/users\/1"}],"replies":[{"embeddable":true,"href":"https:\/\/brittas-kochbuch.info\/index.php?rest_route=%2Fwp%2Fv2%2Fcomments&post=22846"}],"version-history":[{"count":27,"href":"https:\/\/brittas-kochbuch.info\/index.php?rest_route=\/wp\/v2\/posts\/22846\/revisions"}],"predecessor-version":[{"id":23228,"href":"https:\/\/brittas-kochbuch.info\/index.php?rest_route=\/wp\/v2\/posts\/22846\/revisions\/23228"}],"wp:attachment":[{"href":"https:\/\/brittas-kochbuch.info\/index.php?rest_route=%2Fwp%2Fv2%2Fmedia&parent=22846"}],"wp:term":[{"taxonomy":"category","embeddable":true,"href":"https:\/\/brittas-kochbuch.info\/index.php?rest_route=%2Fwp%2Fv2%2Fcategories&post=22846"},{"taxonomy":"post_tag","embeddable":true,"href":"https:\/\/brittas-kochbuch.info\/index.php?rest_route=%2Fwp%2Fv2%2Ftags&post=22846"}],"curies":[{"name":"wp","href":"https:\/\/api.w.org\/{rel}","templated":true}]}}