{"id":24157,"date":"2022-04-19T14:40:51","date_gmt":"2022-04-19T12:40:51","guid":{"rendered":"https:\/\/brittas-kochbuch.info\/?p=24157"},"modified":"2022-04-19T14:40:54","modified_gmt":"2022-04-19T12:40:54","slug":"update-die-kulinarische-weltreise-in-rumaenien","status":"publish","type":"post","link":"https:\/\/brittas-kochbuch.info\/?p=24157","title":{"rendered":"Update: Die kulinarische Weltreise in Rum\u00e4nien"},"content":{"rendered":"\n\n\n<p class=\"has-drop-cap\">Wir sind zur\u00fcck aus Rum\u00e4nien und bei <a href=\"https:\/\/volkermampft.de\/\" target=\"_blank\" rel=\"noreferrer noopener\">Volker<\/a> k\u00f6nnt Ihr die <a href=\"https:\/\/volkermampft.de\/die-besten-rezepte-aus-rumaenien-tolle-gerichte-der-rumaenischen-kueche\/\" target=\"_blank\" rel=\"noreferrer noopener\">Zusammenfassung<\/a> aller Rezepte lesen oder Euch durch den &#8222;Schnelldurchlauf&#8220; unten klicken:<\/p>\n\n\n\n<ul class=\"wp-block-list\"><li>Edyta von mein-dolcevita mit <a rel=\"noreferrer noopener\" href=\"https:\/\/mein-dolcevita.de\/2022\/03\/09\/rumaenische-mucenici\/\" target=\"_blank\">Rum\u00e4nische Mucenici<\/a><\/li><li>Kathrina von K\u00fcchentraum &amp; Purzelbaum mit <a rel=\"noreferrer noopener\" href=\"https:\/\/www.kuechentraumundpurzelbaum.de\/rumaenischer-nussstrudel\/\" target=\"_blank\">Rum\u00e4nischer Nussstrudel<\/a><\/li><li>Anna fuer Wilma von Pane-Bistecca mit <a rel=\"noreferrer noopener\" href=\"https:\/\/pane-bistecca.com\/2022\/03\/04\/annas-salata-de-vinete-rumanischer-auberginen-salat-romanian-eggplant-salad\/\" target=\"_blank\">Anna\u2019s Salata de Vinete<\/a><\/li><li>Friederike von Fliederbaum mit <a rel=\"noreferrer noopener\" href=\"https:\/\/fliederbaum.blogspot.com\/2022\/03\/karpfen-auf-rumanische-art-fur-die.html\" target=\"_blank\">Karpfen auf rum\u00e4nische Art<\/a><\/li><li>Dirk von low-n-slow mit <a rel=\"noreferrer noopener\" href=\"https:\/\/low-n-slow.de\/herd\/mucenici-maertyrersuppe-aus-rumaenien\/\" target=\"_blank\">Mucenici \u2013 M\u00e4rtyrersuppe<\/a><\/li><li>Susanne von magentratzerl mit <a rel=\"noreferrer noopener\" href=\"https:\/\/magentratzerl.de\/2022\/03\/08\/ostropel-de-oltenia-huehnchen-in-knoblauch-tomatensauce-mit-polentaloesschen\/\" target=\"_blank\">Ostropel de Oltenia<\/a><\/li><li>Michael von SalzigS\u00fcssLecker mit <a rel=\"noreferrer noopener\" href=\"https:\/\/salzig-suess-lecker.de\/siebenbuerger-rahm-hanklich\/\" target=\"_blank\">Siebenb\u00fcrger Rahm-Hanklich<\/a><\/li><li>Carina von Coffee2Stay mit <a rel=\"noreferrer noopener\" href=\"https:\/\/coffee2stay.wordpress.com\/2022\/03\/13\/papanasi-frittierte-quarkkringel-aus-rumaenien\" target=\"_blank\">Papana\u015fi: Frittierte Quarkkringel aus Rum\u00e4nien<\/a><\/li><li>Petra aka Cascabel von Chili und Ciabatta mit <a rel=\"noreferrer noopener\" href=\"https:\/\/chili-und-ciabatta.de\/2022\/03\/brasovence-panierte-pfannkuchenroellchen-mit-pilzfuellung-gurkensalat\/\" target=\"_blank\">Bra\u015fovence \u2013 panierte Pfannkuchenr\u00f6llchen mit Pilzf\u00fcllung, Gurkensalat<\/a><\/li><li>Regina von bistroglobal mit <a rel=\"noreferrer noopener\" href=\"https:\/\/bistroglobal.de\/zacusca\/\" target=\"_blank\">Zacusc\u0103<\/a><\/li><li>Regina von bistroglobal mit <a rel=\"noreferrer noopener\" href=\"https:\/\/bistroglobal.de\/ostertarte-mit-zacusca\/\" target=\"_blank\">Ostertarte mit Zacusc\u0101<\/a><\/li><li>Petra aka Cascabel von Chili und Ciabatta mit <a rel=\"noreferrer noopener\" href=\"https:\/\/chili-und-ciabatta.de\/2022\/03\/zunge-in-tomatensauce-mit-oliven-limba-cu-masline-si-sos-de-rosii\/\" target=\"_blank\">Zunge in Tomatensauce mit Oliven \u2013 Limba cu masline si sos de rosii<\/a><\/li><li>Wilma von Pane-Bistecca mit <a rel=\"noreferrer noopener\" href=\"https:\/\/pane-bistecca.com\/2022\/03\/19\/tocanita-de-vita-rumanisches-rinder-gulasch-romanian-beef-stew\/\" target=\"_blank\">Tocanita de Vita \u2013 Rumaenisches Rinder Gulasch<\/a><\/li><li>Britta von Backmaedchen 1967 mit <a rel=\"noreferrer noopener\" href=\"https:\/\/backmaedchen1967.de\/savarina-rumaenischer-rumkuchen\/\" target=\"_blank\">Saravin\u0103-rum\u00e4nischer Rumkuchen<\/a><\/li><li>Sylvia von Brotwein mit <a rel=\"noreferrer noopener\" href=\"https:\/\/brotwein.net\/ciorba-saure-rumaenische-suppe-5841\" target=\"_blank\">Ciorb\u0103 \u2013 Saure rum\u00e4nische Suppe<\/a><\/li><li>Tina von K\u00fcchenmomente mit <a rel=\"noreferrer noopener\" href=\"https:\/\/www.kuechenmomente.de\/nussfladen-aus-rumaenien\/\" target=\"_blank\">Nussfladen aus Rum\u00e4nien<\/a><\/li><li>Tina von K\u00fcchenmomente mit <a rel=\"noreferrer noopener\" href=\"https:\/\/www.kuechenmomente.de\/pandispan-kastenkuchen-aus-rumaenien\/\" target=\"_blank\">Pandi\u0219pan \u2013 Kastenkuchen aus Rum\u00e4nien<\/a><\/li><li>Sylvia von Brotwein mit <a rel=\"noreferrer noopener\" href=\"https:\/\/brotwein.net\/mici-mititei-rumaenische-hackfleischroellchen-5844\" target=\"_blank\">Mici \/ Mititei \u2013 Rum\u00e4nische Hackfleischr\u00f6llchen<\/a><\/li><li>Carina von Coffee2Stay mit <a rel=\"noreferrer noopener\" href=\"https:\/\/coffee2stay.wordpress.com\/2022\/03\/27\/ciorba-de-perisoare-aus-rumaenien\/\" target=\"_blank\">Ciorb\u0103 de peri\u015foare: Rum\u00e4nische Suppe mit Fleischb\u00e4llchen<\/a><\/li><li>Volker von Volkermampft mit <a rel=\"noreferrer noopener\" href=\"https:\/\/volkermampft.de\/musaca-cu-cartofi-rumaenisches-kartoffel-moussaka\/\" target=\"_blank\">Musaca cu Cartofi \u2013 Rum\u00e4nisches Kartoffel-Moussaka<\/a><\/li><li>Sus von CorumBlog 2.0 mit <a rel=\"noreferrer noopener\" href=\"http:\/\/wassersch.eu\/corumblog\/2022\/03\/malai-dulce-suesser-maiskuchen-mit-orange\/\" target=\"_blank\">Pr\u0103jitur\u0103 M\u0103lai Dulce \u2013 S\u00fc\u00dfer Maiskuchen mit Orange<\/a><a rel=\"noreferrer noopener\" href=\"https:\/\/coffee2stay.wordpress.com\/2022\/03\/27\/ciorba-de-perisoare-aus-rumaenien\/\" target=\"_blank\">n<\/a><\/li><li>Poupou von Poupous geheimes Laboratorium mit <a rel=\"noreferrer noopener\" href=\"https:\/\/poupoulab.blogspot.com\/2022\/03\/kulinarische-weltreise-rumanien-poale.html\" target=\"_blank\">Poale n\u2019brau \u2013 Rum\u00e4nische Quarktaschen<\/a><\/li><li>Manuela von Vive la r\u00e9duction! mit <a rel=\"noreferrer noopener\" href=\"https:\/\/www.mrsflax.net\/dragostea-din-tei-graf-dracula\/\" target=\"_blank\">Salata de Sfecla cu Hrean \u2013 Rote-Bete-Meerrettich-Salat und Bulz \u2013 Polentab\u00e4llchen mit Joghurt und gebackenen Tomaten<\/a><\/li><\/ul>\n","protected":false},"excerpt":{"rendered":"<p>Wir sind zur\u00fcck aus Rum\u00e4nien und bei Volker k\u00f6nnt Ihr die Zusammenfassung aller Rezepte lesen oder Euch durch den &#8222;Schnelldurchlauf&#8220; unten klicken: Edyta von mein-dolcevita mit Rum\u00e4nische Mucenici Kathrina von K\u00fcchentraum &amp; Purzelbaum mit Rum\u00e4nischer Nussstrudel Anna fuer Wilma von Pane-Bistecca mit Anna\u2019s Salata de Vinete Friederike von Fliederbaum mit Karpfen auf rum\u00e4nische Art Dirk [&hellip;]<\/p>\n","protected":false},"author":1,"featured_media":0,"comment_status":"open","ping_status":"open","sticky":false,"template":"","format":"standard","meta":{"sfsi_plus_gutenberg_text_before_share":"","sfsi_plus_gutenberg_show_text_before_share":"","sfsi_plus_gutenberg_icon_type":"","sfsi_plus_gutenberg_icon_alignemt":"","sfsi_plus_gutenburg_max_per_row":"","_jetpack_memberships_contains_paid_content":false,"footnotes":""},"categories":[169],"tags":[2048,3194,385],"class_list":["post-24157","post","type-post","status-publish","format-standard","hentry","category-blog-events","tag-die-kulinarische-weltreise","tag-rumaenien","tag-update"],"jetpack_featured_media_url":"","jetpack_sharing_enabled":true,"_links":{"self":[{"href":"https:\/\/brittas-kochbuch.info\/index.php?rest_route=\/wp\/v2\/posts\/24157"}],"collection":[{"href":"https:\/\/brittas-kochbuch.info\/index.php?rest_route=\/wp\/v2\/posts"}],"about":[{"href":"https:\/\/brittas-kochbuch.info\/index.php?rest_route=\/wp\/v2\/types\/post"}],"author":[{"embeddable":true,"href":"https:\/\/brittas-kochbuch.info\/index.php?rest_route=\/wp\/v2\/users\/1"}],"replies":[{"embeddable":true,"href":"https:\/\/brittas-kochbuch.info\/index.php?rest_route=%2Fwp%2Fv2%2Fcomments&post=24157"}],"version-history":[{"count":3,"href":"https:\/\/brittas-kochbuch.info\/index.php?rest_route=\/wp\/v2\/posts\/24157\/revisions"}],"predecessor-version":[{"id":24160,"href":"https:\/\/brittas-kochbuch.info\/index.php?rest_route=\/wp\/v2\/posts\/24157\/revisions\/24160"}],"wp:attachment":[{"href":"https:\/\/brittas-kochbuch.info\/index.php?rest_route=%2Fwp%2Fv2%2Fmedia&parent=24157"}],"wp:term":[{"taxonomy":"category","embeddable":true,"href":"https:\/\/brittas-kochbuch.info\/index.php?rest_route=%2Fwp%2Fv2%2Fcategories&post=24157"},{"taxonomy":"post_tag","embeddable":true,"href":"https:\/\/brittas-kochbuch.info\/index.php?rest_route=%2Fwp%2Fv2%2Ftags&post=24157"}],"curies":[{"name":"wp","href":"https:\/\/api.w.org\/{rel}","templated":true}]}}