{"id":24576,"date":"2022-06-09T09:39:29","date_gmt":"2022-06-09T07:39:29","guid":{"rendered":"https:\/\/brittas-kochbuch.info\/?p=24576"},"modified":"2022-06-28T07:48:55","modified_gmt":"2022-06-28T05:48:55","slug":"die-kulinarische-weltreise-rueckkehr-nach-mexiko","status":"publish","type":"post","link":"https:\/\/brittas-kochbuch.info\/?p=24576","title":{"rendered":"Die kulinarische Weltreise: R\u00fcckkehr nach Mexiko"},"content":{"rendered":"\n\n\n<a href=\"http:\/\/volkermampft.de\/mexiko-kulinarisch-tolle-mexikanische-rezepte-und-leckere-gerichte\" title=\"Blogger Aktion &quot;Die kulinarische Weltreise&quot; von @volkermampft h\u00e4lt in Mexiko - die besten Rezepte und Gerichte\"><img loading=\"lazy\" decoding=\"async\" src=\"http:\/\/volkermampft.de\/wp-content\/uploads\/2018\/02\/kulinarische_weltreise_500x200.png\" alt=\"Blogger Aktion &quot;Die kulinarische Weltreise&quot; von @volkermampft h\u00e4lt in Mexiko - die besten Rezepte und Gerichte\" width=\"500\" height=\"200\"><\/a>\n\n\n\n<p class=\"has-drop-cap\">Im Juni 2022 gibt es bei der <a href=\"https:\/\/volkermampft.de\/die-kulinarische-weltreise-die-grosse-foodblogger-aktion\/\" target=\"_blank\" rel=\"noreferrer noopener\">kulinarischen Weltreise<\/a> von und mit <a href=\"https:\/\/volkermampft.de\/\" target=\"_blank\" rel=\"noreferrer noopener\">Volker mampft<\/a> ein Novum: Wir besuchen zum ersten Mal ein Land ein zweites Mal. Nach <a href=\"https:\/\/volkermampft.de\/arriba-ab-nach-mexiko-mit-19-mexikanische-rezepten-die-besten-gerichte-der-mexikanischen-kueche\/\" target=\"_blank\" rel=\"noreferrer noopener\">September 2018<\/a> geht es wieder nach <a href=\"https:\/\/volkermampft.de\/mexiko-kulinarisch-tolle-mexikanische-rezepte-und-leckere-gerichte\/\" target=\"_blank\" rel=\"noreferrer noopener\">Mexiko<\/a>.<\/p>\n\n\n\n<div class=\"wp-block-media-text alignwide is-stacked-on-mobile is-vertically-aligned-top\" style=\"grid-template-columns:40% auto\"><figure class=\"wp-block-media-text__media\"><img loading=\"lazy\" decoding=\"async\" width=\"1024\" height=\"768\" src=\"https:\/\/brittas-kochbuch.info\/wp-content\/uploads\/2018\/09\/20180902_chuletas-frijoles01-1024x768.jpg\" alt=\"\" class=\"wp-image-13272 size-full\" srcset=\"https:\/\/brittas-kochbuch.info\/wp-content\/uploads\/2018\/09\/20180902_chuletas-frijoles01-1024x768.jpg 1024w, https:\/\/brittas-kochbuch.info\/wp-content\/uploads\/2018\/09\/20180902_chuletas-frijoles01-300x225.jpg 300w, https:\/\/brittas-kochbuch.info\/wp-content\/uploads\/2018\/09\/20180902_chuletas-frijoles01-768x576.jpg 768w, https:\/\/brittas-kochbuch.info\/wp-content\/uploads\/2018\/09\/20180902_chuletas-frijoles01-624x468.jpg 624w\" sizes=\"(max-width: 1024px) 100vw, 1024px\" \/><\/figure><div class=\"wp-block-media-text__content\">\n<p>Damals war ich mit <a rel=\"noreferrer noopener\" href=\"https:\/\/brittas-kochbuch.info\/?p=13305\" target=\"_blank\">Chuletas de cerdo con frijoles<\/a>, also Schweinekoteletts mit Bohnen dabei, aber auch vorher habe ich f\u00fcr das <a href=\"https:\/\/www.kochtopf.me\/blog-event-cxli-mexikanische-kueche\" target=\"_blank\" rel=\"noreferrer noopener\">Blog-Event CXLI &#8211; Mexikanische K\u00fcche<\/a> gekocht:<\/p>\n<\/div><\/div>\n\n\n\n<div class=\"wp-block-media-text alignwide is-stacked-on-mobile is-vertically-aligned-top\" style=\"grid-template-columns:40% auto\"><figure class=\"wp-block-media-text__media\"><img loading=\"lazy\" decoding=\"async\" width=\"1024\" height=\"768\" src=\"https:\/\/brittas-kochbuch.info\/wp-content\/uploads\/2018\/04\/20180424_crema-elote-1024x768.jpg\" alt=\"\" class=\"wp-image-11605 size-full\" srcset=\"https:\/\/brittas-kochbuch.info\/wp-content\/uploads\/2018\/04\/20180424_crema-elote-1024x768.jpg 1024w, https:\/\/brittas-kochbuch.info\/wp-content\/uploads\/2018\/04\/20180424_crema-elote-300x225.jpg 300w, https:\/\/brittas-kochbuch.info\/wp-content\/uploads\/2018\/04\/20180424_crema-elote-768x576.jpg 768w, https:\/\/brittas-kochbuch.info\/wp-content\/uploads\/2018\/04\/20180424_crema-elote-624x468.jpg 624w\" sizes=\"(max-width: 1024px) 100vw, 1024px\" \/><\/figure><div class=\"wp-block-media-text__content\">\n<p>Die <a rel=\"noreferrer noopener\" href=\"https:\/\/brittas-kochbuch.info\/?p=11601\" target=\"_blank\">Crema de Elote<\/a> &#8211; Maiscr\u00e8mesuppe gibt es dieses Mal etwas abgewandelt als Vorspeise in einem kleinen mexikanischen Men\u00fc:<\/p>\n\n\n\n<p><a href=\"https:\/\/brittas-kochbuch.info\/?p=24622\">Crema de Elote con Palomitas de Ma\u00edz<\/a><\/p>\n<\/div><\/div>\n\n\n\n<div class=\"wp-block-media-text alignwide is-stacked-on-mobile is-vertically-aligned-top\" style=\"grid-template-columns:40% auto\"><figure class=\"wp-block-media-text__media\"><img loading=\"lazy\" decoding=\"async\" width=\"1024\" height=\"768\" src=\"https:\/\/brittas-kochbuch.info\/wp-content\/uploads\/2018\/05\/20180506_quesadilla05-1024x768.jpg\" alt=\"\" class=\"wp-image-11765 size-full\" srcset=\"https:\/\/brittas-kochbuch.info\/wp-content\/uploads\/2018\/05\/20180506_quesadilla05-1024x768.jpg 1024w, https:\/\/brittas-kochbuch.info\/wp-content\/uploads\/2018\/05\/20180506_quesadilla05-300x225.jpg 300w, https:\/\/brittas-kochbuch.info\/wp-content\/uploads\/2018\/05\/20180506_quesadilla05-768x576.jpg 768w, https:\/\/brittas-kochbuch.info\/wp-content\/uploads\/2018\/05\/20180506_quesadilla05-624x468.jpg 624w\" sizes=\"(max-width: 1024px) 100vw, 1024px\" \/><\/figure><div class=\"wp-block-media-text__content\">\n<p>Als zweiten Beitrag gab es damals gepimpte <a href=\"https:\/\/brittas-kochbuch.info\/?p=11760\" target=\"_blank\" rel=\"noreferrer noopener\">Quesadillas zum Ib\u00e9ricoschwein<\/a>.<\/p>\n<\/div><\/div>\n\n\n\n<p>Viele Gerichte, die bei uns mit &#8222;mexikanischer K\u00fcche&#8220; assoziiert sind, geh\u00f6ren tats\u00e4chlich eher der US-amerikanischen Tex-Mex, also texanisch-mexikanischen K\u00fcche an und sind in Mexiko weitestgehen unbekannt. Dazu geh\u00f6ren insbesondere <a href=\"https:\/\/de.wikipedia.org\/wiki\/Chili_con_Carne\" target=\"_blank\" rel=\"noreferrer noopener\">Chili con carne<\/a> oder <a href=\"https:\/\/de.wikipedia.org\/wiki\/Nachos\" target=\"_blank\" rel=\"noreferrer noopener\">Nachos<\/a><a href=\"https:\/\/de.wikipedia.org\/wiki\/Chili_con_Carne\" target=\"_blank\" rel=\"noreferrer noopener\">.<\/a><\/p>\n\n\n\n<p>Die K\u00fcche Mexikos ist von einer Synthese von pr\u00e4kolumbianischen und spanischen, aber auch von franz\u00f6sischen, arabischen und karibischen Traditionen gepr\u00e4gt.<\/p>\n\n\n\n<p>Mais, Bohnen, verschiedenste Chilisorten von mild bis h\u00f6llisch scharf, Fr\u00fcchte und Gem\u00fcsesorten spielen eine dominante Rolle. Es gibt verschiedene Regionalk\u00fcchen, die sich deutlich voneinader unterscheiden. W\u00e4hrend im Norden eher der Einfluss der spanischen K\u00fcche vorherrscht, ist im S\u00fcden eher die indigine K\u00fcche st\u00e4rker enthalten.<\/p>\n\n\n\n<p>Die mexikanische K\u00fcche ist als immaterielles Weltkulturerbe anerkannt.<\/p>\n\n\n\n<p>Neben der <a href=\"https:\/\/brittas-kochbuch.info\/?p=24622\">neu aufgelegten Maissuppe<\/a> gibt es von mir noch einen <a href=\"https:\/\/brittas-kochbuch.info\/?p=24538\">veganen (H\u00e4hnchen-)Spie\u00df<\/a>, der von einem <a href=\"https:\/\/brittas-kochbuch.info\/?p=24643\">leckeren Salat<\/a> begleitet wird.<\/p>\n\n\n\n<h4 class=\"wp-block-heading\">An dieser Stelle werden nach und nach die Beitr\u00e4ge der Mitreisenden erg\u00e4nzt:<\/h4>\n\n\n\n<ul class=\"wp-block-list\"><li>Sonja von fluffig &amp; hart mit <a rel=\"noreferrer noopener\" href=\"https:\/\/fluffigundhart.de\/recipe\/enchiladas-suizas\/\" target=\"_blank\">Enchilada Suizas<\/a> <\/li><li>Sonja von fluffig &amp; hart mit <a rel=\"noreferrer noopener\" href=\"https:\/\/fluffigundhart.de\/recipe\/red-enchilada-sauce\/\" target=\"_blank\">Red Enchilada Sauce<\/a> <\/li><li>Silke von Rezepte-Silkeswelt mit <a rel=\"noreferrer noopener\" href=\"https:\/\/rezepte-silkeswelt.de\/black-bean-umami-burger\/\" target=\"_blank\">Black Bean Burger<\/a> <\/li><li>Wilma von Pane-Bistecca mit <a rel=\"noreferrer noopener\" href=\"https:\/\/pane-bistecca.com\/2022\/06\/04\/margarita-wer-hat-ihn-erfunden-margarita-who-invented-it\/\" target=\"_blank\">Margarita! &#8211; Wer hat ihn erfunden?<\/a> <\/li><li>Wilma von Pane-Bistecca mit <a rel=\"noreferrer noopener\" href=\"https:\/\/pane-bistecca.com\/2022\/06\/08\/schwarze-bohnen-und-rindfleisch-tacos-black-bean-and-beef-tacos-mexican-food\/\" target=\"_blank\">Schwarze Bohnen und Rindfleisch Tacos<\/a> <\/li><li>Petra aka Cascabel von Chili und Ciabatta mit <a rel=\"noreferrer noopener\" href=\"https:\/\/chili-und-ciabatta.de\/2022\/06\/haehnchen-in-erdnuss-mole\/\" target=\"_blank\">H\u00e4hnchen in Erdnuss-Mole<\/a><\/li><li>Petra aka Cascabel von Chili und Ciabatta mit <a rel=\"noreferrer noopener\" href=\"https:\/\/chili-und-ciabatta.de\/2022\/06\/mexikanischer-gruener-reis\/\" target=\"_blank\">Mexikanischer gr\u00fcner Reis<\/a> <\/li><li>Wilma von Pane-Bistecca mit <a rel=\"noreferrer noopener\" href=\"https:\/\/pane-bistecca.com\/2022\/06\/10\/huhnerfleisch-tacos-mit-limetten-saure-sahne-sauce-chicken-taco-with-lime-sour-cream-sauce-mexican-food\/\" target=\"_blank\">Huehnerfleisch Tacos mit Limetten Saure Sahne Sauce<\/a><\/li><li>Simone von zimtkringel mit <a rel=\"noreferrer noopener\" href=\"https:\/\/www.zimtkringel.org\/mole\/\" target=\"_blank\">Mole de Quer\u00e9taro<\/a> <\/li><li>Regina von bistroglobal mit <a rel=\"noreferrer noopener\" href=\"https:\/\/bistroglobal.de\/garnelencocktail-auf-mexikanische-art-mit-selbstgebackenen-nachos\/\" target=\"_blank\">Garnelencocktail auf mexikanische Art<\/a> <\/li><li>Petra aka Cascabel von Chili und Ciabatta mit <a rel=\"noreferrer noopener\" href=\"https:\/\/chili-und-ciabatta.de\/2022\/06\/chorizo-casero-und-sopa-seca-de-fideos\/\" target=\"_blank\">Chorizo mexicano casero und Sopa seca de fideos<\/a> <\/li><li>Wilma von Pane-Bistecca mit <a rel=\"noreferrer noopener\" href=\"https:\/\/pane-bistecca.com\/2022\/06\/13\/chinesisch-angehauchte-huhnerbrust-tacos-chicken-tacos-with-chinese-flavour-mexican-chinese-fusion\/\" target=\"_blank\">Chinesisch angehauchte Huehnerbrust Tacos<\/a> <\/li><li>Petra aka Cascabel von Chili und Ciabatta mit <a rel=\"noreferrer noopener\" href=\"https:\/\/chili-und-ciabatta.de\/2022\/06\/frittierte-und-gefuellte-pambacitos-pambacitos-fritos-y-rellenos\/\" target=\"_blank\">Frittierte und gef\u00fcllte Pambacitos \u2013 Pambacitos fritos y rellenos<\/a> <\/li><li>Wilma von Pane-Bistecca mit <a rel=\"noreferrer noopener\" href=\"https:\/\/pane-bistecca.com\/2022\/06\/15\/rindfleisch-tacos-in-tomatensauce-beef-tacos-in-tomato-sauce-mexican-food\/\" target=\"_blank\">Rindfleisch Tacos in Tomatensauce<\/a> <\/li><li>Ute von wiesengenuss mit <a rel=\"noreferrer noopener\" href=\"https:\/\/kraeuterportraits.blogspot.com\/2015\/08\/tomatillo-salsa-mit-frischem-koriander.html\" target=\"_blank\">TOMATILLO SALSA mit frischem Koriander und Thunfisch<\/a> <\/li><li>Sonja von fluffig &amp; hart mit <a rel=\"noreferrer noopener\" href=\"https:\/\/fluffigundhart.de\/recipe\/churros\/\" target=\"_blank\">Churros aus dem Waffeleisen<\/a> <\/li><li>Ute von wiesengenuss mit <a rel=\"noreferrer noopener\" href=\"https:\/\/wiesengenusskueche.blogspot.com\/2022\/06\/salsa-verde-mit-rauchigen-pimientos.html\" target=\"_blank\">Salsa verde mit rauchichen Pimientos, gelben Tomaten und Koriander<\/a> <\/li><li>Dirk von low-n-slow mit <a rel=\"noreferrer noopener\" href=\"https:\/\/low-n-slow.de\/dutch-oven\/pan-de-maiz-aus-dem-dutch-oven\/\" target=\"_blank\">Pan de Maiz<\/a> <\/li><li>Jenny von Jenny is baking mit <a rel=\"noreferrer noopener\" href=\"https:\/\/brittas-kochbuch.info\/wp-admin\/post.php?post=24643&amp;action=edit\" target=\"_blank\">Baiserkuchen auf Mexikanisch: mostach\u00f3n de fresas<\/a> <\/li><li>Kathrina von K\u00fcchentraum &amp; Purzelbaum mit <a rel=\"noreferrer noopener\" href=\"https:\/\/www.kuechentraumundpurzelbaum.de\/mexikanische-conchas\/\" target=\"_blank\">Mexikanische Conchas<\/a><\/li><li>Sylvia von Brotwein mit <a rel=\"noreferrer noopener\" href=\"https:\/\/brotwein.net\/maissuppe-maiscremesuppe-rezept-einfach-schnell-5943\" target=\"_blank\">Maissuppe \/ Maiscremesuppe Rezept einfach &amp; schnell<\/a><\/li><li>Cornelia von SilverTravellers mit <a rel=\"noreferrer noopener\" href=\"https:\/\/www.silvertravellers.de\/quesadillas-mit-guacamole\/\" target=\"_blank\">Quesadillas mit Guacamole \u2013 eine wirklich einfache Variante<\/a><\/li><li>Sylvia von Brotwein mit <a rel=\"noreferrer noopener\" href=\"https:\/\/brotwein.net\/tomatensalsa-rezept-als-salsa-roja-pico-de-gallo-dip-5946\" target=\"_blank\">Tomatensalsa Rezept als Salsa Roja &amp; Pico de Gallo Dip<\/a><\/li><li>Philippe von el Gusto mit <a rel=\"noreferrer noopener\" href=\"https:\/\/www.el-gusto.net\/rezept\/conchas-mexicanas\/\" target=\"_blank\">Conchas Mexicanas<\/a><\/li><li>Britta von Backmaedchen 1967 mit <a rel=\"noreferrer noopener\" href=\"https:\/\/backmaedchen1967.de\/tres-leches-mexikanischer-milchkuchen\" target=\"_blank\">Tres Leches \u2013 mexikanischer Milchkuchen<\/a><\/li><li>Sonja von Cookie und Co mit <a rel=\"noreferrer noopener\" href=\"https:\/\/cookieundco.de\/tres-leches-kuchen\/\" target=\"_blank\">Tres-leches-kuchen: Rezept f\u00fcr mexikanischen \u201eMilchkuchen\u201c<\/a><\/li><\/ul>\n","protected":false},"excerpt":{"rendered":"<p>Im Juni 2022 gibt es bei der kulinarischen Weltreise von und mit Volker mampft ein Novum: Wir besuchen zum ersten Mal ein Land ein zweites Mal. Nach September 2018 geht es wieder nach Mexiko. Damals war ich mit Chuletas de cerdo con frijoles, also Schweinekoteletts mit Bohnen dabei, aber auch vorher habe ich f\u00fcr das [&hellip;]<\/p>\n","protected":false},"author":1,"featured_media":0,"comment_status":"open","ping_status":"open","sticky":false,"template":"","format":"standard","meta":{"sfsi_plus_gutenberg_text_before_share":"","sfsi_plus_gutenberg_show_text_before_share":"","sfsi_plus_gutenberg_icon_type":"","sfsi_plus_gutenberg_icon_alignemt":"","sfsi_plus_gutenburg_max_per_row":"","_jetpack_memberships_contains_paid_content":false,"footnotes":""},"categories":[169],"tags":[2048,2207],"class_list":["post-24576","post","type-post","status-publish","format-standard","hentry","category-blog-events","tag-die-kulinarische-weltreise","tag-mexiko"],"jetpack_featured_media_url":"","jetpack_sharing_enabled":true,"_links":{"self":[{"href":"https:\/\/brittas-kochbuch.info\/index.php?rest_route=\/wp\/v2\/posts\/24576"}],"collection":[{"href":"https:\/\/brittas-kochbuch.info\/index.php?rest_route=\/wp\/v2\/posts"}],"about":[{"href":"https:\/\/brittas-kochbuch.info\/index.php?rest_route=\/wp\/v2\/types\/post"}],"author":[{"embeddable":true,"href":"https:\/\/brittas-kochbuch.info\/index.php?rest_route=\/wp\/v2\/users\/1"}],"replies":[{"embeddable":true,"href":"https:\/\/brittas-kochbuch.info\/index.php?rest_route=%2Fwp%2Fv2%2Fcomments&post=24576"}],"version-history":[{"count":32,"href":"https:\/\/brittas-kochbuch.info\/index.php?rest_route=\/wp\/v2\/posts\/24576\/revisions"}],"predecessor-version":[{"id":24809,"href":"https:\/\/brittas-kochbuch.info\/index.php?rest_route=\/wp\/v2\/posts\/24576\/revisions\/24809"}],"wp:attachment":[{"href":"https:\/\/brittas-kochbuch.info\/index.php?rest_route=%2Fwp%2Fv2%2Fmedia&parent=24576"}],"wp:term":[{"taxonomy":"category","embeddable":true,"href":"https:\/\/brittas-kochbuch.info\/index.php?rest_route=%2Fwp%2Fv2%2Fcategories&post=24576"},{"taxonomy":"post_tag","embeddable":true,"href":"https:\/\/brittas-kochbuch.info\/index.php?rest_route=%2Fwp%2Fv2%2Ftags&post=24576"}],"curies":[{"name":"wp","href":"https:\/\/api.w.org\/{rel}","templated":true}]}}