{"id":25118,"date":"2022-08-20T12:42:29","date_gmt":"2022-08-20T10:42:29","guid":{"rendered":"https:\/\/brittas-kochbuch.info\/?p=25118"},"modified":"2022-08-30T10:54:39","modified_gmt":"2022-08-30T08:54:39","slug":"die-kulinarische-weltreise-gerichte-gegen-die-hitze-aus-aller-welt-radieschenblaetterpesto-italien-deutschland","status":"publish","type":"post","link":"https:\/\/brittas-kochbuch.info\/?p=25118","title":{"rendered":"Die kulinarische Weltreise: Gerichte gegen die Hitze aus aller Welt (Radieschenbl\u00e4tterpesto &#8211; Italien\/Deutschland)"},"content":{"rendered":"\n\n\n<a href=\"http:\/\/volkermampft.de\/gerichte-gegen-die-hitze-die-besten-rezepte-aus-der-ganzen-welt\" title=\"Blogger Aktion &quot;Die kulinarische Weltreise&quot; von @volkermampft sucht Gerichte gegen die Hitze - die besten Rezepte aus der ganzen Welt\"><img loading=\"lazy\" decoding=\"async\" src=\"http:\/\/volkermampft.de\/wp-content\/uploads\/2018\/02\/kulinarische_weltreise_500x200.png\" alt=\"Blogger Aktion &quot;Die kulinarische Weltreise&quot; von @volkermampft h\u00e4lt in sucht Gerichte gegen die Hitze - die besten Rezepte aus der ganzen Welt\" width=\"500\" height=\"200\"><\/a>\n\n\n\n<p class=\"has-drop-cap\">Eigentlich sollte es im August mit der von <a href=\"https:\/\/volkermampft.de\/\" target=\"_blank\" rel=\"noreferrer noopener\">Volker mampft<\/a> initiierten <a href=\"https:\/\/volkermampft.de\/die-kulinarische-weltreise-die-grosse-foodblogger-aktion\/\" target=\"_blank\" rel=\"noreferrer noopener\">Kulinarischen Weltreise<\/a> nach Gr\u00f6nland gehen. Nach zahlreichen Protesten, man f\u00e4nde keine passenden Rezepte ohne Robben- oder Walfleisch und \u00e4hnlichem, \u00e4nderte Volker dankenswerterweise <a href=\"https:\/\/volkermampft.de\/gerichte-gegen-die-hitze-die-besten-rezepte-aus-der-ganzen-welt\/\" target=\"_blank\" rel=\"noreferrer noopener\">das Thema in das oben genannte<\/a>.<\/p>\n\n\n\n<p>Gut so&#8230; es ist zur Zeit echt unertr\u00e4glich und eigentlich habe ich bei dem Wetter weder Lust zu kochen, noch zu essen. Kochen bzw. liefern lassen geht, aber sonst.<\/p>\n\n\n\n<p>Kennt Ihr auch diese Leute, die bei 40 Grad im Schatte ohne mit der Wimper zu zucken Eint\u00f6pfe mit Mettwurst, Braten mit Sauerkraut und \u00e4hnliches essen k\u00f6nnen?<\/p>\n\n\n\n<p>ICH kann das nicht. Ich bin die, die auch beim Eis zwischen Winter- und Sommersorten unterscheidet: Nuss, Schoko, Vanille gegen Zitrone, Mango oder s\u00e4uerliche Beeren.<\/p>\n\n\n\n<p>So \u00e4hnlich ist es auch beim Brotbelag: Im Sommer muss es leicht sein.<\/p>\n\n\n\n<p>Besonders gerne mag ich dann auch Pesto, das man vielf\u00e4ltig verwenden kann.<\/p>\n\n\n\n<p>Das &#8222;Ur-Pesto&#8220; ist das Pesto alla Genovese, das ich nat\u00fcrlich auch <a href=\"https:\/\/brittas-kochbuch.info\/?p=83\">schon im Blog<\/a> habe, sogar auch in einer <a href=\"https:\/\/brittas-kochbuch.info\/?p=21506\">veganen Version<\/a> (etwas scrollen).<\/p>\n\n\n\n<p>Heute zeige ich Euch, dass man vermeintlichen Abfall auch noch verarbeiten kann und bringe Euch ein Radieschenbl\u00e4tterpesto mit:<\/p>\n\n\n\n<div class=\"wp-block-image\"><figure class=\"aligncenter size-full\"><a href=\"https:\/\/brittas-kochbuch.info\/wp-content\/uploads\/2022\/08\/20220810_radieschenpesto01.jpg\"><img loading=\"lazy\" decoding=\"async\" width=\"555\" height=\"416\" src=\"https:\/\/brittas-kochbuch.info\/wp-content\/uploads\/2022\/08\/20220810_radieschenpesto01.jpg\" alt=\"\" class=\"wp-image-25133\" srcset=\"https:\/\/brittas-kochbuch.info\/wp-content\/uploads\/2022\/08\/20220810_radieschenpesto01.jpg 555w, https:\/\/brittas-kochbuch.info\/wp-content\/uploads\/2022\/08\/20220810_radieschenpesto01-300x225.jpg 300w\" sizes=\"(max-width: 555px) 100vw, 555px\" \/><\/a><\/figure><\/div>\n\n\n\n<p>Das Rezept ist aus Italien, die Zutat eher bei uns in Mitteleuropa bekannt, weshalb ich oben als Herkunft Italien und Deutschland angegeben habe.<\/p>\n\n\n\n<p>Schneidet das frische Gr\u00fcn von einem Bund Radieschen ab, sortiert gelbe Bl\u00e4tter aus und wascht die Bl\u00e4tter gr\u00fcndlich.<\/p>\n\n\n\n<p>Gebt sie mit einem kleinen St\u00fcck Knoblauchzehe, geriebenen Mandeln (ein Rest von einem anderen Rezept) und Parmesan sowie Oliven\u00f6l extra vergine in ein hohes Mixgef\u00e4\u00df und mixt alles mit dem Zauberstab gr\u00fcndlich durch. Nach Wunsch salzen und pfeffern.<\/p>\n\n\n\n<p>Au\u00dfer zu Pasta schmeckt das Radieschenbl\u00e4tterpesto auch super auf kr\u00e4ftigem Brot, belegt mit Radieschen.<\/p>\n\n\n\n<div class=\"wp-block-image\"><figure class=\"aligncenter size-full\"><a href=\"https:\/\/brittas-kochbuch.info\/wp-content\/uploads\/2022\/08\/20220810_radieschenpesto02.jpg\"><img loading=\"lazy\" decoding=\"async\" width=\"555\" height=\"416\" src=\"https:\/\/brittas-kochbuch.info\/wp-content\/uploads\/2022\/08\/20220810_radieschenpesto02.jpg\" alt=\"\" class=\"wp-image-25134\" srcset=\"https:\/\/brittas-kochbuch.info\/wp-content\/uploads\/2022\/08\/20220810_radieschenpesto02.jpg 555w, https:\/\/brittas-kochbuch.info\/wp-content\/uploads\/2022\/08\/20220810_radieschenpesto02-300x225.jpg 300w\" sizes=\"(max-width: 555px) 100vw, 555px\" \/><\/a><\/figure><\/div>\n\n\n\n<!--more-->\n\n\n\n<p>Sehr lecker finde ich das Pesto auch als Dressing f\u00fcr Salat. Ich habe \u00fcbriggebliebene Pellkartoffeln vom Vortag sowie frische Radieschen in Scheiben geschnitten. Das Pesto habe ich dann mit etwas Wasser (man kann auch noch mehr Oliven\u00f6l nehmen, aber das w\u00e4re mir zu fettig) verd\u00fcnnt und mit Kartoffeln und Radieschen gemischt.<\/p>\n\n\n\n<figure class=\"wp-block-gallery columns-2 is-cropped wp-block-gallery-1 is-layout-flex wp-block-gallery-is-layout-flex\"><ul class=\"blocks-gallery-grid\"><li class=\"blocks-gallery-item\"><figure><a href=\"https:\/\/brittas-kochbuch.info\/wp-content\/uploads\/2022\/08\/20220810_radieschenpesto03.jpg\"><img loading=\"lazy\" decoding=\"async\" width=\"555\" height=\"416\" src=\"https:\/\/brittas-kochbuch.info\/wp-content\/uploads\/2022\/08\/20220810_radieschenpesto03.jpg\" alt=\"\" data-id=\"25135\" data-full-url=\"https:\/\/brittas-kochbuch.info\/wp-content\/uploads\/2022\/08\/20220810_radieschenpesto03.jpg\" data-link=\"https:\/\/brittas-kochbuch.info\/?attachment_id=25135\" class=\"wp-image-25135\" srcset=\"https:\/\/brittas-kochbuch.info\/wp-content\/uploads\/2022\/08\/20220810_radieschenpesto03.jpg 555w, https:\/\/brittas-kochbuch.info\/wp-content\/uploads\/2022\/08\/20220810_radieschenpesto03-300x225.jpg 300w\" sizes=\"(max-width: 555px) 100vw, 555px\" \/><\/a><\/figure><\/li><li class=\"blocks-gallery-item\"><figure><a href=\"https:\/\/brittas-kochbuch.info\/wp-content\/uploads\/2022\/08\/20220810_radieschenpesto04.jpg\"><img loading=\"lazy\" decoding=\"async\" width=\"555\" height=\"416\" src=\"https:\/\/brittas-kochbuch.info\/wp-content\/uploads\/2022\/08\/20220810_radieschenpesto04.jpg\" alt=\"\" data-id=\"25136\" data-full-url=\"https:\/\/brittas-kochbuch.info\/wp-content\/uploads\/2022\/08\/20220810_radieschenpesto04.jpg\" data-link=\"https:\/\/brittas-kochbuch.info\/?attachment_id=25136\" class=\"wp-image-25136\" srcset=\"https:\/\/brittas-kochbuch.info\/wp-content\/uploads\/2022\/08\/20220810_radieschenpesto04.jpg 555w, https:\/\/brittas-kochbuch.info\/wp-content\/uploads\/2022\/08\/20220810_radieschenpesto04-300x225.jpg 300w\" sizes=\"(max-width: 555px) 100vw, 555px\" \/><\/a><\/figure><\/li><\/ul><\/figure>\n\n\n\n<h5 class=\"wp-block-heading\">Und was kochen und essen die Mitreisenden bei und gegen Hitze?<\/h5>\n\n\n\n<ul class=\"wp-block-list\"><li>Wilma von Pane-Bistecca mit <a rel=\"noreferrer noopener\" href=\"https:\/\/pane-bistecca.com\/2022\/08\/11\/carne-tonnata-besser-bekannt-als-vitello-tonnato-italian-starter-for-hot-summer-days\/\" target=\"_blank\">Carne Tonnata besser bekannt als Vitello Tonnato<\/a> <\/li><li>Regina von bistroglobal mit <a rel=\"noreferrer noopener\" href=\"https:\/\/bistroglobal.de\/kochen-im-freien-gerichte-gegen-die-hitze-zum-abkuehlen-ein-groenlaendisches-fischgericht\/\" target=\"_blank\">Gr\u00f6nl\u00e4ndisches Fischgericht<\/a> <\/li><li>Sonja von Cookie und Co mit <a rel=\"noreferrer noopener\" href=\"https:\/\/cookieundco.de\/italienischer-brotsalat\/\" target=\"_blank\">Italienischer Brotsalat \u2013 Panzanella einfach &amp; schnell<\/a> <\/li><li>Sylvia von Brotwein mit <a rel=\"noreferrer noopener\" href=\"https:\/\/brotwein.net\/okroschka-rezept-fuer-kalte-russische-suppe-6054\" target=\"_blank\">Okroschka &#8211; Rezept f\u00fcr kalte russische Suppe<\/a> <\/li><li>Ute von wiesengenuss mit <a rel=\"noreferrer noopener\" href=\"https:\/\/wiesengenuss.blogspot.com\/2018\/08\/chili-zwischen-schmerz-und-euphorie.html\" target=\"_blank\">Chili, Hitze und ein Chicken Chettinad<\/a> <\/li><li>Wilma von Pane-Bistecca mit <a rel=\"noreferrer noopener\" href=\"https:\/\/pane-bistecca.com\/2022\/08\/16\/bbq-sauce-mit-gerosteten-erdbeeren-bbq-sauce-with-roasted-strawberries\/\" target=\"_blank\">BBQ Sauce mit geroesteten Erdbeeren<\/a> <\/li><li>Kathrina von K\u00fcchentraum &amp; Purzelbaum mit <a rel=\"noreferrer noopener\" href=\"https:\/\/www.kuechentraumundpurzelbaum.de\/salmorejo-andaluz\/\" target=\"_blank\">Salmorejo andaluz<\/a> <\/li><li>Wilma von Pane-Bistecca mit <a rel=\"noreferrer noopener\" href=\"https:\/\/pane-bistecca.com\/2022\/08\/18\/pollo-alla-diavola-grilled-chicken-the-italian-way\/\" target=\"_blank\">Pollo alla Diavola<\/a> <\/li><li>Carina von Coffee2Stay mit <a rel=\"noreferrer noopener\" href=\"https:\/\/coffee2stay.wordpress.com\/2022\/08\/21\/erfrischung-auf-amerikanisch-der-arnold-palmer\" target=\"_blank\">Erfrischung auf Amerikanisch: Der Arnold Palmer<\/a> <\/li><li>Francesco von volkermampft mit <a rel=\"noreferrer noopener\" href=\"https:\/\/volkermampft.de\/cicchetti-i-mesi-ovi-aperitivo-mit-ei-und-anchovis\" target=\"_blank\">Cicchetti &#8211; I mesi ovi &#8211; Aperitivo mit Ei und Anchovis<\/a> <\/li><li>Britta von Backmaedchen 1967 mit <a rel=\"noreferrer noopener\" href=\"https:\/\/backmaedchen1967.de\/no-bake-tiramisu-torte-italienisches-dessert-mal-anders\/\" target=\"_blank\">No bake-Tiramisu-Torte\/italienisches Dessert mal anders<\/a> <\/li><li>Sonja von fluffig &amp; hart mit <a rel=\"noreferrer noopener\" href=\"https:\/\/fluffigundhart.de\/recipe\/frozen-yogurt\/\" target=\"_blank\">Frozen Yogurt<\/a> <\/li><li>Michael von SalzigS\u00fcssLecker mit <a rel=\"noreferrer noopener\" href=\"https:\/\/salzig-suess-lecker.de\/groenlaender-kaffemik\/ \u200e\" target=\"_blank\">Gr\u00f6nl\u00e4nder Kaffeemik in der hei\u00dfen Sommerzeit<\/a> <\/li><li>Sylvia von Brotwein mit <a rel=\"noreferrer noopener\" href=\"https:\/\/brotwein.net\/gazpacho-andaluz-rezept-fuer-original-spanische-suppe-6065\" target=\"_blank\">Gazpacho Andaluz &#8211; Rezept f\u00fcr original spanische Suppe<\/a> <\/li><li>Petra aka Cascabel von Chili und Ciabatta mit <a rel=\"noreferrer noopener\" href=\"https:\/\/chili-und-ciabatta.de\/2022\/08\/lietuviski-saltibarsciai-litauische-kalte-rote-bete-suppe\/\" target=\"_blank\">Lietuvi\u0161ki \u0161altibar\u0161\u010diai \u2013 litauische kalte Rote-Bete-Suppe<\/a> <\/li><li>Petra aka Cascabel von Chili und Ciabatta mit <a rel=\"noreferrer noopener\" href=\"https:\/\/chili-und-ciabatta.de\/2022\/08\/groenland-garnelentartar-mit-avocado-kraeutern-und-wachteleiern\/\" target=\"_blank\">Gr\u00f6nland-Garnelentartar mit Avocado, Kr\u00e4utern und Wachteleiern<\/a> <\/li><li>Volker von Volkermampft mit <a rel=\"noreferrer noopener\" href=\"https:\/\/volkermampft.de\/kalte-erbsen-joghurt-minz-suppe-gegen-die-sommerliche-hitze\" target=\"_blank\">Kalte Erbsen-Joghurt-Minz Suppe &#8211; gegen die sommerliche Hitze<\/a> <\/li><li>Sylvia von Brotwein mit <a rel=\"noreferrer noopener\" href=\"https:\/\/brotwein.net\/rote-gruetze-rezept-omas-klassiker-selber-machen-6074\" target=\"_blank\">Rote Gr\u00fctze Rezept &#8211; Omas Klassiker selber machen<\/a> <\/li><li>Nadja von Little Kitchen and more mit <a rel=\"noreferrer noopener\" href=\"https:\/\/www.little-kitchen-and-more.com\/2022\/08\/28\/schweizer-wurst-kaese-salat\/\" target=\"_blank\">Schweizer Wurst K\u00e4se Salat<\/a> <\/li><li>Simone von zimtkringel mit <a rel=\"noreferrer noopener\" href=\"https:\/\/www.zimtkringel.org\/2022\/08\/28\/persischer-gurken-apfelsalat-mit-joghurt\/\" target=\"_blank\">persischer Gurken-Apfelsalat<\/a><\/li><\/ul>\n","protected":false},"excerpt":{"rendered":"<p>Eigentlich sollte es im August mit der von Volker mampft initiierten Kulinarischen Weltreise nach Gr\u00f6nland gehen. Nach zahlreichen Protesten, man f\u00e4nde keine passenden Rezepte ohne Robben- oder Walfleisch und \u00e4hnlichem, \u00e4nderte Volker dankenswerterweise das Thema in das oben genannte. Gut so&#8230; es ist zur Zeit echt unertr\u00e4glich und eigentlich habe ich bei dem Wetter weder [&hellip;]<\/p>\n","protected":false},"author":1,"featured_media":0,"comment_status":"open","ping_status":"open","sticky":false,"template":"","format":"standard","meta":{"sfsi_plus_gutenberg_text_before_share":"","sfsi_plus_gutenberg_show_text_before_share":"","sfsi_plus_gutenberg_icon_type":"","sfsi_plus_gutenberg_icon_alignemt":"","sfsi_plus_gutenburg_max_per_row":"","_jetpack_memberships_contains_paid_content":false,"footnotes":""},"categories":[169,3,47,90,51,417,9],"tags":[371,2048,3321,3322,1152,25],"class_list":["post-25118","post","type-post","status-publish","format-standard","hentry","category-blog-events","category-brotaufstriche-suse-und-herzhaft","category-mein-rezept","category-obst-und-gemuse","category-saucen-und-dips","category-schnelle-kueche","category-vegetarisches","tag-brotaufstrich","tag-die-kulinarische-weltreise","tag-gerichte-gegen-die-hitze","tag-radieschenblaetterpesto","tag-salatdressing","tag-vegetarisch"],"jetpack_featured_media_url":"","jetpack_sharing_enabled":true,"_links":{"self":[{"href":"https:\/\/brittas-kochbuch.info\/index.php?rest_route=\/wp\/v2\/posts\/25118"}],"collection":[{"href":"https:\/\/brittas-kochbuch.info\/index.php?rest_route=\/wp\/v2\/posts"}],"about":[{"href":"https:\/\/brittas-kochbuch.info\/index.php?rest_route=\/wp\/v2\/types\/post"}],"author":[{"embeddable":true,"href":"https:\/\/brittas-kochbuch.info\/index.php?rest_route=\/wp\/v2\/users\/1"}],"replies":[{"embeddable":true,"href":"https:\/\/brittas-kochbuch.info\/index.php?rest_route=%2Fwp%2Fv2%2Fcomments&post=25118"}],"version-history":[{"count":17,"href":"https:\/\/brittas-kochbuch.info\/index.php?rest_route=\/wp\/v2\/posts\/25118\/revisions"}],"predecessor-version":[{"id":25193,"href":"https:\/\/brittas-kochbuch.info\/index.php?rest_route=\/wp\/v2\/posts\/25118\/revisions\/25193"}],"wp:attachment":[{"href":"https:\/\/brittas-kochbuch.info\/index.php?rest_route=%2Fwp%2Fv2%2Fmedia&parent=25118"}],"wp:term":[{"taxonomy":"category","embeddable":true,"href":"https:\/\/brittas-kochbuch.info\/index.php?rest_route=%2Fwp%2Fv2%2Fcategories&post=25118"},{"taxonomy":"post_tag","embeddable":true,"href":"https:\/\/brittas-kochbuch.info\/index.php?rest_route=%2Fwp%2Fv2%2Ftags&post=25118"}],"curies":[{"name":"wp","href":"https:\/\/api.w.org\/{rel}","templated":true}]}}