{"id":25194,"date":"2022-09-10T17:24:51","date_gmt":"2022-09-10T15:24:51","guid":{"rendered":"https:\/\/brittas-kochbuch.info\/?p=25194"},"modified":"2022-09-26T08:50:30","modified_gmt":"2022-09-26T06:50:30","slug":"die-kulinarische-weltreise-piccata-alla-milanese-italien","status":"publish","type":"post","link":"https:\/\/brittas-kochbuch.info\/?p=25194","title":{"rendered":"Die kulinarische Weltreise: Piccata alla Milanese (Italien)"},"content":{"rendered":"\n\n\n<a href=\"http:\/\/volkermampft.de\/klassiker-der-italienischen-kueche-und-unbekannte-rezepte-aus-italien\" title=\"Blogger Aktion &quot;Die kulinarische Weltreise&quot; von @volkermampft h\u00e4lt in Italien - die besten Rezepte und Gerichte\"><img loading=\"lazy\" decoding=\"async\" src=\"http:\/\/volkermampft.de\/wp-content\/uploads\/2018\/02\/kulinarische_weltreise_500x200.png\" alt=\"Blogger Aktion &quot;Die kulinarische Weltreise&quot; von @volkermampft h\u00e4lt in Italien - die besten Rezepte und Gerichte\" width=\"500\" height=\"200\"><\/a>\n\n\n\n<p>Im M\u00e4rz 2018 fing alles an: Volker von <a href=\"https:\/\/volkermampft.de\/\" target=\"_blank\" rel=\"noreferrer noopener\">Volker mampft<\/a> kam auf die Idee, interessierte Foodblogger:innen auf <a href=\"https:\/\/volkermampft.de\/die-kulinarische-weltreise-die-grosse-foodblogger-aktion\/\" target=\"_blank\" rel=\"noreferrer noopener\">eine kulinarische Weltreise<\/a> einzuladen. Inzwischen sind wir \u00fcber vier Jahre unterwegs und haben viele neue L\u00e4nder und Kochstile kennengelernt, sind aber auch noch einmal tiefer in vielleicht bekannte Kochwelten eingetaucht.<\/p>\n\n\n\n<p>Ich habe tats\u00e4chlich noch kein einziges Reiseziel oder Sonderthema verpasst, auch wenn die Teilnahme oft wegen meiner Gesundheit nicht einfach war oder auch das Recherchieren nach Rezepten gerade aus &#8222;exotischeren&#8220; L\u00e4ndern und die Beschaffung der nicht minder &#8222;exotischen&#8220; Zutaten ihr \u00fcbriges taten.<\/p>\n\n\n\n<p>Im September 2022 geht es ein weiteres Mal nach <a href=\"https:\/\/volkermampft.de\/klassiker-der-italienischen-kueche-und-unbekannte-rezepte-aus-italien\/\" target=\"_blank\" rel=\"noreferrer noopener\">Italien<\/a>. <\/p>\n\n\n\n<p>Hier geht es noch einmal zur <a href=\"https:\/\/volkermampft.de\/die-kulinarische-weltreise-wir-reisen-nach-italien-monat-1\/\" target=\"_blank\" rel=\"noreferrer noopener\">Zusammenfassung der 21 Rezepte<\/a> aus dem M\u00e4rz 2018. Damals gab es bei uns <a href=\"https:\/\/brittas-kochbuch.info\/?p=10938\">Penne rigate mit Borlottibohnen und Pancetta<\/a>, ein Rezept von Signora Brunetti, der Frau des ber\u00fchmten Commissario aus Venedig und <a href=\"https:\/\/brittas-kochbuch.info\/?p=11082\">Spaghetti Carbonara<\/a>.<\/p>\n\n\n\n<p>Inzwischen sind unz\u00e4hlige Rezepte f\u00fcr Pasta, Risotti, Pizza, aber auch Brote etc. im Blog dazu gekommen, so dass es immer schwieriger wird, noch neue Rezepte zu finden, die auch in deutschen K\u00fcchen nachkochbar sind.<\/p>\n\n\n\n<p>Heute gibt es ein bekanntes Fleischgericht, n\u00e4mlich die Piccata alla Milanese. D\u00fcnn geklopfte Kalbsschnitzel werden in einer H\u00fclle aus Parmesan und Semmelbr\u00f6sel gebraten.<\/p>\n\n\n\n<div class=\"wp-block-image\"><figure class=\"aligncenter size-full\"><a href=\"https:\/\/brittas-kochbuch.info\/wp-content\/uploads\/2022\/09\/20220904_piccata01.jpg\"><img loading=\"lazy\" decoding=\"async\" width=\"416\" height=\"555\" src=\"https:\/\/brittas-kochbuch.info\/wp-content\/uploads\/2022\/09\/20220904_piccata01.jpg\" alt=\"\" class=\"wp-image-25266\" srcset=\"https:\/\/brittas-kochbuch.info\/wp-content\/uploads\/2022\/09\/20220904_piccata01.jpg 416w, https:\/\/brittas-kochbuch.info\/wp-content\/uploads\/2022\/09\/20220904_piccata01-225x300.jpg 225w\" sizes=\"(max-width: 416px) 100vw, 416px\" \/><\/a><\/figure><\/div>\n\n\n\n<p><\/p>\n\n\n\n<!--more-->\n\n\n\n<h4 class=\"wp-block-heading\">Zutaten f\u00fcr 2 Portionen:<\/h4>\n\n\n\n<ul class=\"wp-block-list\"><li>1 kleine Schalotte<\/li><li>1 kleine Knoblauchzehe<\/li><li>Oliven\u00f6l zum Braten<\/li><li>1 geh\u00e4ufter TL Tomatenmark&nbsp;<\/li><li>500 g Tomaten; au\u00dferhalb der Saison: 1 Dose st\u00fcckige Tomaten<\/li><li>etwas Balsamicoessig<\/li><li>Salz, Pfeffer<\/li><li>Zucker<\/li><li>2 Kalbsschnitzel \u00e0 150 g<\/li><li>75 g Parmesan am St\u00fcck<\/li><li>3 EL Semmelbr\u00f6sel<\/li><li>1 &#8211; 2 Eier, je nach Gr\u00f6\u00dfe<\/li><li>2 EL Mehl<\/li><li>reichlich Butterschmalz oder \u00d6l, z. B. Raps\u00f6l zum Braten<\/li><li>Basilikumbl\u00e4ttchen zur Deko<\/li><li>1 gro\u00dfer Gefrierbeutel zum Klopfen der Schnitzel<\/li><li>Pasta nach Wunsch (Ich hatte noch Tagliatelle im Vorrat, die mal weg musste.)<\/li><\/ul>\n\n\n\n<h4 class=\"wp-block-heading\">Zubereitung:<\/h4>\n\n\n\n<p><span style=\"text-decoration: underline;\">F\u00fcr die Tomatenso\u00dfe<\/span> zun\u00e4chst die Tomaten sch\u00e4len. Dazu diese entweder am Stielansatz kreuzweise einritzen, kurz in siedendes Wasser halten, kalt abschrecken und die Haut abziehen. Ich habe daf\u00fcr diesen <a href=\"https:\/\/brittas-kochbuch.info\/?p=47\">genialen Sparsch\u00e4ler von WMF<\/a>, den ich immer gerne empfehle, weil er Tomaten, aber auch Nektarinen oder Pfirsiche ratzfatz sch\u00e4lt.<\/p>\n\n\n\n<p>Tomaten anschlie\u00dfend grob w\u00fcrfeln.<\/p>\n\n\n\n<p>Zwiebel und Knoblauch sch\u00e4len, zusammen fein durchhacken.<\/p>\n\n\n\n<p>1 TL Oliven\u00f6l zum Braten in einer weite Pfanne mit hohem Rand erhitzen. Zwiebel und Knoblauch darin and\u00fcnsten. Tomatenmark einr\u00fchren, kurz anschwitzen. <\/p>\n\n\n\n<p>Mit Tomatenw\u00fcrfeln und Essig abl\u00f6schen, aufkochen und zugedeckt ca. 5 Minuten k\u00f6cheln lassen. Mit Salz, Pfeffer und Zucker abschmecken. <\/p>\n\n\n\n<p><span style=\"text-decoration: underline;\">In der Zwischenzeit die Schnitzel<\/span> trocken tupfen, in je zwei bis drei St\u00fccke schneiden und im Gefrierbeutel mit Hilfe eine Fleischklopfers oder eines schweren Topfes d\u00fcnner klopfen.<\/p>\n\n\n\n<p>Parmesan fein Reiben und mit Semmelbr\u00f6seln mischen, in eine flache Sch\u00fcssel geben. Das Ei in einer zweiten flache Sch\u00fcssel verquirlen und mit Salz und Pfeffer w\u00fcrzen. Mehl in eine weitere Sch\u00fcssel geben.<\/p>\n\n\n\n<p>Zum Panieren portionsweise Butterschmalz oder \u00d6l (Raps\u00f6l) in einer Pfanne erhitzen, die Schnitzelchen zun\u00e4chst ganz leicht mit Mehl best\u00e4uben, dann durch Ei, anschlie\u00dfend durch die Parmesan-Semmelbr\u00f6selmischung ziehen und im hei\u00dfen Fett ausbacken. Fertige Schnitzel auf K\u00fcchenpapier abtropfen lassen. Eventuell im Backofen oder der G\u00e4rbox warm stellen.<\/p>\n\n\n\n<p>In der Zwischenzeit die Pasta al dente kochen, auf Tellern anrichten, die Tomatensauce dar\u00fcber geben und die Parmesanschnitzel daneben legen. Nach Wunsch mit Basilikum dekorieren.<\/p>\n\n\n\n<div class=\"wp-block-image\"><figure class=\"aligncenter size-full\"><a href=\"https:\/\/brittas-kochbuch.info\/wp-content\/uploads\/2022\/09\/20220904_piccata02.jpg\"><img loading=\"lazy\" decoding=\"async\" width=\"555\" height=\"416\" src=\"https:\/\/brittas-kochbuch.info\/wp-content\/uploads\/2022\/09\/20220904_piccata02.jpg\" alt=\"\" class=\"wp-image-25267\" srcset=\"https:\/\/brittas-kochbuch.info\/wp-content\/uploads\/2022\/09\/20220904_piccata02.jpg 555w, https:\/\/brittas-kochbuch.info\/wp-content\/uploads\/2022\/09\/20220904_piccata02-300x225.jpg 300w\" sizes=\"(max-width: 555px) 100vw, 555px\" \/><\/a><\/figure><\/div>\n\n\n\n<h4 class=\"wp-block-heading\">Im Laufe des Monats sammle und erg\u00e4nze ich hier die Rezepte der Mitreisenden:<\/h4>\n\n\n\n<ul class=\"wp-block-list\"><li>Wilma von Pane-Bistecca mit <a rel=\"noreferrer noopener\" href=\"https:\/\/pane-bistecca.com\/2022\/09\/08\/ravioli-del-plin-con-ricotta-e-spinaci-ravioli-del-plin-with-ricotta-and-spinach\/\" target=\"_blank\">Ravioli del Plin con Ricotta e Spinaci<\/a> <\/li><li>Petra aka Cascabel von Chili und Ciabatta mit <a rel=\"noreferrer noopener\" href=\"https:\/\/chili-und-ciabatta.de\/2022\/09\/lingua-di-vitello-con-salsa-verde-kalbszunge-mit-gruener-sauce\/\" target=\"_blank\">Lingua di Vitello con Salsa Verde \u2013 Kalbszunge mit gr\u00fcner Sauce<\/a> <\/li><li>Wilma von Pane-Bistecca mit <a rel=\"noreferrer noopener\" href=\"https:\/\/pane-bistecca.com\/2022\/09\/09\/baci-di-dama-alla-nocciola-cookie-kisses-from-italy\/\" target=\"_blank\">Baci di Dama alla Nocciola<\/a> <\/li><li>Sylvia von Brotwein mit <a rel=\"noreferrer noopener\" href=\"https:\/\/brotwein.net\/spaghetti-alla-puttanesca-rezept-6105\" target=\"_blank\">Spaghetti alla Puttanesca Rezept<\/a> <\/li><li>Susanne von magentratzerl mit <a rel=\"noreferrer noopener\" href=\"https:\/\/magentratzerl.de\/2022\/09\/10\/teigtasche-des-monatssalsicce-capellacci-auf-linsen-salsicca-gemuese\/\" target=\"_blank\">Salsicce Capellacci auf Linsen-Salsicca-Gem\u00fcse<\/a><\/li><li>Kathrina von K\u00fcchentraum &amp; Purzelbaum mit <a rel=\"noreferrer noopener\" href=\"https:\/\/www.kuechentraumundpurzelbaum.de\/dreierlei-bruschetta\/\" target=\"_blank\">Dreierlei Bruschetta<\/a> <\/li><li>Wilma von Pane-Bistecca mit <a rel=\"noreferrer noopener\" href=\"https:\/\/pane-bistecca.com\/2022\/09\/13\/pasta-ncasciata-sizilien-im-teller-sicilian-pasta-dish\/\" target=\"_blank\">Pasta &#8218;Ncasciata<\/a> <\/li><li>Ute von Wiesengenuss mit <a rel=\"noreferrer noopener\" href=\"https:\/\/wiesengenuss.wordpress.com\/2022\/09\/14\/carbonara-cucina-povera\/\" target=\"_blank\">Carbonara! Cucina povera<\/a> <\/li><li>Petra aka Cascabel von Chili und Ciabatta mit <a rel=\"noreferrer noopener\" href=\"https:\/\/chili-und-ciabatta.de\/2022\/09\/insalata-di-tacchino-putensalat\/\" target=\"_blank\">Insalata di tacchino &#8211; Putensalat<\/a> <\/li><li>Susanne von magentratzerl mit <a rel=\"noreferrer noopener\" href=\"https:\/\/magentratzerl.de\/2022\/09\/16\/focaccia-veneziana\/\" target=\"_blank\">Focacchia veneziana<\/a> <\/li><li>Friederike von Fliederbaum mit <a rel=\"noreferrer noopener\" href=\"https:\/\/fliederbaum.blogspot.com\/2022\/09\/kurbis-radicchio-pasta-leicht-bitter.html\" target=\"_blank\">K\u00fcrbispasta mit Radicchio<\/a> <\/li><li>Petra aka Cascabel von Chili und Ciabatta mit <a rel=\"noreferrer noopener\" href=\"https:\/\/chili-und-ciabatta.de\/2022\/09\/taralli-dolci-al-pistacchio-suesse-taralli-mit-pistazien\/\" target=\"_blank\">Taralli dolci al Pistacchio \u2013 s\u00fc\u00dfe Taralli mit Pistazien<\/a> <\/li><li>Thomas und Simone von zimtkringel mit <a rel=\"noreferrer noopener\" href=\"https:\/\/www.zimtkringel.org\/zuppa-di-lenticche\/\" target=\"_blank\">Zuppa di lenticchie e salsicce<\/a> <\/li><li>Sonja von fluffig &amp; hart mit <a rel=\"noreferrer noopener\" href=\"https:\/\/fluffigundhart.de\/recipe\/bruschetta\/\" target=\"_blank\">Klassische Bruschetta<\/a><\/li><li>Wilma von Pane-bistecca mit <a rel=\"noreferrer noopener\" href=\"https:\/\/pane-bistecca.com\/2022\/09\/20\/polpettine-alla-napoletana-meatballs-from-naples\/\" target=\"_blank\">Polpettine alla Napoletana<\/a> <\/li><li>Regina von bistroglobal.de mit <a rel=\"noreferrer noopener\" href=\"https:\/\/bistroglobal.de\/moretum-und-mostbroetchen\/\" target=\"_blank\">Moretum und Mostbr\u00f6tchen<\/a> <\/li><li>Regina von bistroglobal.de mit <a rel=\"noreferrer noopener\" href=\"https:\/\/bistroglobal.de\/altroemisches-dinner-die-hauptspeise-und-nachspeise\/\" target=\"_blank\">Altr\u00f6misches Dinner \u2013 die Hauptspeise und Nachspeise<\/a> <\/li><li>Wilma von Pane-Bistecca mit <a rel=\"noreferrer noopener\" href=\"https:\/\/pane-bistecca.com\/2022\/09\/22\/risotto-algli-asparagi-risotto-with-asparagus\/\" target=\"_blank\">Risotto agli Asparagi<\/a> <\/li><li>Sylvia von Brotwein mit <a rel=\"noreferrer noopener\" href=\"https:\/\/brotwein.net\/tagliata-di-manzo-steak-vom-rind-italienisch-6119\" target=\"_blank\">Tagliata di Manzo &#8211; Steak vom Rind italienisch<\/a> <\/li><li>Michael von SalzigS\u00fcssLecker mit <a rel=\"noreferrer noopener\" href=\"https:\/\/salzig-suess-lecker.de\/orecchiette-al-pangrattato\/\" target=\"_blank\">Orecchiette al Prangattato<\/a><\/li><li>Wilma von Pane-Bistecca mit <a rel=\"noreferrer noopener\" href=\"https:\/\/pane-bistecca.com\/2022\/09\/23\/saltimbocca-di-maiale-pork-saltimbocca\/\" target=\"_blank\">Saltimbocca di Maiale<\/a> <\/li><li>Britta von Backmaedchen 1967 mit <a rel=\"noreferrer noopener\" href=\"https:\/\/backmaedchen1967.de\/focaccia-italienisches-fladenbrot\/\" target=\"_blank\">Focaccia &#8211; italienisches Fladenbrot<\/a> <\/li><li>Nadja von Little Kitchen and more mit <a rel=\"noreferrer noopener\" href=\"https:\/\/www.little-kitchen-and-more.com\/2022\/09\/25\/homemade-tagliatelle-mit-haselnuss-basilikum-pesto\/\" target=\"_blank\">Homemade Tagliatelle mit Haselnuss-Basilikum Pesto<\/a> <\/li><li>Francesco (Gastblogger) auf Volkermampft mit <a rel=\"noreferrer noopener\" href=\"https:\/\/volkermampft.de\/crostini-al-tonno-scottato-crostini-mit-gebratenem-thunfisch\/\" target=\"_blank\">Crostini al Tonno Scottato \u2013 Crostini mit gebratenem Thunfisch<\/a> <\/li><li>Volker von volkermampft mit <a rel=\"noreferrer noopener\" href=\"https:\/\/volkermampft.de\/panuozzo-saltimboca-neapolitanisches-streetfood-mal-anders\/\" target=\"_blank\">Panuozzo Saltimboca \u2013 neapolitanisches Streetfood mal anders<\/a> <\/li><li>Sylvia von Brotwein mit <a rel=\"noreferrer noopener\" href=\"https:\/\/brotwein.net\/pizza-prosciutto-schinken-pizza-6122\" target=\"_blank\">Pizza Prosciutto \u2013 Schinken Pizza<\/a><\/li><\/ul>\n","protected":false},"excerpt":{"rendered":"<p>Im M\u00e4rz 2018 fing alles an: Volker von Volker mampft kam auf die Idee, interessierte Foodblogger:innen auf eine kulinarische Weltreise einzuladen. Inzwischen sind wir \u00fcber vier Jahre unterwegs und haben viele neue L\u00e4nder und Kochstile kennengelernt, sind aber auch noch einmal tiefer in vielleicht bekannte Kochwelten eingetaucht. Ich habe tats\u00e4chlich noch kein einziges Reiseziel oder [&hellip;]<\/p>\n","protected":false},"author":1,"featured_media":0,"comment_status":"open","ping_status":"open","sticky":false,"template":"","format":"standard","meta":{"sfsi_plus_gutenberg_text_before_share":"","sfsi_plus_gutenberg_show_text_before_share":"","sfsi_plus_gutenberg_icon_type":"","sfsi_plus_gutenberg_icon_alignemt":"","sfsi_plus_gutenburg_max_per_row":"","_jetpack_memberships_contains_paid_content":false,"footnotes":""},"categories":[169,231,10,710],"tags":[2048,2049,1310,356,213,3329,3330,27,598],"class_list":["post-25194","post","type-post","status-publish","format-standard","hentry","category-blog-events","category-kalbfleisch","category-kochbucher","category-nachgekocht","tag-die-kulinarische-weltreise","tag-italien","tag-kalbsschnitzel","tag-parmesan","tag-pasta","tag-piccata","tag-piccata-alla-milanese","tag-tomaten","tag-tomatensauce"],"jetpack_featured_media_url":"","jetpack_sharing_enabled":true,"_links":{"self":[{"href":"https:\/\/brittas-kochbuch.info\/index.php?rest_route=\/wp\/v2\/posts\/25194"}],"collection":[{"href":"https:\/\/brittas-kochbuch.info\/index.php?rest_route=\/wp\/v2\/posts"}],"about":[{"href":"https:\/\/brittas-kochbuch.info\/index.php?rest_route=\/wp\/v2\/types\/post"}],"author":[{"embeddable":true,"href":"https:\/\/brittas-kochbuch.info\/index.php?rest_route=\/wp\/v2\/users\/1"}],"replies":[{"embeddable":true,"href":"https:\/\/brittas-kochbuch.info\/index.php?rest_route=%2Fwp%2Fv2%2Fcomments&post=25194"}],"version-history":[{"count":28,"href":"https:\/\/brittas-kochbuch.info\/index.php?rest_route=\/wp\/v2\/posts\/25194\/revisions"}],"predecessor-version":[{"id":25427,"href":"https:\/\/brittas-kochbuch.info\/index.php?rest_route=\/wp\/v2\/posts\/25194\/revisions\/25427"}],"wp:attachment":[{"href":"https:\/\/brittas-kochbuch.info\/index.php?rest_route=%2Fwp%2Fv2%2Fmedia&parent=25194"}],"wp:term":[{"taxonomy":"category","embeddable":true,"href":"https:\/\/brittas-kochbuch.info\/index.php?rest_route=%2Fwp%2Fv2%2Fcategories&post=25194"},{"taxonomy":"post_tag","embeddable":true,"href":"https:\/\/brittas-kochbuch.info\/index.php?rest_route=%2Fwp%2Fv2%2Ftags&post=25194"}],"curies":[{"name":"wp","href":"https:\/\/api.w.org\/{rel}","templated":true}]}}