{"id":25289,"date":"2022-09-14T15:11:41","date_gmt":"2022-09-14T13:11:41","guid":{"rendered":"https:\/\/brittas-kochbuch.info\/?p=25289"},"modified":"2022-09-26T08:49:46","modified_gmt":"2022-09-26T06:49:46","slug":"blog-event-clxxxix-rezepte-mit-schwips-zum-18-kochtopf-geburtstag-und-die-kulinarische-weltreise-italien-campari-spritz","status":"publish","type":"post","link":"https:\/\/brittas-kochbuch.info\/?p=25289","title":{"rendered":"Blog-Event CLXXXIX \u2013 Rezepte mit Schwips zum 18. kochtopf-Geburtstag! und Die kulinarische Weltreise: Italien (Campari Spritz)"},"content":{"rendered":"\n\n\n<a href=\"https:\/\/www.kochtopf.me\/blog-event-rezepte-schwips\" title=\"Blog-Event CLXXXIX - Rezepte mit Schwips zum 18. kochtopf-Geburtstag! (Einsendeschluss 15. September 2022)\"><img decoding=\"async\" loading=\"lazy\" src=\"https:\/\/www.kochtopf.me\/wp-content\/uploads\/2022\/08\/Blog-Event-CLXXXIX-Rezepte-mit-Schwips-featured.gif\" alt=\"Blog-Event CLXXXIX - Rezepte mit Schwips zum 18. kochtopf-Geburtstag! (Einsendeschluss 15. September 2022)\" width=\"500\" height=\"197\"><\/a>\n\n\n\n<p class=\"has-drop-cap\">Wer h\u00e4tte das gedacht? Zorras Blog <a rel=\"noreferrer noopener\" href=\"https:\/\/www.kochtopf.me\/\" target=\"_blank\">1x umr\u00fchren bitte aka Kochtopf<\/a> wird vollj\u00e4hrig. Sage und schreibe 18 Jahre lang blogt das &#8222;Urgestein&#8220; der Foodblogger:innen schon. In dieser Zeit hat sie nat\u00fcrlich unz\u00e4hlige Rezepte ver\u00f6ffentlicht, aber auch Blog-Events verastaltet oder gehostet. Ich erinnere nur an das Synchronbacken oder den World Bread Day.<\/p>\n\n\n\n<p>Daf\u00fcr an dieser Stelle mal ein ganz herzliches Dankesch\u00f6n f\u00fcr Deinen steten Einsatz und Dein Engagement.<\/p>\n\n\n\n<p>Anl\u00e4sslich der Vollj\u00e4hrigkeit des Blogs w\u00fcnscht sich Zorra <a rel=\"noreferrer noopener\" href=\"https:\/\/www.kochtopf.me\/blog-event-rezepte-schwips\" target=\"_blank\">Rezepte mit Schwips<\/a>, egal ob in Form eines Drinks oder einer Mahlzeit, die mit einem Sch\u00fcsschen Alkohol nur besser wird.<\/p>\n\n\n\n<p><span style=\"text-decoration: underline;\">Update:<\/span> <a rel=\"noreferrer noopener\" href=\"https:\/\/www.kochtopf.me\/blog-event-29-rezepte-mit-schwips\" target=\"_blank\">30 beschwipste Rezepte<\/a> sind f\u00fcr Zorras Geburtstagsause zusammengekommen.<\/p>\n\n\n\n<p>Heute bringe ich Euch &#8211;  nicht ganz ohne Hintergedanken &#8211; einen Klassiker aus Italien, n\u00e4mlich einen Campari Spritz. Der Hintergedanke dabei ist, dass ich damit gleich auch noch einen Beitrag zur diesmonatigen Station im Rahmen von Volkers <a href=\"https:\/\/volkermampft.de\/die-kulinarische-weltreise-die-grosse-foodblogger-aktion\/\" target=\"_blank\" rel=\"noreferrer noopener\">Kulinarischer Weltreise<\/a> habe, denn es geht nach <a href=\"https:\/\/volkermampft.de\/klassiker-der-italienischen-kueche-und-unbekannte-rezepte-aus-italien\/\" target=\"_blank\" rel=\"noreferrer noopener\">Italien<\/a>.<\/p>\n\n\n\n<p>Ein Spritz ein Mixgetr\u00e4nk aus Wei\u00dfwein und Mineralwasser oder Prosecco und einer Spirituose. Er ist traditionell in Venedig und Venetien, im Friaul und in Trentino-S\u00fcdtirol sehr beliebt, wird aber mittlerweile weltweit angeboten.<\/p>\n\n\n\n<p>Als Aperitif wird der Spritz meist aus wei\u00dfem Schaumwein aus dem Veneto (40&nbsp;Prozent), Sodawasser (30&nbsp;Prozent) und Beigabe von Aperol oder Campari, seltener auch mit Cynar, Limoncello oder anderen Lik\u00f6ren gemischt. \u00dcblicherweise wird er auf Eis mit einer Orangen- oder Zitronenscheibe serviert. Mancherorts wird der Spritz auf der Basis von Prosecco (70&nbsp;Prozent), in diesem Falle meist ohne Mineralwasser, zubereitet. Auch Beigaben von Rotwein, Gin oder anderen Spirituosen sind m\u00f6glich und regional unterschiedlich gebr\u00e4uchlich.<\/p>\n\n\n\n<p>Der Ausdruck \u201eSpritz\u201c d\u00fcrfte eine phonetische Verk\u00fcrzung von \u201eGespritzter\u201c sein, der \u00f6sterreichischen Bezeichnung f\u00fcr die Mischung von Wein und Mineral- oder Sodawasser, die die Norditaliener w\u00e4hrend der Zugeh\u00f6rigkeit der Region zu \u00d6sterreich bis 1866 \u00fcbernommen haben.<\/p>\n\n\n\n<p>In den vergangenen Jahren wurde der Spritz auch au\u00dferhalb Italiens bekannt und zu einem festen Bestandteil der Barkultur. [Quelle: <a href=\"https:\/\/de.wikipedia.org\" target=\"_blank\" rel=\"noreferrer noopener\">Wikipedia<\/a>]<\/p>\n\n\n\n<div class=\"wp-block-image\"><figure class=\"aligncenter size-full\"><a href=\"https:\/\/brittas-kochbuch.info\/wp-content\/uploads\/2022\/09\/20220914_camparispritz.jpg\"><img loading=\"lazy\" decoding=\"async\" width=\"416\" height=\"555\" src=\"https:\/\/brittas-kochbuch.info\/wp-content\/uploads\/2022\/09\/20220914_camparispritz.jpg\" alt=\"\" class=\"wp-image-25292\" srcset=\"https:\/\/brittas-kochbuch.info\/wp-content\/uploads\/2022\/09\/20220914_camparispritz.jpg 416w, https:\/\/brittas-kochbuch.info\/wp-content\/uploads\/2022\/09\/20220914_camparispritz-225x300.jpg 225w\" sizes=\"(max-width: 416px) 100vw, 416px\" \/><\/a><\/figure><\/div>\n\n\n\n<a href=\"http:\/\/volkermampft.de\/klassiker-der-italienischen-kueche-und-unbekannte-rezepte-aus-italien\" title=\"Blogger Aktion &quot;Die kulinarische Weltreise&quot; von @volkermampft h\u00e4lt in Italien - die besten Rezepte und Gerichte\"><img loading=\"lazy\" decoding=\"async\" src=\"http:\/\/volkermampft.de\/wp-content\/uploads\/2018\/02\/kulinarische_weltreise_500x200.png\" alt=\"Blogger Aktion &quot;Die kulinarische Weltreise&quot; von @volkermampft h\u00e4lt in Italien - die besten Rezepte und Gerichte\" width=\"500\" height=\"200\"><\/a>\n\n\n\n<p>Die <a href=\"https:\/\/www.campari.com\/de-de\/cocktails\/spritz\/\" target=\"_blank\" rel=\"noreferrer noopener\">Rezeptur<\/a> von der Seite von <a href=\"https:\/\/www.campari.com\/de-de\/cocktails\/spritz\/\" target=\"_blank\" rel=\"noreferrer noopener\">Campari<\/a> sieht eine etwas andere Zusammenstellung vor als oben beschrieben. Die Herstellung ist aber denkbar einfach, wobei die Mengenanbabe 1 Teil bei Campari 9 cl umfasst, ich habe einen Messl\u00f6ffel von 6 cl genommen:<\/p>\n\n\n\n<p>Gebt etwas <strong>Eis<\/strong> in ein Weinglas und f\u00fcllt es mit <strong>3 Teilen Prosecco<\/strong>, <strong>2 Teilen Campari<\/strong> und <strong>1 Teil Sodawasser<\/strong> oder Mineralwasser. Das Glas mit einer Scheibe Orange ausgarnieren. So weit ich wei\u00df, wird der Campari Spritz mit einem Strohhalm serviert; leider habe ich so etwas gar nicht.<\/p>\n\n\n\n<h5 class=\"wp-block-heading\">Hier seht Ihr im Laufe des Monats zusammengefasst alle weiteren Rezepte aus Italien:<\/h5>\n\n\n\n<ul class=\"wp-block-list\"><li>Wilma von Pane-Bistecca mit <a rel=\"noreferrer noopener\" href=\"https:\/\/pane-bistecca.com\/2022\/09\/08\/ravioli-del-plin-con-ricotta-e-spinaci-ravioli-del-plin-with-ricotta-and-spinach\/\" target=\"_blank\">Ravioli del Plin con Ricotta e Spinaci<\/a> <\/li><li>Petra aka Cascabel von Chili und Ciabatta mit <a rel=\"noreferrer noopener\" href=\"https:\/\/chili-und-ciabatta.de\/2022\/09\/lingua-di-vitello-con-salsa-verde-kalbszunge-mit-gruener-sauce\/\" target=\"_blank\">Lingua di Vitello con Salsa Verde \u2013 Kalbszunge mit gr\u00fcner Sauce<\/a> <\/li><li>Wilma von Pane-Bistecca mit <a rel=\"noreferrer noopener\" href=\"https:\/\/pane-bistecca.com\/2022\/09\/09\/baci-di-dama-alla-nocciola-cookie-kisses-from-italy\/\" target=\"_blank\">Baci di Dama alla Nocciola<\/a> <\/li><li>Sylvia von Brotwein mit <a rel=\"noreferrer noopener\" href=\"https:\/\/brotwein.net\/spaghetti-alla-puttanesca-rezept-6105\" target=\"_blank\">Spaghetti alla Puttanesca Rezept<\/a> <\/li><li>Susanne von magentratzerl mit <a rel=\"noreferrer noopener\" href=\"https:\/\/magentratzerl.de\/2022\/09\/10\/teigtasche-des-monatssalsicce-capellacci-auf-linsen-salsicca-gemuese\/\" target=\"_blank\">Salsicce Capellacci auf Linsen-Salsicca-Gem\u00fcse<\/a> <\/li><li>Kathrina von K\u00fcchentraum &amp; Purzelbaum mit <a rel=\"noreferrer noopener\" href=\"https:\/\/www.kuechentraumundpurzelbaum.de\/dreierlei-bruschetta\/\" target=\"_blank\">Dreierlei Bruschetta<\/a> <\/li><li>Wilma von Pane-Bistecca mit <a rel=\"noreferrer noopener\" href=\"https:\/\/pane-bistecca.com\/2022\/09\/13\/pasta-ncasciata-sizilien-im-teller-sicilian-pasta-dish\/\" target=\"_blank\">Pasta &#8218;Ncasciata<\/a><\/li><li>Ute von Wiesengenuss mit <a rel=\"noreferrer noopener\" href=\"https:\/\/wiesengenuss.wordpress.com\/2022\/09\/14\/carbonara-cucina-povera\/\" target=\"_blank\">Carbonara! Cucina povera<\/a> <\/li><li>Petra aka Cascabel von Chili und Ciabatta mit <a rel=\"noreferrer noopener\" href=\"https:\/\/chili-und-ciabatta.de\/2022\/09\/insalata-di-tacchino-putensalat\/\" target=\"_blank\">Insalata di tacchino &#8211; Putensalat<\/a> <\/li><li>Susanne von magentratzerl mit <a rel=\"noreferrer noopener\" href=\"https:\/\/magentratzerl.de\/2022\/09\/16\/focaccia-veneziana\/\" target=\"_blank\">Focacchia veneziana<\/a> <\/li><li>Friederike von Fliederbaum mit <a rel=\"noreferrer noopener\" href=\"https:\/\/fliederbaum.blogspot.com\/2022\/09\/kurbis-radicchio-pasta-leicht-bitter.html\" target=\"_blank\">K\u00fcrbispasta mit Radicchio<\/a> <\/li><li>Petra aka Cascabel von Chili und Ciabatta mit <a rel=\"noreferrer noopener\" href=\"https:\/\/chili-und-ciabatta.de\/2022\/09\/taralli-dolci-al-pistacchio-suesse-taralli-mit-pistazien\/\" target=\"_blank\">Taralli dolci al Pistacchio \u2013 s\u00fc\u00dfe Taralli mit Pistazien<\/a> <\/li><li>Thomas und Simone von zimtkringel mit <a rel=\"noreferrer noopener\" href=\"https:\/\/www.zimtkringel.org\/zuppa-di-lenticche\/\" target=\"_blank\">Zuppa di lenticchie e salsicce<\/a> <\/li><li>Sonja von fluffig &amp; hart mit <a rel=\"noreferrer noopener\" href=\"https:\/\/fluffigundhart.de\/recipe\/bruschetta\/\" target=\"_blank\">Klassische Bruschetta<\/a><\/li><li>Wilma von Pane-bistecca mit <a rel=\"noreferrer noopener\" href=\"https:\/\/pane-bistecca.com\/2022\/09\/20\/polpettine-alla-napoletana-meatballs-from-naples\/\" target=\"_blank\">Polpettine alla Napoletana<\/a> <\/li><li>Regina von bistroglobal.de mit <a rel=\"noreferrer noopener\" href=\"https:\/\/bistroglobal.de\/moretum-und-mostbroetchen\/\" target=\"_blank\">Moretum und Mostbr\u00f6tchen<\/a> <\/li><li>Regina von bistroglobal.de mit <a rel=\"noreferrer noopener\" href=\"https:\/\/bistroglobal.de\/altroemisches-dinner-die-hauptspeise-und-nachspeise\/\" target=\"_blank\">Altr\u00f6misches Dinner \u2013 die Hauptspeise und Nachspeise<\/a> <\/li><li>Wilma von Pane-Bistecca mit <a rel=\"noreferrer noopener\" href=\"https:\/\/pane-bistecca.com\/2022\/09\/22\/risotto-algli-asparagi-risotto-with-asparagus\/\" target=\"_blank\">Risotto agli Asparagi<\/a> <\/li><li>Sylvia von Brotwein mit <a rel=\"noreferrer noopener\" href=\"https:\/\/brotwein.net\/tagliata-di-manzo-steak-vom-rind-italienisch-6119\" target=\"_blank\">Tagliata di Manzo &#8211; Steak vom Rind italienisch<\/a> <\/li><li>Michael von SalzigS\u00fcssLecker mit <a rel=\"noreferrer noopener\" href=\"https:\/\/salzig-suess-lecker.de\/orecchiette-al-pangrattato\/\" target=\"_blank\">Orecchiette al Prangattato<\/a><\/li><li>Wilma von Pane-Bistecca mit <a rel=\"noreferrer noopener\" href=\"https:\/\/pane-bistecca.com\/2022\/09\/23\/saltimbocca-di-maiale-pork-saltimbocca\/\" target=\"_blank\">Saltimbocca di Maiale<\/a> <\/li><li>Britta von Backmaedchen 1967 mit <a rel=\"noreferrer noopener\" href=\"https:\/\/backmaedchen1967.de\/focaccia-italienisches-fladenbrot\/\" target=\"_blank\">Focaccia &#8211; italienisches Fladenbrot<\/a> <\/li><li>Nadja von Little Kitchen and more mit <a rel=\"noreferrer noopener\" href=\"https:\/\/www.little-kitchen-and-more.com\/2022\/09\/25\/homemade-tagliatelle-mit-haselnuss-basilikum-pesto\/\" target=\"_blank\">Homemade Tagliatelle mit Haselnuss-Basilikum Pesto<\/a> <\/li><li>Francesco (Gastblogger) auf Volkermampft mit <a rel=\"noreferrer noopener\" href=\"https:\/\/volkermampft.de\/crostini-al-tonno-scottato-crostini-mit-gebratenem-thunfisch\/\" target=\"_blank\">Crostini al Tonno Scottato \u2013 Crostini mit gebratenem Thunfisch<\/a> <\/li><li>Volker von volkermampft mit <a rel=\"noreferrer noopener\" href=\"https:\/\/volkermampft.de\/panuozzo-saltimboca-neapolitanisches-streetfood-mal-anders\/\" target=\"_blank\">Panuozzo Saltimboca \u2013 neapolitanisches Streetfood mal anders<\/a> <\/li><li>Sylvia von Brotwein mit <a rel=\"noreferrer noopener\" href=\"https:\/\/brotwein.net\/pizza-prosciutto-schinken-pizza-6122\" target=\"_blank\">Pizza Prosciutto \u2013 Schinken Pizza<\/a><\/li><\/ul>\n","protected":false},"excerpt":{"rendered":"<p>Wer h\u00e4tte das gedacht? Zorras Blog 1x umr\u00fchren bitte aka Kochtopf wird vollj\u00e4hrig. Sage und schreibe 18 Jahre lang blogt das &#8222;Urgestein&#8220; der Foodblogger:innen schon. In dieser Zeit hat sie nat\u00fcrlich unz\u00e4hlige Rezepte ver\u00f6ffentlicht, aber auch Blog-Events verastaltet oder gehostet. Ich erinnere nur an das Synchronbacken oder den World Bread Day. Daf\u00fcr an dieser Stelle [&hellip;]<\/p>\n","protected":false},"author":1,"featured_media":0,"comment_status":"open","ping_status":"open","sticky":false,"template":"","format":"standard","meta":{"sfsi_plus_gutenberg_text_before_share":"","sfsi_plus_gutenberg_show_text_before_share":"","sfsi_plus_gutenberg_icon_type":"","sfsi_plus_gutenberg_icon_alignemt":"","sfsi_plus_gutenburg_max_per_row":"","_jetpack_memberships_contains_paid_content":false,"footnotes":""},"categories":[169,1206],"tags":[3334,3333,3335,172,3331,2048,2049],"class_list":["post-25289","post","type-post","status-publish","format-standard","hentry","category-blog-events","category-getraenke","tag-18jahrekochtopf","tag-kochtopfblogevent","tag-rezeptemitschwips","tag-blog-event","tag-campari-spritz","tag-die-kulinarische-weltreise","tag-italien"],"jetpack_featured_media_url":"","jetpack_sharing_enabled":true,"_links":{"self":[{"href":"https:\/\/brittas-kochbuch.info\/index.php?rest_route=\/wp\/v2\/posts\/25289"}],"collection":[{"href":"https:\/\/brittas-kochbuch.info\/index.php?rest_route=\/wp\/v2\/posts"}],"about":[{"href":"https:\/\/brittas-kochbuch.info\/index.php?rest_route=\/wp\/v2\/types\/post"}],"author":[{"embeddable":true,"href":"https:\/\/brittas-kochbuch.info\/index.php?rest_route=\/wp\/v2\/users\/1"}],"replies":[{"embeddable":true,"href":"https:\/\/brittas-kochbuch.info\/index.php?rest_route=%2Fwp%2Fv2%2Fcomments&post=25289"}],"version-history":[{"count":19,"href":"https:\/\/brittas-kochbuch.info\/index.php?rest_route=\/wp\/v2\/posts\/25289\/revisions"}],"predecessor-version":[{"id":25426,"href":"https:\/\/brittas-kochbuch.info\/index.php?rest_route=\/wp\/v2\/posts\/25289\/revisions\/25426"}],"wp:attachment":[{"href":"https:\/\/brittas-kochbuch.info\/index.php?rest_route=%2Fwp%2Fv2%2Fmedia&parent=25289"}],"wp:term":[{"taxonomy":"category","embeddable":true,"href":"https:\/\/brittas-kochbuch.info\/index.php?rest_route=%2Fwp%2Fv2%2Fcategories&post=25289"},{"taxonomy":"post_tag","embeddable":true,"href":"https:\/\/brittas-kochbuch.info\/index.php?rest_route=%2Fwp%2Fv2%2Ftags&post=25289"}],"curies":[{"name":"wp","href":"https:\/\/api.w.org\/{rel}","templated":true}]}}