{"id":25669,"date":"2022-11-19T11:52:40","date_gmt":"2022-11-19T10:52:40","guid":{"rendered":"https:\/\/brittas-kochbuch.info\/?p=25669"},"modified":"2022-12-05T13:52:45","modified_gmt":"2022-12-05T12:52:45","slug":"die-kulinarische-weltreise-feiertagsgerichte-aus-der-ganzen-welt-festliche-rezepte-fuer-jeden-anlass","status":"publish","type":"post","link":"https:\/\/brittas-kochbuch.info\/?p=25669","title":{"rendered":"Die kulinarische Weltreise &#8211; Feiertagsgerichte aus der ganzen Welt \u2013 festliche Rezepte f\u00fcr jeden Anlass"},"content":{"rendered":"\n\n\n<a href=\"http:\/\/volkermampft.de\/feiertagsgerichte-aus-der-ganzen-welt-festliche-rezepte-fuer-jeden-anlass\" title=\"Blogger Aktion &quot;Die kulinarische Weltreise&quot; von @volkermampft sucht die besten Rezepte und Gerichte zu internationalen Feiertagen\"><img loading=\"lazy\" decoding=\"async\" src=\"http:\/\/volkermampft.de\/wp-content\/uploads\/2018\/02\/kulinarische_weltreise_500x200.png\" alt=\"Blogger Aktion &quot;Die kulinarische Weltreise&quot; von @volkermampft sucht die besten Rezepte und Gerichte zu internationalen Feiertagen\" width=\"500\" height=\"200\"><\/a>\n\n\n\n<p class=\"has-drop-cap\">Im November geht es im Rahmen der <a href=\"https:\/\/volkermampft.de\/die-kulinarische-weltreise-die-grosse-foodblogger-aktion\/\" target=\"_blank\" rel=\"noreferrer noopener\">kulinarischen Weltreise<\/a> um typische <a href=\"https:\/\/volkermampft.de\/feiertagsgerichte-aus-der-ganzen-welt-festliche-rezepte-fuer-jeden-anlass\/?fbclid=IwAR1-iT7mhnrp2HgVwze018vUkhr2EUWzAc40Evhx4DnC4twZnxdLt1suEsQ\" target=\"_blank\" rel=\"noreferrer noopener\">Fest- bzw. Feiertagsgerichte aus der ganzen Welt<\/a>.<\/p>\n\n\n\n<p>Zu diesem Anlass wollte ich eigentlich <a href=\"https:\/\/de.wikipedia.org\/wiki\/Pan_de_muerto\" target=\"_blank\" rel=\"noreferrer noopener\">Pan de muerto<\/a>, eine mexikanische Spezialit\u00e4t anl\u00e4sslich des <a href=\"https:\/\/de.wikipedia.org\/wiki\/Tag_der_Toten\" target=\"_blank\" rel=\"noreferrer noopener\">Tages der Toten<\/a> (D\u00eda de muertos) an Allerseelen, also am 2. November, backen.<\/p>\n\n\n\n<p>Aber wie hei\u00dft es so sch\u00f6n: Erstens kommt es anders und zweitens als man denkt.<\/p>\n\n\n\n<p>Am 31. Oktober wurde ich mit einer schweren Sepsis ins Krankenhaus eingeliefert, nachdem ich vorher schon vier Tage mit Fieber zu Hause im Bett lag.<\/p>\n\n\n\n<p>Inzwischen bin ich entlassen, aber immer noch ziemlich schlapp, so dass an Kochen und Backen nicht zu denken ist. Deshalb hat <a href=\"https:\/\/volkermampft.de\/\" target=\"_blank\" rel=\"noreferrer noopener\">Volker<\/a> mir dankenswerterweise erlaubt, eine kleine Zusammenfassung \u00fcber Festtagsgerichte im Blog zu schreiben. Ich hoffe, dass ich dann im Dezember wenigstens eine Kleinigkeit f\u00fcr das Reiseziel Nepal auf den Teller bekomme.<\/p>\n\n\n\n<p>Ein Blog-Event zum Thema <a rel=\"noreferrer noopener\" href=\"https:\/\/aus-meinem-kochtopf.de\/religionen-der-welt-kulinarisch-reformationsjahr-2017\/\" target=\"_blank\">Religionen der Welt<\/a> wurde anl\u00e4sslich des Reformationsjahres 2017 von Peter vom Blog <a href=\"https:\/\/aus-meinem-kochtopf.de\/\" target=\"_blank\" rel=\"noreferrer noopener\">Aus meinem Kochtopf<\/a> veranstaltet, und daran hatte ich mit zwei Gerichten teilgenommen.<\/p>\n\n\n\n<div class=\"wp-block-media-text alignwide is-stacked-on-mobile is-vertically-aligned-top\" style=\"grid-template-columns:35% auto\"><figure class=\"wp-block-media-text__media\"><img loading=\"lazy\" decoding=\"async\" width=\"1024\" height=\"768\" src=\"https:\/\/brittas-kochbuch.info\/wp-content\/uploads\/2017\/04\/170408_ginataangtilapia-1024x768.jpg\" alt=\"\" class=\"wp-image-8245 size-full\" srcset=\"https:\/\/brittas-kochbuch.info\/wp-content\/uploads\/2017\/04\/170408_ginataangtilapia-1024x768.jpg 1024w, https:\/\/brittas-kochbuch.info\/wp-content\/uploads\/2017\/04\/170408_ginataangtilapia-300x225.jpg 300w, https:\/\/brittas-kochbuch.info\/wp-content\/uploads\/2017\/04\/170408_ginataangtilapia-768x576.jpg 768w, https:\/\/brittas-kochbuch.info\/wp-content\/uploads\/2017\/04\/170408_ginataangtilapia-624x468.jpg 624w\" sizes=\"(max-width: 1024px) 100vw, 1024px\" \/><\/figure><div class=\"wp-block-media-text__content\">\n<p>Zum einen gab es ein &#8211; an unserer Einkaufsverh\u00e4ltnisse angepasstes &#8211; Gericht von den Philippinen:<\/p>\n\n\n\n<p><a href=\"https:\/\/brittas-kochbuch.info\/?p=8237\">Ginatang Tilapia<\/a> ist dort ein typisches Gericht der vor\u00f6sterlichen Fastenzeit.<\/p>\n<\/div><\/div>\n\n\n\n<div class=\"wp-block-media-text alignwide has-media-on-the-right is-stacked-on-mobile is-vertically-aligned-top\" style=\"grid-template-columns:auto 37%\"><figure class=\"wp-block-media-text__media\"><img loading=\"lazy\" decoding=\"async\" width=\"1024\" height=\"768\" src=\"https:\/\/brittas-kochbuch.info\/wp-content\/uploads\/2017\/06\/170625_harisa-1024x768.jpg\" alt=\"\" class=\"wp-image-8792 size-full\" srcset=\"https:\/\/brittas-kochbuch.info\/wp-content\/uploads\/2017\/06\/170625_harisa-1024x768.jpg 1024w, https:\/\/brittas-kochbuch.info\/wp-content\/uploads\/2017\/06\/170625_harisa-300x225.jpg 300w, https:\/\/brittas-kochbuch.info\/wp-content\/uploads\/2017\/06\/170625_harisa-768x576.jpg 768w, https:\/\/brittas-kochbuch.info\/wp-content\/uploads\/2017\/06\/170625_harisa-624x468.jpg 624w\" sizes=\"(max-width: 1024px) 100vw, 1024px\" \/><\/figure><div class=\"wp-block-media-text__content\">\n<p>Mein zweiter Beitrag von damals war quasi das Gegenteil von Fasten:<\/p>\n\n\n\n<p><a href=\"https:\/\/brittas-kochbuch.info\/?p=8787\">Harira<\/a> ist ein marokkanischer Kichererbseneintopf, der dort unter anderem zum abendlichen Fastenbrechen w\u00e4hrend des Ramadans gereicht wird.<\/p>\n<\/div><\/div>\n\n\n\n<!--more-->\n\n\n\n<p>Weiter geht es mit einem weiteren Etappenziel im Rahmen der kulinarischen Weltreise:<\/p>\n\n\n\n<p>Im Dezember 2018 gab es das Thema <a href=\"https:\/\/volkermampft.de\/immer-der-nase-nach-die-kulinarische-weltreise-feiert-weihnachten\/\">Weihnachten rund um die Welt<\/a> und meine Beitr\u00e4ge waren ziemlich lecker!<\/p>\n\n\n\n<div class=\"wp-block-media-text alignwide is-stacked-on-mobile is-vertically-aligned-top\" style=\"grid-template-columns:28% auto\"><figure class=\"wp-block-media-text__media\"><img loading=\"lazy\" decoding=\"async\" width=\"300\" height=\"400\" src=\"https:\/\/brittas-kochbuch.info\/wp-content\/uploads\/2018\/12\/20181212_maronensuppe-klein.jpg\" alt=\"\" class=\"wp-image-14223 size-full\" srcset=\"https:\/\/brittas-kochbuch.info\/wp-content\/uploads\/2018\/12\/20181212_maronensuppe-klein.jpg 300w, https:\/\/brittas-kochbuch.info\/wp-content\/uploads\/2018\/12\/20181212_maronensuppe-klein-225x300.jpg 225w\" sizes=\"(max-width: 300px) 100vw, 300px\" \/><\/figure><div class=\"wp-block-media-text__content\">\n<p>Der festliche Reigen startete damals mit einer <a href=\"https:\/\/brittas-kochbuch.info\/?p=14201\">Soupe ch\u00e2taigne \u00e0 la cr\u00e8me<\/a>, einer franz\u00f6sischen Maronencr\u00e8mesuppe. <\/p>\n<\/div><\/div>\n\n\n\n<div class=\"wp-block-media-text alignwide has-media-on-the-right is-stacked-on-mobile is-vertically-aligned-top\" style=\"grid-template-columns:auto 40%\"><figure class=\"wp-block-media-text__media\"><img loading=\"lazy\" decoding=\"async\" width=\"400\" height=\"300\" src=\"https:\/\/brittas-kochbuch.info\/wp-content\/uploads\/2018\/12\/20181202_gaensekeule-klein.jpg\" alt=\"\" class=\"wp-image-14077 size-full\" srcset=\"https:\/\/brittas-kochbuch.info\/wp-content\/uploads\/2018\/12\/20181202_gaensekeule-klein.jpg 400w, https:\/\/brittas-kochbuch.info\/wp-content\/uploads\/2018\/12\/20181202_gaensekeule-klein-300x225.jpg 300w\" sizes=\"(max-width: 400px) 100vw, 400px\" \/><\/figure><div class=\"wp-block-media-text__content\">\n<p>Ebenfalls aus Frankreich kommt die <a href=\"https:\/\/brittas-kochbuch.info\/?p=14033\">G\u00e4nsekeule &#8222;Normandie&#8220;<\/a> mit \u00c4pfeln und Calvados. Der frische Gr\u00fcnkohl aus dem Garten machte den Beitrag zur deutsch-franz\u00f6sischen Freundschaft komplett.<\/p>\n<\/div><\/div>\n\n\n\n<div class=\"wp-block-media-text alignwide is-stacked-on-mobile is-vertically-aligned-top\" style=\"grid-template-columns:36% auto\"><figure class=\"wp-block-media-text__media\"><img loading=\"lazy\" decoding=\"async\" width=\"1024\" height=\"768\" src=\"https:\/\/brittas-kochbuch.info\/wp-content\/uploads\/2019\/12\/20191224_heiligabend02-1024x768.jpg\" alt=\"\" class=\"wp-image-16799 size-full\" srcset=\"https:\/\/brittas-kochbuch.info\/wp-content\/uploads\/2019\/12\/20191224_heiligabend02-1024x768.jpg 1024w, https:\/\/brittas-kochbuch.info\/wp-content\/uploads\/2019\/12\/20191224_heiligabend02-300x225.jpg 300w, https:\/\/brittas-kochbuch.info\/wp-content\/uploads\/2019\/12\/20191224_heiligabend02-768x576.jpg 768w, https:\/\/brittas-kochbuch.info\/wp-content\/uploads\/2019\/12\/20191224_heiligabend02-1536x1152.jpg 1536w, https:\/\/brittas-kochbuch.info\/wp-content\/uploads\/2019\/12\/20191224_heiligabend02-2048x1536.jpg 2048w, https:\/\/brittas-kochbuch.info\/wp-content\/uploads\/2019\/12\/20191224_heiligabend02-624x468.jpg 624w\" sizes=\"(max-width: 1024px) 100vw, 1024px\" \/><\/figure><div class=\"wp-block-media-text__content\">\n<p>An Heiligabend gibt es bei uns fast immer Reibekuchen mit Lachs. W\u00e4hrend wir es uns fr\u00fcher leicht gemacht haben und TK-Reibekuchen sowie fertigen Graved Lachs gekauft haben, machen wir beides seit einigen Jahren selber &#8211; und was f\u00fcr ein Unterschied ist das! Rezepte f\u00fcr <a href=\"https:\/\/brittas-kochbuch.info\/?p=543\">Reibekuchen<\/a>, <a href=\"https:\/\/brittas-kochbuch.info\/?p=14252\">Graved Lachs<\/a> sowei <a href=\"https:\/\/brittas-kochbuch.info\/?p=9143\">Gravlaxs\u00e5s<\/a>.<\/p>\n<\/div><\/div>\n\n\n\n<div class=\"wp-block-media-text alignwide has-media-on-the-right is-stacked-on-mobile is-vertically-aligned-top\" style=\"grid-template-columns:auto 40%\"><figure class=\"wp-block-media-text__media\"><img loading=\"lazy\" decoding=\"async\" width=\"400\" height=\"300\" src=\"https:\/\/brittas-kochbuch.info\/wp-content\/uploads\/2018\/12\/20181225_beef-wellington-klein.jpg\" alt=\"\" class=\"wp-image-14311 size-full\" srcset=\"https:\/\/brittas-kochbuch.info\/wp-content\/uploads\/2018\/12\/20181225_beef-wellington-klein.jpg 400w, https:\/\/brittas-kochbuch.info\/wp-content\/uploads\/2018\/12\/20181225_beef-wellington-klein-300x225.jpg 300w\" sizes=\"(max-width: 400px) 100vw, 400px\" \/><\/figure><div class=\"wp-block-media-text__content\">\n<p>Wir machen einen Sprung \u00fcber den \u00c4rmelkanal und genie\u00dfen ein wunderbares <a href=\"https:\/\/brittas-kochbuch.info\/?p=14277\">Beef Wellington mit Gravy<\/a>, also Bratensauce nach <a href=\"https:\/\/www.jamieoliver.com\/\" target=\"_blank\" rel=\"noreferrer noopener\">Jamie Oliver<\/a>. Als Beilage gibt es einen Feldsalat.<\/p>\n<\/div><\/div>\n\n\n\n<div class=\"wp-block-media-text alignwide is-stacked-on-mobile is-vertically-aligned-top\" style=\"grid-template-columns:34% auto\"><figure class=\"wp-block-media-text__media\"><img loading=\"lazy\" decoding=\"async\" width=\"334\" height=\"400\" src=\"https:\/\/brittas-kochbuch.info\/wp-content\/uploads\/2018\/12\/20181212_mincepies-serviert_klein.jpg\" alt=\"\" class=\"wp-image-14197 size-full\" srcset=\"https:\/\/brittas-kochbuch.info\/wp-content\/uploads\/2018\/12\/20181212_mincepies-serviert_klein.jpg 334w, https:\/\/brittas-kochbuch.info\/wp-content\/uploads\/2018\/12\/20181212_mincepies-serviert_klein-251x300.jpg 251w\" sizes=\"(max-width: 334px) 100vw, 334px\" \/><\/figure><div class=\"wp-block-media-text__content\">\n<p>Kein Fest ohne s\u00fc\u00dfen Abschluss oder etwas S\u00fc\u00dfem zum Kaffee. Wir bleiben in Gro\u00dfbritannien und beschlie\u00dfen die internationalen Weihnachtsgerichte mit <a href=\"https:\/\/brittas-kochbuch.info\/?p=14177\">Mince Pies<\/a>, Bl\u00e4tter- oder M\u00fcrbeteigt\u00f6rtchen mit einer F\u00fcllung aus Trockenfr\u00fcchten.<\/p>\n<\/div><\/div>\n\n\n\n<p>Wir bleiben noch kurz in der (Vor-)Weihnachtszeit. Was darf da nicht fehlen? Nat\u00fcrlich Pl\u00e4tzchen und sonstiges Geb\u00e4ck f\u00fcr den Adventkaffee.<\/p>\n\n\n\n<h4 class=\"wp-block-heading\">Hier mal eine &#8211; vermutlich unvollst\u00e4ndige &#8211; Liste meiner Lieblingsweihnachtspl\u00e4tzchen und -geb\u00e4cke:<\/h4>\n\n\n\n<ul class=\"wp-block-list\"><li><a href=\"https:\/\/brittas-kochbuch.info\/?p=22887\">Aachener Printen<\/a><\/li><li><a href=\"https:\/\/brittas-kochbuch.info\/?p=2378\">Amarettow\u00fcrfel<\/a><\/li><li><a href=\"https:\/\/brittas-kochbuch.info\/?p=2756\">Berliner Brot<\/a><\/li><li><a href=\"https:\/\/brittas-kochbuch.info\/?p=7072\">Elisenlebkuchen<\/a><\/li><li><a href=\"https:\/\/brittas-kochbuch.info\/?p=2830\">Engelsaugen\/Husarenkrapfen<\/a><\/li><li><a href=\"https:\/\/brittas-kochbuch.info\/?p=7126\">Marzipanspekulatius<\/a><\/li><li><a href=\"https:\/\/brittas-kochbuch.info\/?p=3019\">Orangenspritzgeb\u00e4ck<\/a><\/li><li><a href=\"https:\/\/brittas-kochbuch.info\/?p=10144\">Panettone aus der Muffinform<\/a><\/li><li><a href=\"https:\/\/brittas-kochbuch.info\/?p=2837\">Saure-Sahne-Pl\u00e4tzchen<\/a><\/li><li><a href=\"https:\/\/brittas-kochbuch.info\/?p=10188\">Stollenkonfekt<\/a><\/li><li><a href=\"https:\/\/brittas-kochbuch.info\/?p=2818\">Th\u00fcringer Christstollen<\/a><\/li><li><a href=\"https:\/\/brittas-kochbuch.info\/?p=3179\">Zimtsterne<\/a><\/li><\/ul>\n\n\n\n<p>Was die typischen Speisen an Heiligabend und den Weihnachtstagen angeht, hat wohl jede Familie da ihre Traditionen. Bei uns gibt es Weichnachten meist ein Gericht mit Wild oder Ente, wie Ihr <a href=\"https:\/\/brittas-kochbuch.info\/?p=23110\">hier<\/a> nachlesen k\u00f6nnt.<\/p>\n\n\n\n<p>Neben Weihnachten sind wohl die Ostertage die Feiertage mit den meisten traditionellen Gerichten.<\/p>\n\n\n\n<p>Da gibt es Gr\u00fcndonnerstag viel Gr\u00fcn, an Karfreitag meistens Fisch und an den Ostertagen oft &#8222;irgendwas mit Lamm&#8220;. Auch wenn man sich irgendwie schon auf laue Fr\u00fchlingstage eingerichtet hat, k\u00f6nnen die Ostertage, gerade wenn sie noch in den M\u00e4rz fallen in Deutschland ganz sch\u00f6n kalt ausfallen.<\/p>\n\n\n\n<div class=\"wp-block-media-text alignwide has-media-on-the-right is-stacked-on-mobile is-vertically-aligned-top\" style=\"grid-template-columns:auto 40%\"><figure class=\"wp-block-media-text__media\"><img loading=\"lazy\" decoding=\"async\" width=\"1024\" height=\"768\" src=\"https:\/\/brittas-kochbuch.info\/wp-content\/uploads\/2017\/04\/170414_karfreitag-risotto-zander01-1024x768.jpg\" alt=\"\" class=\"wp-image-8325 size-full\" srcset=\"https:\/\/brittas-kochbuch.info\/wp-content\/uploads\/2017\/04\/170414_karfreitag-risotto-zander01-1024x768.jpg 1024w, https:\/\/brittas-kochbuch.info\/wp-content\/uploads\/2017\/04\/170414_karfreitag-risotto-zander01-300x225.jpg 300w, https:\/\/brittas-kochbuch.info\/wp-content\/uploads\/2017\/04\/170414_karfreitag-risotto-zander01-768x576.jpg 768w, https:\/\/brittas-kochbuch.info\/wp-content\/uploads\/2017\/04\/170414_karfreitag-risotto-zander01-624x468.jpg 624w\" sizes=\"(max-width: 1024px) 100vw, 1024px\" \/><\/figure><div class=\"wp-block-media-text__content\">\n<p>An den Karfreitagen gibt es relativ h\u00e4ufig Risotti mit einem feinen Fisch als Beilage, z. B. <a href=\"https:\/\/brittas-kochbuch.info\/?p=8330\">Zanderfilet auf Erbsen-Safran-Risotto<\/a>.<\/p>\n<\/div><\/div>\n\n\n\n<div class=\"wp-block-media-text alignwide is-stacked-on-mobile is-vertically-aligned-top\" style=\"grid-template-columns:40% auto\"><figure class=\"wp-block-media-text__media\"><img loading=\"lazy\" decoding=\"async\" width=\"1024\" height=\"768\" src=\"https:\/\/brittas-kochbuch.info\/wp-content\/uploads\/2019\/04\/20190419_kabeljau-serviert-1024x768.jpg\" alt=\"\" class=\"wp-image-15029 size-full\" srcset=\"https:\/\/brittas-kochbuch.info\/wp-content\/uploads\/2019\/04\/20190419_kabeljau-serviert-1024x768.jpg 1024w, https:\/\/brittas-kochbuch.info\/wp-content\/uploads\/2019\/04\/20190419_kabeljau-serviert-300x225.jpg 300w, https:\/\/brittas-kochbuch.info\/wp-content\/uploads\/2019\/04\/20190419_kabeljau-serviert-768x576.jpg 768w, https:\/\/brittas-kochbuch.info\/wp-content\/uploads\/2019\/04\/20190419_kabeljau-serviert-624x468.jpg 624w\" sizes=\"(max-width: 1024px) 100vw, 1024px\" \/><\/figure><div class=\"wp-block-media-text__content\">\n<p>Daf\u00fcr wird der <a href=\"https:\/\/brittas-kochbuch.info\/?p=15020\">Kabeljau mit Kartoffelschuppen<\/a> sicher nicht zu einem Traditionsgericht im Hause Koch werden, ist doch die Zubereitung ziemlich knifflich und aufw\u00e4ndig, aber immerhin nett anzusehen.<\/p>\n<\/div><\/div>\n\n\n\n<p>Das <a href=\"https:\/\/brittas-kochbuch.info\/?p=11407\">Ostermen\u00fc des Jahres 2018<\/a> zeigt ein typisches Essen f\u00fcr G\u00e4ste. Normalerweise essen wir zu zweit selten Vor-, Haupt- und Nachspeise.<\/p>\n\n\n\n<div class=\"wp-block-media-text alignwide has-media-on-the-right is-stacked-on-mobile is-vertically-aligned-top\" style=\"grid-template-columns:auto 40%\"><figure class=\"wp-block-media-text__media\"><img loading=\"lazy\" decoding=\"async\" width=\"400\" height=\"300\" src=\"https:\/\/brittas-kochbuch.info\/wp-content\/uploads\/2021\/04\/ruebli-klein.jpg\" alt=\"\" class=\"wp-image-21368 size-full\" srcset=\"https:\/\/brittas-kochbuch.info\/wp-content\/uploads\/2021\/04\/ruebli-klein.jpg 400w, https:\/\/brittas-kochbuch.info\/wp-content\/uploads\/2021\/04\/ruebli-klein-300x225.jpg 300w\" sizes=\"(max-width: 400px) 100vw, 400px\" \/><\/figure><div class=\"wp-block-media-text__content\">\n<p>Zur \u00f6sterlichen Kaffeetafel kommt eine M\u00f6hrentorte, wie die <a href=\"https:\/\/brittas-kochbuch.info\/?p=21300\">Aargauer R\u00fceblitorte<\/a> immer gut an. Sie bleibt \u00fcber mehrere Tage frisch und saftig.<\/p>\n<\/div><\/div>\n\n\n\n<p>Wie oben schon erw\u00e4hnt, geh\u00f6rt bei uns Ostern Lamm dazu. Hier ein paar feine Feiertagsgerichte:<\/p>\n\n\n\n<div class=\"wp-block-media-text alignwide is-stacked-on-mobile is-vertically-aligned-top\" style=\"grid-template-columns:38% auto\"><figure class=\"wp-block-media-text__media\"><img loading=\"lazy\" decoding=\"async\" width=\"1024\" height=\"768\" src=\"https:\/\/brittas-kochbuch.info\/wp-content\/uploads\/2019\/04\/20190422_lammlachs02-1024x768.jpg\" alt=\"\" class=\"wp-image-15064 size-full\" srcset=\"https:\/\/brittas-kochbuch.info\/wp-content\/uploads\/2019\/04\/20190422_lammlachs02-1024x768.jpg 1024w, https:\/\/brittas-kochbuch.info\/wp-content\/uploads\/2019\/04\/20190422_lammlachs02-300x225.jpg 300w, https:\/\/brittas-kochbuch.info\/wp-content\/uploads\/2019\/04\/20190422_lammlachs02-768x576.jpg 768w, https:\/\/brittas-kochbuch.info\/wp-content\/uploads\/2019\/04\/20190422_lammlachs02-624x468.jpg 624w\" sizes=\"(max-width: 1024px) 100vw, 1024px\" \/><\/figure><div class=\"wp-block-media-text__content\">\n<p><a href=\"https:\/\/brittas-kochbuch.info\/?p=15072\">Lammlachs mit geschmortem Gem\u00fcse \u00e0 la Ratatouille, dazu gebratene Kartoffelw\u00fcrfelchen<\/a><\/p>\n<\/div><\/div>\n\n\n\n<div class=\"wp-block-media-text alignwide has-media-on-the-right is-stacked-on-mobile is-vertically-aligned-top\" style=\"grid-template-columns:auto 40%\"><figure class=\"wp-block-media-text__media\"><img loading=\"lazy\" decoding=\"async\" width=\"1024\" height=\"1024\" src=\"https:\/\/brittas-kochbuch.info\/wp-content\/uploads\/2015\/04\/lammkarree-1024x1024.jpg\" alt=\"\" class=\"wp-image-1721 size-full\" srcset=\"https:\/\/brittas-kochbuch.info\/wp-content\/uploads\/2015\/04\/lammkarree-1024x1024.jpg 1024w, https:\/\/brittas-kochbuch.info\/wp-content\/uploads\/2015\/04\/lammkarree-150x150.jpg 150w, https:\/\/brittas-kochbuch.info\/wp-content\/uploads\/2015\/04\/lammkarree-300x300.jpg 300w, https:\/\/brittas-kochbuch.info\/wp-content\/uploads\/2015\/04\/lammkarree-624x624.jpg 624w\" sizes=\"(max-width: 1024px) 100vw, 1024px\" \/><\/figure><div class=\"wp-block-media-text__content\">\n<p><a href=\"https:\/\/brittas-kochbuch.info\/?p=1711\">Lammkarree mit Kr\u00e4uterkruste<\/a><\/p>\n<\/div><\/div>\n\n\n\n<p>So weit so gut mit meiner Zusammenstellung feiert\u00e4glicher Gerichte. Vielen Dank, dass ich auch ohne ein aktuelles Rezept im Monat November 2022 mitmachen durfte.<\/p>\n\n\n\n<h4 class=\"wp-block-heading\">Hier geht es zu den feiert\u00e4glichen Rezepten der Mitreisenden:<\/h4>\n\n\n\n<ul class=\"wp-block-list\"><li>Wilma von Pane-Bistecca mit <a rel=\"noreferrer noopener\" href=\"https:\/\/pane-bistecca.com\/2022\/11\/09\/panettone-keine-weihnacht-ohne-panettone-no-christmas-without-it\/\" target=\"_blank\">Panettone, keine Weihnacht ohne!<\/a> <\/li><li>Sandra von Tracks and the City mit <a rel=\"noreferrer noopener\" href=\"https:\/\/tracksandthecity.de\/torrijas-rezept-spanien\/\" target=\"_blank\">Torrijas \u2013 das klassische spanische Rezept zur Semana Santa<\/a> <\/li><li>Sonja von fluffig &amp; hart mit <a rel=\"noreferrer noopener\" href=\"https:\/\/fluffigundhart.de\/recipe\/ochsenbaeckchen\/\" target=\"_blank\">Ochsenb\u00e4ckchen<\/a> <\/li><li>Wilma von Pane-Bistecca mit <a rel=\"noreferrer noopener\" href=\"https:\/\/pane-bistecca.com\/2022\/11\/13\/gefullte-rinderbraten-rolle-mit-pilz-sauce-filled-beef-roast-roll-with-mushroom-sauce\/\" target=\"_blank\">Gefuellte Rinderbraten Rolle mit Pilz Sauce<\/a> <\/li><li>Gabi von USA kulinarisch mit <a rel=\"noreferrer noopener\" href=\"https:\/\/www.usa-kulinarisch.de\/rezept\/stuffed-pumpkin-thanksgiving\/\" target=\"_blank\">Stuffed Pumpkin for a vegetarian Thanksgiving (gef\u00fcllter K\u00fcrbis)<\/a> <\/li><li>Susanne von magentratzerl mit <a rel=\"noreferrer noopener\" href=\"https:\/\/magentratzerl.de\/2022\/11\/14\/tuerkische-hochzeitssuppe-dueguen-corbasi\/\" target=\"_blank\">T\u00fcrkische Hochzeitssuppe<\/a> <\/li><li>Wilma von Pane-Bistecca mit <a rel=\"noreferrer noopener\" href=\"https:\/\/pane-bistecca.com\/2022\/11\/18\/basler-brunsli-traditional-swiss-christmas-cookie\/\" target=\"_blank\">Basler Brunsli<\/a> <\/li><li>Friederike von Fliederbaum mit <a rel=\"noreferrer noopener\" href=\"https:\/\/fliederbaum.blogspot.com\/2022\/11\/veggie-gans-fur-die-kulinarische.html\" target=\"_blank\">veggie Martini- oder Weihnachts-&#8222;Gans&#8220;-Gericht<\/a><\/li><li>Kathrina von K\u00fcchentraum &amp; Purzelbaum mit <a rel=\"noreferrer noopener\" href=\"https:\/\/www.kuechentraumundpurzelbaum.de\/schwedische-pfefferkuchen-pepparkakor\/\" target=\"_blank\">Schwedische Pfefferkuchen &#8211; Pepparkakor<\/a> <\/li><li>Jenny von Jenny is baking mit <a rel=\"noreferrer noopener\" href=\"https:\/\/jennyisbaking.com\/de\/2022\/11\/23\/cranberry-pie-fur-thanksgiving\/\" target=\"_blank\">Cranberry-Pie zu Thanksgiving<\/a> <\/li><li>Friederike von Fliederbaum mit <a rel=\"noreferrer noopener\" href=\"https:\/\/fliederbaum.blogspot.com\/2022\/11\/rindfleisch-mit-semmelkren-kulinarische.html\" target=\"_blank\">gekochtes Rindfleisch mit Semmelkren (Meerrettich)<\/a> <\/li><li>Petra aka Cascabel von Chili und Ciabatta mit <a rel=\"noreferrer noopener\" href=\"https:\/\/chili-und-ciabatta.de\/2022\/11\/butterstollen-mit-cranberries-aprikosen-mandeln-und-walnuessen\/\" target=\"_blank\">Butterstollen mit Cranberries, Aprikosen, Mandeln und Waln\u00fcssen<\/a> <\/li><li>Simone von zimtkringel mit <a rel=\"noreferrer noopener\" href=\"https:\/\/www.zimtkringel.org\/2022\/11\/25\/reindeer-chow\/\" target=\"_blank\">Reindeer Chow<\/a> <\/li><li>Ute von wiesengenuss mit <a rel=\"noreferrer noopener\" href=\"https:\/\/wiesengenuss.blogspot.com\/2018\/12\/koniginpastetchen-bouchees-la-reine.html\" target=\"_blank\">K\u00f6niginpastetchen &#8211; Bouch\u00e9es a la reine<\/a> <\/li><li>Sonja von fluffig &amp; hart mit <a rel=\"noreferrer noopener\" href=\"https:\/\/fluffigundhart.de\/recipe\/bratapfel-dessert\/\" target=\"_blank\">Bratapfel-Dessert im Glas<\/a> <\/li><li>Regina von bistroglobal.de mit <a rel=\"noreferrer noopener\" href=\"https:\/\/bistroglobal.de\/kourabiedes-aus-griechenland-feiertagsgerichte-aus-der-ganzen-welt\/\" target=\"_blank\">Kourabiedes<\/a> <\/li><li>Regina von bistroglobal.de mit <a rel=\"noreferrer noopener\" href=\"https:\/\/bistroglobal.de\/krollkuchen-feiertagsgrichte-aus-der-ganzen-welt\/\" target=\"_blank\">Krollkuchen<\/a> <\/li><li>Volker von volkermampft mit <a rel=\"noreferrer noopener\" href=\"https:\/\/volkermampft.de\/polnischer-babka-hefekuchen-zum-osterfest\/\" target=\"_blank\">Polnischer Babka \u2013 Hefekuchen zum Osterfest<\/a> <\/li><li>Volker von volkermampft mit <a rel=\"noreferrer noopener\" href=\"https:\/\/volkermampft.de\/truthahn-burger-mit-kuerbis-cranberry-bacon-jam\/\" target=\"_blank\">Truthahn Burger mit K\u00fcrbis &amp; Cranberry-Bacon Jam<\/a><\/li><\/ul>\n","protected":false},"excerpt":{"rendered":"<p>Im November geht es im Rahmen der kulinarischen Weltreise um typische Fest- bzw. Feiertagsgerichte aus der ganzen Welt. Zu diesem Anlass wollte ich eigentlich Pan de muerto, eine mexikanische Spezialit\u00e4t anl\u00e4sslich des Tages der Toten (D\u00eda de muertos) an Allerseelen, also am 2. November, backen. Aber wie hei\u00dft es so sch\u00f6n: Erstens kommt es anders [&hellip;]<\/p>\n","protected":false},"author":1,"featured_media":0,"comment_status":"open","ping_status":"open","sticky":false,"template":"","format":"standard","meta":{"sfsi_plus_gutenberg_text_before_share":"","sfsi_plus_gutenberg_show_text_before_share":"","sfsi_plus_gutenberg_icon_type":"","sfsi_plus_gutenberg_icon_alignemt":"","sfsi_plus_gutenburg_max_per_row":"","_jetpack_memberships_contains_paid_content":false,"footnotes":""},"categories":[169],"tags":[2048,3364,259],"class_list":["post-25669","post","type-post","status-publish","format-standard","hentry","category-blog-events","tag-die-kulinarische-weltreise","tag-feiertagsgerichte-aus-aller-welt","tag-zusammenfassung"],"jetpack_featured_media_url":"","jetpack_sharing_enabled":true,"_links":{"self":[{"href":"https:\/\/brittas-kochbuch.info\/index.php?rest_route=\/wp\/v2\/posts\/25669"}],"collection":[{"href":"https:\/\/brittas-kochbuch.info\/index.php?rest_route=\/wp\/v2\/posts"}],"about":[{"href":"https:\/\/brittas-kochbuch.info\/index.php?rest_route=\/wp\/v2\/types\/post"}],"author":[{"embeddable":true,"href":"https:\/\/brittas-kochbuch.info\/index.php?rest_route=\/wp\/v2\/users\/1"}],"replies":[{"embeddable":true,"href":"https:\/\/brittas-kochbuch.info\/index.php?rest_route=%2Fwp%2Fv2%2Fcomments&post=25669"}],"version-history":[{"count":59,"href":"https:\/\/brittas-kochbuch.info\/index.php?rest_route=\/wp\/v2\/posts\/25669\/revisions"}],"predecessor-version":[{"id":25820,"href":"https:\/\/brittas-kochbuch.info\/index.php?rest_route=\/wp\/v2\/posts\/25669\/revisions\/25820"}],"wp:attachment":[{"href":"https:\/\/brittas-kochbuch.info\/index.php?rest_route=%2Fwp%2Fv2%2Fmedia&parent=25669"}],"wp:term":[{"taxonomy":"category","embeddable":true,"href":"https:\/\/brittas-kochbuch.info\/index.php?rest_route=%2Fwp%2Fv2%2Fcategories&post=25669"},{"taxonomy":"post_tag","embeddable":true,"href":"https:\/\/brittas-kochbuch.info\/index.php?rest_route=%2Fwp%2Fv2%2Ftags&post=25669"}],"curies":[{"name":"wp","href":"https:\/\/api.w.org\/{rel}","templated":true}]}}