{"id":25821,"date":"2022-12-05T13:59:22","date_gmt":"2022-12-05T12:59:22","guid":{"rendered":"https:\/\/brittas-kochbuch.info\/?p=25821"},"modified":"2022-12-05T13:59:24","modified_gmt":"2022-12-05T12:59:24","slug":"update-die-kulinarische-weltreise-in-brasilien","status":"publish","type":"post","link":"https:\/\/brittas-kochbuch.info\/?p=25821","title":{"rendered":"Update: Die kulinarische Weltreise in Brasilien"},"content":{"rendered":"\n\n\n\n\n<p class=\"has-drop-cap\">Im Oktober waren wir mit <a href=\"https:\/\/volkermampft.de\/\" target=\"_blank\" rel=\"noreferrer noopener\">Volker mampft<\/a> im Rahmen der <a href=\"https:\/\/volkermampft.de\/die-kulinarische-weltreise-die-grosse-foodblogger-aktion\/\" target=\"_blank\" rel=\"noreferrer noopener\">Kulinarischen Weltreise<\/a> in Brasilien.<\/p>\n\n\n\n<p><a href=\"https:\/\/volkermampft.de\/die-besten-gerichte-aus-brasilien-tolle-rezepte-der-brasilianischen-kueche\/\" target=\"_blank\" rel=\"noreferrer noopener\">Hier<\/a> geht es zu seiner Zusammenfassung und im Folgenden seht Ihr den &#8222;Schnelldurchlauf&#8220;:<\/p>\n\n\n\n<ul class=\"wp-block-list\"><li>Susanne von magentratzerl mit <a rel=\"noreferrer noopener\" href=\"https:\/\/magentratzerl.de\/2022\/10\/08\/feijao-mit-arroz-scharfe-wachtelbohnen-mit-brasilianischem-reis\/\" target=\"_blank\">Feij\u00e3o mit Arroz | Scharfe Wachtelbohnen mit brasilianischem Reis<\/a><\/li><li>Regina von bistroglobal mit <a rel=\"noreferrer noopener\" href=\"https:\/\/bistroglobal.de\/moqueca-ein-fisch-krabben-eintopf-aus-brasilien\/\" target=\"_blank\">Moqueca<\/a><\/li><li>Wilma von Pane-Bistecca mit <a rel=\"noreferrer noopener\" href=\"https:\/\/pane-bistecca.com\/2022\/10\/10\/bolinho-de-aipim-da-aguida-brasilianische-gefullte-cassava-puffer-stuffed-brazilian-cassava-cakes\/\" target=\"_blank\">Bolinho de Aipim da Aguida<\/a><\/li><li>Petra aka Cascabel von Chili und Ciabatta mit <a rel=\"noreferrer noopener\" href=\"https:\/\/chili-und-ciabatta.de\/2022\/10\/quadradinhos-de-maracuja-maracuja-quadrate\/\" target=\"_blank\">Quadradinhos de Maracuja \u2013 Maracuja-Quadrate<\/a><\/li><li>Wilma von Pane-Bistecca mit <a rel=\"noreferrer noopener\" href=\"https:\/\/pane-bistecca.com\/2022\/10\/12\/feijoada-brasilianischer-bohneneintopf-brazilian-bean-stew\/\" target=\"_blank\">Feijoada \u2013 Brasilianischer Bohneneintopf<\/a><\/li><li>Simone von zimtkringel mit <a rel=\"noreferrer noopener\" href=\"https:\/\/www.zimtkringel.org\/camarao-com-amendoin\/\" target=\"_blank\">Camar\u00e3o com Amendoins \u2013 Garnelen mit Erdn\u00fcssen<\/a><\/li><li>Petra aka Cascabel von Chili und Ciabatta mit <a rel=\"noreferrer noopener\" href=\"https:\/\/chili-und-ciabatta.de\/2022\/10\/marinierte-haehnchen-oberschenkel-mit-bananen-farofa\/\" target=\"_blank\">Marinierte H\u00e4hnchen-Oberschenkel mit Bananen-Farofa<\/a><\/li><li>Wilma von Pane-Bistecca mit <a rel=\"noreferrer noopener\" href=\"https:\/\/pane-bistecca.com\/2022\/10\/17\/quibebe-brasilianisches-kurbis-gericht-brazilian-pumpkin-stew\/\" target=\"_blank\">Quibebe \u2013 Brasilianisches Kuerbis Gericht<\/a><\/li><li>Kathrina von K\u00fcchentraum &amp; Purzelbaum mit <a rel=\"noreferrer noopener\" href=\"https:\/\/www.kuechentraumundpurzelbaum.de\/brasilianische-kuerbissuppe\/\" target=\"_blank\">Brasilianische K\u00fcrbissuppe<\/a><\/li><li>Wilma von Pane-Bistecca mit <a rel=\"noreferrer noopener\" href=\"https:\/\/pane-bistecca.com\/2022\/10\/23\/brasilianisches-huhner-curry-brazilian-chicken-curry\/\" target=\"_blank\">Brasilianisches Huehner Curry<\/a><\/li><li>Sonja von fluffig &amp; hart mit <a rel=\"noreferrer noopener\" href=\"https:\/\/fluffigundhart.de\/recipe\/bolo-de-fuba\/\" target=\"_blank\">Bolo de Fub\u00e1 \u2013 brasilianischer Maiskuchen<\/a><\/li><li>Michael von SalzigS\u00fcssLecker mit <a rel=\"noreferrer noopener\" href=\"https:\/\/salzig-suess-lecker.de\/feijoada-brasili\u2026lieblingseintopf\/ \u200e\" target=\"_blank\">Feijoada \u2013 Brasiliens Lieblingseintopf<\/a><\/li><li>Petra aka Cascabel von Chili und Ciabatta mit <a rel=\"noreferrer noopener\" href=\"https:\/\/chili-und-ciabatta.de\/2022\/10\/arrumadinho-de-linguica-ein-ordentliches-gericht-aus-brasiliens-nordosten\/\" target=\"_blank\">Arrumadinho de lingui\u00e7a<\/a><\/li><li>Dirk von low-n-slow mit <a rel=\"noreferrer noopener\" href=\"https:\/\/low-n-slow.de\/ofen\/bolo-de-fuba-maiskuchen-samba\/\" target=\"_blank\">Bolo de fub\u00e1, Maiskuchen-Samba<\/a><\/li><li>Jenny von Jenny is baking mit <a rel=\"noreferrer noopener\" href=\"https:\/\/jennyisbaking.com\/de\/2022\/10\/30\/brasilianische-schokotorte-mit-brigadeiro\/\" target=\"_blank\">Brasilianische Schokotorte mit Brigadeiro<\/a><\/li><li>Volker von volkermampft mit <a rel=\"noreferrer noopener\" href=\"https:\/\/volkermampft.de\/brasilianischer-fischeintopf-moqueca-baiana\/\" target=\"_blank\">Brasilianischer Fischeintopf \u2013 Moqueca Baiana<\/a><\/li><li>Volker von volkermampft mit <a rel=\"noreferrer noopener\" href=\"https:\/\/volkermampft.de\/brasilianische-kaesebaellchen-pao-de-queijo\/\" target=\"_blank\">Rezept f\u00fcr Brasilianische K\u00e4seb\u00e4llchen \u2013 Pao De Queijo<\/a><\/li><li>Susanne von magentratzerl mit <a rel=\"noreferrer noopener\" href=\"https:\/\/magentratzerl.de\/2022\/10\/23\/risole-de-queijo\/\" target=\"_blank\">Risole de Quejo<\/a><\/li><\/ul>\n","protected":false},"excerpt":{"rendered":"<p>Im Oktober waren wir mit Volker mampft im Rahmen der Kulinarischen Weltreise in Brasilien. Hier geht es zu seiner Zusammenfassung und im Folgenden seht Ihr den &#8222;Schnelldurchlauf&#8220;: Susanne von magentratzerl mit Feij\u00e3o mit Arroz | Scharfe Wachtelbohnen mit brasilianischem Reis Regina von bistroglobal mit Moqueca Wilma von Pane-Bistecca mit Bolinho de Aipim da Aguida Petra [&hellip;]<\/p>\n","protected":false},"author":1,"featured_media":0,"comment_status":"open","ping_status":"open","sticky":false,"template":"","format":"standard","meta":{"sfsi_plus_gutenberg_text_before_share":"","sfsi_plus_gutenberg_show_text_before_share":"","sfsi_plus_gutenberg_icon_type":"","sfsi_plus_gutenberg_icon_alignemt":"","sfsi_plus_gutenburg_max_per_row":"","_jetpack_memberships_contains_paid_content":false,"footnotes":""},"categories":[169],"tags":[172,3339,2048,385],"class_list":["post-25821","post","type-post","status-publish","format-standard","hentry","category-blog-events","tag-blog-event","tag-brasilien","tag-die-kulinarische-weltreise","tag-update"],"jetpack_featured_media_url":"","jetpack_sharing_enabled":true,"_links":{"self":[{"href":"https:\/\/brittas-kochbuch.info\/index.php?rest_route=\/wp\/v2\/posts\/25821"}],"collection":[{"href":"https:\/\/brittas-kochbuch.info\/index.php?rest_route=\/wp\/v2\/posts"}],"about":[{"href":"https:\/\/brittas-kochbuch.info\/index.php?rest_route=\/wp\/v2\/types\/post"}],"author":[{"embeddable":true,"href":"https:\/\/brittas-kochbuch.info\/index.php?rest_route=\/wp\/v2\/users\/1"}],"replies":[{"embeddable":true,"href":"https:\/\/brittas-kochbuch.info\/index.php?rest_route=%2Fwp%2Fv2%2Fcomments&post=25821"}],"version-history":[{"count":3,"href":"https:\/\/brittas-kochbuch.info\/index.php?rest_route=\/wp\/v2\/posts\/25821\/revisions"}],"predecessor-version":[{"id":25824,"href":"https:\/\/brittas-kochbuch.info\/index.php?rest_route=\/wp\/v2\/posts\/25821\/revisions\/25824"}],"wp:attachment":[{"href":"https:\/\/brittas-kochbuch.info\/index.php?rest_route=%2Fwp%2Fv2%2Fmedia&parent=25821"}],"wp:term":[{"taxonomy":"category","embeddable":true,"href":"https:\/\/brittas-kochbuch.info\/index.php?rest_route=%2Fwp%2Fv2%2Fcategories&post=25821"},{"taxonomy":"post_tag","embeddable":true,"href":"https:\/\/brittas-kochbuch.info\/index.php?rest_route=%2Fwp%2Fv2%2Ftags&post=25821"}],"curies":[{"name":"wp","href":"https:\/\/api.w.org\/{rel}","templated":true}]}}