{"id":26348,"date":"2023-02-27T11:35:04","date_gmt":"2023-02-27T10:35:04","guid":{"rendered":"https:\/\/brittas-kochbuch.info\/?p=26348"},"modified":"2023-06-10T12:36:56","modified_gmt":"2023-06-10T10:36:56","slug":"koch-mein-rezept-arepas-de-queso-von-jenny-is-baking","status":"publish","type":"post","link":"https:\/\/brittas-kochbuch.info\/?p=26348","title":{"rendered":"Koch mein Rezept (Arepas con queso von Jenny is baking)"},"content":{"rendered":"\n<a href='https:\/\/volkermampft.de\/koch-mein-rezept-foodblogs-neu-entdeckt\/' title='Blogger Aktion \"Koch mein Rezept - der gro\u00dfe Rezepttausch\" von @volkermampft'><img src='https:\/\/volkermampft.de\/wp-content\/uploads\/2020\/06\/banner-koch-mein-rezept-quer-600.png' width='600' height='275' alt='Blogger Aktion \"Koch mein Rezept - der gro\u00dfe Rezepttausch\" von @volkermampft '><\/a>\n\n\n\n<p class=\"has-drop-cap\">In der 14. Runde von <a href=\"https:\/\/volkermampft.de\/koch-mein-rezept-foodblogs-neu-entdeckt\/\" target=\"_blank\" rel=\"noreferrer noopener\">Koch mein Rezept &#8211; das gro\u00dfe Foodblogwichteln<\/a>, initiiert von <a href=\"https:\/\/volkermampft.de\/\" target=\"_blank\" rel=\"noreferrer noopener\">Volker mampft<\/a>, wurde mir der Blog <a href=\"https:\/\/jennyisbaking.com\/de\" target=\"_blank\" rel=\"noreferrer noopener\">Jenny is Baking<\/a> zugelost und hier ist der Name Programm.<\/p>\n\n\n\n<p>Jenny kenne ich von diversen Blog-Events, u. a. von der <a href=\"https:\/\/volkermampft.de\/die-kulinarische-weltreise-die-grosse-foodblogger-aktion\/\" target=\"_blank\" rel=\"noreferrer noopener\">kulinarischen Weltreise<\/a>. <\/p>\n\n\n\n<p>Mein <a href=\"https:\/\/jennyisbaking.com\/de\/2022\/05\/27\/arepas-con-queso-oder-maisfladen-mit-kasefullung-aus-kolumbien\/\" target=\"_blank\" rel=\"noreferrer noopener\">Tauschrezept<\/a> war ihr Beitrag f\u00fcr die Etappe <a rel=\"noreferrer noopener\" href=\"https:\/\/volkermampft.de\/die-besten-brot-broetchen-rezepte-aus-der-ganzen-welt\/\" target=\"_blank\">Brot und Br\u00f6tchen aus aller Welt<\/a>. Arepas sind runde Maisfladen, die haupts\u00e4chlich in Kolumbien und Venezuela zu fast allen Mahlzeiten gegessen.<\/p>\n\n\n\n<p>Jenny selber ist in Uruguay geboren, hat in den USA und nach dem Abitur in Kanada gelebt. Inzwischen wohnt sie in S\u00fcddeutschland, ist mit einem Kolumbianer verheiratet und backt leidenschaftlich gerne. Beim Durchlesen der <a href=\"https:\/\/jennyisbaking.com\/de\/about\/\" target=\"_blank\" rel=\"noreferrer noopener\">&#8222;40 Fakten \u00fcber mich&#8220;<\/a> kann man nur staunen, was sie schon so alles gemacht hat in ihrem Leben: Jazz-Pianistin, Studium der Germanistik und Amerikanistik, Sprachenlehrerin. Puh!<\/p>\n\n\n\n<p>Bei mir durfte sich \u00fcbrigens Tamara von <a href=\"https:\/\/cakescookiesandmore.ch\/\" target=\"_blank\" rel=\"noreferrer noopener\">Cakes, Cookies and more<\/a> rezepttechnisch bedienen und hat sich f\u00fcr die <a href=\"https:\/\/brittas-kochbuch.info\/?p=24348\">Bratwurst-Carbonara nach Jamie Oliver<\/a> entschieden. Tamara hat die <a href=\"https:\/\/cakescookiesandmore.ch\/2023\/02\/salsiccia-carbonara.html\" target=\"_blank\" rel=\"noreferrer noopener\">Bratwurst durch Salsiccia<\/a> ersetzt, was ja nur gut schmecken kann. Sobald ich mal wieder Salsiccia bei uns im Gesch\u00e4ft entdecke, werde ich Tamaras Variante unbedingt einmal nachkochen.<\/p>\n\n\n\n<!--more-->\n\n\n\n<p>Nun aber zu den Arepas, die wir zu einem herzhaften, ausgedehnten Sonntagsfr\u00fchst\u00fcck zubereiteten.<\/p>\n\n\n<div class=\"wp-block-image\">\n<figure class=\"aligncenter size-full\"><a href=\"https:\/\/brittas-kochbuch.info\/wp-content\/uploads\/2023\/02\/20230226_arepa03.jpg\"><img loading=\"lazy\" decoding=\"async\" width=\"555\" height=\"416\" src=\"https:\/\/brittas-kochbuch.info\/wp-content\/uploads\/2023\/02\/20230226_arepa03.jpg\" alt=\"\" class=\"wp-image-26367\" srcset=\"https:\/\/brittas-kochbuch.info\/wp-content\/uploads\/2023\/02\/20230226_arepa03.jpg 555w, https:\/\/brittas-kochbuch.info\/wp-content\/uploads\/2023\/02\/20230226_arepa03-300x225.jpg 300w\" sizes=\"(max-width: 555px) 100vw, 555px\" \/><\/a><figcaption class=\"wp-element-caption\">N\u00fcrnberger Bratw\u00fcrstchen, Arepas con queso, R\u00fchrei<\/figcaption><\/figure><\/div>\n\n\n<p>Der Geschmack ist gut, aber die mit Mozzarella gef\u00fcllten Maisfladen sind verdammt m\u00e4chtig. Ich w\u00fcrde wohl die Menge der Zutaten halbieren und kleinere Fladen machen.<\/p>\n\n\n\n<div class=\"wp-block-media-text alignwide is-stacked-on-mobile is-vertically-aligned-top\" style=\"grid-template-columns:41% auto\"><figure class=\"wp-block-media-text__media\"><img loading=\"lazy\" decoding=\"async\" width=\"416\" height=\"555\" src=\"https:\/\/brittas-kochbuch.info\/wp-content\/uploads\/2023\/02\/20230226_arepa01.jpg\" alt=\"\" class=\"wp-image-26365 size-full\" srcset=\"https:\/\/brittas-kochbuch.info\/wp-content\/uploads\/2023\/02\/20230226_arepa01.jpg 416w, https:\/\/brittas-kochbuch.info\/wp-content\/uploads\/2023\/02\/20230226_arepa01-225x300.jpg 225w\" sizes=\"(max-width: 416px) 100vw, 416px\" \/><\/figure><div class=\"wp-block-media-text__content\">\n<p>F\u00fcr die Fladen braucht Ihr ein spezielles, <a href=\"https:\/\/de.wikipedia.org\/wiki\/Mais#Nixtamalisation\" target=\"_blank\" rel=\"noreferrer noopener\">vorgekochtes Maismehl<\/a>, das man &#8211; dem Internet sei Dank &#8211; leicht online bestellen kann.<\/p>\n\n\n\n<p>Dies ist auch das richtige Mehl f\u00fcr Tortillas.<\/p>\n\n\n\n<p>Die Arepas sind tats\u00e4chlich im Handumdrehen zubereitet. W\u00e4hrend der Teig aufquillt, kann man schon einmal W\u00fcrstchen braten und R\u00fchrei zubereiten und bis zum Fr\u00fchst\u00fcck im Backofen warmhalten.<\/p>\n\n\n\n<p><\/p>\n<\/div><\/div>\n\n\n\n<h4 class=\"wp-block-heading\">Zutaten f\u00fcr 4 Arepas con queso:<\/h4>\n\n\n\n<ul class=\"wp-block-list\">\n<li>260 g vorgekochtes Maismehl (<em><strong>Jenny:<\/strong> in Lateinamerika nutzt man fast ausschlie\u00dflich &#8222;masarepa&#8220; von der Marke &#8222;Pan&#8220;, hierzulande findet man das Mehl oft im Asia-Laden oder man bestellt es online wie ich &#8211; siehe oben<\/em>)<\/li>\n\n\n\n<li>1\/2 &#8211; 1 TL Salz<\/li>\n\n\n\n<li>30 g Butter plus weitere zum Braten<\/li>\n\n\n\n<li>330g kaltes Wasser (evtl. mehr)<\/li>\n\n\n\n<li>ca. 100 g geriebene Mozzarella (<em>ich w\u00fcrde das n\u00e4chste Mal die Mozzarella einfach in vier Teile schneiden, denn ich fand es, unge\u00fcbt wie ich bin, schwierig, den Teig komplett um den K\u00e4se zu h\u00fcllen<\/em>)<\/li>\n<\/ul>\n\n\n<div class=\"wp-block-image\">\n<figure class=\"aligncenter size-full\"><a href=\"https:\/\/brittas-kochbuch.info\/wp-content\/uploads\/2023\/02\/20230226_arepa06.jpg\"><img loading=\"lazy\" decoding=\"async\" width=\"416\" height=\"555\" src=\"https:\/\/brittas-kochbuch.info\/wp-content\/uploads\/2023\/02\/20230226_arepa06.jpg\" alt=\"\" class=\"wp-image-26370\" srcset=\"https:\/\/brittas-kochbuch.info\/wp-content\/uploads\/2023\/02\/20230226_arepa06.jpg 416w, https:\/\/brittas-kochbuch.info\/wp-content\/uploads\/2023\/02\/20230226_arepa06-225x300.jpg 225w\" sizes=\"(max-width: 416px) 100vw, 416px\" \/><\/a><\/figure><\/div>\n\n\n<h4 class=\"wp-block-heading\">Zubereitung:<\/h4>\n\n\n\n<p>Maismehl, Salz, Butter in St\u00fcckchen und Wasser in einer Sch\u00fcssel zun\u00e4chst mit einem L\u00f6ffel, dann mit den H\u00e4nden verkneten. Den Teig ca. 5 Minuten ausquellen lassen. <\/p>\n\n\n\n<p>Der Teig soll sich eher etwas feucht anf\u00fchlen, darf auf keinen Fall kr\u00fcmelig sein oder bei Formen Risse aufweisen. Laut <strong>Jenny<\/strong> ist das Ergebnis des perfekten Teiges vom Mehl als auch vom Wetter abh\u00e4ngig, daher ist die Wassermenge ein lediglicher Richtwert. Ich musste tats\u00e4chlich etwas Wasser zugeben.<\/p>\n\n\n\n<p>Den Teig in 4 gleich gro\u00dfe und schwere (bei mir 155 g) Teile aufteilen, zu Kugeln formen und eine Mulde formen. Dahinein ein Viertel der geriebenen Mozzarella geben, \u00fcber dem K\u00e4se eine Kugel formen und diese anschlie\u00dfend platt dr\u00fccken.<\/p>\n\n\n<div class=\"wp-block-image\">\n<figure class=\"aligncenter size-full\"><a href=\"https:\/\/brittas-kochbuch.info\/wp-content\/uploads\/2023\/02\/20230226_arepa02.jpg\"><img loading=\"lazy\" decoding=\"async\" width=\"555\" height=\"416\" src=\"https:\/\/brittas-kochbuch.info\/wp-content\/uploads\/2023\/02\/20230226_arepa02.jpg\" alt=\"\" class=\"wp-image-26366\" srcset=\"https:\/\/brittas-kochbuch.info\/wp-content\/uploads\/2023\/02\/20230226_arepa02.jpg 555w, https:\/\/brittas-kochbuch.info\/wp-content\/uploads\/2023\/02\/20230226_arepa02-300x225.jpg 300w\" sizes=\"(max-width: 555px) 100vw, 555px\" \/><\/a><\/figure><\/div>\n\n\n<p>Butter in einer Pfanne auf mittlerer Hitze schmelzen (<em>Ich habe noch einen Teel\u00f6ffel Raps\u00f6l zugegeben, damit die Butter nicht zu leicht verbrennt.<\/em>) Die Arepas auf jeder Seite 5 Minuten goldbraun braten.<\/p>\n\n\n\n<p>Ich habe sie vor dem Servieren noch mit etwas K\u00fcchenpapier entfettet.<\/p>\n\n\n<div class=\"wp-block-image\">\n<figure class=\"aligncenter size-full\"><a href=\"https:\/\/brittas-kochbuch.info\/wp-content\/uploads\/2023\/02\/20230226_arepa06.jpg\"><img loading=\"lazy\" decoding=\"async\" width=\"416\" height=\"555\" src=\"https:\/\/brittas-kochbuch.info\/wp-content\/uploads\/2023\/02\/20230226_arepa06.jpg\" alt=\"\" class=\"wp-image-26370\" srcset=\"https:\/\/brittas-kochbuch.info\/wp-content\/uploads\/2023\/02\/20230226_arepa06.jpg 416w, https:\/\/brittas-kochbuch.info\/wp-content\/uploads\/2023\/02\/20230226_arepa06-225x300.jpg 225w\" sizes=\"(max-width: 416px) 100vw, 416px\" \/><\/a><\/figure><\/div>\n\n\n<figure class=\"wp-block-gallery has-nested-images columns-default is-cropped wp-block-gallery-1 is-layout-flex wp-block-gallery-is-layout-flex\">\n<figure class=\"wp-block-image size-large\"><a href=\"https:\/\/brittas-kochbuch.info\/wp-content\/uploads\/2023\/02\/20230226_arepa05.jpg\"><img loading=\"lazy\" decoding=\"async\" width=\"555\" height=\"416\" data-id=\"26369\" src=\"https:\/\/brittas-kochbuch.info\/wp-content\/uploads\/2023\/02\/20230226_arepa05.jpg\" alt=\"\" class=\"wp-image-26369\" srcset=\"https:\/\/brittas-kochbuch.info\/wp-content\/uploads\/2023\/02\/20230226_arepa05.jpg 555w, https:\/\/brittas-kochbuch.info\/wp-content\/uploads\/2023\/02\/20230226_arepa05-300x225.jpg 300w\" sizes=\"(max-width: 555px) 100vw, 555px\" \/><\/a><\/figure>\n\n\n\n<figure class=\"wp-block-image size-large\"><a href=\"https:\/\/brittas-kochbuch.info\/wp-content\/uploads\/2023\/02\/20230226_arepa04.jpg\"><img loading=\"lazy\" decoding=\"async\" width=\"555\" height=\"416\" data-id=\"26368\" src=\"https:\/\/brittas-kochbuch.info\/wp-content\/uploads\/2023\/02\/20230226_arepa04.jpg\" alt=\"\" class=\"wp-image-26368\" srcset=\"https:\/\/brittas-kochbuch.info\/wp-content\/uploads\/2023\/02\/20230226_arepa04.jpg 555w, https:\/\/brittas-kochbuch.info\/wp-content\/uploads\/2023\/02\/20230226_arepa04-300x225.jpg 300w\" sizes=\"(max-width: 555px) 100vw, 555px\" \/><\/a><\/figure>\n<\/figure>\n\n\n\n<p>Der K\u00e4se ist sch\u00f6n in der Arepa zerlaufen, mit W\u00fcrstchen und R\u00fchrei macht sie ein wunderbares s\u00e4ttigendes Fr\u00fchst\u00fcck.<\/p>\n\n\n\n<h4 class=\"wp-block-heading\">Hier stelle ich Euch die Tauschblogs der letzten 13 Runden vor:<\/h4>\n\n\n\n<figure class=\"wp-block-table\"><table><tbody><tr><td><strong>Runde<\/strong><\/td><td><strong>Ich koche aus dem Blog\u2026<\/strong><\/td><td><strong>Rezept<\/strong> (meine Version)<\/td><td><strong>Aus meinem Blog kocht\u2026<\/strong><\/td><td><strong>Rezept<\/strong> (ihre\/seine Version)<\/td><\/tr><tr><td>1<\/td><td><a href=\"https:\/\/evchenkocht.de\/\" target=\"_blank\" rel=\"noreferrer noopener\">Evchen kocht<\/a><\/td><td><a href=\"https:\/\/brittas-kochbuch.info\/?p=18476\">Herzhafter Kaiserschmarren<\/a><\/td><td><a href=\"https:\/\/magentratzerl.de\/\" target=\"_blank\" rel=\"noreferrer noopener\">Magentratzerl<\/a><\/td><td><a href=\"https:\/\/magentratzerl.de\/2020\/07\/04\/tschanachi-aus-dem-slowcooker-nach-brittas-kochbuch\/\" target=\"_blank\" rel=\"noreferrer noopener\">Tschanachi<\/a><\/td><\/tr><tr><td>2<\/td><td><a href=\"https:\/\/kohlenpottgourmet.de\/\" target=\"_blank\" rel=\"noreferrer noopener\">Kohlenpottgourmet<\/a><\/td><td><a href=\"https:\/\/brittas-kochbuch.info\/?p=19048\">K\u00fcrbis-Hackb\u00e4llchen-Sp\u00e4tzle-Auflauf<\/a><\/td><td><a href=\"https:\/\/meinwunderbareschaos.de\/\" target=\"_blank\" rel=\"noreferrer noopener\">Mein wunderbares Chaos<\/a><\/td><td><a href=\"https:\/\/meinwunderbareschaos.de\/vegetarische-kibbeh-mit-karotten-und-kichererbsen\/\" target=\"_blank\" rel=\"noreferrer noopener\">Vegetarische Kibbeh mit Karotten und Kichererbsen<\/a><\/td><\/tr><tr><td>3<\/td><td><a href=\"https:\/\/caroskueche.de\/\" target=\"_blank\" rel=\"noreferrer noopener\">Caros K\u00fcche<\/a><\/td><td><a href=\"https:\/\/brittas-kochbuch.info\/?p=19810\">Kirsch-Streusel-Taler<\/a><\/td><td><a href=\"https:\/\/muenchnerkuechenexperimente.de\/\" target=\"_blank\" rel=\"noreferrer noopener\">M\u00fcnchner K\u00fcchenexperimente<\/a><\/td><td><a href=\"https:\/\/muenchnerkuechenexperimente.de\/2020\/11\/15\/koch-mein-rezept-3-selleriesalat-mit-granatapfel-und-feta\/\" target=\"_blank\" rel=\"noreferrer noopener\">Selleriesalat mit Granatapfel und Feta<\/a><\/td><\/tr><tr><td>4<\/td><td><a href=\"https:\/\/backmaedchen1967.de\/\" target=\"_blank\" rel=\"noreferrer noopener\">Backm\u00e4dchen 1967<\/a><\/td><td><a href=\"https:\/\/brittas-kochbuch.info\/?p=20652\">Versunkener Birnenkuchen<\/a><\/td><td><a href=\"https:\/\/heute-gibt.es\/\" target=\"_blank\" rel=\"noreferrer noopener\">Heute gibt es\u2026<\/a><\/td><td><a rel=\"noreferrer noopener\" href=\"https:\/\/heute-gibt.es\/rote-bete-risotto\/\" target=\"_blank\">Rote Bete-Risotto<\/a><\/td><\/tr><tr><td>5<\/td><td><a href=\"https:\/\/www.zypresseunterwegs.de\/\" target=\"_blank\" rel=\"noreferrer noopener\">Zypresse unterwegs<\/a><\/td><td><a href=\"https:\/\/brittas-kochbuch.info\/?p=20979\">Peanutbutter Cookies<\/a><\/td><td><a href=\"https:\/\/der.reisko.ch\/\" target=\"_blank\" rel=\"noreferrer noopener\">Der Reiskoch<\/a><\/td><td><a rel=\"noreferrer noopener\" href=\"https:\/\/der.reisko.ch\/rezepte\/garbanzos-con-acelgas\/\" target=\"_blank\">Kichererbsen mit Mangold<\/a><\/td><\/tr><tr><td>6<\/td><td><a href=\"https:\/\/noplainvanillakitchen.blogspot.com\/\" target=\"_blank\" rel=\"noreferrer noopener\">(no) plain Vanilla Kitchen<\/a><\/td><td><a href=\"https:\/\/brittas-kochbuch.info\/?p=21506\">Pasta alla Ligure<\/a><\/td><td><a href=\"https:\/\/evchenkocht.de\/\" target=\"_blank\" rel=\"noreferrer noopener\">Evchen kocht<\/a><\/td><td><a href=\"https:\/\/evchenkocht.de\/bienenstich-im-glas\/\" target=\"_blank\" rel=\"noreferrer noopener\">Bienenstich im Glas mit einem Hauch Erdbeeren<\/a><\/td><\/tr><tr><td>7<\/td><td><a href=\"https:\/\/labsalliebe.com\/\" target=\"_blank\" rel=\"noreferrer noopener\">Labsalliebe<\/a><\/td><td><a href=\"https:\/\/brittas-kochbuch.info\/?p=21963\" target=\"_blank\" rel=\"noreferrer noopener\">Ab Hendevaneh \u2013 Persische Wassermelonenlimonade<\/a><\/td><td><a href=\"https:\/\/zunehmend-wild.de\/\" target=\"_blank\" rel=\"noreferrer noopener\">Zunehmend wild<\/a><\/td><td><a href=\"https:\/\/zunehmend-wild.de\/rezepte\/kochmeinrezept-haehnchen-curry-mit-mango\/\" target=\"_blank\" rel=\"noreferrer noopener\">H\u00fchnchencurry mit Mango<\/a><\/td><\/tr><tr><td>8<\/td><td><a href=\"http:\/\/www.oberstrifftsahne.com\/\" target=\"_blank\" rel=\"noreferrer noopener\">Obers trifft Sahne<\/a><\/td><td><a href=\"https:\/\/brittas-kochbuch.info\/?p=22375\">Spaghettimuffins<\/a><\/td><td><a href=\"https:\/\/applethree.de\/\" target=\"_blank\" rel=\"noreferrer noopener\">Applethree<\/a><\/td><td><a href=\"https:\/\/applethree.de\/erdbeerkuchen-rezept-im-glas\/\" target=\"_blank\" rel=\"noreferrer noopener\">Erdbeerkuchen im Glas<\/a><\/td><\/tr><tr><td>9<\/td><td><a rel=\"noreferrer noopener\" href=\"https:\/\/muenchnerkuechenexperimente.de\/\" target=\"_blank\">M\u00fcnchner K\u00fcchenexperimente<\/a><\/td><td><a href=\"https:\/\/brittas-kochbuch.info\/?p=22846\">Wintersalat mit Rosenkohl<\/a><\/td><td><a href=\"https:\/\/www.kochtopf.me\/\" target=\"_blank\" rel=\"noreferrer noopener\">1x umr\u00fchren bitte aka Kochtopf<\/a><\/td><td><a href=\"https:\/\/www.kochtopf.me\/faecherkartoffeln-airfryer-rezept\" target=\"_blank\" rel=\"noreferrer noopener\">F\u00e4cherkartoffeln aus dem Airfryer<\/a><\/td><\/tr><tr><td>10<\/td><td><a href=\"http:\/\/www.kleineisel.de\/blogs\/index.php\/brotundrosen\/\" target=\"_blank\" rel=\"noreferrer noopener\">Brot und Rosen<\/a><\/td><td><a href=\"https:\/\/brittas-kochbuch.info\/?p=23334\">Mafianudeln<\/a><\/td><td><a href=\"https:\/\/www.kuechentraumundpurzelbaum.de\/\" target=\"_blank\" rel=\"noreferrer noopener\">K\u00fcchentraum &amp; Purzelbaum<\/a><\/td><td><a href=\"https:\/\/www.kuechentraumundpurzelbaum.de\/rezept-fuer-hot-dog-broetchen\/\" target=\"_blank\" rel=\"noreferrer noopener\">Hotdog Br\u00f6tchen<\/a><\/td><\/tr><tr><td>11<\/td><td><a href=\"https:\/\/reiseschmaus.de\/\" target=\"_blank\" rel=\"noreferrer noopener\">Reiseschmaus<\/a><\/td><td><a href=\"https:\/\/brittas-kochbuch.info\/?p=24413\">Sucuk-Pfanne mit Ei<\/a><\/td><td><a href=\"https:\/\/www.zimtkringel.org\/\" target=\"_blank\" rel=\"noreferrer noopener\">Zimtkringel<\/a><\/td><td><a href=\"https:\/\/www.zimtkringel.org\/radiesle\/\" target=\"_blank\" rel=\"noreferrer noopener\">S\u00fc\u00df-saure Radiesle<\/a><\/td><\/tr><tr><td>12<\/td><td><a href=\"https:\/\/coconutcucumber.com\/\" target=\"_blank\" rel=\"noreferrer noopener\">Coconut &amp; Cucumber<\/a><\/td><td><a href=\"https:\/\/brittas-kochbuch.info\/?p=25172\">Dicke Bohnen-Salat mit Pesto, ger\u00f6steten Pinienkernen und Parmesan<\/a><\/td><td><a href=\"https:\/\/wassersch.eu\" target=\"_blank\" rel=\"noreferrer noopener\">Sus Corumblog 2.0<\/a><\/td><td><a href=\"https:\/\/wassersch.eu\/corumblog\/2022\/09\/eichblattsalat-mit-edamame-und-lachs\/\" target=\"_blank\" rel=\"noreferrer noopener\">Eichblattsalat mit Edamame und Lachs<\/a><\/td><\/tr><tr><td>13<\/td><td><a href=\"https:\/\/www.fambrenner.de\/\" target=\"_blank\" rel=\"noreferrer noopener\">Kaffeebohne<\/a><\/td><td><a href=\"https:\/\/brittas-kochbuch.info\/?p=25774\">Westf\u00e4lische Potthucke<\/a><\/td><td><a href=\"https:\/\/jennyisbaking.com\/de\/\" target=\"_blank\" rel=\"noreferrer noopener\">Jenny is baking<\/a><\/td><td><a href=\"https:\/\/jennyisbaking.com\/de\/2022\/10\/21\/klassische-belgische-waffeln-mit-ubernachtgare\/\" target=\"_blank\" rel=\"noreferrer noopener\">Belgische Waffeln mit \u00dcbernachgare<\/a><\/td><\/tr><\/tbody><\/table><\/figure>\n\n\n\n<p>To be continued\u2026<\/p>\n","protected":false},"excerpt":{"rendered":"<p>In der 14. Runde von Koch mein Rezept &#8211; das gro\u00dfe Foodblogwichteln, initiiert von Volker mampft, wurde mir der Blog Jenny is Baking zugelost und hier ist der Name Programm. Jenny kenne ich von diversen Blog-Events, u. a. von der kulinarischen Weltreise. Mein Tauschrezept war ihr Beitrag f\u00fcr die Etappe Brot und Br\u00f6tchen aus aller [&hellip;]<\/p>\n","protected":false},"author":1,"featured_media":0,"comment_status":"open","ping_status":"open","sticky":false,"template":"","format":"standard","meta":{"sfsi_plus_gutenberg_text_before_share":"","sfsi_plus_gutenberg_show_text_before_share":"","sfsi_plus_gutenberg_icon_type":"","sfsi_plus_gutenberg_icon_alignemt":"","sfsi_plus_gutenburg_max_per_row":"","_jetpack_memberships_contains_paid_content":false,"footnotes":""},"categories":[169,628,10,710,9],"tags":[3415,2698,3416,3417,3134,67,25],"class_list":["post-26348","post","type-post","status-publish","format-standard","hentry","category-blog-events","category-brot-broetchen-und-herzhaftes-gebaeck","category-kochbucher","category-nachgekocht","category-vegetarisches","tag-arepas-con-queso","tag-koch-mein-rezept","tag-kolumbien","tag-maisfladen-mit-kaese","tag-maismehl","tag-mozzarella","tag-vegetarisch"],"jetpack_featured_media_url":"","jetpack_sharing_enabled":true,"_links":{"self":[{"href":"https:\/\/brittas-kochbuch.info\/index.php?rest_route=\/wp\/v2\/posts\/26348"}],"collection":[{"href":"https:\/\/brittas-kochbuch.info\/index.php?rest_route=\/wp\/v2\/posts"}],"about":[{"href":"https:\/\/brittas-kochbuch.info\/index.php?rest_route=\/wp\/v2\/types\/post"}],"author":[{"embeddable":true,"href":"https:\/\/brittas-kochbuch.info\/index.php?rest_route=\/wp\/v2\/users\/1"}],"replies":[{"embeddable":true,"href":"https:\/\/brittas-kochbuch.info\/index.php?rest_route=%2Fwp%2Fv2%2Fcomments&post=26348"}],"version-history":[{"count":25,"href":"https:\/\/brittas-kochbuch.info\/index.php?rest_route=\/wp\/v2\/posts\/26348\/revisions"}],"predecessor-version":[{"id":27030,"href":"https:\/\/brittas-kochbuch.info\/index.php?rest_route=\/wp\/v2\/posts\/26348\/revisions\/27030"}],"wp:attachment":[{"href":"https:\/\/brittas-kochbuch.info\/index.php?rest_route=%2Fwp%2Fv2%2Fmedia&parent=26348"}],"wp:term":[{"taxonomy":"category","embeddable":true,"href":"https:\/\/brittas-kochbuch.info\/index.php?rest_route=%2Fwp%2Fv2%2Fcategories&post=26348"},{"taxonomy":"post_tag","embeddable":true,"href":"https:\/\/brittas-kochbuch.info\/index.php?rest_route=%2Fwp%2Fv2%2Ftags&post=26348"}],"curies":[{"name":"wp","href":"https:\/\/api.w.org\/{rel}","templated":true}]}}