{"id":27439,"date":"2023-08-17T16:30:47","date_gmt":"2023-08-17T14:30:47","guid":{"rendered":"https:\/\/brittas-kochbuch.info\/?p=27439"},"modified":"2024-01-03T08:13:37","modified_gmt":"2024-01-03T07:13:37","slug":"die-kulinarische-weltreise-namibisches-straussengulasch","status":"publish","type":"post","link":"https:\/\/brittas-kochbuch.info\/?p=27439","title":{"rendered":"Die kulinarische Weltreise: Namibisches Strau\u00dfengulasch"},"content":{"rendered":"\n<a href='http:\/\/volkermampft.de\/die-kulinarische-weltreise-die-grosse-foodblogger-aktion' title='Blogger Aktion \"Die kulinarische Weltreise von @volkermampft'><img src='http:\/\/volkermampft.de\/wp-content\/uploads\/2018\/02\/kulinarische_weltreise_500x200.png' width='500' height='200' alt='Blogger Aktion &quot;Die kulinarische Weltreise von @volkermampft'><\/a>\n\n\n\n<p class=\"has-drop-cap\">Im August geht es mit <a href=\"https:\/\/volkermampft.de\/\" target=\"_blank\" rel=\"noreferrer noopener\">Volkers<\/a> <a href=\"https:\/\/volkermampft.de\/kategorien\/blog-events\/die-kulinarische-weltreise\/\" target=\"_blank\" rel=\"noreferrer noopener\">kulinarischer Weltreise<\/a> nach Namibia. Lange Zeit tr\u00e4umte ich davon, anl\u00e4sslich unserer Silberhochzeit am 21. August nach Namibia zu reisen, aber nun bleibt es wohl bei der virtuellen bzw. kulinarischen Reise.<\/p>\n\n\n\n<p>\u00c4hnlich wie in <a rel=\"noreferrer noopener\" href=\"https:\/\/volkermampft.de\/outdoorkueche-und-kulinarische-vielfalt-auf-nach-suedafrika\/\" target=\"_blank\">S\u00fcdafrika, wohin es uns im April 2019<\/a> verschlagen hatte, wird auch in Namibia gerne viel Fleisch, darunter neben Rindfleisch auch f\u00fcr uns exotische Sorten wie Strau\u00df oder auch Antilope, gegessen.<\/p>\n\n\n\n<p>Aus reiner Neugier habe ich mal gegoogelt, ob man bei uns irgendwo Strau\u00dfenfleisch bekommt und siehe da, nur wenige Kilometer vom Kaff entfernt liegt das <a href=\"https:\/\/guthimmelpforten.live-website.com\/\" target=\"_blank\" rel=\"noreferrer noopener\">Gut Himmelpforten<\/a>, eine Strau\u00dfenfarm, die seit 2019 besteht.<\/p>\n\n\n\n<p>Wir haben dort Bratenfleisch f\u00fcr das Gulasch sowie Filets f\u00fcr eine sp\u00e4tere Mahlzeit gekauft.<\/p>\n\n\n\n<p>Das Gulasch war mit Zimt, Honig und Backpflaumen ganz ungew\u00f6hnlich, aber am Ende sehr schmackhaft. Das Rezept ist &#8211; wie der <a href=\"https:\/\/brittas-kochbuch.info\/?p=27345\">Bananekuchen<\/a><a rel=\"noreferrer noopener\" href=\"https:\/\/www.amazon.de\/Namibia-Kochbuch-Fr%C3%BChst%C3%BCcksgerichte-Hauptgerichte-Mehrg%C3%A4nge-Men%C3%BCs\/dp\/B093RZJJ7D\/ref=sr_1_1?crid=1Q6BHH0LR2G67&amp;keywords=namibia+kochbuch&amp;qid=1689504418&amp;sprefix=namibia%2Caps%2C87&amp;sr=8-1\" target=\"_blank\"> &#8211; ebenfalls aus dem Namibia-Kochbuch<\/a> [Werbung ohne Gegenleistung].<\/p>\n\n\n<div class=\"wp-block-image\">\n<figure class=\"aligncenter size-full\"><a href=\"https:\/\/brittas-kochbuch.info\/wp-content\/uploads\/2023\/08\/20230723_straussengulasch02.jpg\"><img loading=\"lazy\" decoding=\"async\" width=\"555\" height=\"416\" src=\"https:\/\/brittas-kochbuch.info\/wp-content\/uploads\/2023\/08\/20230723_straussengulasch02.jpg\" alt=\"\" class=\"wp-image-27509\" srcset=\"https:\/\/brittas-kochbuch.info\/wp-content\/uploads\/2023\/08\/20230723_straussengulasch02.jpg 555w, https:\/\/brittas-kochbuch.info\/wp-content\/uploads\/2023\/08\/20230723_straussengulasch02-300x225.jpg 300w\" sizes=\"(max-width: 555px) 100vw, 555px\" \/><\/a><\/figure><\/div>\n\n\n<p>Leider gab es keinen Vorschlag f\u00fcr die Beilage(n), deshalb gab es einfach auf Wunsch des G\u00f6Gas Selleriekartoffelp\u00fcree und Brokkoli. Eine typische Beilage in Namibia ist auf jeden Fall Pap, ein Maisbrei \u00e4hnlich der Polenta.<\/p>\n\n\n\n<h4 class=\"wp-block-heading\">Zutaten f\u00fcr 3 &#8211; 4 Portionen:<\/h4>\n\n\n\n<ul class=\"wp-block-list\">\n<li>640 g Strau\u00dfenfleisch (f\u00fcr Gulasch geeignet)<\/li>\n\n\n\n<li>1 Zwiebel<\/li>\n\n\n\n<li>250 ml Wasser<\/li>\n\n\n\n<li>250 ml Rotwein<\/li>\n\n\n\n<li>250 g entkernte Backpflaumen<\/li>\n\n\n\n<li>15 ml Sonnenblumen\u00f6l<\/li>\n\n\n\n<li>30 ml Honig<\/li>\n\n\n\n<li>1 Zitrone<\/li>\n\n\n\n<li>1 kleines St\u00fcck Ingwer<\/li>\n\n\n\n<li>5 g gemahlener Zimt<\/li>\n<\/ul>\n\n\n\n<h4 class=\"wp-block-heading\">Zubereitung:<\/h4>\n\n\n\n<div class=\"wp-block-media-text alignwide is-stacked-on-mobile is-vertically-aligned-top\" style=\"grid-template-columns:40% auto\"><figure class=\"wp-block-media-text__media\"><img loading=\"lazy\" decoding=\"async\" width=\"555\" height=\"416\" src=\"https:\/\/brittas-kochbuch.info\/wp-content\/uploads\/2023\/08\/20230723_straussengulasch01.jpg\" alt=\"\" class=\"wp-image-27508 size-full\" srcset=\"https:\/\/brittas-kochbuch.info\/wp-content\/uploads\/2023\/08\/20230723_straussengulasch01.jpg 555w, https:\/\/brittas-kochbuch.info\/wp-content\/uploads\/2023\/08\/20230723_straussengulasch01-300x225.jpg 300w\" sizes=\"(max-width: 555px) 100vw, 555px\" \/><\/figure><div class=\"wp-block-media-text__content\">\n<p>Fleisch in mundgerechte St\u00fccke schneiden und in eine Sch\u00fcssel f\u00fcllen. <\/p>\n\n\n\n<p>Zwiebel sch\u00e4len und w\u00fcrfeln, Ingwer sch\u00e4len und fein hacken. Beides zum Fleisch geben. \u00d6l und Zimt zuf\u00fcgen, alles gut vermengen und abgedeckt mindestens 4 Stunden an einem k\u00fchlen Ort ruhen lassen.<\/p>\n<\/div><\/div>\n\n\n\n<p>Nach der Ruhezeit Fleisch in einem Topf von allen Seiten anbraten. Mit den beiden Fl\u00fcssigkeiten (Wasser und Rotwein) abl\u00f6schen. Die H\u00e4lfte der Zitrone in Zesten aufteilen und zum Fleisch geben. Honig und die Pflaumen ebenso hinzuf\u00fcgen. Unter gelegentlichem Umr\u00fchren mit einem Deckel abgedeckt 2 Stunden lang schmoren, bis das Fleisch gar und weich ist.<\/p>\n\n\n\n<p>Das Gulasch mit den Beilagen nach Wunsch anrichten.<\/p>\n\n\n<div class=\"wp-block-image\">\n<figure class=\"aligncenter size-full\"><a href=\"https:\/\/brittas-kochbuch.info\/wp-content\/uploads\/2023\/08\/20230723_straussengulasch03.jpg\"><img loading=\"lazy\" decoding=\"async\" width=\"555\" height=\"416\" src=\"https:\/\/brittas-kochbuch.info\/wp-content\/uploads\/2023\/08\/20230723_straussengulasch03.jpg\" alt=\"\" class=\"wp-image-27507\" srcset=\"https:\/\/brittas-kochbuch.info\/wp-content\/uploads\/2023\/08\/20230723_straussengulasch03.jpg 555w, https:\/\/brittas-kochbuch.info\/wp-content\/uploads\/2023\/08\/20230723_straussengulasch03-300x225.jpg 300w\" sizes=\"(max-width: 555px) 100vw, 555px\" \/><\/a><\/figure><\/div>\n\n\n<h5 class=\"wp-block-heading\">Wie immer sammle ich im Laufe des Monats hier die Rezepte der Mitreisenden:<\/h5>\n\n\n\n<ul class=\"wp-block-list\">\n<li>Wilma von Pane-Bistecca mit <a rel=\"noreferrer noopener\" href=\"https:\/\/pane-bistecca.com\/2023\/08\/11\/schwarzaugen-kuhbohne-dip\/\" target=\"_blank\">Schwarzaugen-Kuhbohnen Dip aus Namibia<\/a> <\/li>\n\n\n\n<li>Wilma von Pane-Bistecca mit <a rel=\"noreferrer noopener\" href=\"https:\/\/pane-bistecca.com\/2023\/08\/14\/papaya-chutney-aus-namibia\/\" target=\"_blank\">Papaya Chutney aus Namibia<\/a> <\/li>\n\n\n\n<li>Regina von bistroglobal mit <a rel=\"noreferrer noopener\" href=\"https:\/\/bistroglobal.de\/rusks-ein-fruehstuecksgebaeck-aus-namibia\/\" target=\"_blank\">Rusks<\/a> <\/li>\n\n\n\n<li>Susanne von magentratzerl mit <a rel=\"noreferrer noopener\" href=\"https:\/\/magentratzerl.de\/2023\/08\/17\/pap-en-wors\/\" target=\"_blank\">Pap en Wors<\/a> <\/li>\n\n\n\n<li>Wilma von Pane-Bistecca mit <a rel=\"noreferrer noopener\" href=\"https:\/\/pane-bistecca.com\/2023\/08\/20\/mielie-pap-maismehl-pappe\/\" target=\"_blank\">Mielie Pap &#8211; Maismehl Pappe<\/a> <\/li>\n\n\n\n<li>Petra aka Cascabel von Chili und Ciabatta mit <a rel=\"noreferrer noopener\" href=\"https:\/\/chili-und-ciabatta.de\/2023\/08\/erste-erfahrungen-mit-dem-potjie-wildgulasch-mit-kartoffeln-und-moehren\/\" target=\"_blank\">Erste Erfahrungen mit dem Potjie \u2013 Wildgulasch mit Kartoffeln und M\u00f6hren<\/a> <\/li>\n\n\n\n<li>Kathrina von K\u00fcchentraum &amp; Purzelbaum mit <a rel=\"noreferrer noopener\" href=\"https:\/\/www.kuechentraumundpurzelbaum.de\/namibische-milktarte\/\" target=\"_blank\">Namibische Milktarte<\/a> <\/li>\n\n\n\n<li>Wilma von Pane-Bistecca mit <a rel=\"noreferrer noopener\" href=\"https:\/\/pane-bistecca.com\/2023\/08\/23\/kapana-gegrilltes-rindfleisch\/\" target=\"_blank\">Kapana<\/a><\/li>\n\n\n\n<li>Simone von zimtkringel mit <a rel=\"noreferrer noopener\" href=\"https:\/\/www.zimtkringel.org\/mielie-bread\/\" target=\"_blank\">Mielie Bread<\/a><\/li>\n\n\n\n<li>Britta von Brittas Kochbuch mit <a rel=\"noreferrer noopener\" href=\"https:\/\/brittas-kochbuch.info\/?p=27345\" target=\"_blank\">Namibischer Bananenkuchen<\/a> <\/li>\n\n\n\n<li>Britta von Brittas Kochbuch mit <a rel=\"noreferrer noopener\" href=\"https:\/\/brittas-kochbuch.info\/?p=27439\" target=\"_blank\">Namibisches Strau\u00dfengulasch<\/a><\/li>\n\n\n\n<li>Britta von Brittas Kochbuch mit <a rel=\"noreferrer noopener\" href=\"https:\/\/brittas-kochbuch.info\/?p=27347\" target=\"_blank\">Rock Shandy<\/a><\/li>\n<\/ul>\n","protected":false},"excerpt":{"rendered":"<p>Im August geht es mit Volkers kulinarischer Weltreise nach Namibia. Lange Zeit tr\u00e4umte ich davon, anl\u00e4sslich unserer Silberhochzeit am 21. August nach Namibia zu reisen, aber nun bleibt es wohl bei der virtuellen bzw. kulinarischen Reise. \u00c4hnlich wie in S\u00fcdafrika, wohin es uns im April 2019 verschlagen hatte, wird auch in Namibia gerne viel Fleisch, [&hellip;]<\/p>\n","protected":false},"author":1,"featured_media":0,"comment_status":"open","ping_status":"open","sticky":false,"template":"","format":"standard","meta":{"sfsi_plus_gutenberg_text_before_share":"","sfsi_plus_gutenberg_show_text_before_share":"","sfsi_plus_gutenberg_icon_type":"","sfsi_plus_gutenberg_icon_alignemt":"","sfsi_plus_gutenburg_max_per_row":"","_jetpack_memberships_contains_paid_content":false,"footnotes":""},"categories":[169,231,10,710],"tags":[2048,3507,3522,3521],"class_list":["post-27439","post","type-post","status-publish","format-standard","hentry","category-blog-events","category-kalbfleisch","category-kochbucher","category-nachgekocht","tag-die-kulinarische-weltreise","tag-namibia","tag-strauss","tag-straussengulasch"],"jetpack_featured_media_url":"","jetpack_sharing_enabled":true,"_links":{"self":[{"href":"https:\/\/brittas-kochbuch.info\/index.php?rest_route=\/wp\/v2\/posts\/27439"}],"collection":[{"href":"https:\/\/brittas-kochbuch.info\/index.php?rest_route=\/wp\/v2\/posts"}],"about":[{"href":"https:\/\/brittas-kochbuch.info\/index.php?rest_route=\/wp\/v2\/types\/post"}],"author":[{"embeddable":true,"href":"https:\/\/brittas-kochbuch.info\/index.php?rest_route=\/wp\/v2\/users\/1"}],"replies":[{"embeddable":true,"href":"https:\/\/brittas-kochbuch.info\/index.php?rest_route=%2Fwp%2Fv2%2Fcomments&post=27439"}],"version-history":[{"count":25,"href":"https:\/\/brittas-kochbuch.info\/index.php?rest_route=\/wp\/v2\/posts\/27439\/revisions"}],"predecessor-version":[{"id":28305,"href":"https:\/\/brittas-kochbuch.info\/index.php?rest_route=\/wp\/v2\/posts\/27439\/revisions\/28305"}],"wp:attachment":[{"href":"https:\/\/brittas-kochbuch.info\/index.php?rest_route=%2Fwp%2Fv2%2Fmedia&parent=27439"}],"wp:term":[{"taxonomy":"category","embeddable":true,"href":"https:\/\/brittas-kochbuch.info\/index.php?rest_route=%2Fwp%2Fv2%2Fcategories&post=27439"},{"taxonomy":"post_tag","embeddable":true,"href":"https:\/\/brittas-kochbuch.info\/index.php?rest_route=%2Fwp%2Fv2%2Ftags&post=27439"}],"curies":[{"name":"wp","href":"https:\/\/api.w.org\/{rel}","templated":true}]}}