{"id":27574,"date":"2023-09-03T09:00:00","date_gmt":"2023-09-03T07:00:00","guid":{"rendered":"https:\/\/brittas-kochbuch.info\/?p=27574"},"modified":"2023-09-01T15:18:55","modified_gmt":"2023-09-01T13:18:55","slug":"gefuellte-kartoffelpie","status":"publish","type":"post","link":"https:\/\/brittas-kochbuch.info\/?p=27574","title":{"rendered":"Gef\u00fcllte Kartoffelpie"},"content":{"rendered":"\n<figure class=\"wp-block-image size-large\"><a href=\"https:\/\/brittas-kochbuch.info\/wp-content\/uploads\/2022\/02\/Foodblogparty_Leckeres-fuer-jeden-tag_gross_190228.jpg\"><img loading=\"lazy\" decoding=\"async\" width=\"1024\" height=\"409\" src=\"https:\/\/brittas-kochbuch.info\/wp-content\/uploads\/2022\/02\/Foodblogparty_Leckeres-fuer-jeden-tag_gross_190228-1024x409.jpg\" alt=\"\" class=\"wp-image-23533\" srcset=\"https:\/\/brittas-kochbuch.info\/wp-content\/uploads\/2022\/02\/Foodblogparty_Leckeres-fuer-jeden-tag_gross_190228-1024x409.jpg 1024w, https:\/\/brittas-kochbuch.info\/wp-content\/uploads\/2022\/02\/Foodblogparty_Leckeres-fuer-jeden-tag_gross_190228-300x120.jpg 300w, https:\/\/brittas-kochbuch.info\/wp-content\/uploads\/2022\/02\/Foodblogparty_Leckeres-fuer-jeden-tag_gross_190228-768x307.jpg 768w, https:\/\/brittas-kochbuch.info\/wp-content\/uploads\/2022\/02\/Foodblogparty_Leckeres-fuer-jeden-tag_gross_190228-624x249.jpg 624w, https:\/\/brittas-kochbuch.info\/wp-content\/uploads\/2022\/02\/Foodblogparty_Leckeres-fuer-jeden-tag_gross_190228.jpg 1231w\" sizes=\"(max-width: 1024px) 100vw, 1024px\" \/><\/a><\/figure>\n\n\n\n<p class=\"has-drop-cap\">Am ersten Sonntag im September gibt es wieder <a href=\"https:\/\/www.facebook.com\/leckeresfuerjedentag\" target=\"_blank\" rel=\"noreferrer noopener\">Leckeres f\u00fcr jeden Tag<\/a>. Diesen Monat k\u00fcmmern wir uns um g\u00fcnstige &#8211; aber dennoch gesunde und gut schmeckende &#8211; Gerichte.<\/p>\n\n\n\n<p>Bisher dachte ich immer, es sei eine gute Idee, regional und saisonal einzukaufen, aber im letzten Winter verlor ich den Glauben an dieses Konzept, als ich feststellte, dass importierte Erdbeeren g\u00fcnstiger waren als regionaler Gr\u00fcnkohl. Da geht doch etwas wahnsinnig schief!<\/p>\n\n\n\n<p>Nun haben wir das gro\u00dfe Gl\u00fcck, beim Lebensmitteleinkauf den Euro nicht umdrehen zu m\u00fcssen, wof\u00fcr  ich sehr dankbar bin. So fiel es mir schon ein bisschen schwer, ein passendes Rezept zu finden.<\/p>\n\n\n\n<p>Kartoffeln sind aber auf jeden Fall g\u00fcnstig, genau wie Lauch und \u00c4pfel. Die Bratw\u00fcrste kann man sich auch &#8211; im wahrsten Wortsinn &#8211; sparen, aber vielleicht bekommt man sie ebenfalls g\u00fcnstig. Wir haben zu veganen Bratw\u00fcrsten gegriffen.<\/p>\n\n\n<div class=\"wp-block-image\">\n<figure class=\"aligncenter size-full\"><a href=\"https:\/\/brittas-kochbuch.info\/wp-content\/uploads\/2023\/08\/20230802_kartoffelpie03.jpg\"><img loading=\"lazy\" decoding=\"async\" width=\"555\" height=\"416\" src=\"https:\/\/brittas-kochbuch.info\/wp-content\/uploads\/2023\/08\/20230802_kartoffelpie03.jpg\" alt=\"\" class=\"wp-image-27601\" srcset=\"https:\/\/brittas-kochbuch.info\/wp-content\/uploads\/2023\/08\/20230802_kartoffelpie03.jpg 555w, https:\/\/brittas-kochbuch.info\/wp-content\/uploads\/2023\/08\/20230802_kartoffelpie03-300x225.jpg 300w\" sizes=\"(max-width: 555px) 100vw, 555px\" \/><\/a><\/figure><\/div>\n\n\n<p>Herausgekommen ist ein s\u00e4ttigender Pie, von dem locker 4 Erwachsene satt werden.<\/p>\n\n\n\n<p>Das Rezept ist aus Jamie Olivers Kochbuch<strong> <a href=\"https:\/\/brittas-kochbuch.info\/?p=24279\">7 Ways<\/a><\/strong>, das auf dem deutschen B\u00fcchermarkt <strong>7mal anders<\/strong> hei\u00dft.<\/p>\n\n\n\n<h4 class=\"wp-block-heading\">Zutaten f\u00fcr 4 Portionen:<\/h4>\n\n\n\n<ul class=\"wp-block-list\">\n<li>1, 2 kg Kartoffeln *)<\/li>\n\n\n\n<li><span style=\"text-decoration: underline;\">optional:<\/span> 6 &#8211; vegane &#8211; Bratw\u00fcrste<\/li>\n\n\n\n<li>Oliven\u00f6l zum Braten<\/li>\n\n\n\n<li>2 gro\u00dfe Stangen Porree (Lauch) *)<\/li>\n\n\n\n<li>2 \u00c4pfel *)<\/li>\n\n\n\n<li>1\/2 Bund Thymian (alternativ: getrockneter Thymian)<\/li>\n\n\n\n<li>4 EL Mehl<\/li>\n\n\n\n<li>500 ml Milch *)<\/li>\n\n\n\n<li>3 TL Senf<\/li>\n\n\n\n<li>Salz, Pfeffer, Muskatnuss<\/li>\n\n\n\n<li><span style=\"text-decoration: underline;\">au\u00dferdem:<\/span> mittelgro\u00dfe Bratpfanne, Kochtopf, Auflaufform<\/li>\n<\/ul>\n\n\n\n<h4 class=\"wp-block-heading\">Zubereitung:<\/h4>\n\n\n\n<p>Backofen auf 200 \u00b0C Ober-\/Unterhitze vorheizen. Den Rost auf die unterste Ebene schieben.<\/p>\n\n\n\n<p>Kartoffeln sch\u00e4len, in kleine W\u00fcrfel schneiden. Knapp mit Salzwasser bedecken, zum Kochen bringen und weich kochen. Abgie\u00dfen und mit der H\u00e4lfte des Mehls stampfen. Mit Salz, Pfeffer und Muskatnuss abschmecken.<\/p>\n\n\n\n<p><span style=\"text-decoration: underline;\">Optional:<\/span> In der Zwischenzeit die W\u00fcrste in etwas Oliven\u00f6l rundum braun braten. Etwas abk\u00fchlen lassen und in ca. 1 cm breite St\u00fccke schneiden.<\/p>\n\n\n\n<p>Lauchstangen bis zur Wurzel l\u00e4ngs halbieren, unter flie\u00dfendem Wasser gr\u00fcndlich waschen und in 1 cm breite Halbringe schneiden.<\/p>\n\n\n\n<p>\u00c4pfel sch\u00e4len, entkernen und in 1 cm gro\u00dfe St\u00fccke schneiden.<\/p>\n\n\n\n<p>Sobald die W\u00fcrstchen fertig gebraten sind, diese auf einen Teller legen und in der selben Pfanne Porree und \u00c4pfel and\u00fcnsten. 2\/3 des Thymians und einen Schluck Wasser zugeben, mit Salz und Pfeffer abschmecken und unter gelegentlichem R\u00fchren 20 Minuten garen.<\/p>\n\n\n\n<p>Restliches Mehl zum Porreegem\u00fcse geben, vorsichtig die Milch und den Senf einr\u00fchren und weitere 5 Minuten k\u00f6cheln lassen, bis die Sauce cremig eingekocht ist. Das \u00c4quivalent von 4 W\u00fcrstchen zum Gem\u00fcse geben.<\/p>\n\n\n\n<p>Eine Auflaufform von ca. 20 x 28 cm Gr\u00f6\u00dfe leicht mit Butter ausstreichen. 2\/3 der Kartoffelmasse hineindr\u00fccken, dabei an den R\u00e4ndern leicht hochziehen. Das restliche Drittel auf einem Backpapier auf die Gr\u00f6\u00dfe der Auflaufform dr\u00fccken.<\/p>\n\n\n\n<p>Das Porree-Apfelgem\u00fcse auf dem Kartoffelteig verteilen. Das Backpapier mit dem restlichen Kartoffelteig umgedreht als Deckel auf den Auflauf geben. An den Seiten mit einer Gabel festdr\u00fccken.<\/p>\n\n\n\n<p>Die restlichen Bratwurstst\u00fccke hineinstecken, mit etwas \u00d6l bestreichen und ca. 40 Minuten backen, bis der Deckel goldbraun ist. Kurz vor Ende der Backzeit den restlichen Thymian \u00fcber den Pie streuen.<\/p>\n\n\n\n<p>Ich muss sagen, die Kombination von gebackenem Kartoffelteig mit der Porree-Apfel-F\u00fcllung hat ganz wunderbar geschmeckt. Die W\u00fcrste haben den herzhaften Kick gegeben, aber h\u00e4tten nicht sein m\u00fcssen.<\/p>\n\n\n\n<figure class=\"wp-block-gallery has-nested-images columns-default is-cropped wp-block-gallery-1 is-layout-flex wp-block-gallery-is-layout-flex\">\n<figure class=\"wp-block-image size-large\"><a href=\"https:\/\/brittas-kochbuch.info\/wp-content\/uploads\/2023\/08\/20230802_kartoffelpie04.jpg\"><img loading=\"lazy\" decoding=\"async\" width=\"555\" height=\"416\" data-id=\"27602\" src=\"https:\/\/brittas-kochbuch.info\/wp-content\/uploads\/2023\/08\/20230802_kartoffelpie04.jpg\" alt=\"\" class=\"wp-image-27602\" srcset=\"https:\/\/brittas-kochbuch.info\/wp-content\/uploads\/2023\/08\/20230802_kartoffelpie04.jpg 555w, https:\/\/brittas-kochbuch.info\/wp-content\/uploads\/2023\/08\/20230802_kartoffelpie04-300x225.jpg 300w\" sizes=\"(max-width: 555px) 100vw, 555px\" \/><\/a><\/figure>\n\n\n\n<figure class=\"wp-block-image size-large\"><a href=\"https:\/\/brittas-kochbuch.info\/wp-content\/uploads\/2023\/08\/20230802_kartoffelpie01.jpg\"><img loading=\"lazy\" decoding=\"async\" width=\"555\" height=\"416\" data-id=\"27599\" src=\"https:\/\/brittas-kochbuch.info\/wp-content\/uploads\/2023\/08\/20230802_kartoffelpie01.jpg\" alt=\"\" class=\"wp-image-27599\" srcset=\"https:\/\/brittas-kochbuch.info\/wp-content\/uploads\/2023\/08\/20230802_kartoffelpie01.jpg 555w, https:\/\/brittas-kochbuch.info\/wp-content\/uploads\/2023\/08\/20230802_kartoffelpie01-300x225.jpg 300w\" sizes=\"(max-width: 555px) 100vw, 555px\" \/><\/a><\/figure>\n\n\n\n<figure class=\"wp-block-image size-large\"><a href=\"https:\/\/brittas-kochbuch.info\/wp-content\/uploads\/2023\/08\/20230802_kartoffelpie02.jpg\"><img loading=\"lazy\" decoding=\"async\" width=\"555\" height=\"416\" data-id=\"27600\" src=\"https:\/\/brittas-kochbuch.info\/wp-content\/uploads\/2023\/08\/20230802_kartoffelpie02.jpg\" alt=\"\" class=\"wp-image-27600\" srcset=\"https:\/\/brittas-kochbuch.info\/wp-content\/uploads\/2023\/08\/20230802_kartoffelpie02.jpg 555w, https:\/\/brittas-kochbuch.info\/wp-content\/uploads\/2023\/08\/20230802_kartoffelpie02-300x225.jpg 300w\" sizes=\"(max-width: 555px) 100vw, 555px\" \/><\/a><\/figure>\n<\/figure>\n\n\n\n<p>*) Hier noch eine kleine Kostenaufstellung:<\/p>\n\n\n\n<ul class=\"wp-block-list\">\n<li>1 kg Kartoffeln &#8211; ca. 1,20 \u20ac<\/li>\n\n\n\n<li>1 Stange Porree\/Lauch &#8211; ca. 0,89 \u20ac (Tipp: 1 dicke Stange nehmen und mit milden Zwiebeln &#8222;aufstocken&#8220;)<\/li>\n\n\n\n<li>1 kg \u00c4pfel &#8211; ca. 2,29 \u20ac -&gt; 2 \u00c4pfel &#8211; ca. 0,76 \u20ac<\/li>\n\n\n\n<li>500 ml Milch &#8211; ca. 0,60 \u20ac<\/li>\n\n\n\n<li><span style=\"text-decoration: underline;\">insgesamt:<\/span> ca. 1,60 \u20ac pro Portion ohne Wurst inklusive anteilig Mehl, \u00d6l, Gew\u00fcrze aus dem Vorrat<\/li>\n<\/ul>\n\n\n\n<h5 class=\"wp-block-heading\">Hier geht es zu den g\u00fcnstigen Rezepten der anderen Lecker-f\u00fcr-jeden-Tag-Mitglieder:<\/h5>\n\n\n\n<ul class=\"wp-block-list\">\n<li>Silke von Blackforestkitchen mit <a rel=\"noreferrer noopener\" href=\"https:\/\/blackforestkitchenblog.com\/2023\/09\/03\/ofentortellini-guenstig-kochen\/\" target=\"_blank\">Ofentortellini g\u00fcnstig kochen<\/a> <\/li>\n\n\n\n<li>Carina von Coffee2Stay mit <a rel=\"noreferrer noopener\" href=\"https:\/\/coffee2stay.blog\/2023\/09\/03\/guenstig-farbenfroh-kochen-brokkoroni\/\" target=\"_blank\">G\u00fcnsitg farbenfroh kochen: Brokkoroni<\/a> <\/li>\n\n\n\n<li>Kathrina von K\u00fcchentraum &amp; Purzelbaum mit <a rel=\"noreferrer noopener\" href=\"https:\/\/www.kuechentraumundpurzelbaum.de\/spaghetti-aglio-e-olio-der-guenstige-klassiker\/\u201d rel=\" target=\"_blank\">Spaghetti aglio e olio &#8211; der g\u00fcnstige Klassiker<\/a><\/li>\n\n\n\n<li>Sylvia von Brotwein mit <a rel=\"noreferrer noopener\" href=\"https:\/\/brotwein.net\/linseneintopf-rezept-klassisch-7218\" target=\"_blank\">Linseneintopf &#8211; Rezept klassisch<\/a> <\/li>\n\n\n\n<li>Bianca von ELBCUISINE mit <a rel=\"noreferrer noopener\" href=\"https:\/\/elbcuisine.de\/rucola-rezept-pasta\" target=\"_blank\">Schnelles Rucola-Rezept mit Pasta<\/a> <\/li>\n\n\n\n<li>Simone von zimtkringel mit <a rel=\"noreferrer noopener\" href=\"https:\/\/www.zimtkringel.org\/kritharakitopf\/\" target=\"_blank\">Kritharaki-Topf mit Sommergem\u00fcse<\/a><\/li>\n<\/ul>\n","protected":false},"excerpt":{"rendered":"<p>Am ersten Sonntag im September gibt es wieder Leckeres f\u00fcr jeden Tag. Diesen Monat k\u00fcmmern wir uns um g\u00fcnstige &#8211; aber dennoch gesunde und gut schmeckende &#8211; Gerichte. Bisher dachte ich immer, es sei eine gute Idee, regional und saisonal einzukaufen, aber im letzten Winter verlor ich den Glauben an dieses Konzept, als ich feststellte, [&hellip;]<\/p>\n","protected":false},"author":1,"featured_media":0,"comment_status":"open","ping_status":"open","sticky":false,"template":"","format":"standard","meta":{"sfsi_plus_gutenberg_text_before_share":"","sfsi_plus_gutenberg_show_text_before_share":"","sfsi_plus_gutenberg_icon_type":"","sfsi_plus_gutenberg_icon_alignemt":"","sfsi_plus_gutenburg_max_per_row":"","_jetpack_memberships_contains_paid_content":false,"footnotes":""},"categories":[1],"tags":[3214,3140,3527,3526,2649,92,115,422,391,376,25],"class_list":["post-27574","post","type-post","status-publish","format-standard","hentry","category-uncategorized","tag-leckeresfuerjedentag-2","tag-leckeresfuerjedentag","tag-leckeresguenstigkochen-2","tag-leckeresguenstigkochen","tag-aepfel","tag-apfel","tag-kartoffeln","tag-lauch","tag-porree","tag-vegane-bratwurst","tag-vegetarisch"],"jetpack_featured_media_url":"","jetpack_sharing_enabled":true,"_links":{"self":[{"href":"https:\/\/brittas-kochbuch.info\/index.php?rest_route=\/wp\/v2\/posts\/27574"}],"collection":[{"href":"https:\/\/brittas-kochbuch.info\/index.php?rest_route=\/wp\/v2\/posts"}],"about":[{"href":"https:\/\/brittas-kochbuch.info\/index.php?rest_route=\/wp\/v2\/types\/post"}],"author":[{"embeddable":true,"href":"https:\/\/brittas-kochbuch.info\/index.php?rest_route=\/wp\/v2\/users\/1"}],"replies":[{"embeddable":true,"href":"https:\/\/brittas-kochbuch.info\/index.php?rest_route=%2Fwp%2Fv2%2Fcomments&post=27574"}],"version-history":[{"count":22,"href":"https:\/\/brittas-kochbuch.info\/index.php?rest_route=\/wp\/v2\/posts\/27574\/revisions"}],"predecessor-version":[{"id":27722,"href":"https:\/\/brittas-kochbuch.info\/index.php?rest_route=\/wp\/v2\/posts\/27574\/revisions\/27722"}],"wp:attachment":[{"href":"https:\/\/brittas-kochbuch.info\/index.php?rest_route=%2Fwp%2Fv2%2Fmedia&parent=27574"}],"wp:term":[{"taxonomy":"category","embeddable":true,"href":"https:\/\/brittas-kochbuch.info\/index.php?rest_route=%2Fwp%2Fv2%2Fcategories&post=27574"},{"taxonomy":"post_tag","embeddable":true,"href":"https:\/\/brittas-kochbuch.info\/index.php?rest_route=%2Fwp%2Fv2%2Ftags&post=27574"}],"curies":[{"name":"wp","href":"https:\/\/api.w.org\/{rel}","templated":true}]}}