{"id":28061,"date":"2023-12-14T10:03:46","date_gmt":"2023-12-14T09:03:46","guid":{"rendered":"https:\/\/brittas-kochbuch.info\/?p=28061"},"modified":"2024-01-03T08:15:53","modified_gmt":"2024-01-03T07:15:53","slug":"die-kulinarische-weltreise-dollma-gefuellte-paprikaschoten-kosovo","status":"publish","type":"post","link":"https:\/\/brittas-kochbuch.info\/?p=28061","title":{"rendered":"Die kulinarische Weltreise: Dollma &#8211; Gef\u00fcllte Paprikaschoten (Kosovo)"},"content":{"rendered":"\n<a href='http:\/\/volkermampft.de\/die-kulinarische-weltreise-die-grosse-foodblogger-aktion' title='Blogger Aktion \"Die kulinarische Weltreise von @volkermampft'><img src='http:\/\/volkermampft.de\/wp-content\/uploads\/2018\/02\/kulinarische_weltreise_500x200.png' width='500' height='200' alt='Blogger Aktion &quot;Die kulinarische Weltreise von @volkermampft'><\/a>\n\n\n\n<p class=\"has-drop-cap\">Im Dezember reisen wir mit <a href=\"https:\/\/volkermampft.de\/\" target=\"_blank\" rel=\"noreferrer noopener\">Volkermampft<\/a> und der <a href=\"https:\/\/volkermampft.de\/die-kulinarische-weltreise-die-grosse-foodblogger-aktion\/\" target=\"_blank\" rel=\"noreferrer noopener\">kulinarischen Weltreise<\/a> auf den Balkan, genauer gesagt in den Kosovo. Der Status des Kosovo ist nach wie vor umstritten, vor allem Serbien sieht ihn als autonome Provinz und nicht als eigenst\u00e4ndigen Staat. Weitere Informationen kann man z. B. bei <a rel=\"noreferrer noopener\" href=\"https:\/\/de.wikipedia.org\/wiki\/Kosovo\" target=\"_blank\">Wikipedia<\/a> nachlesen.<\/p>\n\n\n\n<p>Die kosovarische K\u00fcche wird von vielen ethnischen Gruppen (<a rel=\"noreferrer noopener\" href=\"https:\/\/de.wikipedia.org\/wiki\/Albaner\" target=\"_blank\">Albaner<\/a>, <a rel=\"noreferrer noopener\" href=\"https:\/\/de.wikipedia.org\/wiki\/Serben\" target=\"_blank\">Serben<\/a>, <a rel=\"noreferrer noopener\" href=\"https:\/\/de.wikipedia.org\/wiki\/T%C3%BCrken\" target=\"_blank\">T\u00fcrken<\/a>, <a rel=\"noreferrer noopener\" href=\"https:\/\/de.wikipedia.org\/wiki\/Roma\" target=\"_blank\">Roma<\/a>, <a rel=\"noreferrer noopener\" href=\"https:\/\/de.wikipedia.org\/wiki\/Bosnier\" target=\"_blank\">Bosnier<\/a>, <a rel=\"noreferrer noopener\" href=\"https:\/\/de.wikipedia.org\/wiki\/Goranen\" target=\"_blank\">Goranen<\/a>) beeinflusst, weshalb man auch hier Gerichte wie <a href=\"https:\/\/brittas-kochbuch.info\/?p=20597\">Pula<\/a>, <a href=\"https:\/\/brittas-kochbuch.info\/?p=21577\">Gjyve\u00e7<\/a>, <a href=\"https:\/\/de.wikipedia.org\/wiki\/B%C3%B6rek\" target=\"_blank\" rel=\"noreferrer noopener\">Burek<\/a>, <a href=\"https:\/\/de.wikipedia.org\/wiki\/Flia\" target=\"_blank\" rel=\"noreferrer noopener\">Flia<\/a> und <a href=\"https:\/\/brittas-kochbuch.info\/?p=11723\">Kebap<\/a> findet, die man ebenfalls aus der serbischen oder kroatischen bzw. der t\u00fcrkischen und griechischen K\u00fcche kennt.<\/p>\n\n\n<div class=\"wp-block-image\">\n<figure class=\"aligncenter size-full\"><a href=\"https:\/\/brittas-kochbuch.info\/wp-content\/uploads\/2023\/10\/20231023_dollma03.jpg\"><img loading=\"lazy\" decoding=\"async\" width=\"416\" height=\"555\" src=\"https:\/\/brittas-kochbuch.info\/wp-content\/uploads\/2023\/10\/20231023_dollma03.jpg\" alt=\"\" class=\"wp-image-28085\" srcset=\"https:\/\/brittas-kochbuch.info\/wp-content\/uploads\/2023\/10\/20231023_dollma03.jpg 416w, https:\/\/brittas-kochbuch.info\/wp-content\/uploads\/2023\/10\/20231023_dollma03-225x300.jpg 225w\" sizes=\"(max-width: 416px) 100vw, 416px\" \/><\/a><\/figure><\/div>\n\n\n<p>Wir haben uns f\u00fcr gef\u00fcllte Paprikaschoten aus der kosovoalbanischen K\u00fcche entschieden. Die F\u00fcllung aus Hackfleisch und Reis erinnert ein wenig an die <a href=\"https:\/\/brittas-kochbuch.info\/?p=23700\">rum\u00e4nischen Sarmale<\/a>, allerdings ist bei den Paprikaschoten der Anteil des Reis h\u00f6her.<\/p>\n\n\n\n<h4 class=\"wp-block-heading\">Zutaten f\u00fcr 4 Portionen:<\/h4>\n\n\n\n<ul class=\"wp-block-list\">\n<li>200 g Rinderhackfleisch<\/li>\n\n\n\n<li>300 g Naturreis (\u00fcber Nacht mit der doppelten Menge Wasser eingeweicht)<\/li>\n\n\n\n<li>2 TL Salz<\/li>\n\n\n\n<li>1\/2 EL selbst gemachtes Gem\u00fcsebr\u00fchepulver<\/li>\n\n\n\n<li>850 ml hei\u00dfes Wasser<\/li>\n\n\n\n<li>1\/2 EL Paprikapulver edels\u00fc\u00df<\/li>\n\n\n\n<li>1 Zwiebel, gehackt<\/li>\n\n\n\n<li>4 Spitzpaprika oder 4 kleine runde Paprikaschoten<\/li>\n\n\n\n<li>etwas \u00d6l zum Braten<\/li>\n\n\n\n<li><span style=\"text-decoration: underline;\">au\u00dferdem:<\/span> Schmortopf\/Cocotte<\/li>\n<\/ul>\n\n\n\n<h4 class=\"wp-block-heading\">Zubereitung:<\/h4>\n\n\n\n<p>In einem Schmortopf etwas \u00d6l erhitzen, Hackfleisch mit gehackter Zwiebel anbraten. Den Reis zugeben, mit Salz und Paprikapulver pikant abschmecken, gut mischen.<\/p>\n\n\n\n<p>Backofen auf 240 \u00b0C Umluft vorheizen.<\/p>\n\n\n\n<p>Paprikaschoten nach Wunsch sch\u00e4len, am Stielansatz knapp abschneiden, die Kerne herauskratzen. Mit der Hack-Reismischung f\u00fcllen, auf die restliche Mischung, falls vorhanden, setzen. Mit Br\u00fche aufgie\u00dfen und ca. 45 Minuten schmoren.<\/p>\n\n\n<div class=\"wp-block-image\">\n<figure class=\"aligncenter size-full\"><a href=\"https:\/\/brittas-kochbuch.info\/wp-content\/uploads\/2023\/10\/20231023_dollma01.jpg\"><img loading=\"lazy\" decoding=\"async\" width=\"416\" height=\"555\" src=\"https:\/\/brittas-kochbuch.info\/wp-content\/uploads\/2023\/10\/20231023_dollma01.jpg\" alt=\"\" class=\"wp-image-28083\" srcset=\"https:\/\/brittas-kochbuch.info\/wp-content\/uploads\/2023\/10\/20231023_dollma01.jpg 416w, https:\/\/brittas-kochbuch.info\/wp-content\/uploads\/2023\/10\/20231023_dollma01-225x300.jpg 225w\" sizes=\"(max-width: 416px) 100vw, 416px\" \/><\/a><\/figure><\/div>\n\n\n<h5 class=\"wp-block-heading\">Im Laufe des Monats sammele ich hier die Rezeptideen der Mitreisenden:<\/h5>\n\n\n\n<ul class=\"wp-block-list\">\n<li>Friederike von Fliederbaum mit <a rel=\"noreferrer noopener\" href=\"https:\/\/fliederbaum.blogspot.com\/2023\/12\/petla-zum-fruhstuck.html\" target=\"_blank\">Petla (Kleingeb\u00e4ck)<\/a> <\/li>\n\n\n\n<li>Petra aka Cascabel von Chili und Ciabatta mit <a rel=\"noreferrer noopener\" href=\"https:\/\/chili-und-ciabatta.de\/2023\/12\/faqe-vici-me-polente-ochsenbaeckchen-mit-polenta-und-apfel\/\" target=\"_blank\">Faqe vi\u00e7i me polent\u00eb &#8211; Ochsenb\u00e4ckchen mit Polenta und Apfel<\/a> <\/li>\n\n\n\n<li>Petra aka Cascabel von Chili und Ciabatta mit <a rel=\"noreferrer noopener\" href=\"https:\/\/chili-und-ciabatta.de\/2023\/12\/leqenik-mit-spinat-leqenik-me-spinaq-tradicional\/\" target=\"_blank\">Leqenik mit Spinat &#8211; Leqenik me spinaq tradicional<\/a> <\/li>\n\n\n\n<li>Regina von bistroglobal mit <a rel=\"noreferrer noopener\" href=\"https:\/\/bistroglobal.de\/qebapa-te-kosoves\/\" target=\"_blank\">Qebapa te Kosoves<\/a> <\/li>\n\n\n\n<li>Petra aka Cascabel von Chili und Ciabatta mit <a rel=\"noreferrer noopener\" href=\"https:\/\/chili-und-ciabatta.de\/2023\/12\/spitzpaprika-in-sahne-speca-me-maze-und-pogace-buke-pogaqe-nga-nena-ime\/\" target=\"_blank\">Spitzpaprika in Sahne \u2013 speca me maz\u00eb und Pogace \u2013 Buk\u00eb pogaqe nga n\u00ebna ime<\/a> <\/li>\n\n\n\n<li>Wilma von Pane=Bistecca mit <a rel=\"noreferrer noopener\" href=\"https:\/\/pane-bistecca.com\/2023\/12\/23\/skanderbeg-steak-kosovarische-speise\/\" target=\"_blank\">Skanderbeg Steak &#8211; kosovarische Speise<\/a><\/li>\n\n\n\n<li>Britta von Brittas Kochbuch mit <a rel=\"noreferrer noopener\" href=\"https:\/\/brittas-kochbuch.info\/?p=28061\" target=\"_blank\">Dollma &#8211; Gef\u00fcllte Paprikaschote<\/a><\/li>\n<\/ul>\n","protected":false},"excerpt":{"rendered":"<p>Im Dezember reisen wir mit Volkermampft und der kulinarischen Weltreise auf den Balkan, genauer gesagt in den Kosovo. Der Status des Kosovo ist nach wie vor umstritten, vor allem Serbien sieht ihn als autonome Provinz und nicht als eigenst\u00e4ndigen Staat. Weitere Informationen kann man z. B. bei Wikipedia nachlesen. Die kosovarische K\u00fcche wird von vielen [&hellip;]<\/p>\n","protected":false},"author":1,"featured_media":0,"comment_status":"open","ping_status":"open","sticky":false,"template":"","format":"standard","meta":{"sfsi_plus_gutenberg_text_before_share":"","sfsi_plus_gutenberg_show_text_before_share":"","sfsi_plus_gutenberg_icon_type":"","sfsi_plus_gutenberg_icon_alignemt":"","sfsi_plus_gutenburg_max_per_row":"","_jetpack_memberships_contains_paid_content":false,"footnotes":""},"categories":[169,231,90,72],"tags":[2048,3572,2703,3571,182,2617,3573],"class_list":["post-28061","post","type-post","status-publish","format-standard","hentry","category-blog-events","category-kalbfleisch","category-obst-und-gemuse","category-reis","tag-die-kulinarische-weltreise","tag-dollma","tag-gefuellte-paprikaschote","tag-kosovo","tag-paprikaschote","tag-reis-2","tag-rinderhackfleisch"],"jetpack_featured_media_url":"","jetpack_sharing_enabled":true,"_links":{"self":[{"href":"https:\/\/brittas-kochbuch.info\/index.php?rest_route=\/wp\/v2\/posts\/28061"}],"collection":[{"href":"https:\/\/brittas-kochbuch.info\/index.php?rest_route=\/wp\/v2\/posts"}],"about":[{"href":"https:\/\/brittas-kochbuch.info\/index.php?rest_route=\/wp\/v2\/types\/post"}],"author":[{"embeddable":true,"href":"https:\/\/brittas-kochbuch.info\/index.php?rest_route=\/wp\/v2\/users\/1"}],"replies":[{"embeddable":true,"href":"https:\/\/brittas-kochbuch.info\/index.php?rest_route=%2Fwp%2Fv2%2Fcomments&post=28061"}],"version-history":[{"count":23,"href":"https:\/\/brittas-kochbuch.info\/index.php?rest_route=\/wp\/v2\/posts\/28061\/revisions"}],"predecessor-version":[{"id":28298,"href":"https:\/\/brittas-kochbuch.info\/index.php?rest_route=\/wp\/v2\/posts\/28061\/revisions\/28298"}],"wp:attachment":[{"href":"https:\/\/brittas-kochbuch.info\/index.php?rest_route=%2Fwp%2Fv2%2Fmedia&parent=28061"}],"wp:term":[{"taxonomy":"category","embeddable":true,"href":"https:\/\/brittas-kochbuch.info\/index.php?rest_route=%2Fwp%2Fv2%2Fcategories&post=28061"},{"taxonomy":"post_tag","embeddable":true,"href":"https:\/\/brittas-kochbuch.info\/index.php?rest_route=%2Fwp%2Fv2%2Ftags&post=28061"}],"curies":[{"name":"wp","href":"https:\/\/api.w.org\/{rel}","templated":true}]}}