{"id":28244,"date":"2023-12-27T10:21:27","date_gmt":"2023-12-27T09:21:27","guid":{"rendered":"https:\/\/brittas-kochbuch.info\/?p=28244"},"modified":"2024-01-21T09:33:22","modified_gmt":"2024-01-21T08:33:22","slug":"blog-event-cciii-so-schmeckt-spanien","status":"publish","type":"post","link":"https:\/\/brittas-kochbuch.info\/?p=28244","title":{"rendered":"Blog-Event CCIII \u2013 So schmeckt Spanien"},"content":{"rendered":"\n<h2 class=\"wp-block-heading\"><a href=\"https:\/\/www.kochtopf.me\/blog-event-so-schmeckt-spanien\"><time datetime=\"2023-11-20T15:46:00+01:00\"><\/time><\/a>Crema Catalana<\/h2>\n\n\n\n<a href=\"https:\/\/www.kochtopf.me\/blog-event-so-schmeckt-spanien\" title=\"Blog-Event CCIII - So schmeckt Spanien (Einsendeschluss 15. Januar 2024)\"><picture><source type=\"image\/webp\" srcset=\"https:\/\/www.kochtopf.me\/wp-content\/uploads\/2023\/11\/Blog-Event-CCIII-So-schmeckt-Spanien-featured.webp\"><img loading=\"lazy\" decoding=\"async\" src=\"https:\/\/www.kochtopf.me\/wp-content\/uploads\/2023\/11\/Blog-Event-CCIII-So-schmeckt-Spanien-featured.jpg\" alt=\"Blog-Event CCIII - So schmeckt Spanien (Einsendeschluss 15. Januar 2024)\" width=\"500\" height=\"197\"><\/picture><\/a>\n\n\n\n<p class=\"has-drop-cap\">Was denn?! Da wurde mein Blog <a href=\"https:\/\/brittas-kochbuch.info\/?p=27551\">im vergangenen September zehn<\/a>, und  ich habe noch kein Crema-Catalana-Rezept? Das wird sich nun aber \u00e4ndern, zumal Zorra vom <a rel=\"noreferrer noopener\" href=\"https:\/\/www.kochtopf.me\/\" target=\"_blank\">Kochtopf<\/a> noch bis zum 15. Januar 2024 unter dem Motto <strong><a rel=\"noreferrer noopener\" href=\"https:\/\/www.kochtopf.me\/blog-event-so-schmeckt-spanien\" target=\"_blank\">So schmeckt Spanien<\/a><\/strong> Rezepte aus ihrer Wahlheimat sucht.<\/p>\n\n\n\n<p>An Rezepten aus Spanien mangelt es diesem Blog auch nicht, am Ende des Beitrags stelle ich Euch entsprechende Links zusammen.<\/p>\n\n\n\n<p>Nun aber zur Crema catalana, die f\u00e4lschlicherweise oft mit der franz\u00f6sischen Cr\u00e8me br\u00fbl\u00e9e gleichgesetzt wird. W\u00e4hrend letztere aber  mit Sahne und Eigelb zubereitet wird und im Wasserbad gegart wird, besteht die Crema catalana aus Milch und Eigelb und wird quasi wie ein <a href=\"https:\/\/brittas-kochbuch.info\/?p=667\" target=\"_blank\" rel=\"noreferrer noopener\">Vanillepudding<\/a> ohne Wasserbad gemacht.<\/p>\n\n\n\n<p>Beide Cr\u00e8mes werden mit verschiedenen Aromaten wie Vanilleschote, Orangen- oder Zitronenschale oder Zimt abgeschmeckt. Gemeinsam haben sie auch, dass sie eine karamellisierte Zuckerkruste haben.<\/p>\n\n\n<div class=\"wp-block-image\">\n<figure class=\"aligncenter size-full\"><a href=\"https:\/\/brittas-kochbuch.info\/wp-content\/uploads\/2023\/12\/20231226_cremacatalana01.jpg\"><img loading=\"lazy\" decoding=\"async\" width=\"555\" height=\"416\" src=\"https:\/\/brittas-kochbuch.info\/wp-content\/uploads\/2023\/12\/20231226_cremacatalana01.jpg\" alt=\"\" class=\"wp-image-28257\" srcset=\"https:\/\/brittas-kochbuch.info\/wp-content\/uploads\/2023\/12\/20231226_cremacatalana01.jpg 555w, https:\/\/brittas-kochbuch.info\/wp-content\/uploads\/2023\/12\/20231226_cremacatalana01-300x225.jpg 300w\" sizes=\"(max-width: 555px) 100vw, 555px\" \/><\/a><\/figure><\/div>\n\n\n<!--more-->\n\n\n\n<h4 class=\"wp-block-heading\">Zutaten f\u00fcr 4 Portionen:<\/h4>\n\n\n\n<ul class=\"wp-block-list\">\n<li>\u00bd l Milch<\/li>\n\n\n\n<li>\u00bd Zimtstange<\/li>\n\n\n\n<li>abgeriebene Schale einer \u00bd unbehandelten Zitrone<\/li>\n\n\n\n<li>2 Eigelb<\/li>\n\n\n\n<li>75 g Zucker<\/li>\n\n\n\n<li>25 g St\u00e4rkemehl<\/li>\n\n\n\n<li>5 EL Zucker f\u00fcr die Karamelkruste<\/li>\n<\/ul>\n\n\n\n<h4 class=\"wp-block-heading\">Zubereitung:<\/h4>\n\n\n\n<p><\/p>\n\n\n\n<p>Eigelbe, Zucker und St\u00e4rkemehl mit 1\u00bd EL kalter Milch in einer gro\u00dfen Sch\u00fcssel verr\u00fchren.<\/p>\n\n\n\n<p>Restliche Milch mit der Zimtstange und der Zitronenschale in einem Topf aufkochen. Vorsichtig hei\u00dfe Milch ohne Zimtstange langsam in die kalte Masse einr\u00fchren. <\/p>\n\n\n\n<p>Die Mischung wieder in den Topf geben und unter st\u00e4ndigem R\u00fchren erhitzen. Sobald sie eingedickt ist, kann sie in flachen Sch\u00e4lchen beiseite und nach dem Abk\u00fchlen in den K\u00fchlschrank gestellt werden.<\/p>\n\n\n\n<p>Vor dem Servieren die Crema mit Zucker bestreuen und mit einem K\u00fcchenbrenner karamellisieren.<\/p>\n\n\n<div class=\"wp-block-image\">\n<figure class=\"aligncenter size-full\"><a href=\"https:\/\/brittas-kochbuch.info\/wp-content\/uploads\/2023\/12\/20231226_cremacatalana02.jpg\"><img loading=\"lazy\" decoding=\"async\" width=\"555\" height=\"416\" src=\"https:\/\/brittas-kochbuch.info\/wp-content\/uploads\/2023\/12\/20231226_cremacatalana02.jpg\" alt=\"\" class=\"wp-image-28258\" srcset=\"https:\/\/brittas-kochbuch.info\/wp-content\/uploads\/2023\/12\/20231226_cremacatalana02.jpg 555w, https:\/\/brittas-kochbuch.info\/wp-content\/uploads\/2023\/12\/20231226_cremacatalana02-300x225.jpg 300w\" sizes=\"(max-width: 555px) 100vw, 555px\" \/><\/a><\/figure><\/div>\n\n\n<h4 class=\"wp-block-heading\">Hier zeige ich Euch noch ein paar spanische Rezepte aus dem Blog:<\/h4>\n\n\n\n<ul class=\"wp-block-list\">\n<li><a href=\"https:\/\/brittas-kochbuch.info\/?p=17405\">Conejo al ajillo<\/a><\/li>\n\n\n\n<li><a href=\"https:\/\/brittas-kochbuch.info\/?p=3804\">Ensa\u00efmadas<\/a><\/li>\n\n\n\n<li><a href=\"https:\/\/brittas-kochbuch.info\/?p=16141\">Espinacas con garbanzos<\/a><\/li>\n\n\n\n<li><a href=\"https:\/\/brittas-kochbuch.info\/?p=17421\">Frit mallorqu\u00ed<\/a><\/li>\n\n\n\n<li><a href=\"https:\/\/brittas-kochbuch.info\/?p=20761\">Garbanzos con acelgas<\/a><\/li>\n\n\n\n<li><a href=\"https:\/\/brittas-kochbuch.info\/?p=5251\">Gat\u00f2<\/a><\/li>\n\n\n\n<li><a href=\"https:\/\/brittas-kochbuch.info\/?p=8809\">Gazpacho andal\u00faz<\/a><\/li>\n\n\n\n<li><a href=\"https:\/\/brittas-kochbuch.info\/?p=17506\">Magdalenas mit feinem Orangenaroma<\/a><\/li>\n\n\n\n<li><a href=\"https:\/\/brittas-kochbuch.info\/?p=17868\">Paella de Mariscos<\/a><\/li>\n\n\n\n<li><a href=\"https:\/\/brittas-kochbuch.info\/?p=2522\">Paella mixta<\/a><\/li>\n\n\n\n<li><a href=\"https:\/\/brittas-kochbuch.info\/?p=4578\">Pan moreno<\/a><\/li>\n\n\n\n<li><a href=\"https:\/\/brittas-kochbuch.info\/?p=16133\">Papas arrugadas con mojo rojo y mojo verde<\/a><\/li>\n\n\n\n<li><a href=\"https:\/\/brittas-kochbuch.info\/?p=4887\">Pimientos de Padr\u00f3n<\/a><\/li>\n\n\n\n<li><a href=\"https:\/\/brittas-kochbuch.info\/?p=17313\">Pollo con naranja y menta<\/a><\/li>\n\n\n\n<li><a href=\"https:\/\/brittas-kochbuch.info\/?p=24190\">Tapas<\/a> 1<\/li>\n\n\n\n<li><a href=\"https:\/\/brittas-kochbuch.info\/?p=16209\">Tapas<\/a> 2<\/li>\n\n\n\n<li><a href=\"https:\/\/brittas-kochbuch.info\/?p=5270\">Tapas<\/a> 3<\/li>\n\n\n\n<li><a href=\"https:\/\/brittas-kochbuch.info\/?p=5571\">Tinto de verano<\/a><\/li>\n\n\n\n<li><a href=\"https:\/\/brittas-kochbuch.info\/?p=2347\">Tortilla espa\u00f1ola<\/a><\/li>\n\n\n\n<li><a href=\"https:\/\/brittas-kochbuch.info\/?p=2019\">Tumbet<\/a><\/li>\n<\/ul>\n\n\n\n<p><span style=\"text-decoration: underline;\">Update:<\/span> <a href=\"https:\/\/www.kochtopf.me\/blog-event-so-schmeckt-spanien-rezepte\" target=\"_blank\" rel=\"noreferrer noopener\">29 leckere Spanienrezepte<\/a> sind zusammengekommen.<\/p>\n","protected":false},"excerpt":{"rendered":"<p>Crema Catalana Was denn?! Da wurde mein Blog im vergangenen September zehn, und ich habe noch kein Crema-Catalana-Rezept? Das wird sich nun aber \u00e4ndern, zumal Zorra vom Kochtopf noch bis zum 15. Januar 2024 unter dem Motto So schmeckt Spanien Rezepte aus ihrer Wahlheimat sucht. An Rezepten aus Spanien mangelt es diesem Blog auch nicht, [&hellip;]<\/p>\n","protected":false},"author":1,"featured_media":0,"comment_status":"open","ping_status":"open","sticky":false,"template":"","format":"standard","meta":{"sfsi_plus_gutenberg_text_before_share":"","sfsi_plus_gutenberg_show_text_before_share":"","sfsi_plus_gutenberg_icon_type":"","sfsi_plus_gutenberg_icon_alignemt":"","sfsi_plus_gutenburg_max_per_row":"","_jetpack_memberships_contains_paid_content":false,"footnotes":""},"categories":[169,130,47,9],"tags":[172,3575,1221,25],"class_list":["post-28244","post","type-post","status-publish","format-standard","hentry","category-blog-events","category-desserts-kuchen-plaetzchen","category-mein-rezept","category-vegetarisches","tag-blog-event","tag-crema-catalana","tag-spanien","tag-vegetarisch"],"jetpack_featured_media_url":"","jetpack_sharing_enabled":true,"_links":{"self":[{"href":"https:\/\/brittas-kochbuch.info\/index.php?rest_route=\/wp\/v2\/posts\/28244"}],"collection":[{"href":"https:\/\/brittas-kochbuch.info\/index.php?rest_route=\/wp\/v2\/posts"}],"about":[{"href":"https:\/\/brittas-kochbuch.info\/index.php?rest_route=\/wp\/v2\/types\/post"}],"author":[{"embeddable":true,"href":"https:\/\/brittas-kochbuch.info\/index.php?rest_route=\/wp\/v2\/users\/1"}],"replies":[{"embeddable":true,"href":"https:\/\/brittas-kochbuch.info\/index.php?rest_route=%2Fwp%2Fv2%2Fcomments&post=28244"}],"version-history":[{"count":34,"href":"https:\/\/brittas-kochbuch.info\/index.php?rest_route=\/wp\/v2\/posts\/28244\/revisions"}],"predecessor-version":[{"id":28354,"href":"https:\/\/brittas-kochbuch.info\/index.php?rest_route=\/wp\/v2\/posts\/28244\/revisions\/28354"}],"wp:attachment":[{"href":"https:\/\/brittas-kochbuch.info\/index.php?rest_route=%2Fwp%2Fv2%2Fmedia&parent=28244"}],"wp:term":[{"taxonomy":"category","embeddable":true,"href":"https:\/\/brittas-kochbuch.info\/index.php?rest_route=%2Fwp%2Fv2%2Fcategories&post=28244"},{"taxonomy":"post_tag","embeddable":true,"href":"https:\/\/brittas-kochbuch.info\/index.php?rest_route=%2Fwp%2Fv2%2Ftags&post=28244"}],"curies":[{"name":"wp","href":"https:\/\/api.w.org\/{rel}","templated":true}]}}