{"id":31143,"date":"2025-08-05T08:18:11","date_gmt":"2025-08-05T06:18:11","guid":{"rendered":"https:\/\/brittas-kochbuch.info\/?p=31143"},"modified":"2025-08-19T08:13:18","modified_gmt":"2025-08-19T06:13:18","slug":"blog-event-ccxxi-aus-dem-korb-kochen-mit-gartenernte-gemuesekisten","status":"publish","type":"post","link":"https:\/\/brittas-kochbuch.info\/?p=31143","title":{"rendered":"Blog-Event CCXXI \u2013 Aus dem Korb \u2013 Kochen mit Gartenernte &amp; Gem\u00fcsekisten"},"content":{"rendered":"\n<h2 class=\"wp-block-heading\">Gem\u00fcselasagne mit Aubergine, Paprika und Zucchini<\/h2>\n\n\n\n<a href=\"https:\/\/www.kochtopf.me\/blog-event-aus-dem-korb\" title=\"Blog-Event CCXXI - Aus dem Korb (Einsendeschluss 15. August 2025)\"><img loading=\"lazy\" decoding=\"async\" src=\"https:\/\/www.kochtopf.me\/wp-content\/uploads\/2025\/07\/Blog-Event-CCXXI-Aus-dem-Korb-featured.jpg\" alt=\"Blog-Event CCXXI - Aus dem Korb (Einsendeschluss 15. August 2025)\" width=\"500\" height=\"197\"><\/a>\n\n\n\n<p class=\"has-drop-cap\">Bei Zorra im <a href=\"https:\/\/www.kochtopf.me\/\" target=\"_blank\" rel=\"noreferrer noopener\">Kochtopf<\/a> gibt es ein neues Blog-Event:<\/p>\n\n\n\n<p>Sylvia von <a href=\"https:\/\/brotwein.net\/\" target=\"_blank\" rel=\"noreferrer noopener\">Brotwein<\/a> sucht <a href=\"https:\/\/www.kochtopf.me\/blog-event-aus-dem-korb\" target=\"_blank\" rel=\"noreferrer noopener\">Rezepte, in denen die derzeitige frische Ernte<\/a> verarbeitet wird, egal ob aus dem eigenen Garten, aus der Gem\u00fcsekiste oder auch vom Markt, dem Hof- oder Bioladen. Aus gesundheitlichen Gr\u00fcnden kann ich meinen gro\u00dfen Garten leider nicht mehr beackern, wie ich gerne wollte. Wir haben insgesamt 5 Hochbeete und in den ersten Jahren im Haus (ab 2015) haben wir alles m\u00f6gliche angebaut: Zucchini, gr\u00fcne Bohnen, Gurken, Tomaten, Rote Bete, M\u00f6hren, Gr\u00fcnkohl, Kartoffeln, (Pfl\u00fcck-)Salat, Rucola und jede Menge Kr\u00e4uter. Ich habe dann auch vieles eingekocht oder eingefroren und konnte sp\u00e4ter im Jahr von der eigenen Ernte profitieren.<\/p>\n\n\n\n<p>Zum Gl\u00fcck haben wir am Ort einen tollen inhabergef\u00fchrten Biomarkt, den <a href=\"https:\/\/www.lebensgarten-soest.de\" target=\"_blank\" rel=\"noreferrer noopener\">Lebensgarten<\/a>, der uns jede Woche mit frischem regionalen und saisonalen Gem\u00fcse und Obst versorgt.<\/p>\n\n\n\n<figure class=\"wp-block-gallery has-nested-images columns-default is-cropped wp-block-gallery-1 is-layout-flex wp-block-gallery-is-layout-flex\">\n<figure class=\"wp-block-image size-large\"><a href=\"https:\/\/brittas-kochbuch.info\/wp-content\/uploads\/2018\/06\/20180601_lebensgarten.jpg\"><img loading=\"lazy\" decoding=\"async\" width=\"1024\" height=\"768\" data-id=\"11964\" src=\"https:\/\/brittas-kochbuch.info\/wp-content\/uploads\/2018\/06\/20180601_lebensgarten-1024x768.jpg\" alt=\"\" class=\"wp-image-11964\" srcset=\"https:\/\/brittas-kochbuch.info\/wp-content\/uploads\/2018\/06\/20180601_lebensgarten-1024x768.jpg 1024w, https:\/\/brittas-kochbuch.info\/wp-content\/uploads\/2018\/06\/20180601_lebensgarten-300x225.jpg 300w, https:\/\/brittas-kochbuch.info\/wp-content\/uploads\/2018\/06\/20180601_lebensgarten-768x576.jpg 768w, https:\/\/brittas-kochbuch.info\/wp-content\/uploads\/2018\/06\/20180601_lebensgarten-624x468.jpg 624w\" sizes=\"(max-width: 1024px) 100vw, 1024px\" \/><\/a><\/figure>\n\n\n\n<figure class=\"wp-block-image size-large\"><a href=\"https:\/\/brittas-kochbuch.info\/wp-content\/uploads\/2018\/06\/20180601_gemueseecke.jpg\"><img loading=\"lazy\" decoding=\"async\" width=\"1024\" height=\"768\" data-id=\"11963\" src=\"https:\/\/brittas-kochbuch.info\/wp-content\/uploads\/2018\/06\/20180601_gemueseecke-1024x768.jpg\" alt=\"\" class=\"wp-image-11963\" srcset=\"https:\/\/brittas-kochbuch.info\/wp-content\/uploads\/2018\/06\/20180601_gemueseecke-1024x768.jpg 1024w, https:\/\/brittas-kochbuch.info\/wp-content\/uploads\/2018\/06\/20180601_gemueseecke-300x225.jpg 300w, https:\/\/brittas-kochbuch.info\/wp-content\/uploads\/2018\/06\/20180601_gemueseecke-768x576.jpg 768w, https:\/\/brittas-kochbuch.info\/wp-content\/uploads\/2018\/06\/20180601_gemueseecke-624x468.jpg 624w\" sizes=\"(max-width: 1024px) 100vw, 1024px\" \/><\/a><\/figure>\n<\/figure>\n\n\n\n<p>Bereits im Juni 2018 beim Blog-Event <a href=\"https:\/\/brittas-kochbuch.info\/?p=12032\">Marktspaziergang<\/a> von und mit Simone von <a href=\"https:\/\/www.zimtkringel.org\/\" target=\"_blank\" rel=\"noreferrer noopener\">Zimtkringel<\/a> hatte ich diese beiden Fotos gepostet, um die Vielfalt zu zeigen.<\/p>\n\n\n\n<p>Auf jeden Fall wird dort viel Wert auf <a href=\"https:\/\/www.lebensgarten-soest.de\/regionale-lieferanten.html\" target=\"_blank\" rel=\"noreferrer noopener\">regionale Lieferanten<\/a> gelegt. Nat\u00fcrlich sind alle Waren im Gesch\u00e4ft bio-zertifiziert.<\/p>\n\n\n\n<p>Die Zutaten f\u00fcr meine Gem\u00fcselasagne habe ich beim vergangenen Wocheneinkauf dort erstanden: frische Lasagneplatten, K\u00e4se zum \u00dcberbacken, Aubergine, Zucchini und je eine rote und gelbe Paprikaschote.<\/p>\n\n\n<div class=\"wp-block-image\">\n<figure class=\"aligncenter size-full\"><a href=\"https:\/\/brittas-kochbuch.info\/wp-content\/uploads\/2025\/08\/20250803_lasagne05.jpg\"><img loading=\"lazy\" decoding=\"async\" width=\"555\" height=\"555\" src=\"https:\/\/brittas-kochbuch.info\/wp-content\/uploads\/2025\/08\/20250803_lasagne05.jpg\" alt=\"\" class=\"wp-image-31163\" srcset=\"https:\/\/brittas-kochbuch.info\/wp-content\/uploads\/2025\/08\/20250803_lasagne05.jpg 555w, https:\/\/brittas-kochbuch.info\/wp-content\/uploads\/2025\/08\/20250803_lasagne05-300x300.jpg 300w, https:\/\/brittas-kochbuch.info\/wp-content\/uploads\/2025\/08\/20250803_lasagne05-150x150.jpg 150w\" sizes=\"(max-width: 555px) 100vw, 555px\" \/><\/a><\/figure><\/div>\n\n\n<h4 class=\"wp-block-heading\">Zutaten f\u00fcr 2 &#8211; 4 Portionen (je nach Hunger und ob es noch Vor- und\/oder Nachspeise gibt):<\/h4>\n\n\n\n<ul class=\"wp-block-list\">\n<li>frische Lasagneplatten (gekauft oder <a href=\"https:\/\/brittas-kochbuch.info\/?p=18291\">selbstgenudelt<\/a>)<\/li>\n\n\n\n<li>1 Aubergine<\/li>\n\n\n\n<li>2 Zucchini<\/li>\n\n\n\n<li>je 1 rote u. gelbe Paprikaschote<\/li>\n\n\n\n<li>2 Knoblauchzehen<\/li>\n\n\n\n<li>1 dicke oder 2 d\u00fcnne Fr\u00fchlingszwiebeln<\/li>\n\n\n\n<li>1 Dose\/Glas Cubetti<\/li>\n\n\n\n<li>1 EL Ajvar oder Tomatenmark<\/li>\n\n\n\n<li>Salz, Pfeffer, italienische Kr\u00e4utermischung<\/li>\n\n\n\n<li>2 EL Oliven\u00f6l zum Braten<\/li>\n\n\n\n<li>150 g geriebener K\u00e4se (<em>ich hatte eine 4-K\u00e4se-Mischung<\/em>)<\/li>\n\n\n\n<li>1 mittlere oder 2 kleine flache Auflaufformen<\/li>\n<\/ul>\n\n\n\n<h4 class=\"wp-block-heading\">Zubereitung:<\/h4>\n\n\n\n<p>Die Gem\u00fcse waschen, putzen und in ca. 1 cm gro\u00dfe St\u00fccke schneiden. Knoblauchzehe hacken, Fr\u00fchlingszwiebel in Ringe schneiden.<\/p>\n\n\n\n<div class=\"wp-block-media-text is-stacked-on-mobile is-vertically-aligned-top\" style=\"grid-template-columns:41% auto\"><figure class=\"wp-block-media-text__media\"><img loading=\"lazy\" decoding=\"async\" width=\"555\" height=\"416\" src=\"https:\/\/brittas-kochbuch.info\/wp-content\/uploads\/2025\/08\/20250803_lasagne04.jpg\" alt=\"\" class=\"wp-image-31158 size-full\" srcset=\"https:\/\/brittas-kochbuch.info\/wp-content\/uploads\/2025\/08\/20250803_lasagne04.jpg 555w, https:\/\/brittas-kochbuch.info\/wp-content\/uploads\/2025\/08\/20250803_lasagne04-300x225.jpg 300w\" sizes=\"(max-width: 555px) 100vw, 555px\" \/><\/figure><div class=\"wp-block-media-text__content\">\n<p>In einer gro\u00dfen weiten Pfanne 2 EL Oliven\u00f6l erhitzen und die Auberginenw\u00fcrfel auf hoher Temperatur anbraten. Danach Zwiebeln und Knoblauch zugeben, danach die Paprikaschoten und zum Schluss die Zucchiniw\u00fcrfel.<\/p>\n\n\n\n<p><\/p>\n<\/div><\/div>\n\n\n\n<p>Mit Ajvar oder Tomatenmark verr\u00fchren und mit den Cubetti aufgie\u00dfen. <\/p>\n\n\n\n<p>Mit den Gew\u00fcrzen pikant abschmecken.<\/p>\n\n\n\n<p>Jetzt schon mal den Backofen auf 180 \u00b0C Umluft vorheizen, w\u00e4hrend die Lasagne geschichtet wird:<\/p>\n\n\n\n<p>Unten in die Auflaufform eine ganz d\u00fcnne Schicht Sauce, m\u00f6glichst ohne Gem\u00fcsest\u00fccke geben, danach dann Lasagneplatten und Sauce abwechseln, bis alles aufgebraucht ist. Mit Sauce abschlie\u00dfen und K\u00e4se dar\u00fcber streuen.<\/p>\n\n\n<div class=\"wp-block-image\">\n<figure class=\"aligncenter size-full\"><a href=\"https:\/\/brittas-kochbuch.info\/wp-content\/uploads\/2025\/08\/20250803_lasagne03.jpg\"><img loading=\"lazy\" decoding=\"async\" width=\"416\" height=\"555\" src=\"https:\/\/brittas-kochbuch.info\/wp-content\/uploads\/2025\/08\/20250803_lasagne03.jpg\" alt=\"\" class=\"wp-image-31157\" srcset=\"https:\/\/brittas-kochbuch.info\/wp-content\/uploads\/2025\/08\/20250803_lasagne03.jpg 416w, https:\/\/brittas-kochbuch.info\/wp-content\/uploads\/2025\/08\/20250803_lasagne03-225x300.jpg 225w\" sizes=\"(max-width: 416px) 100vw, 416px\" \/><\/a><\/figure><\/div>\n\n\n<p>Lasagne 40 Minuten backen und entweder in der kleinen Form oder als St\u00fccke auf Tellern servieren.<\/p>\n\n\n\n<figure class=\"wp-block-gallery has-nested-images columns-default is-cropped wp-block-gallery-2 is-layout-flex wp-block-gallery-is-layout-flex\"><\/figure>\n\n\n\n<figure class=\"wp-block-gallery has-nested-images columns-default is-cropped wp-block-gallery-3 is-layout-flex wp-block-gallery-is-layout-flex\">\n<figure class=\"wp-block-image size-large\"><a href=\"https:\/\/brittas-kochbuch.info\/wp-content\/uploads\/2025\/08\/20250803_lasagne02.jpg\"><img loading=\"lazy\" decoding=\"async\" width=\"555\" height=\"416\" data-id=\"31156\" src=\"https:\/\/brittas-kochbuch.info\/wp-content\/uploads\/2025\/08\/20250803_lasagne02.jpg\" alt=\"\" class=\"wp-image-31156\" srcset=\"https:\/\/brittas-kochbuch.info\/wp-content\/uploads\/2025\/08\/20250803_lasagne02.jpg 555w, https:\/\/brittas-kochbuch.info\/wp-content\/uploads\/2025\/08\/20250803_lasagne02-300x225.jpg 300w\" sizes=\"(max-width: 555px) 100vw, 555px\" \/><\/a><\/figure>\n\n\n\n<figure class=\"wp-block-image size-large\"><a href=\"https:\/\/brittas-kochbuch.info\/wp-content\/uploads\/2025\/08\/20250803_lasagne06.jpg\"><img loading=\"lazy\" decoding=\"async\" width=\"555\" height=\"416\" data-id=\"31165\" src=\"https:\/\/brittas-kochbuch.info\/wp-content\/uploads\/2025\/08\/20250803_lasagne06.jpg\" alt=\"\" class=\"wp-image-31165\" srcset=\"https:\/\/brittas-kochbuch.info\/wp-content\/uploads\/2025\/08\/20250803_lasagne06.jpg 555w, https:\/\/brittas-kochbuch.info\/wp-content\/uploads\/2025\/08\/20250803_lasagne06-300x225.jpg 300w\" sizes=\"(max-width: 555px) 100vw, 555px\" \/><\/a><\/figure>\n\n\n\n<figure class=\"wp-block-image size-large\"><a href=\"https:\/\/brittas-kochbuch.info\/wp-content\/uploads\/2025\/08\/20250803_lasagne01.jpg\"><img loading=\"lazy\" decoding=\"async\" width=\"555\" height=\"416\" data-id=\"31155\" src=\"https:\/\/brittas-kochbuch.info\/wp-content\/uploads\/2025\/08\/20250803_lasagne01.jpg\" alt=\"\" class=\"wp-image-31155\" srcset=\"https:\/\/brittas-kochbuch.info\/wp-content\/uploads\/2025\/08\/20250803_lasagne01.jpg 555w, https:\/\/brittas-kochbuch.info\/wp-content\/uploads\/2025\/08\/20250803_lasagne01-300x225.jpg 300w\" sizes=\"(max-width: 555px) 100vw, 555px\" \/><\/a><\/figure>\n<\/figure>\n\n\n\n<p><strong>Update:<\/strong> <a href=\"https:\/\/www.kochtopf.me\/blog-event-rezepte-aus-dem-korb\" target=\"_blank\" rel=\"noreferrer noopener\">32 tolle Rezeptideen<\/a> sind zusammengekommen.<\/p>\n","protected":false},"excerpt":{"rendered":"<p>Gem\u00fcselasagne mit Aubergine, Paprika und Zucchini Bei Zorra im Kochtopf gibt es ein neues Blog-Event: Sylvia von Brotwein sucht Rezepte, in denen die derzeitige frische Ernte verarbeitet wird, egal ob aus dem eigenen Garten, aus der Gem\u00fcsekiste oder auch vom Markt, dem Hof- oder Bioladen. Aus gesundheitlichen Gr\u00fcnden kann ich meinen gro\u00dfen Garten leider nicht [&hellip;]<\/p>\n","protected":false},"author":1,"featured_media":0,"comment_status":"open","ping_status":"open","sticky":false,"template":"","format":"standard","meta":{"sfsi_plus_gutenberg_text_before_share":"","sfsi_plus_gutenberg_show_text_before_share":"","sfsi_plus_gutenberg_icon_type":"","sfsi_plus_gutenberg_icon_alignemt":"","sfsi_plus_gutenburg_max_per_row":"","_jetpack_memberships_contains_paid_content":false,"footnotes":""},"categories":[774,169,47,90,9],"tags":[3819,263,172,3818,934,182,213,1301,27,190],"class_list":["post-31143","post","type-post","status-publish","format-standard","hentry","category-auflaeufe-gratins-ueberbackenes","category-blog-events","category-mein-rezept","category-obst-und-gemuse","category-vegetarisches","tag-ajvar","tag-aubergine","tag-blog-event","tag-cubetti","tag-lasagne","tag-paprikaschote","tag-pasta","tag-reibekaese","tag-tomaten","tag-zucchini"],"jetpack_featured_media_url":"","jetpack_sharing_enabled":true,"_links":{"self":[{"href":"https:\/\/brittas-kochbuch.info\/index.php?rest_route=\/wp\/v2\/posts\/31143"}],"collection":[{"href":"https:\/\/brittas-kochbuch.info\/index.php?rest_route=\/wp\/v2\/posts"}],"about":[{"href":"https:\/\/brittas-kochbuch.info\/index.php?rest_route=\/wp\/v2\/types\/post"}],"author":[{"embeddable":true,"href":"https:\/\/brittas-kochbuch.info\/index.php?rest_route=\/wp\/v2\/users\/1"}],"replies":[{"embeddable":true,"href":"https:\/\/brittas-kochbuch.info\/index.php?rest_route=%2Fwp%2Fv2%2Fcomments&post=31143"}],"version-history":[{"count":21,"href":"https:\/\/brittas-kochbuch.info\/index.php?rest_route=\/wp\/v2\/posts\/31143\/revisions"}],"predecessor-version":[{"id":31218,"href":"https:\/\/brittas-kochbuch.info\/index.php?rest_route=\/wp\/v2\/posts\/31143\/revisions\/31218"}],"wp:attachment":[{"href":"https:\/\/brittas-kochbuch.info\/index.php?rest_route=%2Fwp%2Fv2%2Fmedia&parent=31143"}],"wp:term":[{"taxonomy":"category","embeddable":true,"href":"https:\/\/brittas-kochbuch.info\/index.php?rest_route=%2Fwp%2Fv2%2Fcategories&post=31143"},{"taxonomy":"post_tag","embeddable":true,"href":"https:\/\/brittas-kochbuch.info\/index.php?rest_route=%2Fwp%2Fv2%2Ftags&post=31143"}],"curies":[{"name":"wp","href":"https:\/\/api.w.org\/{rel}","templated":true}]}}