{"id":31530,"date":"2025-12-01T08:04:21","date_gmt":"2025-12-01T07:04:21","guid":{"rendered":"https:\/\/brittas-kochbuch.info\/?p=31530"},"modified":"2026-01-01T10:38:42","modified_gmt":"2026-01-01T09:38:42","slug":"die-kulinarische-weltreise-polbo-a-feira-oder-pulpo-a-la-gallega-tintenfisch-auf-galizische-art-spanien","status":"publish","type":"post","link":"https:\/\/brittas-kochbuch.info\/?p=31530","title":{"rendered":"Die kulinarische Weltreise: Polbo \u00e1 feira o Pulpo a la gallega &#8211; Tintenfisch auf galicische Art (Spanien)"},"content":{"rendered":"\n<a href='http:\/\/volkermampft.de\/die-kulinarische-weltreise-die-grosse-foodblogger-aktion' title='Blogger Aktion \"Die kulinarische Weltreise von @volkermampft'><img src='http:\/\/volkermampft.de\/wp-content\/uploads\/2018\/02\/kulinarische_weltreise_500x200.png' width='500' height='200' alt='Blogger Aktion &quot;Die kulinarische Weltreise von @volkermampft'><\/a>\n\n\n\n<p class=\"has-drop-cap\">Das Jahr neigt sich dem Ende zu und im Rahmen der <a href=\"https:\/\/volkermampft.de\/die-kulinarische-weltreise-die-grosse-foodblogger-aktion\/\" target=\"_blank\" rel=\"noreferrer noopener\">kulinarischen Weltreise<\/a> von und mit Volker von <a href=\"https:\/\/volkermampft.de\/\" target=\"_blank\" rel=\"noreferrer noopener\">volkermampft<\/a> geht es einmal mehr nach Spanien, wohin es uns im <a href=\"https:\/\/brittas-kochbuch.info\/?p=17577\">M\u00e4rz 2020<\/a> bereits verschlagen hatte.<\/p>\n\n\n\n<p>Damals gab es von mir <a href=\"https:\/\/brittas-kochbuch.info\/?p=17313\">Pollo con naranja y menta<\/a>, <a href=\"https:\/\/brittas-kochbuch.info\/?p=17405\">Conejo al ajillo<\/a>, <a href=\"https:\/\/brittas-kochbuch.info\/?p=17421\">Frit mallorqu\u00ed<\/a> und <a href=\"https:\/\/brittas-kochbuch.info\/?p=17506\">Magdalenas<\/a>, sowie einen <a href=\"https:\/\/brittas-kochbuch.info\/?p=17552\">Pastel de Almendras<\/a> als Gastbeitrag; es gibt aber noch zahlreiche weitere spanische Gerichte im Blog (siehe Liste am Ende).<\/p>\n\n\n\n<p>Heute reise ich mit Euch in den hohen spanischen Nordwesten, nach Galicien, dessen Hauptstadt Santiago de Compostela das angestrebte Ziel des Jakobsweges markiert.<\/p>\n\n\n\n<p>Galicien grenzt im Norden an das kantabrische Meer, im Westen an den Atlantik, im S\u00fcden an Portugal und im Osten an Kastilien und L\u00e9on und Asturien.<\/p>\n\n\n\n<p>Das Klima ist mild und in den Wintermonaten regenreich, die K\u00fcche dementstprechend:<\/p>\n\n\n\n<p>In den K\u00fcstenregionen spiegelt sich die N\u00e4he zum Atlantischen Ozean wider. Zu den Spezialit\u00e4ten der galicischen K\u00fcche geh\u00f6ren hier diverse Krusten- und Schalenweichtiere, zu denen u.&nbsp;a. die Entenmuschel <em>Pollicipes pollicipes<\/em> (galicisch <em>percebes<\/em>), Austern (<em>ostras<\/em>), Langusten (<em>lagostas<\/em>) und Jakobsmuscheln (<em>vieiras<\/em>) geh\u00f6ren. Auch diverse Fischsorten stehen hier regelm\u00e4\u00dfig auf dem Speiseplan. Dazu geh\u00f6ren etwa der Seehecht (<em>merluza<\/em>) oder der gesalzene Stockfisch (<em>bacallau<\/em>). Typisch f\u00fcr Galicien sind zudem deftige Eint\u00f6pfe (z.&nbsp;B. <em>caldo galego<\/em>), der von mir hier vorgestellte <em>Polbo \u00e1 feira<\/em> (Krake nach galicischer Art) oder die <em>Empanada<\/em>. Dieses \u00fcberwiegend aus Teig und einer w\u00fcrzigen F\u00fcllung bestehende Gericht ist eine der beliebtesten Speisen der traditionellen galicischen K\u00fcche und wurde bereits im Jahr 1188 im Glorienportal der Kathedrale zu Santiago de Compostela dargestellt [Quelle: <a href=\"https:\/\/de.wikipedia.org\/wiki\/Galicien\" target=\"_blank\" rel=\"noreferrer noopener\">Wikipedia<\/a>].<\/p>\n\n\n\n<p>Der Tintenfisch auf galicische Art ist eine typische Tapa, wird aber auch auf gro\u00dfen Holzbrettern w\u00e4hrend Volksfesten oder Jahrm\u00e4rkten serviert. Daher auch der galicische Name <em>Polbo \u00e1 feira<\/em>.<\/p>\n\n\n<div class=\"wp-block-image\">\n<figure class=\"aligncenter size-full\"><a href=\"https:\/\/brittas-kochbuch.info\/wp-content\/uploads\/2025\/11\/20251122_pulpogallega02.jpg\"><img loading=\"lazy\" decoding=\"async\" width=\"555\" height=\"416\" src=\"https:\/\/brittas-kochbuch.info\/wp-content\/uploads\/2025\/11\/20251122_pulpogallega02.jpg\" alt=\"\" class=\"wp-image-31554\" srcset=\"https:\/\/brittas-kochbuch.info\/wp-content\/uploads\/2025\/11\/20251122_pulpogallega02.jpg 555w, https:\/\/brittas-kochbuch.info\/wp-content\/uploads\/2025\/11\/20251122_pulpogallega02-300x225.jpg 300w\" sizes=\"(max-width: 555px) 100vw, 555px\" \/><\/a><\/figure><\/div>\n\n\n<h4 class=\"wp-block-heading\">Zutaten f\u00fcr 2 Portionen als Hauptspeise:<\/h4>\n\n\n\n<ul class=\"wp-block-list\">\n<li>400 g <a href=\"https:\/\/www.deutschesee.de\/fisch-meeresfruechte\/unser-sortiment-im-supermarkt\/frischer-fisch-meeresfruechte\/pulpoarme-86894.html\">Pulpoarme, z. B. von Deutsche See<\/a><\/li>\n\n\n\n<li>2 faustgro\u00dfe Kartoffeln, festkochend<\/li>\n\n\n\n<li>Oliven\u00f6l zum Braten<\/li>\n\n\n\n<li>1 Knoblauchzehe<\/li>\n\n\n\n<li>Salz, Pfeffer, ger\u00e4uchertes Paprikapulver<\/li>\n\n\n\n<li>gehackte Petersilie nach Wunsch<\/li>\n<\/ul>\n\n\n\n<h4 class=\"wp-block-heading\">Zubereitung:<\/h4>\n\n\n\n<p>Kartoffeln in dickere Scheiben schneiden und entweder in Salzwasser 15 &#8211; 20 Minuten kochen oder &#8211; so habe ich es gemacht &#8211; mit etwas Salz bestreut auf dem gelochten Blech 20 Minuten im Dampfgarer garen. Auf einem K\u00fcchentuch ausbreiten und gut trockentupfen.<\/p>\n\n\n\n<p>Die Pulpoarme in ca. 1 cm lange St\u00fccke schneiden, mit Salz und ger\u00e4uchertem Paprikapulver vermischen.<\/p>\n\n\n\n<p>Oliven\u00f6l in einer Pfanne erhitzen, Kartoffelscheiben von beiden Seiten mit Salz und ger\u00e4uchertem Paprikapulver w\u00fcrzen und kurz anbraten. In einer Auflaufform im auf 150 \u00b0C vorgeheizten Backofen warm stellen.<\/p>\n\n\n\n<p>In derselbe Pfanne den Pulpo mit einer zerdr\u00fcckten Knoblauchzehe braten.<\/p>\n\n\n\n<p>Auf einem Holzbrett zun\u00e4chst die Kartoffelscheiben, darauf den Pulpo anrichten. Nach Wunsch mit der gehackten Petersilie bestreuen und zu Tisch bringen, wenn der Polbo \u00e1 feira in einer gr\u00f6\u00dferen Runde serviert werden soll.<\/p>\n\n\n\n<p>Wir haben daraus ein normales Abendessen gemacht und hatten noch einen frischen Salat aus Romanaherz und einem Dressing aus Oliven\u00f6l, Wei\u00dfweinessig, Ahornsirup, Senf, Salz und Pfeffer.<\/p>\n\n\n<div class=\"wp-block-image\">\n<figure class=\"aligncenter size-full\"><a href=\"https:\/\/brittas-kochbuch.info\/wp-content\/uploads\/2025\/11\/20251122_pulpogallega01.jpg\"><img loading=\"lazy\" decoding=\"async\" width=\"555\" height=\"416\" src=\"https:\/\/brittas-kochbuch.info\/wp-content\/uploads\/2025\/11\/20251122_pulpogallega01.jpg\" alt=\"\" class=\"wp-image-31553\" srcset=\"https:\/\/brittas-kochbuch.info\/wp-content\/uploads\/2025\/11\/20251122_pulpogallega01.jpg 555w, https:\/\/brittas-kochbuch.info\/wp-content\/uploads\/2025\/11\/20251122_pulpogallega01-300x225.jpg 300w\" sizes=\"(max-width: 555px) 100vw, 555px\" \/><\/a><\/figure><\/div>\n\n\n<p>Ein leckere Essen, das Dank der vorgekochten Pulpoarme im Handumdrehen auf dem Tisch stand.<\/p>\n\n\n\n<h5 class=\"wp-block-heading\">Weitere spanische Gerichte unabh\u00e4ngig von der kulinarischen Weltreise:<\/h5>\n\n\n\n<ul class=\"wp-block-list\">\n<li><a href=\"https:\/\/brittas-kochbuch.info\/?p=8814\">Patatas bravas, pimientos de Padr\u00f3n y <strong>a<\/strong>lb\u00f3ndigas<\/a> &#8211; &#8222;Wilde&#8220; Kartoffeln, Bratpaprika und Fleischb\u00e4llchen<\/li>\n\n\n\n<li><a href=\"https:\/\/brittas-kochbuch.info\/?p=24845\"><strong>B<\/strong>ocadillo mit Tortilla<\/a> &#8211; Br\u00f6tche mit Tortilla<\/li>\n\n\n\n<li><a href=\"https:\/\/brittas-kochbuch.info\/?p=28244\"><strong>C<\/strong>rema catalana<\/a><\/li>\n\n\n\n<li><a href=\"https:\/\/brittas-kochbuch.info\/?p=3804\"><strong>E<\/strong>nsa\u00efmadas<\/a> &#8211; Mallorquinische Hefeschnecken<\/li>\n\n\n\n<li><a href=\"https:\/\/brittas-kochbuch.info\/?p=24451\"><strong>E<\/strong>spinacas catalanas y patatas bravas<\/a> &#8211; Katalanischer Spinat mit &#8222;wilden&#8220; Kartoffeln<\/li>\n\n\n\n<li><a href=\"https:\/\/brittas-kochbuch.info\/?p=16141\"><strong>E<\/strong>spinacas con garbanzos<\/a> &#8211; Spinat mit Kichererbsen<\/li>\n\n\n\n<li><a href=\"https:\/\/brittas-kochbuch.info\/?p=20761\"><strong>G<\/strong>arbanzos con alcegas<\/a> &#8211; Kichererbsen mit Mangold<\/li>\n\n\n\n<li><a href=\"https:\/\/brittas-kochbuch.info\/?p=5251\"><strong>G<\/strong>at\u00f3 &#8211; Mallorquinischer Mandelkuchen<\/a><\/li>\n\n\n\n<li><a href=\"https:\/\/brittas-kochbuch.info\/?p=8809\"><strong>G<\/strong>azpacho andal\u00faz<\/a> &#8211; Kalte Gem\u00fcsesuppe<\/li>\n\n\n\n<li><a href=\"https:\/\/brittas-kochbuch.info\/?p=15872\"><strong>G<\/strong>em\u00fcsetortilla mit Blattsalaten<\/a><\/li>\n\n\n\n<li><a href=\"https:\/\/brittas-kochbuch.info\/?p=24837\"><strong>K<\/strong>artoffel-Zucchini-Tortilla mit Tomatensalat<\/a><\/li>\n\n\n\n<li><a href=\"https:\/\/brittas-kochbuch.info\/?p=28564\">Spanische <strong>K<\/strong>\u00fcrbissuppe<\/a><\/li>\n\n\n\n<li><a href=\"https:\/\/brittas-kochbuch.info\/?p=17868\"><strong>P<\/strong>aella de Mariscos<\/a><\/li>\n\n\n\n<li><a href=\"https:\/\/brittas-kochbuch.info\/?p=2522\"><strong>P<\/strong>aella mixta<\/a><\/li>\n\n\n\n<li><a href=\"https:\/\/brittas-kochbuch.info\/?p=4578\"><strong>P<\/strong>an moreno<\/a> &#8211; Mallorquinisches Bauernbrot<\/li>\n\n\n\n<li><a href=\"https:\/\/brittas-kochbuch.info\/?p=16133\"><strong>P<\/strong>apas arrugadas con Mojo rojo y verde<\/a> &#8211; Runzelkartoffeln mit Dips<\/li>\n\n\n\n<li><a href=\"https:\/\/brittas-kochbuch.info\/?p=19779\">Schnelle <strong>R<\/strong>eis-Pfanne &#8222;Paella Art&#8220;<\/a><\/li>\n\n\n\n<li><a href=\"https:\/\/brittas-kochbuch.info\/?p=8991\"><strong>S<\/strong>epia rellena con patatas &#8211; Gef\u00fcllte Tintenfischtube mit Kartoffeln<\/a><\/li>\n\n\n\n<li><a href=\"https:\/\/brittas-kochbuch.info\/?p=5573\">Gef\u00fcllte <strong>S<\/strong>epiatuben mit Salat<\/a><\/li>\n\n\n\n<li><a href=\"https:\/\/brittas-kochbuch.info\/?p=5270\">Kleines <strong>T<\/strong>apasbuffet f\u00fcr zwei<\/a><\/li>\n\n\n\n<li><a href=\"https:\/\/brittas-kochbuch.info\/?p=24190\"><strong>T<\/strong>apas, Pinchos &amp; Co.<\/a><\/li>\n\n\n\n<li><a href=\"https:\/\/brittas-kochbuch.info\/?p=5571\"><strong>T<\/strong>into de verano<\/a> &#8211; Sommerrotwein<\/li>\n\n\n\n<li><a href=\"https:\/\/brittas-kochbuch.info\/?p=13236\"><strong>T<\/strong>ortilla de calabac\u00edn y patata<\/a> &#8211; Zucchini-Kartoffeltortilla<\/li>\n\n\n\n<li><a href=\"https:\/\/brittas-kochbuch.info\/?p=2347\"><strong>T<\/strong>ortilla espa\u00f1ola aus dem Backofen<\/a><\/li>\n\n\n\n<li><a href=\"https:\/\/brittas-kochbuch.info\/?p=2019\"><strong>T<\/strong>umbet<\/a> &#8211; Mallorquinischer Gem\u00fcseauflauf<\/li>\n<\/ul>\n\n\n\n<h5 class=\"wp-block-heading\">Hier sammle ich im Laufe des Monats die Rezepte meiner Mitreisenden:<\/h5>\n\n\n\n<ul class=\"wp-block-list\">\n<li>Friederike von Fliederbaum mit <a href=\"https:\/\/fliederbaum.blogspot.com\/2025\/12\/ofenkurbis-und-spanische-oliven.html\" target=\"_blank\" rel=\"noreferrer noopener\">Ofenk\u00fcrbis mit roten Zwiebeln und schwarzen Oliven<\/a> <\/li>\n\n\n\n<li>Wilma von Pane-Bistecca mit <a href=\"https:\/\/pane-bistecca.com\/2025\/12\/04\/gazpacho-andaluz\/\" target=\"_blank\" rel=\"noreferrer noopener\">Gazpacho Andaluz<\/a><\/li>\n\n\n\n<li>Wilma von Pane-Bistecca mit <a href=\"https:\/\/pane-bistecca.com\/2025\/12\/09\/geroestete-oliven-mit-wuerzigen-brotbroeseln\/\" target=\"_blank\" rel=\"noreferrer noopener\">Geroestete Oliven mit wuerzigen Brotbroeseln<\/a> <\/li>\n\n\n\n<li>Petra aka Cascabel von Chili und Ciabatta mit <a href=\"https:\/\/chili-und-ciabatta.de\/2025\/12\/leche-frita-gebackene-puddingwuerfel\/\" target=\"_blank\" rel=\"noreferrer noopener\">Leche frita &#8211; gebackene Puddingw\u00fcrfel<\/a> <\/li>\n\n\n\n<li>Wilma von Pane-Bistecca mit <a href=\"https:\/\/pane-bistecca.com\/2025\/12\/12\/spanische-sardinen-auf-tomatensauce\/\" target=\"_blank\" rel=\"noreferrer noopener\">Spanische Sardinen auf Tomatensauce<\/a> <\/li>\n\n\n\n<li>Jenny von Jenny is baking mit <a href=\"https:\/\/jennyisbaking.com\/de\/2025\/12\/12\/hojaldre-de-cabello-de-angel\/\" target=\"_blank\" rel=\"noreferrer noopener\">Bl\u00e4tterteigtaschen mit K\u00fcrbismarmelade hojaldre de cabello de angel<\/a> <\/li>\n\n\n\n<li>Wilma von Pane-Bistecca mit <a href=\"https:\/\/pane-bistecca.com\/2025\/12\/14\/spanische-brot-kroketten\/\" target=\"_blank\" rel=\"noreferrer noopener\">Spanische Brot Kroketten<\/a> <\/li>\n\n\n\n<li>Petra aka Cascabel von Chili und Ciabatta mit <a href=\"https:\/\/chili-und-ciabatta.de\/2025\/12\/truchas-a-la-navarra-forellen-nach-art-von-navarra\/\" target=\"_blank\" rel=\"noreferrer noopener\">Truchas a la Navarra &#8211; Forellen nach Art von Navarra<\/a> <\/li>\n\n\n\n<li>Wilma von Pane-Bistecca mit <a href=\"https:\/\/pane-bistecca.com\/2025\/12\/17\/patatas-bravas-con-chorizo\/\" target=\"_blank\" rel=\"noreferrer noopener\">Patatas Bravas con Chorizo<\/a> <\/li>\n\n\n\n<li>Regina von Bistroglobal mit <a href=\"https:\/\/bistroglobal.de\/polvorones\/\" target=\"_blank\" rel=\"noreferrer noopener\">Polverones<\/a><\/li>\n\n\n\n<li>Wilma von pane-Bistecca mit <a href=\"https:\/\/pane-bistecca.com\/2025\/12\/26\/gambas-al-ajillo\/\" target=\"_blank\" rel=\"noreferrer noopener\">Gambas al Ajillo<\/a> <\/li>\n\n\n\n<li>Wilma von pane-Bistecca mit <a href=\"https:\/\/pane-bistecca.com\/2025\/12\/23\/croquetas-espanolas\/\" target=\"_blank\" rel=\"noreferrer noopener\">Croquetas Espa\u00f1olas<\/a> <\/li>\n\n\n\n<li>Simone von zimtkringel mit <a href=\"https:\/\/www.zimtkringel.org\/empanada-gallega\/\" target=\"_blank\" rel=\"noreferrer noopener\">Empanada gallega<\/a><\/li>\n\n\n\n<li>Britta von Brittas Kochbuch mit <a href=\"https:\/\/brittas-kochbuch.info\/?p=31530\" target=\"_blank\" rel=\"noreferrer noopener\">Polbo \u00e1 feira o Pulpo a la gallega &#8211; Tintenfisch auf galicische Art<\/a> <\/li>\n<\/ul>\n","protected":false},"excerpt":{"rendered":"<p>Das Jahr neigt sich dem Ende zu und im Rahmen der kulinarischen Weltreise von und mit Volker von volkermampft geht es einmal mehr nach Spanien, wohin es uns im M\u00e4rz 2020 bereits verschlagen hatte. Damals gab es von mir Pollo con naranja y menta, Conejo al ajillo, Frit mallorqu\u00ed und Magdalenas, sowie einen Pastel de [&hellip;]<\/p>\n","protected":false},"author":1,"featured_media":0,"comment_status":"open","ping_status":"open","sticky":false,"template":"","format":"standard","meta":{"sfsi_plus_gutenberg_text_before_share":"","sfsi_plus_gutenberg_show_text_before_share":"","sfsi_plus_gutenberg_icon_type":"","sfsi_plus_gutenberg_icon_alignemt":"","sfsi_plus_gutenburg_max_per_row":"","_jetpack_memberships_contains_paid_content":false,"footnotes":""},"categories":[169,112,47,417,572],"tags":[2048,3015,115,3840,3841,865,1221,3842,3843],"class_list":["post-31530","post","type-post","status-publish","format-standard","hentry","category-blog-events","category-fisch-und-meeresfruechte","category-mein-rezept","category-schnelle-kueche","category-spanische-kueche","tag-die-kulinarische-weltreise","tag-geraeuchertes-paprikapulver","tag-kartoffeln","tag-polbo-a-feira","tag-pulpo-a-la-gallega","tag-schnelle-kueche","tag-spanien","tag-tintenfisch-auf-galicische-art","tag-tintenfischarme"],"jetpack_featured_media_url":"","jetpack_sharing_enabled":true,"_links":{"self":[{"href":"https:\/\/brittas-kochbuch.info\/index.php?rest_route=\/wp\/v2\/posts\/31530"}],"collection":[{"href":"https:\/\/brittas-kochbuch.info\/index.php?rest_route=\/wp\/v2\/posts"}],"about":[{"href":"https:\/\/brittas-kochbuch.info\/index.php?rest_route=\/wp\/v2\/types\/post"}],"author":[{"embeddable":true,"href":"https:\/\/brittas-kochbuch.info\/index.php?rest_route=\/wp\/v2\/users\/1"}],"replies":[{"embeddable":true,"href":"https:\/\/brittas-kochbuch.info\/index.php?rest_route=%2Fwp%2Fv2%2Fcomments&post=31530"}],"version-history":[{"count":54,"href":"https:\/\/brittas-kochbuch.info\/index.php?rest_route=\/wp\/v2\/posts\/31530\/revisions"}],"predecessor-version":[{"id":31663,"href":"https:\/\/brittas-kochbuch.info\/index.php?rest_route=\/wp\/v2\/posts\/31530\/revisions\/31663"}],"wp:attachment":[{"href":"https:\/\/brittas-kochbuch.info\/index.php?rest_route=%2Fwp%2Fv2%2Fmedia&parent=31530"}],"wp:term":[{"taxonomy":"category","embeddable":true,"href":"https:\/\/brittas-kochbuch.info\/index.php?rest_route=%2Fwp%2Fv2%2Fcategories&post=31530"},{"taxonomy":"post_tag","embeddable":true,"href":"https:\/\/brittas-kochbuch.info\/index.php?rest_route=%2Fwp%2Fv2%2Ftags&post=31530"}],"curies":[{"name":"wp","href":"https:\/\/api.w.org\/{rel}","templated":true}]}}