{"id":31661,"date":"2026-01-05T08:51:10","date_gmt":"2026-01-05T07:51:10","guid":{"rendered":"https:\/\/brittas-kochbuch.info\/?p=31661"},"modified":"2026-02-03T07:52:31","modified_gmt":"2026-02-03T06:52:31","slug":"die-kulinarische-weltreise-pule-me-arra-huhn-mit-walnuessen-albanien","status":"publish","type":"post","link":"https:\/\/brittas-kochbuch.info\/?p=31661","title":{"rendered":"Die kulinarische Weltreise: Pul\u00eb me Arra &#8211; Huhn mit Waln\u00fcssen (Albanien)"},"content":{"rendered":"\n<a href='http:\/\/volkermampft.de\/die-kulinarische-weltreise-die-grosse-foodblogger-aktion' title='Blogger Aktion \"Die kulinarische Weltreise von @volkermampft'><img src='http:\/\/volkermampft.de\/wp-content\/uploads\/2018\/02\/kulinarische_weltreise_500x200.png' width='500' height='200' alt='Blogger Aktion &quot;Die kulinarische Weltreise von @volkermampft'><\/a>\n\n\n\n<p class=\"has-drop-cap\">Auch im Jahr 2026 geht <a href=\"https:\/\/volkermampft.de\/die-kulinarische-weltreise-die-grosse-foodblogger-aktion\/\" target=\"_blank\" rel=\"noreferrer noopener\">die kulinarische Weltreise<\/a> weiter. Volker von <a href=\"https:\/\/volkermampft.de\/\" target=\"_blank\" rel=\"noreferrer noopener\">volkermampft<\/a> hat uns tats\u00e4chlich bis Ende 2028 mit Reisezielen und Sonderthemen &#8222;verplant&#8220;.<\/p>\n\n\n\n<p>Im Januar machen wir uns gemeinsam auf den Weg nach Albanien, amtlich Republik Albanien oder <em>Republika e Shqip\u00ebris\u00eb<\/em>, einem Staat in S\u00fcdosteuropa auf der Balkanhalbinsel. Das Land grenzt im Norden an Montenegro und den Kosovo, im Osten an Nordmazedonien und im S\u00fcden an Griechenland. Der Westen des Landes wird durch das adriatische bzw. ionische Meer begrenzt. Die Hauptstadt ist Tirana. [mehr lesen auf <a href=\"https:\/\/de.wikipedia.org\/wiki\/Albanien\" target=\"_blank\" rel=\"noreferrer noopener\">Wikipedia<\/a>]<\/p>\n\n\n\n<p>Die albanische K\u00fcche ist mediterran; sie zeigt aber als Teil der Balkank\u00fcche auch orientalische Einfl\u00fcsse. Von Region zu Region gibt es zum Teil erhebliche Unterschiede.<\/p>\n\n\n\n<p>Dabei bereichern eine Vielzahl an Zutaten wie Auberginen, Gurken, Bohnen, Tomaten usw., Lamm, Kalb, Rind, Ziege, Gefl\u00fcgel und regioal auch Schwein sowie Meer- und S\u00fc\u00dfwasserfische den Speiseplan. <\/p>\n\n\n\n<p>Einige Gerichte, die auch in Albanien gerne auf dem Tisch stehen, habe ich schon im Blog, z. B. <a href=\"https:\/\/brittas-kochbuch.info\/?p=30912\">Tarator<\/a>, <a href=\"https:\/\/brittas-kochbuch.info\/?p=22015\">Baklava<\/a>, <a href=\"https:\/\/brittas-kochbuch.info\/?p=23700\">Sarma<\/a>, <a href=\"https:\/\/brittas-kochbuch.info\/?p=28061\">Dollma<\/a>, <a href=\"https:\/\/brittas-kochbuch.info\/?p=3505\">Qofte<\/a>, <a href=\"https:\/\/brittas-kochbuch.info\/?p=1524\">Moussaka<\/a> oder <a href=\"https:\/\/brittas-kochbuch.info\/?p=20597\">Fasul<\/a>.<\/p>\n\n\n\n<p>Mein heutiges Gericht gilt als eine Nationalspeise Albaniens, das Pul\u00eb me Arra, was schlicht &#8222;Huhn mit Waln\u00fcssen&#8220; bedeutet. Ich habe verschiedene Quellen zu diesem Gericht gefunden, in der einen wird ein ganzes Huhn mit Waln\u00fcssen gef\u00fcllt, dabei wird das Huhn vorher gekocht oder auch nicht. In anderen Rezepten werden H\u00fchnerteile wie Brust oder Keule verwendet, die dabei ebenfalls entweder vorgekocht oder &#8222;nur&#8220; gebraten werden.<\/p>\n\n\n\n<p>Ich habe mich f\u00fcr ein relativ einfaches <a href=\"https:\/\/www.nationalgerichtrezepte.de\/nationalgericht-albanien-pula-me-arra-rezept\/\" target=\"_blank\" rel=\"noreferrer noopener\">Rezept<\/a> von der Seite <a href=\"https:\/\/www.nationalgerichtrezepte.de\/\" target=\"_blank\" rel=\"noreferrer noopener\">Nationalgerichte<\/a> entschieden, bei dem H\u00e4hnchenkeulen mit gehackten Waln\u00fcssen in der Pfanne gegart werden. Als Beilage hatten wir einfach Reis und etwas Gurkensalat mit Dill, der im Balkangebiet gerne gegessen wird. In Albanien wird vermutlich Qull dazu gereicht, eine Art Maisbrei, wie ihn <a href=\"https:\/\/de.wikipedia.org\/wiki\/Tim_M%C3%A4lzer\" target=\"_blank\" rel=\"noreferrer noopener\">Tim M\u00e4lzer<\/a> und <a href=\"https:\/\/de.wikipedia.org\/wiki\/Marteria\" target=\"_blank\" rel=\"noreferrer noopener\">Materia<\/a> in der Sendung <a href=\"https:\/\/www.vox.de\/sendungen\/kitchen-impossible\" target=\"_blank\" rel=\"noreferrer noopener\"><strong>Kitchen Impossible<\/strong><\/a> (Staffel 10, Folge 4 &#8211; zu streamen bei RTL+) zubereiten mussten.<\/p>\n\n\n<div class=\"wp-block-image\">\n<figure class=\"aligncenter size-full\"><a href=\"https:\/\/brittas-kochbuch.info\/wp-content\/uploads\/2026\/01\/20260104_pulamearra03.jpg\"><img loading=\"lazy\" decoding=\"async\" width=\"416\" height=\"555\" src=\"https:\/\/brittas-kochbuch.info\/wp-content\/uploads\/2026\/01\/20260104_pulamearra03.jpg\" alt=\"\" class=\"wp-image-31721\" srcset=\"https:\/\/brittas-kochbuch.info\/wp-content\/uploads\/2026\/01\/20260104_pulamearra03.jpg 416w, https:\/\/brittas-kochbuch.info\/wp-content\/uploads\/2026\/01\/20260104_pulamearra03-225x300.jpg 225w\" sizes=\"(max-width: 416px) 100vw, 416px\" \/><\/a><\/figure><\/div>\n\n\n<h4 class=\"wp-block-heading\">Zutaten f\u00fcr 2 Portionen:<\/h4>\n\n\n\n<ul class=\"wp-block-list\">\n<li>500 g H\u00fchnerbrust oder -schenkel ohne Haut<\/li>\n\n\n\n<li>100 g Waln\u00fcsse<\/li>\n\n\n\n<li>2 Zwiebeln<\/li>\n\n\n\n<li>2 Knoblauchzehen<\/li>\n\n\n\n<li>1 Teel\u00f6ffel Kreuzk\u00fcmmel<\/li>\n\n\n\n<li>1 Teel\u00f6ffel Paprika<\/li>\n\n\n\n<li>Salz und Pfeffer nach Geschmack<\/li>\n\n\n\n<li>2 Essl\u00f6ffel Oliven\u00f6l zum Braten<\/li>\n\n\n\n<li>optional: frische Petersilie zum Garnieren<\/li>\n<\/ul>\n\n\n\n<h4 class=\"wp-block-heading\">Zubereitung:<\/h4>\n\n\n\n<p>Waln\u00fcsse hacken, Zwiebeln in kleine W\u00fcrfelschneiden, Knoblauch ebenfalls fein schneiden oder reiben.<\/p>\n\n\n\n<p><em>In einigen Rezepten wird das Fleisch ebenfalls in Streifen geschnitten, was den Garprozess beschleunigt. <\/em><\/p>\n\n\n\n<p>Oliven\u00f6l in einer Pfanne erhitzen, Zwiebeln glasig d\u00fcnsten. Knoblauch zugeben, braten, bis er aromatisch duftet. Fleisch zugeben und von beiden Seiten goldbraun braten <em>oder Streifen unter R\u00fchren anbraten<\/em>.<\/p>\n\n\n\n<p>Mit den Gew\u00fcrzen pikant abschmecken, Waln\u00fcsse zugeben, bis das Fleisch gar ist. Vor dem Servieren nach Wunsch mit gehackter Petersilie bestreuen.<\/p>\n\n\n\n<figure class=\"wp-block-gallery has-nested-images columns-default is-cropped wp-block-gallery-1 is-layout-flex wp-block-gallery-is-layout-flex\">\n<figure class=\"wp-block-image size-large\"><a href=\"https:\/\/brittas-kochbuch.info\/wp-content\/uploads\/2026\/01\/20260104_pulamearra02.jpg\"><img loading=\"lazy\" decoding=\"async\" width=\"555\" height=\"416\" data-id=\"31720\" src=\"https:\/\/brittas-kochbuch.info\/wp-content\/uploads\/2026\/01\/20260104_pulamearra02.jpg\" alt=\"\" class=\"wp-image-31720\" srcset=\"https:\/\/brittas-kochbuch.info\/wp-content\/uploads\/2026\/01\/20260104_pulamearra02.jpg 555w, https:\/\/brittas-kochbuch.info\/wp-content\/uploads\/2026\/01\/20260104_pulamearra02-300x225.jpg 300w\" sizes=\"(max-width: 555px) 100vw, 555px\" \/><\/a><\/figure>\n\n\n\n<figure class=\"wp-block-image size-large\"><a href=\"https:\/\/brittas-kochbuch.info\/wp-content\/uploads\/2026\/01\/20260104_pulamearra01.jpg\"><img loading=\"lazy\" decoding=\"async\" width=\"416\" height=\"555\" data-id=\"31719\" src=\"https:\/\/brittas-kochbuch.info\/wp-content\/uploads\/2026\/01\/20260104_pulamearra01.jpg\" alt=\"\" class=\"wp-image-31719\" srcset=\"https:\/\/brittas-kochbuch.info\/wp-content\/uploads\/2026\/01\/20260104_pulamearra01.jpg 416w, https:\/\/brittas-kochbuch.info\/wp-content\/uploads\/2026\/01\/20260104_pulamearra01-225x300.jpg 225w\" sizes=\"(max-width: 416px) 100vw, 416px\" \/><\/a><\/figure>\n<\/figure>\n\n\n\n<p>Uns hat das Pul\u00eb me Arra sehr gut geschmeckt, und es war relativ fix zubereitet.<\/p>\n\n\n\n<h5 class=\"wp-block-heading\">Hier sammle ich im Laufe des Monats die Rezepte meiner Mitreisenden:<\/h5>\n\n\n\n<ul class=\"wp-block-list\">\n<li>Petra aka Cascabel von Chili und Ciabatta mit <a href=\"https:\/\/chili-und-ciabatta.de\/2026\/01\/albanischer-lammauflauf-mit-joghurt-und-reis-tave-kosi\/\" target=\"_blank\" rel=\"noreferrer noopener\">Albanischer Lammauflauf mit Joghurt und Reis &#8211; Tav\u00eb Kosi<\/a> <\/li>\n\n\n\n<li>Petra aka Cascabel von Chili und Ciabatta mit <a href=\"https:\/\/chili-und-ciabatta.de\/2026\/01\/ofenforelle-auf-zwiebel-tomaten-gemuese-tave-tradicionale-korani-me-qepe-e-domate\/\" target=\"_blank\" rel=\"noreferrer noopener\">Ofenforelle auf Zwiebel-Tomaten-Gem\u00fcse \u2013 tav\u00eb tradicionale korani me qep\u00eb e domate<\/a><\/li>\n\n\n\n<li>Carolin von Caros K\u00fcche mit <a href=\"https:\/\/caroskueche.de\/qifqi-albanische-reisbaellchen\/\" target=\"_blank\" rel=\"noreferrer noopener\">Qifqi: Albanische Reisb\u00e4llchen<\/a> <\/li>\n\n\n\n<li>Susanne von magentratzerl mit <a href=\"https:\/\/magentratzerl.de\/2026\/01\/13\/albanische-bohnensuppe-jani-me-fasule\/\" target=\"_blank\" rel=\"noreferrer noopener\">Jani me Fasule &#8211; Albanische Bohnensuppe<\/a><\/li>\n\n\n\n<li>Volker von Volkermampft mit <a href=\"https:\/\/volkermampft.de\/tave-kosi-albanisches-lamm-mit-reis-aus-dem-ofen\/\" target=\"_blank\" rel=\"noreferrer noopener\">Tav\u00eb kosi \u2013 albanisches Lamm mit Reis aus dem Ofen<\/a> <\/li>\n\n\n\n<li>Tina von K\u00fcchenmomente mit <a href=\"https:\/\/www.kuechenmomente.de\/albanische-kekse-gurabija\/\" target=\"_blank\" rel=\"noreferrer noopener\">Albanische Kekse &#8211; Gurabija<\/a> Susanne von magentratzerl mit <a href=\"https:\/\/magentratzerl.de\/2026\/01\/19\/pastice-albanischer-nudelauflauf\/\" target=\"_blank\" rel=\"noreferrer noopener\">Pasti\u00e7e &#8211; Albanischer Nudelauflauf<\/a> <\/li>\n\n\n\n<li>Regina von Bistroglobal mit <a href=\"https:\/\/bistroglobal.de\/spinatauflauf-und-canasta\/\" target=\"_blank\" rel=\"noreferrer noopener\">Spinatauflauf &#8211; Byrek Shqip\u00ebtar me Perime<\/a> <\/li>\n\n\n\n<li>Regina von Bistroglobal mit <a href=\"https:\/\/bistroglobal.de\/tave-kosi-ein-albanisches-nationalgericht\/\" target=\"_blank\" rel=\"noreferrer noopener\">Tav\u00eb kosi \u2013 albanisches Lamm mit Reis aus dem Ofen<\/a> <\/li>\n\n\n\n<li>Friederike von Fliederbaum mit <a href=\"https:\/\/fliederbaum.blogspot.com\/2026\/01\/byrek-albanisch.html\" target=\"_blank\" rel=\"noreferrer noopener\">Byrek me Kungull &#8211; Byrek mit K\u00fcrbis<\/a><\/li>\n\n\n\n<li>Simone von zimtkringel mit <a href=\"https:\/\/www.zimtkringel.org\/fergesetirane\/\" target=\"_blank\" rel=\"noreferrer noopener\">F\u00ebrges\u00eb Tirane<\/a><\/li>\n\n\n\n<li>Volker von Volkermampft mit <a href=\"https:\/\/volkermampft.de\/dollma-me-laker-te-bardhe-albanische-kohlrouladen\/\" target=\"_blank\" rel=\"noreferrer noopener\">Dollma me laker te bardhe &#8211; albanische Kohlrouladen<\/a><\/li>\n\n\n\n<li>Britta von Brittas Kochbuch mit <a href=\"https:\/\/brittas-kochbuch.info\/?p=31661\" target=\"_blank\" rel=\"noreferrer noopener\">Pul\u00eb me Arra &#8211; Huhn mit Waln\u00fcssen<\/a> <\/li>\n\n\n\n<li>Britta von Brittas Kochbuch mit <a href=\"https:\/\/brittas-kochbuch.info\/?p=31783\" target=\"_blank\" rel=\"noreferrer noopener\">Byrek me domate dhe qep\u00eb \u2013 Byrek mit Tomaten und Zwiebeln<\/a><\/li>\n<\/ul>\n","protected":false},"excerpt":{"rendered":"<p>Auch im Jahr 2026 geht die kulinarische Weltreise weiter. Volker von volkermampft hat uns tats\u00e4chlich bis Ende 2028 mit Reisezielen und Sonderthemen &#8222;verplant&#8220;. Im Januar machen wir uns gemeinsam auf den Weg nach Albanien, amtlich Republik Albanien oder Republika e Shqip\u00ebris\u00eb, einem Staat in S\u00fcdosteuropa auf der Balkanhalbinsel. Das Land grenzt im Norden an Montenegro [&hellip;]<\/p>\n","protected":false},"author":1,"featured_media":0,"comment_status":"open","ping_status":"open","sticky":false,"template":"","format":"standard","meta":{"sfsi_plus_gutenberg_text_before_share":"","sfsi_plus_gutenberg_show_text_before_share":"","sfsi_plus_gutenberg_icon_type":"","sfsi_plus_gutenberg_icon_alignemt":"","sfsi_plus_gutenburg_max_per_row":"","_jetpack_memberships_contains_paid_content":false,"footnotes":""},"categories":[169,231,10,710],"tags":[3858,2048,390,3860,3861,3859,126],"class_list":["post-31661","post","type-post","status-publish","format-standard","hentry","category-blog-events","category-kalbfleisch","category-kochbucher","category-nachgekocht","tag-albanien","tag-die-kulinarische-weltreise","tag-haehnchenbrust","tag-huhn-mit-walnuessen","tag-huehnchenbrust","tag-pule-me-arra","tag-walnuesse"],"jetpack_featured_media_url":"","jetpack_sharing_enabled":true,"_links":{"self":[{"href":"https:\/\/brittas-kochbuch.info\/index.php?rest_route=\/wp\/v2\/posts\/31661"}],"collection":[{"href":"https:\/\/brittas-kochbuch.info\/index.php?rest_route=\/wp\/v2\/posts"}],"about":[{"href":"https:\/\/brittas-kochbuch.info\/index.php?rest_route=\/wp\/v2\/types\/post"}],"author":[{"embeddable":true,"href":"https:\/\/brittas-kochbuch.info\/index.php?rest_route=\/wp\/v2\/users\/1"}],"replies":[{"embeddable":true,"href":"https:\/\/brittas-kochbuch.info\/index.php?rest_route=%2Fwp%2Fv2%2Fcomments&post=31661"}],"version-history":[{"count":30,"href":"https:\/\/brittas-kochbuch.info\/index.php?rest_route=\/wp\/v2\/posts\/31661\/revisions"}],"predecessor-version":[{"id":31886,"href":"https:\/\/brittas-kochbuch.info\/index.php?rest_route=\/wp\/v2\/posts\/31661\/revisions\/31886"}],"wp:attachment":[{"href":"https:\/\/brittas-kochbuch.info\/index.php?rest_route=%2Fwp%2Fv2%2Fmedia&parent=31661"}],"wp:term":[{"taxonomy":"category","embeddable":true,"href":"https:\/\/brittas-kochbuch.info\/index.php?rest_route=%2Fwp%2Fv2%2Fcategories&post=31661"},{"taxonomy":"post_tag","embeddable":true,"href":"https:\/\/brittas-kochbuch.info\/index.php?rest_route=%2Fwp%2Fv2%2Ftags&post=31661"}],"curies":[{"name":"wp","href":"https:\/\/api.w.org\/{rel}","templated":true}]}}