{"id":4444,"date":"2016-05-19T12:16:20","date_gmt":"2016-05-19T10:16:20","guid":{"rendered":"http:\/\/brittas-kochbuch.info\/?p=4444"},"modified":"2016-05-19T13:03:57","modified_gmt":"2016-05-19T11:03:57","slug":"tag-2-mit-dem-auto-durch-die-tramuntana","status":"publish","type":"post","link":"https:\/\/brittas-kochbuch.info\/?p=4444","title":{"rendered":"Tag 2: Mit dem Auto durch die Tramuntana"},"content":{"rendered":"<div id=\"attachment_4446\" style=\"width: 635px\" class=\"wp-caption aligncenter\"><a href=\"https:\/\/brittas-kochbuch.info\/wp-content\/uploads\/2016\/05\/tramuntana.jpg\"><img loading=\"lazy\" decoding=\"async\" aria-describedby=\"caption-attachment-4446\" class=\"wp-image-4446 size-large\" src=\"https:\/\/brittas-kochbuch.info\/wp-content\/uploads\/2016\/05\/tramuntana-1024x279.jpg\" alt=\"tramuntana\" width=\"625\" height=\"170\" srcset=\"https:\/\/brittas-kochbuch.info\/wp-content\/uploads\/2016\/05\/tramuntana-1024x279.jpg 1024w, https:\/\/brittas-kochbuch.info\/wp-content\/uploads\/2016\/05\/tramuntana-300x82.jpg 300w, https:\/\/brittas-kochbuch.info\/wp-content\/uploads\/2016\/05\/tramuntana-768x209.jpg 768w, https:\/\/brittas-kochbuch.info\/wp-content\/uploads\/2016\/05\/tramuntana-624x170.jpg 624w\" sizes=\"(max-width: 625px) 100vw, 625px\" \/><\/a><p id=\"caption-attachment-4446\" class=\"wp-caption-text\">Am Mirador Torre del Verger an der Ma-10 zwischen Estellencs und Banyalfubar<\/p><\/div>\n<p>Die <em>Serra de Tramuntana<\/em>\u00a0liegt im Nordwesten Mallorcas und geh\u00f6rt seit Juni 2011 zum UNESCO Weltkulturerbes. Sie wird ausgezeichnet durch teilweise sehr enge Serpentinen, die besonders auch bei (M\u00f6chtegern-)Radrennfahrer sehr beliebt sind.<\/p>\n<p>An dem Tag wollten wir eigentlich nach S\u00f2ller, aber eben eigentlich nicht \u00fcber die Serpentinen, sondern \u00fcber die relativ gerade Landstra\u00dfe unterhalb der Tramuntana. Tja, irgendwo waren wir wohl falsch abgebogen.<\/p>\n<p>Okay, dann fahren wir heute nicht nach S\u00f2ller sondern nur bis Valldemosa&#8230; leider haben wir in diesem sch\u00f6nen Ort keinen Parkplatz gefunden und fuhren frustriert zur\u00fcck in die grobe Richtung Palma&#8230; und landeten beim Gutshof <a href=\"http:\/\/www.lagranja.net\/de\/\" target=\"_blank\">La Granja<\/a> bei Esporles. Okay, dann gucken wir uns <em>La Granja<\/em> noch mal an.<\/p>\n<p>Aber zuerst eine Kleinigkeit essen. F\u00fcr mich gab es <em>P&#8217;amb Oli<\/em> mit Jam\u00f3n Iberico und K\u00e4se.<\/p>\n<p><a href=\"https:\/\/brittas-kochbuch.info\/wp-content\/uploads\/2016\/05\/pamboli_lagranja.jpg\"><img loading=\"lazy\" decoding=\"async\" class=\"aligncenter wp-image-4430\" src=\"https:\/\/brittas-kochbuch.info\/wp-content\/uploads\/2016\/05\/pamboli_lagranja-1024x768.jpg\" alt=\"pamboli_lagranja\" width=\"555\" height=\"416\" srcset=\"https:\/\/brittas-kochbuch.info\/wp-content\/uploads\/2016\/05\/pamboli_lagranja-1024x768.jpg 1024w, https:\/\/brittas-kochbuch.info\/wp-content\/uploads\/2016\/05\/pamboli_lagranja-300x225.jpg 300w, https:\/\/brittas-kochbuch.info\/wp-content\/uploads\/2016\/05\/pamboli_lagranja-768x576.jpg 768w, https:\/\/brittas-kochbuch.info\/wp-content\/uploads\/2016\/05\/pamboli_lagranja-624x468.jpg 624w\" sizes=\"(max-width: 555px) 100vw, 555px\" \/><\/a><\/p>\n<p><em>P&#8217;amb oli<\/em>\u00a0hei\u00dft erst mal nichts anderes als Brot mit \u00d6l: frisches Bauernbrot wird mit guten Oliven\u00f6l betr\u00e4ufelt und schmeckt auch so schon sehr gut. Im Restaurant von <em>La Granja<\/em> gab es, wie gesagt noch Schinken und K\u00e4se dazu, au\u00dferdem gr\u00fcne Oliven, Kapern und <a href=\"https:\/\/de.wikipedia.org\/wiki\/Meerfenchel\" target=\"_blank\">Meerfenchel<\/a> &#8211; ein mir bis dato unbekanntes, aber \u00fcberaus k\u00f6stliches Kraut.<\/p>\n<p>Frisch gest\u00e4rkt ging es dann durch den Gutshof, der das traditionelle Leben auf Mallorca im 17. Jahrhundert.<\/p>\n<div id=\"attachment_4456\" style=\"width: 565px\" class=\"wp-caption aligncenter\"><a href=\"https:\/\/brittas-kochbuch.info\/wp-content\/uploads\/2016\/05\/lagranja.jpg\"><img loading=\"lazy\" decoding=\"async\" aria-describedby=\"caption-attachment-4456\" class=\"wp-image-4456\" src=\"https:\/\/brittas-kochbuch.info\/wp-content\/uploads\/2016\/05\/lagranja-1024x768.jpg\" alt=\"lagranja\" width=\"555\" height=\"416\" srcset=\"https:\/\/brittas-kochbuch.info\/wp-content\/uploads\/2016\/05\/lagranja-1024x768.jpg 1024w, https:\/\/brittas-kochbuch.info\/wp-content\/uploads\/2016\/05\/lagranja-300x225.jpg 300w, https:\/\/brittas-kochbuch.info\/wp-content\/uploads\/2016\/05\/lagranja-768x576.jpg 768w, https:\/\/brittas-kochbuch.info\/wp-content\/uploads\/2016\/05\/lagranja-624x468.jpg 624w\" sizes=\"(max-width: 555px) 100vw, 555px\" \/><\/a><p id=\"caption-attachment-4456\" class=\"wp-caption-text\">Mitten in der Serra de Tramuntana in der N\u00e4he des \u00d6rtchens liegt der alte Gutshof La Granja<\/p><\/div>\n<p>&nbsp;<\/p>\n","protected":false},"excerpt":{"rendered":"<p>Die Serra de Tramuntana\u00a0liegt im Nordwesten Mallorcas und geh\u00f6rt seit Juni 2011 zum UNESCO Weltkulturerbes. Sie wird ausgezeichnet durch teilweise sehr enge Serpentinen, die besonders auch bei (M\u00f6chtegern-)Radrennfahrer sehr beliebt sind. An dem Tag wollten wir eigentlich nach S\u00f2ller, aber eben eigentlich nicht \u00fcber die Serpentinen, sondern \u00fcber die relativ gerade Landstra\u00dfe unterhalb der Tramuntana. [&hellip;]<\/p>\n","protected":false},"author":1,"featured_media":0,"comment_status":"open","ping_status":"open","sticky":false,"template":"","format":"standard","meta":{"sfsi_plus_gutenberg_text_before_share":"","sfsi_plus_gutenberg_show_text_before_share":"","sfsi_plus_gutenberg_icon_type":"","sfsi_plus_gutenberg_icon_alignemt":"","sfsi_plus_gutenburg_max_per_row":"","_jetpack_memberships_contains_paid_content":false,"footnotes":""},"categories":[42,628,3,90,572],"tags":[1054,424,899,1052,574,1050,565,1051,1053],"class_list":["post-4444","post","type-post","status-publish","format-standard","hentry","category-auswarts-essen","category-brot-broetchen-und-herzhaftes-gebaeck","category-brotaufstriche-suse-und-herzhaft","category-obst-und-gemuse","category-spanische-kueche","tag-jamon-iberico","tag-kapern","tag-kaese","tag-la-granja","tag-mallorca","tag-meerfenchel","tag-oliven","tag-pamb-oli","tag-serra-de-tramuntana"],"jetpack_featured_media_url":"","jetpack_sharing_enabled":true,"_links":{"self":[{"href":"https:\/\/brittas-kochbuch.info\/index.php?rest_route=\/wp\/v2\/posts\/4444"}],"collection":[{"href":"https:\/\/brittas-kochbuch.info\/index.php?rest_route=\/wp\/v2\/posts"}],"about":[{"href":"https:\/\/brittas-kochbuch.info\/index.php?rest_route=\/wp\/v2\/types\/post"}],"author":[{"embeddable":true,"href":"https:\/\/brittas-kochbuch.info\/index.php?rest_route=\/wp\/v2\/users\/1"}],"replies":[{"embeddable":true,"href":"https:\/\/brittas-kochbuch.info\/index.php?rest_route=%2Fwp%2Fv2%2Fcomments&post=4444"}],"version-history":[{"count":11,"href":"https:\/\/brittas-kochbuch.info\/index.php?rest_route=\/wp\/v2\/posts\/4444\/revisions"}],"predecessor-version":[{"id":4457,"href":"https:\/\/brittas-kochbuch.info\/index.php?rest_route=\/wp\/v2\/posts\/4444\/revisions\/4457"}],"wp:attachment":[{"href":"https:\/\/brittas-kochbuch.info\/index.php?rest_route=%2Fwp%2Fv2%2Fmedia&parent=4444"}],"wp:term":[{"taxonomy":"category","embeddable":true,"href":"https:\/\/brittas-kochbuch.info\/index.php?rest_route=%2Fwp%2Fv2%2Fcategories&post=4444"},{"taxonomy":"post_tag","embeddable":true,"href":"https:\/\/brittas-kochbuch.info\/index.php?rest_route=%2Fwp%2Fv2%2Ftags&post=4444"}],"curies":[{"name":"wp","href":"https:\/\/api.w.org\/{rel}","templated":true}]}}