{"id":4530,"date":"2016-05-19T12:55:33","date_gmt":"2016-05-19T10:55:33","guid":{"rendered":"http:\/\/brittas-kochbuch.info\/?p=4530"},"modified":"2017-09-22T10:26:54","modified_gmt":"2017-09-22T08:26:54","slug":"mitbringsel-von-mallorca","status":"publish","type":"post","link":"https:\/\/brittas-kochbuch.info\/?p=4530","title":{"rendered":"Mitbringsel aus dem Mallorca-Urlaub"},"content":{"rendered":"<p>Kein Urlaub ohne Mitbringsel und bei mir handelt es sich haupts\u00e4chliche um Gegenst\u00e4nde, die mit Kochen im weiteren Sinn zu tun haben.<\/p>\n<p><a href=\"https:\/\/brittas-kochbuch.info\/wp-content\/uploads\/2016\/05\/mallorca_oelflasche.jpg\"><img loading=\"lazy\" decoding=\"async\" class=\"wp-image-4535 alignleft\" src=\"https:\/\/brittas-kochbuch.info\/wp-content\/uploads\/2016\/05\/mallorca_oelflasche-768x1024.jpg\" alt=\"mallorca_oelflasche\" width=\"300\" height=\"400\" srcset=\"https:\/\/brittas-kochbuch.info\/wp-content\/uploads\/2016\/05\/mallorca_oelflasche-768x1024.jpg 768w, https:\/\/brittas-kochbuch.info\/wp-content\/uploads\/2016\/05\/mallorca_oelflasche-225x300.jpg 225w, https:\/\/brittas-kochbuch.info\/wp-content\/uploads\/2016\/05\/mallorca_oelflasche-624x832.jpg 624w\" sizes=\"(max-width: 300px) 100vw, 300px\" \/><\/a>Dieses wunderbare mundgeblasene Glask\u00e4nnchen habe ich im Laden der Glasbl\u00e4serei <a href=\"http:\/\/www.lafiore.com\/index.php?Idi=3\" target=\"_blank\" rel=\"noopener\">La Fiore<\/a> erstanden, das wir am <a href=\"https:\/\/brittas-kochbuch.info\/?p=4444\">ersten Tag<\/a> mit dem Auto eher zuf\u00e4llig entdeckte. Ein Besuch dort war sowieso geplant.<\/p>\n<p>Die Herstellung der Glasst\u00fccke orientiert sich an der ber\u00fchmten venezianischen Glasbl\u00e4serei. Wie ihr auf der Webseite seht, gibt es unz\u00e4hlige Varianten an Gegenst\u00e4nden, fast eines sch\u00f6ner als das andere.<\/p>\n<p>Dieses K\u00e4nnchen ist f\u00fcr Oliven\u00f6l, das man zum Essen reicht, gedacht.<\/p>\n<p>&nbsp;<\/p>\n<p>&nbsp;<\/p>\n<hr \/>\n<p style=\"text-align: left;\"><img loading=\"lazy\" decoding=\"async\" class=\" wp-image-4533 alignright\" src=\"https:\/\/brittas-kochbuch.info\/wp-content\/uploads\/2016\/05\/mallorca_flordesal-1024x768.jpg\" alt=\"mallorca_flordesal\" width=\"380\" height=\"285\" srcset=\"https:\/\/brittas-kochbuch.info\/wp-content\/uploads\/2016\/05\/mallorca_flordesal-1024x768.jpg 1024w, https:\/\/brittas-kochbuch.info\/wp-content\/uploads\/2016\/05\/mallorca_flordesal-300x225.jpg 300w, https:\/\/brittas-kochbuch.info\/wp-content\/uploads\/2016\/05\/mallorca_flordesal-768x576.jpg 768w, https:\/\/brittas-kochbuch.info\/wp-content\/uploads\/2016\/05\/mallorca_flordesal-624x468.jpg 624w\" sizes=\"(max-width: 380px) 100vw, 380px\" \/><\/p>\n<p style=\"text-align: left;\">Was nat\u00fcrlich auch ganz oben auf meiner Einkaufswunschliste stand, war das handgesch\u00f6pfte Meersalz aus den Salinen zwischen <em>Es Trenc<\/em> und <em>Ses Salines<\/em>.<\/p>\n<p style=\"text-align: left;\">Dorthin f\u00fchrte unser Weg am <a href=\"https:\/\/brittas-kochbuch.info\/?p=4458\">zweiten Tag<\/a> mit Auto. Neben dem Flor de Sal d&#8217;Es Trenc erstand ich ein Set mit verschieden aromatisierten Oliven\u00f6len sowie einen kleinen Olivenholzl\u00f6ffel zur Dosierung des Salzes.<\/p>\n<p style=\"text-align: left;\"><a href=\"https:\/\/brittas-kochbuch.info\/wp-content\/uploads\/2016\/05\/flordesaldeckel.jpg\"><img loading=\"lazy\" decoding=\"async\" class=\"alignright wp-image-4569\" src=\"https:\/\/brittas-kochbuch.info\/wp-content\/uploads\/2016\/05\/flordesaldeckel-300x300.jpg\" alt=\"flordesaldeckel\" width=\"380\" height=\"380\" srcset=\"https:\/\/brittas-kochbuch.info\/wp-content\/uploads\/2016\/05\/flordesaldeckel-300x300.jpg 300w, https:\/\/brittas-kochbuch.info\/wp-content\/uploads\/2016\/05\/flordesaldeckel-150x150.jpg 150w, https:\/\/brittas-kochbuch.info\/wp-content\/uploads\/2016\/05\/flordesaldeckel-768x768.jpg 768w, https:\/\/brittas-kochbuch.info\/wp-content\/uploads\/2016\/05\/flordesaldeckel-1024x1024.jpg 1024w, https:\/\/brittas-kochbuch.info\/wp-content\/uploads\/2016\/05\/flordesaldeckel-624x624.jpg 624w\" sizes=\"(max-width: 380px) 100vw, 380px\" \/><\/a><\/p>\n<p style=\"text-align: left;\">Merkw\u00fcrdiges Detail auf dem Deckel auf dem Decker der Flor de Sal-Dose. Ein Aufkleber der Stiftung Warentest, die das Salz im Oktober 2013 mit GUT zum Testsieger gew\u00e4hlt hat.<\/p>\n<p style=\"text-align: left;\">Muss Deutschland eigentlich irgendwie \u00fcberall sein?<\/p>\n<p style=\"text-align: left;\">Ich h\u00e4tte das Salz auch ohne jegliches G\u00fctesiegel gekauft.<\/p>\n<p>&nbsp;<\/p>\n<p>&nbsp;<\/p>\n<p>&nbsp;<\/p>\n<hr \/>\n<p><a href=\"https:\/\/brittas-kochbuch.info\/wp-content\/uploads\/2016\/05\/mallorca_orangen.jpg\"><img loading=\"lazy\" decoding=\"async\" class=\" wp-image-4536 alignleft\" src=\"https:\/\/brittas-kochbuch.info\/wp-content\/uploads\/2016\/05\/mallorca_orangen-1024x768.jpg\" alt=\"mallorca_orangen\" width=\"380\" height=\"285\" srcset=\"https:\/\/brittas-kochbuch.info\/wp-content\/uploads\/2016\/05\/mallorca_orangen-1024x768.jpg 1024w, https:\/\/brittas-kochbuch.info\/wp-content\/uploads\/2016\/05\/mallorca_orangen-300x225.jpg 300w, https:\/\/brittas-kochbuch.info\/wp-content\/uploads\/2016\/05\/mallorca_orangen-768x576.jpg 768w, https:\/\/brittas-kochbuch.info\/wp-content\/uploads\/2016\/05\/mallorca_orangen-624x468.jpg 624w\" sizes=\"(max-width: 380px) 100vw, 380px\" \/><\/a>Am <a href=\"https:\/\/brittas-kochbuch.info\/?p=4493\">dritten Tag<\/a> waren wir ja in S\u00f3ller und Port de S\u00f3ller und was soll man aus dem gr\u00f6\u00dften Anbaugebiet f\u00fcr Orangen und Zitronen schon anderes mitbringen als die leckeren Orangen von dort&#8230;<\/p>\n<p>Eigentlich wollten wir sie ja l\u00e4ngst abends im Hotelzimmer &#8222;geschlachtet&#8220; haben, aber sie fanden dann doch den Weg mit uns nach Deutschland.<\/p>\n<hr \/>\n<p style=\"text-align: left;\"><a href=\"https:\/\/brittas-kochbuch.info\/wp-content\/uploads\/2016\/05\/mallorca_kochbuch.jpg\"><img loading=\"lazy\" decoding=\"async\" class=\"alignright wp-image-4534\" src=\"https:\/\/brittas-kochbuch.info\/wp-content\/uploads\/2016\/05\/mallorca_kochbuch-768x1024.jpg\" alt=\"mallorca_kochbuch\" width=\"300\" height=\"400\" srcset=\"https:\/\/brittas-kochbuch.info\/wp-content\/uploads\/2016\/05\/mallorca_kochbuch-768x1024.jpg 768w, https:\/\/brittas-kochbuch.info\/wp-content\/uploads\/2016\/05\/mallorca_kochbuch-225x300.jpg 225w, https:\/\/brittas-kochbuch.info\/wp-content\/uploads\/2016\/05\/mallorca_kochbuch-624x832.jpg 624w\" sizes=\"(max-width: 300px) 100vw, 300px\" \/><\/a><\/p>\n<p style=\"text-align: left;\">Ich halte es schon lange so, dass ich mir aus &#8222;fremden&#8220; L\u00e4ndern Kochb\u00fccher mitbringen und dieser sch\u00f6nen Tradition blieb ich nat\u00fcrlich auch dieses Mal treu.<\/p>\n<p style=\"text-align: left;\">Auf einem unserer abendlichen Spazierg\u00e4nge die &#8222;Flaniermeile&#8220; von Peguera hinauf, trafen wir auf einen h\u00fcbschen kleinen Laden, namens <a href=\"https:\/\/www.facebook.com\/Sa-Botiga-de-Paguera-982751601759430\/\" target=\"_blank\" rel=\"noopener\">Sa Botiga de Peguera<\/a>.<\/p>\n<p style=\"text-align: left;\">Der kleine Delikatessenladen geh\u00f6rt einem \u00e4lteren Ehepaar; er Mallorquiner, sie, einst in Berlin geboren und sage und schreibe 56 Jahre auf Mallorca.<\/p>\n<p style=\"text-align: left;\">Neben kulinarischen Highlights der Insel gibt es auch kunsthandwerkliche St\u00fccke, u. a. die Stoffe, die <em>Telas de Lenguas<\/em> genannt werden und die ebenfalls auf meiner Einkaufsliste standen. F\u00fcr 20 \u20ac erstand ich einen riesigen &#8222;Lappen&#8220; dieses Stoffes (unter dem Kochbuch). Als ich die alte Dame dann nach einem Tipp fragte, wo ich ein mallorquinisches Kochbuch bek\u00e4me, zeigte sie auf einen Korb mit B\u00fcchern. Sie hatte uns vorher schon erz\u00e4hlt, dass sie immer wieder eigene B\u00fccher auf Flohm\u00e4rkten anb\u00f6te. Auch dieses Buch stammt aus ihren eigenen Best\u00e4nden und hat mich gerade mal 5 \u20ac gekostet.<\/p>\n<p style=\"text-align: left;\">Ein sehr erfolgreicher Einkaufsabend!<\/p>\n<hr \/>\n<p><a href=\"https:\/\/brittas-kochbuch.info\/wp-content\/uploads\/2016\/05\/webstuhl.jpg\"><img loading=\"lazy\" decoding=\"async\" class=\"alignleft wp-image-4552\" src=\"https:\/\/brittas-kochbuch.info\/wp-content\/uploads\/2016\/05\/webstuhl-1024x683.jpg\" alt=\"webstuhl\" width=\"380\" height=\"253\" srcset=\"https:\/\/brittas-kochbuch.info\/wp-content\/uploads\/2016\/05\/webstuhl-1024x683.jpg 1024w, https:\/\/brittas-kochbuch.info\/wp-content\/uploads\/2016\/05\/webstuhl-300x200.jpg 300w, https:\/\/brittas-kochbuch.info\/wp-content\/uploads\/2016\/05\/webstuhl-768x512.jpg 768w, https:\/\/brittas-kochbuch.info\/wp-content\/uploads\/2016\/05\/webstuhl-624x416.jpg 624w\" sizes=\"(max-width: 380px) 100vw, 380px\" \/><\/a>Eigentlich hatten wir auch vorgehabt, die seit 1949 bestehende <a href=\"http:\/\/www.bujosatextil.com\" target=\"_blank\" rel=\"noopener\">Weberei Bujosa<\/a> in <em>Santa Mar\u00eda del Cam\u00ed<\/em> besuchen. Dort werden die Telas de Lenguas noch auf alten Webst\u00fchlen hergestellt. Leider befand sich in der N\u00e4he kein Parkplatz, auf der Webseite ist kein Hinweis auf \u00d6ffnungszeiten, Parkm\u00f6glichkeiten o. \u00e4. zu finden. Schade. So fuhren wir unverrichteter Dinge weiter.<\/p>\n<p>Zum Gl\u00fcck werden auf <a href=\"http:\/\/www.lagranja.net\/de\/\" target=\"_blank\" rel=\"noopener\">La Granja<\/a> ein alter Webstuhl (oben rechts) und auch die F\u00e4rberei des Flachses (oben links) f\u00fcr die Stoffe gezeigt, so dass wir zumindest eine passive Vorstellung der Arbeit hatten.<\/p>\n<hr \/>\n<p><a href=\"https:\/\/brittas-kochbuch.info\/wp-content\/uploads\/2016\/05\/mallorca_keramik.jpg\"><img loading=\"lazy\" decoding=\"async\" class=\" wp-image-4532 alignright\" src=\"https:\/\/brittas-kochbuch.info\/wp-content\/uploads\/2016\/05\/mallorca_keramik-1024x768.jpg\" alt=\"mallorca_keramik\" width=\"400\" height=\"300\" srcset=\"https:\/\/brittas-kochbuch.info\/wp-content\/uploads\/2016\/05\/mallorca_keramik-1024x768.jpg 1024w, https:\/\/brittas-kochbuch.info\/wp-content\/uploads\/2016\/05\/mallorca_keramik-300x225.jpg 300w, https:\/\/brittas-kochbuch.info\/wp-content\/uploads\/2016\/05\/mallorca_keramik-768x576.jpg 768w, https:\/\/brittas-kochbuch.info\/wp-content\/uploads\/2016\/05\/mallorca_keramik-624x468.jpg 624w\" sizes=\"(max-width: 400px) 100vw, 400px\" \/><\/a><\/p>\n<p>Last, but not least musste\u00a0 ein St\u00fcck der typischen Mallorcakeramik her &#8211; oder auch zwei. Ich hatte mich bei unserer netten Rezeptionistin im Hotel gefragt, wo man am besten Keramik kauft. Sie gab uns zwei Adressen in Campos und in Marratx\u00ed.<\/p>\n<p>Der Betrieb in Marratx\u00ed sah montags genau so \u00a0geschlossen aus wie am Sonntag zuvor. In dem Gesch\u00e4ft in Campos, das eher einem hiesigen Fliesenmarkt glich und Kleinkeramik scheinbar als Zusatzgesch\u00e4ft anbot, war leider auch nicht so ergiebig. Immerhin erstand ich die sch\u00f6ne Zitronenpresse, die Ihr links im Bild seht.<\/p>\n<p>Den Oliventeller kaufte ich dann an unserem letzten, autofreien Tag vor unserem Heimflug in Peguera.<\/p>\n<p style=\"text-align: left;\">\u00a0<a href=\"https:\/\/brittas-kochbuch.info\/?p=4420\">Der Urlaubsbericht von Anfang an.<\/a><\/p>\n","protected":false},"excerpt":{"rendered":"<p>Kein Urlaub ohne Mitbringsel und bei mir handelt es sich haupts\u00e4chliche um Gegenst\u00e4nde, die mit Kochen im weiteren Sinn zu tun haben. Dieses wunderbare mundgeblasene Glask\u00e4nnchen habe ich im Laden der Glasbl\u00e4serei La Fiore erstanden, das wir am ersten Tag mit dem Auto eher zuf\u00e4llig entdeckte. Ein Besuch dort war sowieso geplant. Die Herstellung der [&hellip;]<\/p>\n","protected":false},"author":1,"featured_media":0,"comment_status":"open","ping_status":"open","sticky":false,"template":"","format":"standard","meta":{"sfsi_plus_gutenberg_text_before_share":"","sfsi_plus_gutenberg_show_text_before_share":"","sfsi_plus_gutenberg_icon_type":"","sfsi_plus_gutenberg_icon_alignemt":"","sfsi_plus_gutenburg_max_per_row":"","_jetpack_memberships_contains_paid_content":false,"footnotes":""},"categories":[76,10,34],"tags":[1080,1075,1074,1072,1078,1073,574,1076,1071,58,1081,760,1049,1064,1077,1048,1079],"class_list":["post-4530","post","type-post","status-publish","format-standard","hentry","category-einkaufen","category-kochbucher","category-kuchenutensilien","tag-campos","tag-es-trenc","tag-flor-de-sal-des-trenc","tag-glaskaennchen","tag-keramik","tag-la-fiore","tag-mallorca","tag-mallorca-kochbuch","tag-mitbringsel","tag-olivenol","tag-oliventeller","tag-orangen","tag-peguera","tag-soller","tag-tela-de-lenguas","tag-urlaub","tag-zitronenpresse"],"jetpack_featured_media_url":"","jetpack_sharing_enabled":true,"_links":{"self":[{"href":"https:\/\/brittas-kochbuch.info\/index.php?rest_route=\/wp\/v2\/posts\/4530"}],"collection":[{"href":"https:\/\/brittas-kochbuch.info\/index.php?rest_route=\/wp\/v2\/posts"}],"about":[{"href":"https:\/\/brittas-kochbuch.info\/index.php?rest_route=\/wp\/v2\/types\/post"}],"author":[{"embeddable":true,"href":"https:\/\/brittas-kochbuch.info\/index.php?rest_route=\/wp\/v2\/users\/1"}],"replies":[{"embeddable":true,"href":"https:\/\/brittas-kochbuch.info\/index.php?rest_route=%2Fwp%2Fv2%2Fcomments&post=4530"}],"version-history":[{"count":39,"href":"https:\/\/brittas-kochbuch.info\/index.php?rest_route=\/wp\/v2\/posts\/4530\/revisions"}],"predecessor-version":[{"id":9837,"href":"https:\/\/brittas-kochbuch.info\/index.php?rest_route=\/wp\/v2\/posts\/4530\/revisions\/9837"}],"wp:attachment":[{"href":"https:\/\/brittas-kochbuch.info\/index.php?rest_route=%2Fwp%2Fv2%2Fmedia&parent=4530"}],"wp:term":[{"taxonomy":"category","embeddable":true,"href":"https:\/\/brittas-kochbuch.info\/index.php?rest_route=%2Fwp%2Fv2%2Fcategories&post=4530"},{"taxonomy":"post_tag","embeddable":true,"href":"https:\/\/brittas-kochbuch.info\/index.php?rest_route=%2Fwp%2Fv2%2Ftags&post=4530"}],"curies":[{"name":"wp","href":"https:\/\/api.w.org\/{rel}","templated":true}]}}