{"id":5209,"date":"2016-07-01T11:08:38","date_gmt":"2016-07-01T09:08:38","guid":{"rendered":"http:\/\/brittas-kochbuch.info\/?p=5209"},"modified":"2016-09-10T17:33:02","modified_gmt":"2016-09-10T15:33:02","slug":"hochbeet-update-1","status":"publish","type":"post","link":"https:\/\/brittas-kochbuch.info\/?p=5209","title":{"rendered":"Hochbeet-Update 1"},"content":{"rendered":"<p>So sah das <a href=\"https:\/\/brittas-kochbuch.info\/?p=4797\">Hochbeet<\/a> kurz nach dem Bepflanzen aus und so (unten) am 21. Juni. Das schw\u00fclwarme Wetter hat daf\u00fcr gesorgt, dass alles gewachsen ist wie in einem Treibhaus. Nur das rote Basilikum hat bei dem vielen Regen leider geschw\u00e4chelt und dann endg\u00fcltig den Geist aufgegeben. Daf\u00fcr wuchsen die mehr an unser gem\u00e4\u00dfigtes Klima gew\u00f6hnte Pflanzen um so besser und ausufernder.<\/p>\n<p><a href=\"https:\/\/brittas-kochbuch.info\/wp-content\/uploads\/2016\/06\/hochbeet_juni.jpg\"><img loading=\"lazy\" decoding=\"async\" class=\"aligncenter wp-image-5094\" src=\"https:\/\/brittas-kochbuch.info\/wp-content\/uploads\/2016\/06\/hochbeet_juni.jpg\" alt=\"hochbeet_juni\" width=\"416\" height=\"555\" srcset=\"https:\/\/brittas-kochbuch.info\/wp-content\/uploads\/2016\/06\/hochbeet_juni.jpg 2448w, https:\/\/brittas-kochbuch.info\/wp-content\/uploads\/2016\/06\/hochbeet_juni-225x300.jpg 225w, https:\/\/brittas-kochbuch.info\/wp-content\/uploads\/2016\/06\/hochbeet_juni-768x1024.jpg 768w, https:\/\/brittas-kochbuch.info\/wp-content\/uploads\/2016\/06\/hochbeet_juni-624x832.jpg 624w\" sizes=\"(max-width: 416px) 100vw, 416px\" \/><\/a><\/p>\n<p><!--more--><\/p>\n<p>Und hier ist das Hochbeet vom 26. Juni:<\/p>\n<p><a href=\"https:\/\/brittas-kochbuch.info\/wp-content\/uploads\/2016\/07\/hochbeet_260616.jpg\"><img loading=\"lazy\" decoding=\"async\" class=\"aligncenter wp-image-5213\" src=\"https:\/\/brittas-kochbuch.info\/wp-content\/uploads\/2016\/07\/hochbeet_260616-1024x768.jpg\" alt=\"hochbeet_260616\" width=\"555\" height=\"416\" srcset=\"https:\/\/brittas-kochbuch.info\/wp-content\/uploads\/2016\/07\/hochbeet_260616-1024x768.jpg 1024w, https:\/\/brittas-kochbuch.info\/wp-content\/uploads\/2016\/07\/hochbeet_260616-300x225.jpg 300w, https:\/\/brittas-kochbuch.info\/wp-content\/uploads\/2016\/07\/hochbeet_260616-768x576.jpg 768w, https:\/\/brittas-kochbuch.info\/wp-content\/uploads\/2016\/07\/hochbeet_260616-624x468.jpg 624w\" sizes=\"(max-width: 555px) 100vw, 555px\" \/><\/a><\/p>\n<p>Den ganzen Salatpflanzen und den Koriander aus der Mitte musste ich schon umpflanzen, weil sie gar kein Licht mehr unter den riesigen Bl\u00e4ttern der Zucchini- und Gurkenpflanzen bekamen.<\/p>\n<p><a href=\"https:\/\/brittas-kochbuch.info\/wp-content\/uploads\/2016\/07\/salatpflanzen_260616.jpg\"><img loading=\"lazy\" decoding=\"async\" class=\"aligncenter wp-image-5216\" src=\"https:\/\/brittas-kochbuch.info\/wp-content\/uploads\/2016\/07\/salatpflanzen_260616-1024x768.jpg\" alt=\"salatpflanzen_260616\" width=\"555\" height=\"416\" srcset=\"https:\/\/brittas-kochbuch.info\/wp-content\/uploads\/2016\/07\/salatpflanzen_260616-1024x768.jpg 1024w, https:\/\/brittas-kochbuch.info\/wp-content\/uploads\/2016\/07\/salatpflanzen_260616-300x225.jpg 300w, https:\/\/brittas-kochbuch.info\/wp-content\/uploads\/2016\/07\/salatpflanzen_260616-768x576.jpg 768w, https:\/\/brittas-kochbuch.info\/wp-content\/uploads\/2016\/07\/salatpflanzen_260616-624x468.jpg 624w\" sizes=\"(max-width: 555px) 100vw, 555px\" \/><\/a><\/p>\n<p>Ich genie\u00dfe es sehr, fast t\u00e4glich frischen Salat und frische Kr\u00e4uter aus dem Garten zu h\u00f6ren. Die ersten Mini-Zucchini- und -Gurken sind auch schon zu sehen.<\/p>\n","protected":false},"excerpt":{"rendered":"<p>So sah das Hochbeet kurz nach dem Bepflanzen aus und so (unten) am 21. Juni. Das schw\u00fclwarme Wetter hat daf\u00fcr gesorgt, dass alles gewachsen ist wie in einem Treibhaus. Nur das rote Basilikum hat bei dem vielen Regen leider geschw\u00e4chelt und dann endg\u00fcltig den Geist aufgegeben. Daf\u00fcr wuchsen die mehr an unser gem\u00e4\u00dfigtes Klima gew\u00f6hnte [&hellip;]<\/p>\n","protected":false},"author":1,"featured_media":0,"comment_status":"open","ping_status":"open","sticky":false,"template":"","format":"standard","meta":{"sfsi_plus_gutenberg_text_before_share":"","sfsi_plus_gutenberg_show_text_before_share":"","sfsi_plus_gutenberg_icon_type":"","sfsi_plus_gutenberg_icon_alignemt":"","sfsi_plus_gutenburg_max_per_row":"","_jetpack_memberships_contains_paid_content":false,"footnotes":""},"categories":[91,90,9],"tags":[94,1157,1103,28,1105,1159,1158],"class_list":["post-5209","post","type-post","status-publish","format-standard","hentry","category-aus-dem-garten","category-obst-und-gemuse","category-vegetarisches","tag-garten","tag-gurkenpflanze","tag-hochbeet","tag-krauter","tag-pfluecksalat","tag-tomatenpflanze","tag-zucchinipflanze"],"jetpack_featured_media_url":"","jetpack_sharing_enabled":true,"_links":{"self":[{"href":"https:\/\/brittas-kochbuch.info\/index.php?rest_route=\/wp\/v2\/posts\/5209"}],"collection":[{"href":"https:\/\/brittas-kochbuch.info\/index.php?rest_route=\/wp\/v2\/posts"}],"about":[{"href":"https:\/\/brittas-kochbuch.info\/index.php?rest_route=\/wp\/v2\/types\/post"}],"author":[{"embeddable":true,"href":"https:\/\/brittas-kochbuch.info\/index.php?rest_route=\/wp\/v2\/users\/1"}],"replies":[{"embeddable":true,"href":"https:\/\/brittas-kochbuch.info\/index.php?rest_route=%2Fwp%2Fv2%2Fcomments&post=5209"}],"version-history":[{"count":8,"href":"https:\/\/brittas-kochbuch.info\/index.php?rest_route=\/wp\/v2\/posts\/5209\/revisions"}],"predecessor-version":[{"id":6127,"href":"https:\/\/brittas-kochbuch.info\/index.php?rest_route=\/wp\/v2\/posts\/5209\/revisions\/6127"}],"wp:attachment":[{"href":"https:\/\/brittas-kochbuch.info\/index.php?rest_route=%2Fwp%2Fv2%2Fmedia&parent=5209"}],"wp:term":[{"taxonomy":"category","embeddable":true,"href":"https:\/\/brittas-kochbuch.info\/index.php?rest_route=%2Fwp%2Fv2%2Fcategories&post=5209"},{"taxonomy":"post_tag","embeddable":true,"href":"https:\/\/brittas-kochbuch.info\/index.php?rest_route=%2Fwp%2Fv2%2Ftags&post=5209"}],"curies":[{"name":"wp","href":"https:\/\/api.w.org\/{rel}","templated":true}]}}