{"id":5846,"date":"2016-09-05T13:37:30","date_gmt":"2016-09-05T11:37:30","guid":{"rendered":"http:\/\/brittas-kochbuch.info\/?p=5846"},"modified":"2016-09-10T16:52:16","modified_gmt":"2016-09-10T14:52:16","slug":"das-war-mein-sommer-2016","status":"publish","type":"post","link":"https:\/\/brittas-kochbuch.info\/?p=5846","title":{"rendered":"Das war mein Sommer 2016"},"content":{"rendered":"<p><a href=\"https:\/\/giftigeblonde.wordpress.com\/2016\/08\/25\/blogevent-das-war-mein-sommer-2016\/\" target=\"_blank\"><img loading=\"lazy\" decoding=\"async\" class=\"size-medium wp-image-13949 aligncenter\" src=\"https:\/\/giftigeblonde.files.wordpress.com\/2016\/08\/das-war-mein-sommer.jpg?w=612&amp;h=238\" alt=\"DAS war mein Sommer!\" width=\"300\" height=\"113\" \/><\/a>Sina, die\u00a0<a href=\"https:\/\/giftigeblonde.wordpress.com\/\" target=\"_blank\">Giftigeblonde<\/a> hat sich dieses ungew\u00f6hnliche <a href=\"https:\/\/giftigeblonde.wordpress.com\/2016\/08\/25\/blogevent-das-war-mein-sommer-2016\/\" target=\"_blank\">Blog-Event<\/a> ausgedacht. Ein interessantes Thema, wie ich finde. Dazu kann einem wirklich eine Menge einfallen.<\/p>\n<p><a href=\"https:\/\/www.youtube.com\/watch?v=KzEOvyDcVas\" target=\"_blank\">&#8222;Wann wird&#8217;s mal wieder richtig Sommer&#8220;<\/a> hat Rudi Carell schon 1975 musikalisch gefragt und sich &#8222;Sonnenschein von Juni bis September&#8220; gew\u00fcnscht.<\/p>\n<p>Ja, so sieht er aus, der ideale Wunschsommer&#8230; Sonne, Hitze, Freibad, zwischendurch mal ein paar Stunden sanfter Landregen statt sintflutartiger Wolkenbr\u00fcche. F\u00fcr unsere Breitengrade ungef\u00e4hr so illusorisch wie von wei\u00dfer Weihnacht zu tr\u00e4umen. Tja&#8230;<\/p>\n<p>Im gro\u00dfen und ganzen war der Sommer aber nicht so schlimm, oder?<\/p>\n<p><!--more--><\/p>\n<hr \/>\n<p>Bei dem G\u00f6Ga und mir fing er schon Anfang Mai mit einer Woche auf Mallorca statt. Schon mal Sonne vortanken. Aber was soll ich sagen? Das Wetter war zu der Zeit in Deutschland deutlich besser und brachte die erste Hitzewelle, w\u00e4hrend wir eher durchwachsenes Wetter hatten.<\/p>\n<p><a href=\"https:\/\/brittas-kochbuch.info\/wp-content\/uploads\/2016\/05\/colonia_sanjordi_panorama_bearbeitet-2.jpg\"><img loading=\"lazy\" decoding=\"async\" class=\"alignleft size-large wp-image-4438\" src=\"https:\/\/brittas-kochbuch.info\/wp-content\/uploads\/2016\/05\/colonia_sanjordi_panorama_bearbeitet-2-1024x391.jpg\" alt=\"colonia_sanjordi_panorama_bearbeitet-2\" width=\"625\" height=\"239\" srcset=\"https:\/\/brittas-kochbuch.info\/wp-content\/uploads\/2016\/05\/colonia_sanjordi_panorama_bearbeitet-2-1024x391.jpg 1024w, https:\/\/brittas-kochbuch.info\/wp-content\/uploads\/2016\/05\/colonia_sanjordi_panorama_bearbeitet-2-300x114.jpg 300w, https:\/\/brittas-kochbuch.info\/wp-content\/uploads\/2016\/05\/colonia_sanjordi_panorama_bearbeitet-2-768x293.jpg 768w, https:\/\/brittas-kochbuch.info\/wp-content\/uploads\/2016\/05\/colonia_sanjordi_panorama_bearbeitet-2-624x238.jpg 624w\" sizes=\"(max-width: 625px) 100vw, 625px\" \/><\/a><\/p>\n<p>Aber sch\u00f6n war&#8217;s ja trotzdem, wie\u00a0mein <a href=\"https:\/\/brittas-kochbuch.info\/?p=4420\">Urlaubsbericht<\/a> zeigt.<\/p>\n<hr \/>\n<p><a href=\"https:\/\/brittas-kochbuch.info\/wp-content\/uploads\/2016\/09\/sommer01.jpg\"><img loading=\"lazy\" decoding=\"async\" class=\"alignleft wp-image-5907\" src=\"https:\/\/brittas-kochbuch.info\/wp-content\/uploads\/2016\/09\/sommer01-455x1024.jpg\" alt=\"sommer01\" width=\"247\" height=\"555\" srcset=\"https:\/\/brittas-kochbuch.info\/wp-content\/uploads\/2016\/09\/sommer01-455x1024.jpg 455w, https:\/\/brittas-kochbuch.info\/wp-content\/uploads\/2016\/09\/sommer01-133x300.jpg 133w, https:\/\/brittas-kochbuch.info\/wp-content\/uploads\/2016\/09\/sommer01-768x1728.jpg 768w, https:\/\/brittas-kochbuch.info\/wp-content\/uploads\/2016\/09\/sommer01-624x1404.jpg 624w, https:\/\/brittas-kochbuch.info\/wp-content\/uploads\/2016\/09\/sommer01.jpg 1451w\" sizes=\"(max-width: 247px) 100vw, 247px\" \/><\/a>Kaum waren wir wieder zu Hause, begann das Projekt &#8222;Hochbeet&#8220;. Gesehen hatte ich so ein Beet aus Europaletten schon vor drei Jahren bei einer Freundin im Garten.<\/p>\n<p>Anfang des\u00a0\u00a0Jahres hatte der G\u00f6Ga von einem Kollegen vier Europaletten ergattern k\u00f6nnen, die zun\u00e4chst im Keller ihrer weiteren Verwendung entgegen sahen. Da der G\u00f6Ga nach dem eigentlichen Urlaub noch ein paar Tage frei hatte, ging er frisch ans Werk und schraubte die Paletten zun\u00e4chst mit Winkeln zusammen.<br \/>\nAuf den Boden und an die Seiten kommt Kaninchendraht, damit von unten keine W\u00fchlm\u00e4use an das Gem\u00fcse kommen. Ein paar alte Wegplatten beschweren den Kaninchendraht.\u00a0Innen rund um die Seiten kommt Teichfolie.<\/p>\n<p>Zum Bef\u00fcllen hat der G\u00f6Ga Zweige und \u00c4ste unten hinein gelegt. Darauf kamen zig Liter g\u00fcnstige Erde als F\u00fcllmaterial. Ganz nach oben kamen dann 3 S\u00e4cke Bio-Pflanzenerde mit Langzeitd\u00fcnger.<\/p>\n<p>&nbsp;<\/p>\n<hr \/>\n<p><a href=\"https:\/\/brittas-kochbuch.info\/wp-content\/uploads\/2016\/09\/sommer02.jpg\"><img loading=\"lazy\" decoding=\"async\" class=\"alignleft wp-image-5913 size-medium\" src=\"https:\/\/brittas-kochbuch.info\/wp-content\/uploads\/2016\/09\/sommer02-300x225.jpg\" alt=\"sommer02\" width=\"300\" height=\"225\" srcset=\"https:\/\/brittas-kochbuch.info\/wp-content\/uploads\/2016\/09\/sommer02-300x225.jpg 300w, https:\/\/brittas-kochbuch.info\/wp-content\/uploads\/2016\/09\/sommer02-768x576.jpg 768w, https:\/\/brittas-kochbuch.info\/wp-content\/uploads\/2016\/09\/sommer02-1024x768.jpg 1024w, https:\/\/brittas-kochbuch.info\/wp-content\/uploads\/2016\/09\/sommer02-624x468.jpg 624w\" sizes=\"(max-width: 300px) 100vw, 300px\" \/><\/a><\/p>\n<p>Jetzt ging es ans Bepflanzen und in unserem \u00dcberschwang schlugen wir so richtig zu:<br \/>\nWir kauften je 2 Tomaten-, Paprika-, Zucchini- und Landgurkenpflanzen, au\u00dferdem Pfl\u00fccksalat, Chili und Koriander.<\/p>\n<p>Au\u00dferdem brauchte ich nat\u00fcrlich auch ein paar weiter Kr\u00e4uter wie Liebst\u00f6ckel, roter Basilikum und Petersilie, die in einem separaten Kasten am Hochbeet unterkamen (links) sowie Borretsch, Dost (heimischer Oregano), Thai-Basilikum, Salbei und Thymian, die in einer alten Zinkwanne ein neues Heim gefunden haben (rechts).<br \/>\n<a href=\"https:\/\/brittas-kochbuch.info\/wp-content\/uploads\/2016\/09\/sommer04.jpg\"><img loading=\"lazy\" decoding=\"async\" class=\"alignright wp-image-5911 size-medium\" src=\"https:\/\/brittas-kochbuch.info\/wp-content\/uploads\/2016\/09\/sommer04-225x300.jpg\" alt=\"sommer04\" width=\"225\" height=\"300\" srcset=\"https:\/\/brittas-kochbuch.info\/wp-content\/uploads\/2016\/09\/sommer04-225x300.jpg 225w, https:\/\/brittas-kochbuch.info\/wp-content\/uploads\/2016\/09\/sommer04-768x1024.jpg 768w, https:\/\/brittas-kochbuch.info\/wp-content\/uploads\/2016\/09\/sommer04-624x832.jpg 624w\" sizes=\"(max-width: 225px) 100vw, 225px\" \/><\/a><a href=\"https:\/\/brittas-kochbuch.info\/wp-content\/uploads\/2016\/09\/sommer05.jpg\"><img loading=\"lazy\" decoding=\"async\" class=\"alignleft wp-image-5910 size-medium\" src=\"https:\/\/brittas-kochbuch.info\/wp-content\/uploads\/2016\/09\/sommer05-300x225.jpg\" alt=\"sommer05\" width=\"300\" height=\"225\" srcset=\"https:\/\/brittas-kochbuch.info\/wp-content\/uploads\/2016\/09\/sommer05-300x225.jpg 300w, https:\/\/brittas-kochbuch.info\/wp-content\/uploads\/2016\/09\/sommer05-768x576.jpg 768w, https:\/\/brittas-kochbuch.info\/wp-content\/uploads\/2016\/09\/sommer05-1024x768.jpg 1024w, https:\/\/brittas-kochbuch.info\/wp-content\/uploads\/2016\/09\/sommer05-624x468.jpg 624w\" sizes=\"(max-width: 300px) 100vw, 300px\" \/><\/a><\/p>\n<p>&nbsp;<\/p>\n<p>&nbsp;<\/p>\n<p>&nbsp;<\/p>\n<p>&nbsp;<\/p>\n<p>&nbsp;<\/p>\n<p>Leider hat das rote Basilikum den vielen Regen dauerhaft nicht \u00fcberlebt, genauso wenig wie das Thai-Basilikum.<\/p>\n<p>Nach k\u00fcrzester Zeit war dann das Hochbeet so mit den Zucchini- und Gurkenpflanzen \u00fcberwuchert, dass wir den Pfl\u00fccksalat und auch den Koriander umsiedeln mussten.<\/p>\n<p><a href=\"https:\/\/brittas-kochbuch.info\/wp-content\/uploads\/2016\/09\/sommer03.jpg\"><img loading=\"lazy\" decoding=\"async\" class=\"aligncenter wp-image-5912\" src=\"https:\/\/brittas-kochbuch.info\/wp-content\/uploads\/2016\/09\/sommer03-1024x768.jpg\" alt=\"sommer03\" width=\"555\" height=\"416\" srcset=\"https:\/\/brittas-kochbuch.info\/wp-content\/uploads\/2016\/09\/sommer03-1024x768.jpg 1024w, https:\/\/brittas-kochbuch.info\/wp-content\/uploads\/2016\/09\/sommer03-300x225.jpg 300w, https:\/\/brittas-kochbuch.info\/wp-content\/uploads\/2016\/09\/sommer03-768x576.jpg 768w, https:\/\/brittas-kochbuch.info\/wp-content\/uploads\/2016\/09\/sommer03-624x468.jpg 624w\" sizes=\"(max-width: 555px) 100vw, 555px\" \/><\/a><\/p>\n<p>Der Koriander kam zu den anderen Kr\u00e4utern in die Wanne, der Salat zog in eine zweite Zinkwanne um.<\/p>\n<p><a href=\"https:\/\/brittas-kochbuch.info\/wp-content\/uploads\/2016\/09\/sommer06.jpg\"><img loading=\"lazy\" decoding=\"async\" class=\"aligncenter wp-image-5918\" src=\"https:\/\/brittas-kochbuch.info\/wp-content\/uploads\/2016\/09\/sommer06-1024x768.jpg\" alt=\"sommer06\" width=\"555\" height=\"416\" srcset=\"https:\/\/brittas-kochbuch.info\/wp-content\/uploads\/2016\/09\/sommer06-1024x768.jpg 1024w, https:\/\/brittas-kochbuch.info\/wp-content\/uploads\/2016\/09\/sommer06-300x225.jpg 300w, https:\/\/brittas-kochbuch.info\/wp-content\/uploads\/2016\/09\/sommer06-768x576.jpg 768w, https:\/\/brittas-kochbuch.info\/wp-content\/uploads\/2016\/09\/sommer06-624x468.jpg 624w\" sizes=\"(max-width: 555px) 100vw, 555px\" \/><\/a><\/p>\n<hr \/>\n<p>Seit dem letzten Wochenende (27.\/28. August) kriegen auch die Tomaten und Chilis langsam Farbe und gestern (30. August) konnte ich die erste Tomate ernten.<\/p>\n<p><a href=\"https:\/\/brittas-kochbuch.info\/wp-content\/uploads\/2016\/09\/sommer07.jpg\"><img loading=\"lazy\" decoding=\"async\" class=\"alignleft wp-image-5917\" src=\"https:\/\/brittas-kochbuch.info\/wp-content\/uploads\/2016\/09\/sommer07-768x1024.jpg\" alt=\"sommer07\" width=\"263\" height=\"350\" srcset=\"https:\/\/brittas-kochbuch.info\/wp-content\/uploads\/2016\/09\/sommer07-768x1024.jpg 768w, https:\/\/brittas-kochbuch.info\/wp-content\/uploads\/2016\/09\/sommer07-225x300.jpg 225w, https:\/\/brittas-kochbuch.info\/wp-content\/uploads\/2016\/09\/sommer07-624x832.jpg 624w\" sizes=\"(max-width: 263px) 100vw, 263px\" \/><\/a> <a href=\"https:\/\/brittas-kochbuch.info\/wp-content\/uploads\/2016\/09\/sommer08.jpg\"><img loading=\"lazy\" decoding=\"async\" class=\"alignright wp-image-5916\" src=\"https:\/\/brittas-kochbuch.info\/wp-content\/uploads\/2016\/09\/sommer08-768x1024.jpg\" alt=\"sommer08\" width=\"263\" height=\"350\" srcset=\"https:\/\/brittas-kochbuch.info\/wp-content\/uploads\/2016\/09\/sommer08-768x1024.jpg 768w, https:\/\/brittas-kochbuch.info\/wp-content\/uploads\/2016\/09\/sommer08-225x300.jpg 225w, https:\/\/brittas-kochbuch.info\/wp-content\/uploads\/2016\/09\/sommer08-624x832.jpg 624w\" sizes=\"(max-width: 263px) 100vw, 263px\" \/><\/a><\/p>\n<p>&nbsp;<\/p>\n<p>&nbsp;<\/p>\n<p>&nbsp;<\/p>\n<p>&nbsp;<\/p>\n<p>&nbsp;<\/p>\n<p>&nbsp;<\/p>\n<p>&nbsp;<\/p>\n<p>&nbsp;<\/p>\n<hr \/>\n<p>Die ganze Pracht und Herrlichkeit hing und h\u00e4ngt ja auch nicht ganz umsonst an den Pflanzen, sondern wurde nat\u00fcrlich auch lecker verarbeitet und zubereitet:<\/p>\n<ul>\n<li><a href=\"https:\/\/brittas-kochbuch.info\/?p=5247\">Couscous-Salat &#8222;mit allem&#8220;<\/a><\/li>\n<li><a href=\"https:\/\/brittas-kochbuch.info\/?p=5470\">Penne mit Zucchini und Rucola<\/a><\/li>\n<li><a href=\"https:\/\/brittas-kochbuch.info\/?p=5498\">Ente \u00e0 l&#8217;Orange im Sommrkleid<\/a><\/li>\n<li><a href=\"https:\/\/brittas-kochbuch.info\/?p=5674\">Rigatoni mit Gem\u00fcsesauce<\/a><\/li>\n<li><a href=\"https:\/\/brittas-kochbuch.info\/?p=5722\">Salat mit Steakstreifen<\/a><\/li>\n<li><a href=\"https:\/\/brittas-kochbuch.info\/?p=5815\">Schmorgurken-Hackpfanne<\/a><\/li>\n<li><a href=\"https:\/\/brittas-kochbuch.info\/?p=5839\">Senfgurken<\/a><\/li>\n<\/ul>\n<hr \/>\n<p>Jetzt hat der G\u00f6Ga noch mal zwei Wochen Urlaub, aber die sind wohl gr\u00f6\u00dftenteils mit Arbeit im und um Haus und Garten gef\u00fcllt, weshalb ich an dieser Stelle noch ein bisschen aus dem Garten und von seinen Fortschritten plaudern m\u00f6chte:<\/p>\n<p>Haus und Garten habe ich \u00fcbrigens im Januar 2013 in recht desolatem Zustand geerbt. Nachdem das Haus fast von Grund auf renoviert wurde, so dass wir Ende 2014 einziehen konnte, lag der Garten bis auf ein paar Ausnahmen weiterhin brach. Dieses Jahr haben wir endlich angefangen, uns vom Eingangsbereich bis hinters Haus vorzuarbeiten. Eines der Highlights ist der Rosenbogen und die wundervollen Kletterrosen, die an ihm empor ranken.<\/p>\n<p><a href=\"https:\/\/brittas-kochbuch.info\/wp-content\/uploads\/2016\/09\/rosenbogen01.jpg\"><img loading=\"lazy\" decoding=\"async\" class=\"alignleft wp-image-5963 size-medium\" src=\"https:\/\/brittas-kochbuch.info\/wp-content\/uploads\/2016\/09\/rosenbogen01-300x200.jpg\" alt=\"rosenbogen01\" width=\"300\" height=\"200\" srcset=\"https:\/\/brittas-kochbuch.info\/wp-content\/uploads\/2016\/09\/rosenbogen01-300x200.jpg 300w, https:\/\/brittas-kochbuch.info\/wp-content\/uploads\/2016\/09\/rosenbogen01-768x512.jpg 768w, https:\/\/brittas-kochbuch.info\/wp-content\/uploads\/2016\/09\/rosenbogen01-1024x683.jpg 1024w, https:\/\/brittas-kochbuch.info\/wp-content\/uploads\/2016\/09\/rosenbogen01-624x416.jpg 624w\" sizes=\"(max-width: 300px) 100vw, 300px\" \/><\/a><\/p>\n<p>Links sieht man den frisch erbauten Rosenbogen mit Blick in den Garten, rechts aus dem Garten zum Nachbargeb\u00e4ude.<\/p>\n<p>Eigentlich soll der Bogen mit einem Zaun eingefasst werden und ein Tor bekommen, aber das Angebot, das wir dazu bekamen, war jenseits von gut und b\u00f6se, so dass diese Aktion wohl erst mal bis zum n\u00e4chsten Jahr auf Eis liegt.<\/p>\n<p><a href=\"https:\/\/brittas-kochbuch.info\/wp-content\/uploads\/2016\/09\/rosenbogen02.jpg\"><img loading=\"lazy\" decoding=\"async\" class=\"alignleft wp-image-5962 size-medium\" src=\"https:\/\/brittas-kochbuch.info\/wp-content\/uploads\/2016\/09\/rosenbogen02-300x200.jpg\" alt=\"rosenbogen02\" width=\"300\" height=\"200\" srcset=\"https:\/\/brittas-kochbuch.info\/wp-content\/uploads\/2016\/09\/rosenbogen02-300x200.jpg 300w, https:\/\/brittas-kochbuch.info\/wp-content\/uploads\/2016\/09\/rosenbogen02-768x512.jpg 768w, https:\/\/brittas-kochbuch.info\/wp-content\/uploads\/2016\/09\/rosenbogen02-1024x683.jpg 1024w, https:\/\/brittas-kochbuch.info\/wp-content\/uploads\/2016\/09\/rosenbogen02-624x416.jpg 624w\" sizes=\"(max-width: 300px) 100vw, 300px\" \/><\/a><\/p>\n<p>Zu beiden Seiten haben wir Kletterrosen gesetzt, wobei die linke, die DaVinci-Rose ihrem Namen eindeutig mehr Ehre macht. Sie hat inzwischen fast den Bogen erreicht, w\u00e4hrend die rechte eher vor sich hin mickert. Wenn sie im n\u00e4chsten Jahr keinen Wachstumsschub aufnimmt, kommt auf die rechte Seite vielleicht noch eine andere Kletterpflanze wie zum Beispiel Blauregen, den ich auch sehr mag.<\/p>\n<p><a href=\"https:\/\/brittas-kochbuch.info\/wp-content\/uploads\/2016\/09\/rosenbogen03.jpg\"><img loading=\"lazy\" decoding=\"async\" class=\"alignleft wp-image-5961 size-medium\" src=\"https:\/\/brittas-kochbuch.info\/wp-content\/uploads\/2016\/09\/rosenbogen03-300x225.jpg\" alt=\"rosenbogen03\" width=\"300\" height=\"225\" srcset=\"https:\/\/brittas-kochbuch.info\/wp-content\/uploads\/2016\/09\/rosenbogen03-300x225.jpg 300w, https:\/\/brittas-kochbuch.info\/wp-content\/uploads\/2016\/09\/rosenbogen03-768x576.jpg 768w, https:\/\/brittas-kochbuch.info\/wp-content\/uploads\/2016\/09\/rosenbogen03-1024x768.jpg 1024w, https:\/\/brittas-kochbuch.info\/wp-content\/uploads\/2016\/09\/rosenbogen03-624x468.jpg 624w\" sizes=\"(max-width: 300px) 100vw, 300px\" \/><\/a><\/p>\n<p>Der Blick durch den Rosenbogen in den Garten gef\u00e4llt mir sehr. Neben dem Bogen steht ein Rosenst\u00e4mmchen, das meine Mutter zu ihrem 70sten Geburtstag von den Nachbarn geschenkt bekommen hatte. Es hei\u00dft jetzt allgemein nur noch <em>Hildegard<\/em> und erfreut uns dieses Jahr mit einem st\u00e4ndigen Nachschub an Knospen und Bl\u00fcten, wie im Tryptichon unten zu sehen ist.<\/p>\n<p><a href=\"https:\/\/brittas-kochbuch.info\/wp-content\/uploads\/2016\/09\/hildegard_trypt.jpg\"><img loading=\"lazy\" decoding=\"async\" class=\"alignleft size-large wp-image-5968\" src=\"https:\/\/brittas-kochbuch.info\/wp-content\/uploads\/2016\/09\/hildegard_trypt-1024x452.jpg\" alt=\"hildegard_trypt\" width=\"625\" height=\"276\" srcset=\"https:\/\/brittas-kochbuch.info\/wp-content\/uploads\/2016\/09\/hildegard_trypt-1024x452.jpg 1024w, https:\/\/brittas-kochbuch.info\/wp-content\/uploads\/2016\/09\/hildegard_trypt-300x133.jpg 300w, https:\/\/brittas-kochbuch.info\/wp-content\/uploads\/2016\/09\/hildegard_trypt-768x339.jpg 768w, https:\/\/brittas-kochbuch.info\/wp-content\/uploads\/2016\/09\/hildegard_trypt-624x276.jpg 624w\" sizes=\"(max-width: 625px) 100vw, 625px\" \/><\/a><\/p>\n<p>&nbsp;<\/p>\n<hr \/>\n<p><a href=\"https:\/\/brittas-kochbuch.info\/wp-content\/uploads\/2016\/09\/clematis.jpg\"><img loading=\"lazy\" decoding=\"async\" class=\"alignleft wp-image-5971\" src=\"https:\/\/brittas-kochbuch.info\/wp-content\/uploads\/2016\/09\/clematis-225x300.jpg\" alt=\"clematis\" width=\"167\" height=\"222\" srcset=\"https:\/\/brittas-kochbuch.info\/wp-content\/uploads\/2016\/09\/clematis-225x300.jpg 225w, https:\/\/brittas-kochbuch.info\/wp-content\/uploads\/2016\/09\/clematis-768x1024.jpg 768w, https:\/\/brittas-kochbuch.info\/wp-content\/uploads\/2016\/09\/clematis-624x832.jpg 624w\" sizes=\"(max-width: 167px) 100vw, 167px\" \/><\/a>\u00a0Die wei\u00dfe Wand im Hintergrund geh\u00f6rt zur Garage und dort sollen im n\u00e4chsten Jahr weitere Hochbeete mit Bohnen und Wein entstehen.<\/p>\n<p>Mein Opa hatte damals vom Garagenbau \u00fcbrig gebliebene\u00a0<a href=\"https:\/\/de.wikipedia.org\/wiki\/Betonstahlmatte\" target=\"_&quot;blank&quot;\">Betonstahlmatten<\/a>\u00a0als Rankhilfen f\u00fcr urspr\u00fcnglich zwei <a href=\"https:\/\/de.wikipedia.org\/wiki\/Waldreben\" target=\"_blank\">Clematis<\/a> eingeschlagen, von denen nur noch eine flei\u00dfig bl\u00fcht und die sich nat\u00fcrlich hervorragend auch f\u00fcr kletternde Gem\u00fcse-\/Obstpflanzen\u00a0nutzen lassen.<\/p>\n<p>&nbsp;<\/p>\n<hr \/>\n<p><a href=\"https:\/\/brittas-kochbuch.info\/wp-content\/uploads\/2016\/09\/bodendeckerrosen01.jpg\"><img loading=\"lazy\" decoding=\"async\" class=\"alignleft wp-image-5976 size-medium\" src=\"https:\/\/brittas-kochbuch.info\/wp-content\/uploads\/2016\/09\/bodendeckerrosen01-225x300.jpg\" alt=\"bodendeckerrosen01\" width=\"225\" height=\"300\" srcset=\"https:\/\/brittas-kochbuch.info\/wp-content\/uploads\/2016\/09\/bodendeckerrosen01-225x300.jpg 225w, https:\/\/brittas-kochbuch.info\/wp-content\/uploads\/2016\/09\/bodendeckerrosen01-768x1024.jpg 768w, https:\/\/brittas-kochbuch.info\/wp-content\/uploads\/2016\/09\/bodendeckerrosen01-624x832.jpg 624w\" sizes=\"(max-width: 225px) 100vw, 225px\" \/><\/a>\u00a0Links neben dem Rosenbogen vor der Hausfront hat sich auch viel getan dieses Jahr. Als Begrenzung zum Nachbarhaus steht ein hochgewachsener <a href=\"https:\/\/de.wikipedia.org\/wiki\/Lorbeerkirsche\" target=\"_blank\">Kirschlorbeer<\/a>, rechts daneben war Unkrautbrache, dann kommt ein weiterer kleinerer Kirschlorbeer (im Bild links noch zu sehen), daneben noch mehr Unkrautbrache und direkt links von der Haustreppe ein ausufernder Kirschlorbeer. Diesen hat der G\u00f6Ga komplett ausgegraben, das Unkraut gej\u00e4tet und zum Nachbarn hin bodendeckende Pflanzen, u. a. <a href=\"https:\/\/de.wikipedia.org\/wiki\/Zwergmispeln\" target=\"_blank\">Cotoneaster (Zwergmispel)<\/a>, gesetzt.<\/p>\n<p>Anstelle des ausgegrabenen Kirschlorbeers zieren jetzt Bodendeckerrosen und Lavendel das Beet.<\/p>\n<p><a href=\"https:\/\/brittas-kochbuch.info\/wp-content\/uploads\/2016\/09\/bodendeckerrosen02.jpg\"><img loading=\"lazy\" decoding=\"async\" class=\"aligncenter wp-image-5975\" src=\"https:\/\/brittas-kochbuch.info\/wp-content\/uploads\/2016\/09\/bodendeckerrosen02-1024x768.jpg\" alt=\"bodendeckerrosen02\" width=\"555\" height=\"416\" srcset=\"https:\/\/brittas-kochbuch.info\/wp-content\/uploads\/2016\/09\/bodendeckerrosen02-1024x768.jpg 1024w, https:\/\/brittas-kochbuch.info\/wp-content\/uploads\/2016\/09\/bodendeckerrosen02-300x225.jpg 300w, https:\/\/brittas-kochbuch.info\/wp-content\/uploads\/2016\/09\/bodendeckerrosen02-768x576.jpg 768w, https:\/\/brittas-kochbuch.info\/wp-content\/uploads\/2016\/09\/bodendeckerrosen02-624x468.jpg 624w\" sizes=\"(max-width: 555px) 100vw, 555px\" \/><\/a><\/p>\n<p>Ich hoffe mal, dass sich die Rosen im Laufe der Zeit ordentlich ausbreiten, so dass kein Unkrautzupfen mehr n\u00f6tig ist.<\/p>\n<hr \/>\n<p><a href=\"https:\/\/brittas-kochbuch.info\/wp-content\/uploads\/2016\/09\/rosenbogen04.jpg\"><img loading=\"lazy\" decoding=\"async\" class=\"alignleft wp-image-5959\" src=\"https:\/\/brittas-kochbuch.info\/wp-content\/uploads\/2016\/09\/rosenbogen04-225x300.jpg\" alt=\"rosenbogen04\" width=\"184\" height=\"245\" srcset=\"https:\/\/brittas-kochbuch.info\/wp-content\/uploads\/2016\/09\/rosenbogen04-225x300.jpg 225w, https:\/\/brittas-kochbuch.info\/wp-content\/uploads\/2016\/09\/rosenbogen04-768x1024.jpg 768w, https:\/\/brittas-kochbuch.info\/wp-content\/uploads\/2016\/09\/rosenbogen04-624x832.jpg 624w\" sizes=\"(max-width: 184px) 100vw, 184px\" \/><\/a>Hier seht Ihr schon, wie weit die DaVinci-Kletterrose schon gewachsen ist. Das Foto stammt vom 31. Juli.<\/p>\n<p>Im Hintergrund steht eine Sonnenblumenart, eine mehrj\u00e4hrige Staude, die, wie der Name schon sagt, im Gegensatz zu den bekannten gro\u00dfen Sonnenblumen (Helianthus annuus), jedes Jahr wieder kommt. Meine Mutter hatte sie vor Jahren mal von einem Cousin mit gr\u00fcnem Daumen geschenkt bekommen und hat sie zum Gl\u00fcck, wie so viele andere Pflanzen, nicht klein gekriegt.<\/p>\n<p>&nbsp;<\/p>\n<p>Im unteren Foto seht Ihr noch mal die h\u00fcbsche DaVinci-Kletterrose im Gegenlicht. Sie sieht \u00fcbrigens nicht nur h\u00fcbsch aus, sondern duftet auch ganz wunderbar.<\/p>\n<p><a href=\"https:\/\/brittas-kochbuch.info\/wp-content\/uploads\/2016\/09\/kletterrose-davinci.jpg\"><img loading=\"lazy\" decoding=\"async\" class=\"aligncenter wp-image-5960\" src=\"https:\/\/brittas-kochbuch.info\/wp-content\/uploads\/2016\/09\/kletterrose-davinci-768x1024.jpg\" alt=\"kletterrose-davinci\" width=\"416\" height=\"555\" srcset=\"https:\/\/brittas-kochbuch.info\/wp-content\/uploads\/2016\/09\/kletterrose-davinci-768x1024.jpg 768w, https:\/\/brittas-kochbuch.info\/wp-content\/uploads\/2016\/09\/kletterrose-davinci-225x300.jpg 225w, https:\/\/brittas-kochbuch.info\/wp-content\/uploads\/2016\/09\/kletterrose-davinci-624x832.jpg 624w\" sizes=\"(max-width: 416px) 100vw, 416px\" \/><\/a><\/p>\n<hr \/>\n<p>Und hier noch einmal ein Eindruck von der mehrj\u00e4hrigen Sonnenblume:<\/p>\n<p><a href=\"https:\/\/brittas-kochbuch.info\/wp-content\/uploads\/2016\/09\/sonnenblume01.jpg\"><img loading=\"lazy\" decoding=\"async\" class=\"aligncenter wp-image-5980 size-large\" src=\"https:\/\/brittas-kochbuch.info\/wp-content\/uploads\/2016\/09\/sonnenblume01-1024x455.jpg\" alt=\"sonnenblume01\" width=\"625\" height=\"278\" srcset=\"https:\/\/brittas-kochbuch.info\/wp-content\/uploads\/2016\/09\/sonnenblume01-1024x455.jpg 1024w, https:\/\/brittas-kochbuch.info\/wp-content\/uploads\/2016\/09\/sonnenblume01-300x133.jpg 300w, https:\/\/brittas-kochbuch.info\/wp-content\/uploads\/2016\/09\/sonnenblume01-768x341.jpg 768w, https:\/\/brittas-kochbuch.info\/wp-content\/uploads\/2016\/09\/sonnenblume01-624x277.jpg 624w\" sizes=\"(max-width: 625px) 100vw, 625px\" \/><\/a><\/p>\n<hr \/>\n<p><a href=\"https:\/\/brittas-kochbuch.info\/wp-content\/uploads\/2016\/09\/kletterrose.jpg\"><img loading=\"lazy\" decoding=\"async\" class=\" wp-image-5993 aligncenter\" src=\"https:\/\/brittas-kochbuch.info\/wp-content\/uploads\/2016\/09\/kletterrose-1024x683.jpg\" alt=\"kletterrose\" width=\"555\" height=\"370\" srcset=\"https:\/\/brittas-kochbuch.info\/wp-content\/uploads\/2016\/09\/kletterrose-1024x683.jpg 1024w, https:\/\/brittas-kochbuch.info\/wp-content\/uploads\/2016\/09\/kletterrose-300x200.jpg 300w, https:\/\/brittas-kochbuch.info\/wp-content\/uploads\/2016\/09\/kletterrose-768x512.jpg 768w, https:\/\/brittas-kochbuch.info\/wp-content\/uploads\/2016\/09\/kletterrose-624x416.jpg 624w\" sizes=\"(max-width: 555px) 100vw, 555px\" \/><\/a>Diese wundersch\u00f6ne Kletterrose fristete bereits ein mehrj\u00e4hriges Leben in einem blauen Pflanzkasten mit Rankgitter hinter dem Haus und durfte dieses Jahr auch nach vorne umziehen. Sie hat jetzt ein h\u00fcbsches Pl\u00e4tzchen direkt neben dem Fallrohr, an dem sie nun nach Herzenslust hochranken darf. Den Umzug hat sie trotz frischer Rosenerde im Pflanzloch und kr\u00e4ftigen Gie\u00dfens nicht so gut \u00fcberstanden. Sie lie\u00df die Rosenk\u00f6pfchen h\u00e4ngen und bekam braune Bl\u00e4tter. Aber nachdem ich sie kr\u00e4ftig zur\u00fcckgeschnitten hatte, w\u00e4chst sie wieder mit kr\u00e4ftigen gr\u00fcnen Bl\u00e4ttern und hei\u00dft\u00a0uns n\u00e4chstes Jahr bestimmt mit ihren wundersch\u00f6nen blutroten Bl\u00fcten willkommen, wen wir das Haus betreten.<\/p>\n<p>Die Rankhilfen aus Fallrohr und alten Kabeln kann sie sich dann mit der Hundsrose teilen, die das erste Mal seit 3 Jahren richtig kr\u00e4ftig ausgetrieben und sogar mehr als eine Bl\u00fcte produziert hat. Mit den vier oder f\u00fcnf Hagebutten, die mittlerweile am Strauch h\u00e4ngen, kann ich noch nicht viel anfangen, aber auch das wir hoffentlich n\u00e4chstes Jahr besser.<\/p>\n<p><a href=\"https:\/\/brittas-kochbuch.info\/wp-content\/uploads\/2016\/09\/hundsrose.jpg\"><img loading=\"lazy\" decoding=\"async\" class=\"aligncenter wp-image-5995\" src=\"https:\/\/brittas-kochbuch.info\/wp-content\/uploads\/2016\/09\/hundsrose-768x1024.jpg\" alt=\"hundsrose\" width=\"416\" height=\"555\" srcset=\"https:\/\/brittas-kochbuch.info\/wp-content\/uploads\/2016\/09\/hundsrose-768x1024.jpg 768w, https:\/\/brittas-kochbuch.info\/wp-content\/uploads\/2016\/09\/hundsrose-225x300.jpg 225w, https:\/\/brittas-kochbuch.info\/wp-content\/uploads\/2016\/09\/hundsrose-624x832.jpg 624w\" sizes=\"(max-width: 416px) 100vw, 416px\" \/><\/a><\/p>\n<hr \/>\n<p><a href=\"https:\/\/brittas-kochbuch.info\/wp-content\/uploads\/2016\/09\/besucher.jpg\"><img loading=\"lazy\" decoding=\"async\" class=\"alignleft size-medium wp-image-5998\" src=\"https:\/\/brittas-kochbuch.info\/wp-content\/uploads\/2016\/09\/besucher-200x300.jpg\" alt=\"besucher\" width=\"200\" height=\"300\" srcset=\"https:\/\/brittas-kochbuch.info\/wp-content\/uploads\/2016\/09\/besucher-200x300.jpg 200w, https:\/\/brittas-kochbuch.info\/wp-content\/uploads\/2016\/09\/besucher-768x1152.jpg 768w, https:\/\/brittas-kochbuch.info\/wp-content\/uploads\/2016\/09\/besucher-683x1024.jpg 683w, https:\/\/brittas-kochbuch.info\/wp-content\/uploads\/2016\/09\/besucher-624x936.jpg 624w\" sizes=\"(max-width: 200px) 100vw, 200px\" \/><\/a><\/p>\n<p>Wie in der Rosenbl\u00fcte gibt es nat\u00fcrlich auch sonst jede Menge Besucher im Garten. Da ich meistens mit dem Smartphone unterwegs bin, ist es allerdings oft Gl\u00fccksache, wenn man nahe genug herankommt.<\/p>\n<p style=\"text-align: right;\"><a href=\"https:\/\/brittas-kochbuch.info\/wp-content\/uploads\/2016\/09\/besucher_gina.jpg\"><img loading=\"lazy\" decoding=\"async\" class=\"size-medium wp-image-5997 alignright\" src=\"https:\/\/brittas-kochbuch.info\/wp-content\/uploads\/2016\/09\/besucher_gina-225x300.jpg\" alt=\"besucher_gina\" width=\"225\" height=\"300\" srcset=\"https:\/\/brittas-kochbuch.info\/wp-content\/uploads\/2016\/09\/besucher_gina-225x300.jpg 225w, https:\/\/brittas-kochbuch.info\/wp-content\/uploads\/2016\/09\/besucher_gina-768x1024.jpg 768w, https:\/\/brittas-kochbuch.info\/wp-content\/uploads\/2016\/09\/besucher_gina-624x832.jpg 624w\" sizes=\"(max-width: 225px) 100vw, 225px\" \/><\/a><\/p>\n<p style=\"text-align: left;\">Neben jeder Menge Bienen und Hummeln auf den\u00a0<span style=\"text-align: left; font-size: 1rem;\">Buddlejabl\u00fcten und Marienk\u00e4fern auf Bl\u00e4ttern und Gr\u00e4sern, hatte unser Garten dieses Jahr eine ganz besondere Besucherin.<\/span><\/p>\n<p>Gina war ausgeb\u00fcchst und tauchte irgendwann zwischen den Hortensien wieder auf. Eigentlich ist sie ja eine Hauskatze, aber sie hat uns diesen Sommer schon drei Mal ausgetrickst.\u00a0Zum Gl\u00fcck kam sie jedes Mal mehr oder weniger freiwillig wieder ins Haus.<\/p>\n<hr \/>\n<p>Die Hortensien stehen \u00fcbrigens an der Giebelseite des Hauses an einem halbschattigen Pl\u00e4tzchen. Sie bekommen Morgen- und Abendsonne, aber vor der Hitze und Sonneneinstrahlung eines Hochsommertages sind sie durch das Haus gesch\u00fctzt.<\/p>\n<p><a href=\"https:\/\/brittas-kochbuch.info\/wp-content\/uploads\/2016\/09\/hortensie.jpg\"><img loading=\"lazy\" decoding=\"async\" class=\"aligncenter wp-image-5996\" src=\"https:\/\/brittas-kochbuch.info\/wp-content\/uploads\/2016\/09\/hortensie.jpg\" alt=\"hortensie\" width=\"370\" height=\"555\" \/><\/a><\/p>\n<p>Dieser wundersch\u00f6ne Hortensienbusch stand auch schon zu Lebzeiten meiner Mutter an dieser Stelle. Soweit ich wei\u00df, war er bei den Nachbarn bei der Umgestaltung des Gartens abgefallen. Komischerweise trug er immer nur eine, h\u00f6chstens zwei Bl\u00fcten, doch seit wir den Garten in der Obhut habe, strotzt er jedes Jahr nur so vor Bl\u00fcten. Obwohl wir nichts mehr tun, als an hei\u00dfen Tagen kr\u00e4ftig zu gie\u00dfen.<\/p>\n<p>Letztes Jahr haben wir noch drei weitere Hortensien gesetzt, die nat\u00fcrlich erst mal noch wachsen m\u00fcssen, um eine \u00e4hnliche Pracht wie diese zu entfalten. Aber das wird schon!<\/p>\n<p>Als letzten Zuwachs haben wir vorletztes Wochenende (letztes Augustwochenende) noch vier <a href=\"https:\/\/de.wikipedia.org\/wiki\/Kriechender_G\u00fcnsel\" target=\"_blank\">Kriechende G\u00fcnsel<\/a> als Bodendecker zwischen die Hortensien gepflanzt.<\/p>\n<p><a href=\"https:\/\/brittas-kochbuch.info\/wp-content\/uploads\/2016\/09\/guensel.jpg\"><img loading=\"lazy\" decoding=\"async\" class=\"aligncenter wp-image-5994\" src=\"https:\/\/brittas-kochbuch.info\/wp-content\/uploads\/2016\/09\/guensel-1024x768.jpg\" alt=\"guensel\" width=\"555\" height=\"416\" srcset=\"https:\/\/brittas-kochbuch.info\/wp-content\/uploads\/2016\/09\/guensel-1024x768.jpg 1024w, https:\/\/brittas-kochbuch.info\/wp-content\/uploads\/2016\/09\/guensel-300x225.jpg 300w, https:\/\/brittas-kochbuch.info\/wp-content\/uploads\/2016\/09\/guensel-768x576.jpg 768w, https:\/\/brittas-kochbuch.info\/wp-content\/uploads\/2016\/09\/guensel-624x468.jpg 624w\" sizes=\"(max-width: 555px) 100vw, 555px\" \/><\/a><\/p>\n<hr \/>\n<p>Zwischen die Cotoneaster vorm Haus werde ich im Laufe des Septembers\/Oktobers noch Fr\u00fchlingsblumenzwiebeln (Tulpen, Krokusse, Hyazinthen) setzen und dann sollten wir so langsam aber sicher &#8222;Grund&#8220; an den Garten kriegen.<\/p>\n<hr \/>\n<p>So, ich hoffe, ich habe Euch mit meiner endlosen Gartenstory nicht gelangweilt. Sie passt ja auch nicht so wirklich in einen Food-Blog, aber ich freue mich so, dass wir diesen Sommer so weit gekommen sind und das alles w\u00e4chst, bl\u00fcht und gedeiht &#8211; von den Blumen bis hin zum Gem\u00fcse.<\/p>\n","protected":false},"excerpt":{"rendered":"<p>Sina, die\u00a0Giftigeblonde hat sich dieses ungew\u00f6hnliche Blog-Event ausgedacht. Ein interessantes Thema, wie ich finde. Dazu kann einem wirklich eine Menge einfallen. &#8222;Wann wird&#8217;s mal wieder richtig Sommer&#8220; hat Rudi Carell schon 1975 musikalisch gefragt und sich &#8222;Sonnenschein von Juni bis September&#8220; gew\u00fcnscht. Ja, so sieht er aus, der ideale Wunschsommer&#8230; Sonne, Hitze, Freibad, zwischendurch mal [&hellip;]<\/p>\n","protected":false},"author":1,"featured_media":0,"comment_status":"open","ping_status":"open","sticky":false,"template":"","format":"standard","meta":{"sfsi_plus_gutenberg_text_before_share":"","sfsi_plus_gutenberg_show_text_before_share":"","sfsi_plus_gutenberg_icon_type":"","sfsi_plus_gutenberg_icon_alignemt":"","sfsi_plus_gutenburg_max_per_row":"","_jetpack_memberships_contains_paid_content":false,"footnotes":""},"categories":[169,91],"tags":[172,1271,94,1103,1273,1274,1272],"class_list":["post-5846","post","type-post","status-publish","format-standard","hentry","category-blog-events","category-aus-dem-garten","tag-blog-event","tag-das-war-mein-sommer-2016","tag-garten","tag-hochbeet","tag-mallorcaurlaub","tag-nutz-und-zierpflanzen","tag-sina-aka-giftigblonde"],"jetpack_featured_media_url":"","jetpack_sharing_enabled":true,"_links":{"self":[{"href":"https:\/\/brittas-kochbuch.info\/index.php?rest_route=\/wp\/v2\/posts\/5846"}],"collection":[{"href":"https:\/\/brittas-kochbuch.info\/index.php?rest_route=\/wp\/v2\/posts"}],"about":[{"href":"https:\/\/brittas-kochbuch.info\/index.php?rest_route=\/wp\/v2\/types\/post"}],"author":[{"embeddable":true,"href":"https:\/\/brittas-kochbuch.info\/index.php?rest_route=\/wp\/v2\/users\/1"}],"replies":[{"embeddable":true,"href":"https:\/\/brittas-kochbuch.info\/index.php?rest_route=%2Fwp%2Fv2%2Fcomments&post=5846"}],"version-history":[{"count":82,"href":"https:\/\/brittas-kochbuch.info\/index.php?rest_route=\/wp\/v2\/posts\/5846\/revisions"}],"predecessor-version":[{"id":6083,"href":"https:\/\/brittas-kochbuch.info\/index.php?rest_route=\/wp\/v2\/posts\/5846\/revisions\/6083"}],"wp:attachment":[{"href":"https:\/\/brittas-kochbuch.info\/index.php?rest_route=%2Fwp%2Fv2%2Fmedia&parent=5846"}],"wp:term":[{"taxonomy":"category","embeddable":true,"href":"https:\/\/brittas-kochbuch.info\/index.php?rest_route=%2Fwp%2Fv2%2Fcategories&post=5846"},{"taxonomy":"post_tag","embeddable":true,"href":"https:\/\/brittas-kochbuch.info\/index.php?rest_route=%2Fwp%2Fv2%2Ftags&post=5846"}],"curies":[{"name":"wp","href":"https:\/\/api.w.org\/{rel}","templated":true}]}}