{"id":7879,"date":"2017-03-17T07:59:17","date_gmt":"2017-03-17T06:59:17","guid":{"rendered":"http:\/\/brittas-kochbuch.info\/?p=7879"},"modified":"2017-07-09T16:34:42","modified_gmt":"2017-07-09T14:34:42","slug":"wir-retten-was-zu-retten-ist-und-treffen-uns-zum-geburtstagsbrunch","status":"publish","type":"post","link":"https:\/\/brittas-kochbuch.info\/?p=7879","title":{"rendered":"#wirrettenwaszurettenist und treffen uns zum Geburtstagsbrunch"},"content":{"rendered":"<p><img decoding=\"async\" class=\"aligncenter\" src=\"http:\/\/www.theapricotlady.com\/wp-content\/uploads\/2017\/03\/Banner_birthday.jpg\" \/><\/p>\n<p>Im M\u00e4rz wird es wieder einmal so weit sein: \u00a0es wird gerettet, was das Zeug h\u00e4lt.<\/p>\n<p>Da in diese Zeit auch schon der dritte Geburtstag der <a href=\"https:\/\/www.facebook.com\/wirrettenwaszurettenist\/?fref=ts\" target=\"_blank\" rel=\"noopener\">Rettungsaktion<\/a> gegen das Fertiggericht und sonstige K\u00fcchenhelferlein aus dem Chemiebaukasten f\u00e4llt, wollen wir gro\u00df feiern und zwar mit einem tollen reichhaltigen Brunch.<\/p>\n<p>Ich glaube fast nicht, dass Sina, die <a href=\"https:\/\/giftigeblonde.wordpress.com\" target=\"_blank\" rel=\"noopener\">Giftigeblonde<\/a> und Susi, die <a href=\"http:\/\/turbohausfrau.blogspot.de\" target=\"_blank\" rel=\"noopener\">Turbohausfrau<\/a> vor drei Jahren damit gerechnet haben, dass es wirklich so viel zu retten gibt. Und doch f\u00fchren sie uns (ich bin ja erst seit Anfang 2016 dabei und habe als ersten pers\u00f6nlichen Beitrag den <a href=\"https:\/\/brittas-kochbuch.info\/?p=3645\">Pfannekuchen<\/a>\u00a0gerettet) seit dieser Zeit durch die einzelnen Aktionen und machen sich damit immer sehr viel M\u00fche &#8211; vielen Dank daf\u00fcr!<\/p>\n<p>Das Thema Brunch gibt nat\u00fcrlich mehr Spielraum als die bisherigen Rettungsaktionen. Die Definition kommt aus dem Englischen und verbindet Fr\u00fchst\u00fcck (Breakfast) und Mittagessen (Lunch). Das hei\u00dft, das Spektrum kann vom Fr\u00fchst\u00fccksbr\u00f6tchen und Brot \u00fcber selbstgemachte Brotbel\u00e4ge &#8211; s\u00fc\u00df und herzhaft &#8211; \u00fcber leichte Snacks, Fingerfood und kalte und warme Speisen bis zu Kuchen und Teilchen gehen.<\/p>\n<p>Am sch\u00f6nsten ist es, wenn jeder etwas mitbringt und genau das soll im M\u00e4rz der Rettungsgeburtstag so sein.<\/p>\n<p>Nachdem ich erst <a href=\"https:\/\/brittas-kochbuch.info\/?p=7858\">Rote Bete-Tatar<\/a> mitbringen wolle, war mir das aber ein wenig zu einfach, so dass ich auf ein sagenhaft leckeres portugiesisches Geb\u00e4ck umgeschwenkt habe &#8211; zumal es wohl noch nicht so viele s\u00fc\u00dfe Gerichte gibt.<\/p>\n<p><!--more--><\/p>\n<p><a href=\"https:\/\/brittas-kochbuch.info\/wp-content\/uploads\/2017\/02\/170219_pasteisdenata.jpg\"><img loading=\"lazy\" decoding=\"async\" class=\"aligncenter wp-image-7889\" src=\"https:\/\/brittas-kochbuch.info\/wp-content\/uploads\/2017\/02\/170219_pasteisdenata-768x1024.jpg\" width=\"416\" height=\"555\" srcset=\"https:\/\/brittas-kochbuch.info\/wp-content\/uploads\/2017\/02\/170219_pasteisdenata-768x1024.jpg 768w, https:\/\/brittas-kochbuch.info\/wp-content\/uploads\/2017\/02\/170219_pasteisdenata-225x300.jpg 225w, https:\/\/brittas-kochbuch.info\/wp-content\/uploads\/2017\/02\/170219_pasteisdenata-624x832.jpg 624w\" sizes=\"(max-width: 416px) 100vw, 416px\" \/><\/a><\/p>\n<p>Ich bringe Euch also <em>Past\u00e9is de Nata<\/em> mit, ein Sahnepuddingt\u00f6rtchen, das vermutlich bereits vor dem 18. Jahrhundert von M\u00f6nchen des <em>Mosteiro dos Jer\u00f3nimos<\/em>, dem Hieronymus-Kloser im heutigen Lissaboner Stadtteil <em>Bel\u00e9m<\/em>, erfunden wurde.<br \/>\nAls 1834 das Kloster geschlossen wurde, verkauften die M\u00f6nche ihr Rezept an eine Zuckerraffinerie. Seit 1837 werden die T\u00f6rtchen in der Pasteleria <em>Casa Past\u00e9is de Bel\u00e9m<\/em> unter dem Namen <em>Past\u00e9is de Bel\u00e9m<\/em> hergestellt und vertrieben.<\/p>\n<p>Und genau in <a href=\"https:\/\/brittas-kochbuch.info\/?p=291\">dieser Pasteleria habe ich im Oktober 2013<\/a> die Puddingt\u00f6rtchen zum ersten Mal gegessen und f\u00fcr absolut k\u00f6stlich empfunden.<\/p>\n<p>Eigentlich habe ich ganz sch\u00f6n lange zum Nachbacken gebraucht, dabei war es gar nicht so kompliziert.<\/p>\n<p>Das Rezept ist aus dem Buch <strong><span style=\"color: #3366ff;\">&#8222;Piri Piri &#8211; Die echte portugiesische K\u00fcche&#8220;<\/span><\/strong> von Tessa Kiros, erschienen im <a href=\"https:\/\/verlagshaus24.de\/christian\" target=\"_blank\" rel=\"noopener\">Christian-Verlag<\/a>.<\/p>\n<p>Eigentlich ist die Basis in dem Buch ein Teig aus M\u00fcrbeteig, ich hatte aber ein anderes Rezept gelesen, das Bl\u00e4tterteig als Basis angibt und davon hatte ich noch eine Rolle im K\u00fchlschrank.<\/p>\n<p><u>Zutaten f\u00fcr 9 &#8211; 12 Past\u00e9is:<\/u><\/p>\n<p><em>f\u00fcr den M\u00fcrbeteig:<\/em><\/p>\n<ul>\n<li>250 g gew\u00fcrfelte Butter<\/li>\n<li>250 g Mehl<\/li>\n<li>40 g Zucker<\/li>\n<li>1 Prise Salz<\/li>\n<li>3 EL Wasser<\/li>\n<li>Butter f\u00fcr die Form, entf\u00e4llt bei Silikonf\u00f6rmchen<\/li>\n<\/ul>\n<p><em>f\u00fcr die F\u00fcllung:<\/em><\/p>\n<ul>\n<li>100 g Zucker<\/li>\n<li>3 EL Wasser<\/li>\n<li>30 g Mehl<\/li>\n<li>185 ml Milch<\/li>\n<li>1\/2 TL Vanilleextrakt<\/li>\n<li>1 Streifen unbehandelte Zitronenschale<\/li>\n<li>3 Eigelb<\/li>\n<li>125 ml Sahne<\/li>\n<\/ul>\n<p><u>Zubereitung:<\/u><\/p>\n<p>F\u00fcr den M\u00fcrbteig Butter mit Mehl, Zucker und Salz in einer Sch\u00fcssel zu feinen Kr\u00fcmeln verreiben. 3 Essl\u00f6ffel Wasser (falls n\u00f6tig etwas mehr) hinzuf\u00fcgen und kurz unterkneten. Den Teig zu einer Kugel formen, leicht platt und in Frischhaltefolie wickeln. F\u00fcr einige Zeit in den K\u00fchlschrank stellen.<\/p>\n<p>Die F\u00f6rmchen einfetten. Den Teig auf einer bemehlten Arbeitsfl\u00e4che ausrollen (Bl\u00e4tterteig dito). Den Teig rund ausschneiden und vorsichtig in die F\u00f6rmchen legen und an den R\u00e4ndern hochziehen. Das ist ein bisschen tricky und man braucht eine ruhige Hand.<br \/>\nDie Teigb\u00f6den in den F\u00f6rmchen nochmals kalt stellen.<\/p>\n<p><a href=\"https:\/\/brittas-kochbuch.info\/wp-content\/uploads\/2017\/02\/170219_pasteisdenata_sirup.jpg\"><img loading=\"lazy\" decoding=\"async\" class=\"alignleft wp-image-7882\" src=\"https:\/\/brittas-kochbuch.info\/wp-content\/uploads\/2017\/02\/170219_pasteisdenata_sirup-300x225.jpg\" width=\"250\" height=\"188\" srcset=\"https:\/\/brittas-kochbuch.info\/wp-content\/uploads\/2017\/02\/170219_pasteisdenata_sirup-300x225.jpg 300w, https:\/\/brittas-kochbuch.info\/wp-content\/uploads\/2017\/02\/170219_pasteisdenata_sirup-768x576.jpg 768w, https:\/\/brittas-kochbuch.info\/wp-content\/uploads\/2017\/02\/170219_pasteisdenata_sirup-1024x768.jpg 1024w, https:\/\/brittas-kochbuch.info\/wp-content\/uploads\/2017\/02\/170219_pasteisdenata_sirup-624x468.jpg 624w\" sizes=\"(max-width: 250px) 100vw, 250px\" \/><\/a><\/p>\n<p>F\u00fcr die F\u00fcllung den Zucker mit 3 Essl\u00f6ffeln Wasser in einem kleinen Topf mit schwerem Boden (<em>ich:<\/em> eine kleine Pfanne) unter R\u00fchren erhitzen, bis der Zucker sich aufgel\u00f6st hat,<\/p>\n<p>&nbsp;<\/p>\n<p>&nbsp;<\/p>\n<p><a href=\"https:\/\/brittas-kochbuch.info\/wp-content\/uploads\/2017\/02\/170219_pasteisdenata_milch-mehl.jpg\"><img loading=\"lazy\" decoding=\"async\" class=\"alignleft wp-image-7884\" src=\"https:\/\/brittas-kochbuch.info\/wp-content\/uploads\/2017\/02\/170219_pasteisdenata_milch-mehl-300x225.jpg\" width=\"250\" height=\"188\" srcset=\"https:\/\/brittas-kochbuch.info\/wp-content\/uploads\/2017\/02\/170219_pasteisdenata_milch-mehl-300x225.jpg 300w, https:\/\/brittas-kochbuch.info\/wp-content\/uploads\/2017\/02\/170219_pasteisdenata_milch-mehl-768x576.jpg 768w, https:\/\/brittas-kochbuch.info\/wp-content\/uploads\/2017\/02\/170219_pasteisdenata_milch-mehl-1024x768.jpg 1024w, https:\/\/brittas-kochbuch.info\/wp-content\/uploads\/2017\/02\/170219_pasteisdenata_milch-mehl-624x468.jpg 624w\" sizes=\"(max-width: 250px) 100vw, 250px\" \/><\/a>In der Zwischenzeit das Mehl in einer gro\u00dfen Sch\u00fcssel mit etwas Milch dickfl\u00fcssig verquirlen.<\/p>\n<p>&nbsp;<\/p>\n<p>&nbsp;<\/p>\n<p>&nbsp;<\/p>\n<p><a href=\"https:\/\/brittas-kochbuch.info\/wp-content\/uploads\/2017\/02\/170219_pasteisdenata_milch-erhitzen.jpg\"><img loading=\"lazy\" decoding=\"async\" class=\"alignleft wp-image-7883\" src=\"https:\/\/brittas-kochbuch.info\/wp-content\/uploads\/2017\/02\/170219_pasteisdenata_milch-erhitzen-300x225.jpg\" width=\"250\" height=\"188\" srcset=\"https:\/\/brittas-kochbuch.info\/wp-content\/uploads\/2017\/02\/170219_pasteisdenata_milch-erhitzen-300x225.jpg 300w, https:\/\/brittas-kochbuch.info\/wp-content\/uploads\/2017\/02\/170219_pasteisdenata_milch-erhitzen-768x576.jpg 768w, https:\/\/brittas-kochbuch.info\/wp-content\/uploads\/2017\/02\/170219_pasteisdenata_milch-erhitzen-1024x768.jpg 1024w, https:\/\/brittas-kochbuch.info\/wp-content\/uploads\/2017\/02\/170219_pasteisdenata_milch-erhitzen-624x468.jpg 624w\" sizes=\"(max-width: 250px) 100vw, 250px\" \/><\/a>Die restliche Milch mit dem Vanilleextrakt und der Zitronenschale in einem kleinen Topf mit schwerem Boden erhitzen. Kurz bevor die Milch zu sieden beginnt, die Zitronenschale entfernen.<\/p>\n<p>&nbsp;<\/p>\n<p>&nbsp;<\/p>\n<p><a href=\"https:\/\/brittas-kochbuch.info\/wp-content\/uploads\/2017\/02\/170219_pasteisdenata_milch-ei.jpg\"><img loading=\"lazy\" decoding=\"async\" class=\"alignleft wp-image-7886\" src=\"https:\/\/brittas-kochbuch.info\/wp-content\/uploads\/2017\/02\/170219_pasteisdenata_milch-ei-300x225.jpg\" width=\"250\" height=\"188\" srcset=\"https:\/\/brittas-kochbuch.info\/wp-content\/uploads\/2017\/02\/170219_pasteisdenata_milch-ei-300x225.jpg 300w, https:\/\/brittas-kochbuch.info\/wp-content\/uploads\/2017\/02\/170219_pasteisdenata_milch-ei-768x576.jpg 768w, https:\/\/brittas-kochbuch.info\/wp-content\/uploads\/2017\/02\/170219_pasteisdenata_milch-ei-1024x768.jpg 1024w, https:\/\/brittas-kochbuch.info\/wp-content\/uploads\/2017\/02\/170219_pasteisdenata_milch-ei-624x468.jpg 624w\" sizes=\"(max-width: 250px) 100vw, 250px\" \/><\/a>Die Milch zur Mehlmischung gie\u00dfen und sofort gleichm\u00e4\u00dfig unterr\u00fchren. Die Eigelbe unterziehen, die Mischung wieder in den Topf f\u00fcllen und noch 1 &#8211; 2 Minuten r\u00fchren, bis alles sch\u00f6n cremig ist.<\/p>\n<p>Den Zuckersirup in einem gleichm\u00e4\u00dfigen Strahl in die Milchmischung gie\u00dfen und dabei ununterbrochen r\u00fchren. Den Topf vom Herd nehmen, die Sahne untermischen und die entstandene Cremef\u00fcllung in einen Krug (oder ein anderes Gef\u00e4\u00df mit Gie\u00dft\u00fclle) gie\u00dfen; so lassen sich die Torteletts leichter f\u00fcllen.<\/p>\n<p>Den Backofen auf 220 \u00b0C Ober-\/Unterhitze vorheizen.<\/p>\n<p><a href=\"https:\/\/brittas-kochbuch.info\/wp-content\/uploads\/2017\/02\/170219_pasteisdenata_roh.jpg\"><img loading=\"lazy\" decoding=\"async\" class=\"alignleft wp-image-7887\" src=\"https:\/\/brittas-kochbuch.info\/wp-content\/uploads\/2017\/02\/170219_pasteisdenata_roh-300x225.jpg\" width=\"250\" height=\"188\" srcset=\"https:\/\/brittas-kochbuch.info\/wp-content\/uploads\/2017\/02\/170219_pasteisdenata_roh-300x225.jpg 300w, https:\/\/brittas-kochbuch.info\/wp-content\/uploads\/2017\/02\/170219_pasteisdenata_roh-768x576.jpg 768w, https:\/\/brittas-kochbuch.info\/wp-content\/uploads\/2017\/02\/170219_pasteisdenata_roh-1024x768.jpg 1024w, https:\/\/brittas-kochbuch.info\/wp-content\/uploads\/2017\/02\/170219_pasteisdenata_roh-624x468.jpg 624w\" sizes=\"(max-width: 250px) 100vw, 250px\" \/><\/a>Die Tortelettb\u00f6den aus dem K\u00fchlschrank nehmen und jeweils zu zwei Dritteln mit der Cr\u00e8me f\u00fcllen (die Menge sollte f\u00fcr 12 T\u00f6rtchen reichen &#8211; bei <em>mir<\/em>\u00a0waren es nur 9). Im Ofen 15 &#8211; 20 Minuten backen, bis der Teig goldgelb und die F\u00fcllung an einigen Stellen goldbraun ist.<\/p>\n<p>&nbsp;<\/p>\n<p><a href=\"https:\/\/brittas-kochbuch.info\/wp-content\/uploads\/2017\/02\/170219_pasteisdenata_gebacken.jpg\"><img loading=\"lazy\" decoding=\"async\" class=\"alignleft wp-image-7888\" src=\"https:\/\/brittas-kochbuch.info\/wp-content\/uploads\/2017\/02\/170219_pasteisdenata_gebacken-300x225.jpg\" width=\"250\" height=\"188\" srcset=\"https:\/\/brittas-kochbuch.info\/wp-content\/uploads\/2017\/02\/170219_pasteisdenata_gebacken-300x225.jpg 300w, https:\/\/brittas-kochbuch.info\/wp-content\/uploads\/2017\/02\/170219_pasteisdenata_gebacken-768x576.jpg 768w, https:\/\/brittas-kochbuch.info\/wp-content\/uploads\/2017\/02\/170219_pasteisdenata_gebacken-1024x768.jpg 1024w, https:\/\/brittas-kochbuch.info\/wp-content\/uploads\/2017\/02\/170219_pasteisdenata_gebacken-624x468.jpg 624w\" sizes=\"(max-width: 250px) 100vw, 250px\" \/><\/a>Die fertigen Past\u00e9is de nata in den F\u00f6rmchen abk\u00fchlen lassen. Vorsichtig herausl\u00f6sen und auf einer Platte (wie oben) anrichten.<\/p>\n<p>Nach Wunsch mit Puderzucker und\/oder Zimt bestreuen und temperiert genie\u00dfen.<\/p>\n<p>&nbsp;<\/p>\n<hr \/>\n<p>Aus der restlichen Sahne und den 3 Eiwei\u00dfen habe ich mit einer Tafel Edelbitterschokolade noch eine <a href=\"https:\/\/brittas-kochbuch.info\/?p=893\">Mousse au Chocolat<\/a> gemacht und portionsweise eingefroren.<\/p>\n<hr \/>\n<p>Jetzt bin ich ganz gespannt, was die anderen RetterInnen zum Geburtstagsbrunch mitbringen und ein Riesendankesch\u00f6n geht an die <a href=\"http:\/\/www.theapricotlady.com\/\" target=\"_blank\" rel=\"noopener\">Aprikosenlady Christina Forster<\/a>, die die handliche, schnell einzuf\u00fcgende HTML-Liste erstellt hat! Das erleichtert die Arbeit ungemein.<\/p>\n<p>1x umr\u00fchren bitte aka kochtopf: <a href=\"https:\/\/www.kochtopf.me\/joghurt-broetchen-sauerteig\" target=\"_blank\" rel=\"noopener\">Joghurt-Br\u00f6tchen mit Sauerteig<\/a><br \/>\nAnna Antonia: <a href=\"https:\/\/annaantonia1.wordpress.com\/2017\/03\/17\/sticky-buns-zum-geburtstagsbrunch\" target=\"_blank\" rel=\"noopener\">Sticky Buns<\/a><br \/>\nauchwas: <a href=\"http:\/\/auchwas.blogspot.de\/2017\/03\/wirrettenwaszurettenist-und-egg.html\" target=\"_blank\" rel=\"noopener\">Egg-Benedict mit Homemade English Muffin<\/a><br \/>\nAus meinem Kochtopf: <a href=\"https:\/\/aus-meinem-kochtopf.de\/klein-und-lecker-zimtschnecken-mit-apfel-rezept-und-tipps\" target=\"_blank\" rel=\"noopener\">Klein und lecker: Zimtschnecken mit Apfel &#8211; Rezept und Tipps<\/a><br \/>\nBarbaras Spielweise: <a href=\"http:\/\/barbaras-spielwiese.blogspot.com\/2017\/03\/geburtstags-brunch-bananen-zimt-waffeln.html\" target=\"_blank\" rel=\"noopener\">Bananen-Zimt-Waffeln<\/a><br \/>\nBonjour Alsace: <a href=\"http:\/\/bonjouralsace.blogspot.com\/2017\/03\/das-sogenannte-eiweissbrot-und-dann.html\" target=\"_blank\" rel=\"noopener\">Eiwei\u00dfbrot vegan<\/a><br \/>\nBrotwein: <a href=\"http:\/\/brotwein.net\/broetchen-schnelle-sonntagsbroetchen-mit-ueber-nacht-gare-1289\" target=\"_blank\" rel=\"noopener\">Schnelle Sonntagsbr\u00f6tchen mit \u00fcber-Nacht-Gare<\/a><br \/>\nCuisine Violette: <a href=\"https:\/\/cuisine-violette.com\/2017\/03\/bananen-pancakes-wir-retten-was-zu-retten-ist\/\" target=\"_blank\" rel=\"noopener\">Bananen-Pancakes<\/a><br \/>\nDas M\u00e4del vom Land: <a href=\"http:\/\/dasmaedelvomland.blogspot.co.at\/2017\/03\/wirrettenwaszurettenist-drei-jahre-und.html\" target=\"_blank\" rel=\"noopener\">Vollkorncroissants<\/a><br \/>\nDynamite Cakes: <a href=\"http:\/\/www.dynamitecakes.de\/vegane-apfelmuffins-ohne-soja\/\" target=\"_blank\" rel=\"noopener\">Vegane Apfelmuffins ohne Soja<\/a><br \/>\nFliederbaum (kein FB): <a href=\"http:\/\/fliederbaum.blogspot.com\/2017\/03\/wirrettenwaszurettenist-grune.html\" target=\"_blank\" rel=\"noopener\">Gr\u00fcne Tartelettes<\/a><br \/>\nGerman Abendbrot: <a href=\"https:\/\/germanabendbrot.de\/2017\/03\/17\/sandwich-mit-lachs-gurken-und-remoulade\/\" target=\"_blank\" rel=\"noopener\">Sandwich mit Lachs, Gurke und Remoulade<\/a><br \/>\ngiftigeblonde: <a href=\"https:\/\/giftigeblonde.wordpress.com\/2017\/03\/17\/happy-birthday-wirrettenwaszurettenist-mini-nussschneckchen\/\" target=\"_blank\" rel=\"noopener\">Nussschneckchen<\/a><br \/>\nKatha kocht!: <a href=\"http:\/\/www.katha-kocht.de\/gebeizter-saibling-auf-apfelsalat-mit-salicorne\" target=\"_blank\" rel=\"noopener\">Gebeizter Saibling auf Apfelsalat mit Salicorne<\/a><br \/>\nkebo homing: <a href=\"http:\/\/kebohoming.blogspot.com\/2017\/03\/germkipferl-fur-den-geburtstagsbrunch.html\" target=\"_blank\" rel=\"noopener\">Germkipferl<\/a><br \/>\nKochen mit Herzchen: <a href=\"http:\/\/www.kochenmitherzchen.de\/2017\/03\/rotebete-ziegenfrischkaese-aufstrich.html\" target=\"_blank\" rel=\"noopener\">H\u00e4ppchen in Pink<\/a><br \/>\nLanisLeckerEcke: <a href=\"http:\/\/lanisleckerecke.blogspot.com\/2017\/03\/baerlauchpesto-im-monkeybread.html\" target=\"_blank\" rel=\"noopener\">B\u00e4rlauchpesto und Monkeybread zum Geburtstag<\/a><br \/>\nlieberlecker: <a href=\"http:\/\/wp.me\/p2jfVC-2u5\" target=\"_blank\" rel=\"noopener\">Brownie Ostereier<\/a><br \/>\nM\u00fcnchner K\u00fcche: <a href=\"https:\/\/www.muenchner-kueche.de\/2017\/03\/obazda-eine-bayrische-tradition.html\" target=\"_blank\" rel=\"noopener\">Obazda &#8211; eine bayrische Tradition<\/a><br \/>\nObers triftt Sahne: <a href=\"http:\/\/www.oberstrifftsahne.com\/2017\/03\/die-rettungsgruppe-feiert-geburtstag.html\" target=\"_blank\" rel=\"noopener\">Sandwichtorte mit Frischk\u00e4se<\/a><br \/>\nour food creations: <a href=\"http:\/\/ourfoodcreations.blogspot.de\/2017\/03\/wir-retten-was-zu-retten-ist-hat.html\" target=\"_blank\" rel=\"noopener\">Gef\u00fcllte Eier und Kartoffel-Baguette<\/a><br \/>\nPane-Bistecca: <a href=\"http:\/\/pane-bistecca.com\/rezepte-recipe-blog\/Schweizer-Weggli-zum-Geburtstagsbrunch-der-Rettung\" target=\"_blank\" rel=\"noopener\">Schweizer Weggli<\/a><br \/>\nPaprika meets Kardamom: <a href=\"http:\/\/wp.me\/pj1Jn-1HP\" target=\"_blank\" rel=\"noopener\">Wir retten das Brunch &#8211; Rosa Rote Bete-Heringssalat<\/a><br \/>\nProstmahlzeit, die Turbohausfrau: <a href=\"http:\/\/turbohausfrau.blogspot.com\/2017\/03\/rettungsaktion-geburtstagsbrunch.html\" target=\"_blank\" rel=\"noopener\">Geburtstagsbrunch<\/a><br \/>\nSch\u00f6nes + Leben: <a href=\"http:\/\/schoenesleben.net\/wirrettenwaszurettenist-zitronenruehrkuchen-mit-mohn-und-lemoncurd\/\" target=\"_blank\" rel=\"noopener\">Zitronenr\u00fchrkuchen mit Mohn und Lemoncurd<\/a><br \/>\nSummsis Hobbyk\u00fcche: <a href=\"http:\/\/krabsch.blogspot.com\/2017\/03\/focaccia-zum-brunch.html\" target=\"_blank\" rel=\"noopener\">Focaccia zum Brunch<\/a><br \/>\nThe Apricot Lady: <a href=\"http:\/\/www.theapricotlady.com\/bagel\/\" target=\"_blank\" rel=\"noopener\">Bagel zum Geburtstagsbrunch der Rettungsgruppe<\/a><br \/>\nUnser Meating: <a href=\"http:\/\/wp.me\/p5jR4U-1zU\" target=\"_blank\" rel=\"noopener\">Geburtstagsbruch mit Graved Lachs<\/a><\/p>\n","protected":false},"excerpt":{"rendered":"<p>Im M\u00e4rz wird es wieder einmal so weit sein: \u00a0es wird gerettet, was das Zeug h\u00e4lt. Da in diese Zeit auch schon der dritte Geburtstag der Rettungsaktion gegen das Fertiggericht und sonstige K\u00fcchenhelferlein aus dem Chemiebaukasten f\u00e4llt, wollen wir gro\u00df feiern und zwar mit einem tollen reichhaltigen Brunch. Ich glaube fast nicht, dass Sina, die [&hellip;]<\/p>\n","protected":false},"author":1,"featured_media":0,"comment_status":"open","ping_status":"open","sticky":false,"template":"","format":"standard","meta":{"sfsi_plus_gutenberg_text_before_share":"","sfsi_plus_gutenberg_show_text_before_share":"","sfsi_plus_gutenberg_icon_type":"","sfsi_plus_gutenberg_icon_alignemt":"","sfsi_plus_gutenburg_max_per_row":"","_jetpack_memberships_contains_paid_content":false,"footnotes":""},"categories":[169,130,10,710,111,9],"tags":[939,1582,1580,1581,25],"class_list":["post-7879","post","type-post","status-publish","format-standard","hentry","category-blog-events","category-desserts-kuchen-plaetzchen","category-kochbucher","category-nachgekocht","category-portugieische-kueche","category-vegetarisches","tag-wirrettenwaszurettenist","tag-brunch","tag-pasteis-de-nata","tag-portugiesische-puddingteilchen","tag-vegetarisch"],"jetpack_featured_media_url":"","jetpack_sharing_enabled":true,"_links":{"self":[{"href":"https:\/\/brittas-kochbuch.info\/index.php?rest_route=\/wp\/v2\/posts\/7879"}],"collection":[{"href":"https:\/\/brittas-kochbuch.info\/index.php?rest_route=\/wp\/v2\/posts"}],"about":[{"href":"https:\/\/brittas-kochbuch.info\/index.php?rest_route=\/wp\/v2\/types\/post"}],"author":[{"embeddable":true,"href":"https:\/\/brittas-kochbuch.info\/index.php?rest_route=\/wp\/v2\/users\/1"}],"replies":[{"embeddable":true,"href":"https:\/\/brittas-kochbuch.info\/index.php?rest_route=%2Fwp%2Fv2%2Fcomments&post=7879"}],"version-history":[{"count":50,"href":"https:\/\/brittas-kochbuch.info\/index.php?rest_route=\/wp\/v2\/posts\/7879\/revisions"}],"predecessor-version":[{"id":8945,"href":"https:\/\/brittas-kochbuch.info\/index.php?rest_route=\/wp\/v2\/posts\/7879\/revisions\/8945"}],"wp:attachment":[{"href":"https:\/\/brittas-kochbuch.info\/index.php?rest_route=%2Fwp%2Fv2%2Fmedia&parent=7879"}],"wp:term":[{"taxonomy":"category","embeddable":true,"href":"https:\/\/brittas-kochbuch.info\/index.php?rest_route=%2Fwp%2Fv2%2Fcategories&post=7879"},{"taxonomy":"post_tag","embeddable":true,"href":"https:\/\/brittas-kochbuch.info\/index.php?rest_route=%2Fwp%2Fv2%2Ftags&post=7879"}],"curies":[{"name":"wp","href":"https:\/\/api.w.org\/{rel}","templated":true}]}}