{"id":8011,"date":"2017-03-19T12:44:05","date_gmt":"2017-03-19T11:44:05","guid":{"rendered":"http:\/\/brittas-kochbuch.info\/?p=8011"},"modified":"2017-03-19T12:44:05","modified_gmt":"2017-03-19T11:44:05","slug":"kochen-im-maerz-geburtstagskuchen-im-glas","status":"publish","type":"post","link":"https:\/\/brittas-kochbuch.info\/?p=8011","title":{"rendered":"Kochen im M\u00e4rz: Geburtstagskuchen im Glas"},"content":{"rendered":"<p><a href=\"https:\/\/brittas-kochbuch.info\/wp-content\/uploads\/2017\/03\/Maerz17_kalenderblatt.jpg\"><img loading=\"lazy\" decoding=\"async\" class=\"aligncenter wp-image-8048\" src=\"https:\/\/brittas-kochbuch.info\/wp-content\/uploads\/2017\/03\/Maerz17_kalenderblatt-943x1024.jpg\" alt=\"\" width=\"511\" height=\"555\" srcset=\"https:\/\/brittas-kochbuch.info\/wp-content\/uploads\/2017\/03\/Maerz17_kalenderblatt-943x1024.jpg 943w, https:\/\/brittas-kochbuch.info\/wp-content\/uploads\/2017\/03\/Maerz17_kalenderblatt-276x300.jpg 276w, https:\/\/brittas-kochbuch.info\/wp-content\/uploads\/2017\/03\/Maerz17_kalenderblatt-768x834.jpg 768w, https:\/\/brittas-kochbuch.info\/wp-content\/uploads\/2017\/03\/Maerz17_kalenderblatt-624x678.jpg 624w\" sizes=\"(max-width: 511px) 100vw, 511px\" \/><\/a><\/p>\n<p>Der M\u00e4rz wird mit dem Ritt des J<a href=\"https:\/\/de.wikipedia.org\/wiki\/Das_J\u00e4gerken_von_Soest\" target=\"_blank\">\u00e4gerkens von Soest<\/a> eingel\u00e4utet. Die junge Malerin\u00a0des Sch\u00fclerprojekts des Aldegrever-Gymnasiums\u00a0<a href=\"http:\/\/www.alde-sign.de\/\" target=\"_blank\">Alde-Sign.de<\/a>\u00a0hat Phantasie walten lassen, aber viele Geb\u00e4ude stehen auch heute noch genau so.<\/p>\n<p>Der G\u00f6Ga hatte Anfang des Monats &#8211; genau genommen am Zweiten &#8211;\u00a0Geburtstag. Da er ein S\u00fc\u00dfschnabel ist, hatte ich mir \u00fcberlegt, ihm kleine eingeweckte Kuchen zum Mitnehmen zu backen.<\/p>\n<p>Eine Anleitung wie das funktioniert, habe ich in meinem <a href=\"https:\/\/www.amazon.de\/Weck-3947220-Einkochbuch-080119\/dp\/3921034051\/ref=sr_1_1?ie=UTF8&amp;qid=1488716982&amp;sr=8-1&amp;keywords=weck+-+einkochbuch\" target=\"_blank\">WECK-Einkochbuch<\/a> gefunden, nur keine passende Sorte.<\/p>\n<p>Letztendlich habe ich mir f\u00fcr meinen erprobten <a href=\"https:\/\/brittas-kochbuch.info\/?p=1618\">Muffinteig<\/a> entschieden und noch einen feingew\u00fcrfelten Apfel und gehackte Waln\u00fcsse zugef\u00fcgt. Inzwischen sind zwei Kuchen schon verputzt und wurden f\u00fcr sehr lecker und praktisch befunden.<\/p>\n<p><!--more--><a href=\"https:\/\/brittas-kochbuch.info\/wp-content\/uploads\/2017\/03\/170302_kuchenimglas01.jpg\"><img loading=\"lazy\" decoding=\"async\" class=\"wp-image-8031 alignleft\" src=\"https:\/\/brittas-kochbuch.info\/wp-content\/uploads\/2017\/03\/170302_kuchenimglas01-768x1024.jpg\" alt=\"\" width=\"250\" height=\"333\" srcset=\"https:\/\/brittas-kochbuch.info\/wp-content\/uploads\/2017\/03\/170302_kuchenimglas01-768x1024.jpg 768w, https:\/\/brittas-kochbuch.info\/wp-content\/uploads\/2017\/03\/170302_kuchenimglas01-225x300.jpg 225w, https:\/\/brittas-kochbuch.info\/wp-content\/uploads\/2017\/03\/170302_kuchenimglas01-624x832.jpg 624w\" sizes=\"(max-width: 250px) 100vw, 250px\" \/><\/a>Die Zutaten wie im Rezept beschrieben verr\u00fchren, einen kleinen <strong>Apfel<\/strong> und ca. <strong>20 g grob gehackte Waln\u00fcsse<\/strong> zugeben.<\/p>\n<p>Die Weckgl\u00e4ser und Deckel im Dampfgarer bei 100 \u00b0C etwa 20 Minuten sterilisieren (alternativ in einem gro\u00dfen Topf mit siedendem Wasser) und die Gummiringe in handwarmem Essigwasser sp\u00fclen, bis sie gebraucht werden&#8230;<\/p>\n<p>&nbsp;<\/p>\n<p>&nbsp;<\/p>\n<p>&nbsp;<\/p>\n<p><a href=\"https:\/\/brittas-kochbuch.info\/wp-content\/uploads\/2017\/03\/170302_kuchenimglas02.jpg\"><img loading=\"lazy\" decoding=\"async\" class=\"alignleft wp-image-8030\" src=\"https:\/\/brittas-kochbuch.info\/wp-content\/uploads\/2017\/03\/170302_kuchenimglas02-1024x768.jpg\" alt=\"\" width=\"250\" height=\"188\" srcset=\"https:\/\/brittas-kochbuch.info\/wp-content\/uploads\/2017\/03\/170302_kuchenimglas02-1024x768.jpg 1024w, https:\/\/brittas-kochbuch.info\/wp-content\/uploads\/2017\/03\/170302_kuchenimglas02-300x225.jpg 300w, https:\/\/brittas-kochbuch.info\/wp-content\/uploads\/2017\/03\/170302_kuchenimglas02-768x576.jpg 768w, https:\/\/brittas-kochbuch.info\/wp-content\/uploads\/2017\/03\/170302_kuchenimglas02-624x468.jpg 624w\" sizes=\"(max-width: 250px) 100vw, 250px\" \/><\/a><\/p>\n<p>Den Teig zu Zweidritteln in die vorbereiteten Gl\u00e4ser f\u00fcllen und im auf 180 \u00b0C Umluft vorgeheizten Backofen etwa 40 &#8211; 45 Minuten backen. Nach der Backzeit die St\u00e4bchenprobe machen.<\/p>\n<p>&nbsp;<\/p>\n<p>&nbsp;<\/p>\n<p><a href=\"https:\/\/brittas-kochbuch.info\/wp-content\/uploads\/2017\/03\/170302_kuchenimglas03.jpg\"><img loading=\"lazy\" decoding=\"async\" class=\"alignleft wp-image-8029\" src=\"https:\/\/brittas-kochbuch.info\/wp-content\/uploads\/2017\/03\/170302_kuchenimglas03-1024x768.jpg\" alt=\"\" width=\"250\" height=\"188\" srcset=\"https:\/\/brittas-kochbuch.info\/wp-content\/uploads\/2017\/03\/170302_kuchenimglas03-1024x768.jpg 1024w, https:\/\/brittas-kochbuch.info\/wp-content\/uploads\/2017\/03\/170302_kuchenimglas03-300x225.jpg 300w, https:\/\/brittas-kochbuch.info\/wp-content\/uploads\/2017\/03\/170302_kuchenimglas03-768x576.jpg 768w, https:\/\/brittas-kochbuch.info\/wp-content\/uploads\/2017\/03\/170302_kuchenimglas03-624x468.jpg 624w\" sizes=\"(max-width: 250px) 100vw, 250px\" \/><\/a><\/p>\n<p>Je nachdem wie und in welcher Richtung die Kuchen noch aufgehen, muss man sie gegebenenfalls oben plan zum Glasrand abschneiden.<\/p>\n<p>Das ist jetzt nicht sooo schlimm, den so bekommt die B\u00e4ckerin wenigstens etwas zum Probieren ab.<\/p>\n<p>&nbsp;<\/p>\n<p><a href=\"https:\/\/brittas-kochbuch.info\/wp-content\/uploads\/2017\/03\/170302_kuchenimglas04.jpg\"><img loading=\"lazy\" decoding=\"async\" class=\"alignleft wp-image-8028\" src=\"https:\/\/brittas-kochbuch.info\/wp-content\/uploads\/2017\/03\/170302_kuchenimglas04-1024x768.jpg\" alt=\"\" width=\"250\" height=\"188\" srcset=\"https:\/\/brittas-kochbuch.info\/wp-content\/uploads\/2017\/03\/170302_kuchenimglas04-1024x768.jpg 1024w, https:\/\/brittas-kochbuch.info\/wp-content\/uploads\/2017\/03\/170302_kuchenimglas04-300x225.jpg 300w, https:\/\/brittas-kochbuch.info\/wp-content\/uploads\/2017\/03\/170302_kuchenimglas04-768x576.jpg 768w, https:\/\/brittas-kochbuch.info\/wp-content\/uploads\/2017\/03\/170302_kuchenimglas04-624x468.jpg 624w\" sizes=\"(max-width: 250px) 100vw, 250px\" \/><\/a><\/p>\n<p>Wie gewohnt mit verschlie\u00dfen und im Dampfgarer bei 100 \u00b0C 90 Minuten einkochen.<\/p>\n<p>Komplett ausk\u00fchlen lassen, dann die Klammern abnehmen und pr\u00fcfen, ob die Deckel dicht halten.<\/p>\n<p>Die Kuchen halten mit Obst drin etwa 3 Monate &#8211; ok, theoretisch, denn 2 leere Gl\u00e4ser sind bereits nach einem halben Monat zur\u00fcck gekommen.<\/p>\n<p><a href=\"https:\/\/brittas-kochbuch.info\/wp-content\/uploads\/2017\/03\/170302_kuchenimglas05.jpg\"><img loading=\"lazy\" decoding=\"async\" class=\"aligncenter wp-image-8027\" src=\"https:\/\/brittas-kochbuch.info\/wp-content\/uploads\/2017\/03\/170302_kuchenimglas05-1024x768.jpg\" alt=\"\" width=\"555\" height=\"416\" srcset=\"https:\/\/brittas-kochbuch.info\/wp-content\/uploads\/2017\/03\/170302_kuchenimglas05-1024x768.jpg 1024w, https:\/\/brittas-kochbuch.info\/wp-content\/uploads\/2017\/03\/170302_kuchenimglas05-300x225.jpg 300w, https:\/\/brittas-kochbuch.info\/wp-content\/uploads\/2017\/03\/170302_kuchenimglas05-768x576.jpg 768w, https:\/\/brittas-kochbuch.info\/wp-content\/uploads\/2017\/03\/170302_kuchenimglas05-624x468.jpg 624w\" sizes=\"(max-width: 555px) 100vw, 555px\" \/><\/a><\/p>\n<p>&nbsp;<\/p>\n<p>&nbsp;<\/p>\n<p>&nbsp;<\/p>\n<p>&nbsp;<\/p>\n","protected":false},"excerpt":{"rendered":"<p>Der M\u00e4rz wird mit dem Ritt des J\u00e4gerkens von Soest eingel\u00e4utet. Die junge Malerin\u00a0des Sch\u00fclerprojekts des Aldegrever-Gymnasiums\u00a0Alde-Sign.de\u00a0hat Phantasie walten lassen, aber viele Geb\u00e4ude stehen auch heute noch genau so. Der G\u00f6Ga hatte Anfang des Monats &#8211; genau genommen am Zweiten &#8211;\u00a0Geburtstag. Da er ein S\u00fc\u00dfschnabel ist, hatte ich mir \u00fcberlegt, ihm kleine eingeweckte Kuchen zum [&hellip;]<\/p>\n","protected":false},"author":1,"featured_media":0,"comment_status":"open","ping_status":"open","sticky":false,"template":"","format":"standard","meta":{"sfsi_plus_gutenberg_text_before_share":"","sfsi_plus_gutenberg_show_text_before_share":"","sfsi_plus_gutenberg_icon_type":"","sfsi_plus_gutenberg_icon_alignemt":"","sfsi_plus_gutenburg_max_per_row":"","_jetpack_memberships_contains_paid_content":false,"footnotes":""},"categories":[410,130,47,9,1237],"tags":[92,1244,1386,1602,1603,25,1309],"class_list":["post-8011","post","type-post","status-publish","format-standard","hentry","category-aus-dem-dampfgarer","category-desserts-kuchen-plaetzchen","category-mein-rezept","category-vegetarisches","category-vorratshaltung-einmacheneinfrieren","tag-apfel","tag-einkochen","tag-einwecken","tag-kuchen-im-glas","tag-ruehrteig-m-aepfeln-u-walnuessen","tag-vegetarisch","tag-walnuss"],"jetpack_featured_media_url":"","jetpack_sharing_enabled":true,"_links":{"self":[{"href":"https:\/\/brittas-kochbuch.info\/index.php?rest_route=\/wp\/v2\/posts\/8011"}],"collection":[{"href":"https:\/\/brittas-kochbuch.info\/index.php?rest_route=\/wp\/v2\/posts"}],"about":[{"href":"https:\/\/brittas-kochbuch.info\/index.php?rest_route=\/wp\/v2\/types\/post"}],"author":[{"embeddable":true,"href":"https:\/\/brittas-kochbuch.info\/index.php?rest_route=\/wp\/v2\/users\/1"}],"replies":[{"embeddable":true,"href":"https:\/\/brittas-kochbuch.info\/index.php?rest_route=%2Fwp%2Fv2%2Fcomments&post=8011"}],"version-history":[{"count":9,"href":"https:\/\/brittas-kochbuch.info\/index.php?rest_route=\/wp\/v2\/posts\/8011\/revisions"}],"predecessor-version":[{"id":8053,"href":"https:\/\/brittas-kochbuch.info\/index.php?rest_route=\/wp\/v2\/posts\/8011\/revisions\/8053"}],"wp:attachment":[{"href":"https:\/\/brittas-kochbuch.info\/index.php?rest_route=%2Fwp%2Fv2%2Fmedia&parent=8011"}],"wp:term":[{"taxonomy":"category","embeddable":true,"href":"https:\/\/brittas-kochbuch.info\/index.php?rest_route=%2Fwp%2Fv2%2Fcategories&post=8011"},{"taxonomy":"post_tag","embeddable":true,"href":"https:\/\/brittas-kochbuch.info\/index.php?rest_route=%2Fwp%2Fv2%2Ftags&post=8011"}],"curies":[{"name":"wp","href":"https:\/\/api.w.org\/{rel}","templated":true}]}}